{"id":757,"date":"2007-09-19T11:20:05","date_gmt":"2007-09-19T09:20:05","guid":{"rendered":"http:\/\/blog.zeit.de\/joerglau\/2007\/09\/19\/nicht-alle-grunen-sind-durchgedreht-unsolidarisch-und-naiv_757"},"modified":"2007-09-19T11:20:05","modified_gmt":"2007-09-19T09:20:05","slug":"nicht-alle-grunen-sind-durchgedreht-unsolidarisch-und-naiv","status":"publish","type":"post","link":"https:\/\/blog.zeit.de\/joerglau\/2007\/09\/19\/nicht-alle-grunen-sind-durchgedreht-unsolidarisch-und-naiv_757","title":{"rendered":"Nicht alle Gr\u00fcnen sind durchgedreht, unsolidarisch und naiv"},"content":{"rendered":"<p>Nein, auch wenn der Afghanistan-Sonderparteitag diesen Eindruck vermitteln konnte. Es gibt noch einen Gr\u00fcnen, der den Afghanistan-Krieg verteidigt. Er lebt in Kabul und ist Aussenminister jenes Landes, das seine Partei offenbar langsam abschreibt. Darum hat er auch schon mal ein Austrittsgesuch fertig gemacht. <a href=\"http:\/\/de.wikipedia.org\/wiki\/Rangin_Dadfar_Spanta\"><strong>Rangin Dadfar Spanta<\/strong><\/a>, der 20 Jahre in Aachen lebte, bevor er 2006 Aussenminister in Kabul wurde, redet in der <a href=\"http:\/\/www.taz.de\/index.php?id=start&#038;art=4854&#038;src=MT&#038;id=deutschland-artikel&#038;cHash=bb4a399e82\">taz<\/a> Klartext \u00fcber Afghanistan:<\/p>\n<p><img decoding=\"async\" id=\"image756\" src=\"https:\/\/blog.zeit.de\/joerglau\/files\/2007\/09\/332px-Rangeen_Dadfar_Spanta.jpg\" alt=\"332px-Rangeen_Dadfar_Spanta.jpg\" \/><\/p>\n<blockquote>\n<p>taz: Die gr\u00fcne Basis hat das Primat des Zivilen betont und f\u00fcr eine Verdopplung der Entwicklungshilfe votiert.<\/p>\n<p>Das sind doch leere Phrasen. Wir ben\u00f6tigen eine umfassende Antiterrorstrategie. Das hei\u00dft: Entwicklungshilfe, St\u00e4rkung der staatlichen Organe und Antiterrorkampf. Die These, man k\u00f6nne ein Element davon isolieren, ist absolut falsch. Die Terroristen werden nicht auf einmal friedlich, nur weil wir sie bitten, mit uns zu diskutieren. Es reicht nicht, Schulen zu bauen, solange Kinder ermordet werden, weil sie diese Schulen besuchen. Wir m\u00fcssen k\u00e4mpfen und gleichzeitig Schulen bauen.<\/p>\n<p>taz: Der Unmut der gr\u00fcnen Basis spiegelt den Unmut der Mehrheit der deutschen Bev\u00f6lkerung \u00fcber den Einsatz in Afghanistan wider.<\/p>\n<p>Das ist nicht nur fatal f\u00fcr Afghanistan, sondern auch f\u00fcr die Sicherheit der Bundesrepublik Deutschland. Jeder, der nicht hilft, den Terrorismus in Afghanistan mit zu bek\u00e4mpfen, l\u00e4uft Gefahr, diesen Terrorismus fr\u00fcher oder sp\u00e4ter in Deutschland zu erfahren. Ich habe deshalb schon vor dem Parteitag in einem Brief an die Teilnehmer appelliert, das deutsche Engagement weiter zu unterst\u00fctzen.<\/p>\n<p>taz: Gegen eine Bombardierungsstrategie, die auch zivile Opfer fordert, richtet sich auch der Unmut vieler Afghanen.<\/p>\n<p>Die g\u00e4ngige Rhetorik vom &#8222;guten Europ\u00e4er&#8220;, der Wiederaufbau macht, und dem &#8222;b\u00f6sen Amerikaner&#8220;, der nur bombardiert, ist Bl\u00f6dsinn. Was die Amerikaner hier machen, ist die beste Antiterrorstrategie. Es ist wahr, es hat Kollateralsch\u00e4den und Fehleinsch\u00e4tzungen gegeben. Das muss durch bessere Vorbereitung der Eins\u00e4tze verhindert werden. Ich bin kein Kriegstreiber. Ich bin lange in der Friedensbewegung aktiv gewesen und w\u00fcrde gerne jederzeit wieder an Friedensdemos teilnehmen. Aber in Afghanistan muss der Frieden auch mit der Waffe verteidigt werden.<\/p>\n<p>taz: Es stimmt also nicht, dass die Afghanen ausl\u00e4ndische Soldaten zunehmend als Besatzer wahrnehmen.<\/p>\n<p>Nein. Nat\u00fcrlich sind die Afghanen gegen Bombardierungen. Auf die Frage, ob sich die ausl\u00e4ndischen Soldaten aus Afghanistan zur\u00fcckziehen sollen, antworten 82 Prozent mit &#8222;Nein&#8220;. Der verfr\u00fchte Abzug der internationalen und vor allem der amerikanischen Truppen w\u00fcrde die R\u00fcckkehr der Taliban und al-Qaida bedeuten. Und die R\u00fcckkehr Afghanistans zum Terrorzentrum der Welt.<\/p>\n<p>taz: Die schwindende Unterst\u00fctzung der milit\u00e4rischen Eins\u00e4tze ist dennoch den mangelnden Erfolgen auf dem zivilen Gebiet geschuldet.<\/p>\n<p>Das stimmt. Der Wiederaufbau muss besser koordiniert werden. Doch es gilt auch, aus Fehlern zu lernen und nicht zu sagen: Ich verliere das Interesse und ziehe mich zur\u00fcck. Die Polizeireform muss zum Beispiel radikal vorangetrieben werden. Da muss auch von den Europ\u00e4ern mehr getan werden. Wenn wir sagen, wir brauchen 2.000 Ausbilder und die EU schickt nur 180, dann haben wir nat\u00fcrlich ein Problem.<\/p>\n<p>taz: Was sollte Deutschland konkret tun?<\/p>\n<p>Zun\u00e4chst einmal braucht die afghanische Bev\u00f6lkerung das Bekenntnis, dass Deutschland seine Verpflichtungen f\u00fcr die Stabilit\u00e4t des Landes erf\u00fcllt. Das schlie\u00dft die Fortf\u00fchrung von Isaf, Tornados und der Beteiligung an OEF ein. Und der Polizeiaufbau muss fortgesetzt werden.<\/p>\n<p>taz: Kritiker monieren, dass die USA wenig Verst\u00e4ndnis f\u00fcr einen Strategiewechsel zeigen und in puncto Drogen die Vernichtung der Mohnfelder propagiert statt Alternativen zu suchen.<\/p>\n<p>Auch was das betrifft, ist der Beschluss des Gr\u00fcnen-Parteitags absolut falsch. Der Drogenanbau ist vor allem in den Gegenden angestiegen, wo die Terroristen sehr stark sind. Es gibt direkte Verbindungen zwischen Drogenmafia und Terrormafia.<\/p>\n<p>taz: Sollte diese Verst\u00e4rkung, von der sie sprechen, auch den Einsatz der Deutschen im umk\u00e4mpften S\u00fcden einschlie\u00dfen?<\/p>\n<p>Das ist eine Nato-interne Diskussion. Was f\u00fcr mich als Au\u00dfenminister wichtig ist, ist, dass nicht der Eindruck entsteht, von Deutschland alleingelassen zu werden. Es macht keinen Sinn, Br\u00fccken zu bauen, und diese dann nicht zu besch\u00fctzen. <\/p>\n<\/blockquote>\n","protected":false},"excerpt":{"rendered":"<p>Nein, auch wenn der Afghanistan-Sonderparteitag diesen Eindruck vermitteln konnte. Es gibt noch einen Gr\u00fcnen, der den Afghanistan-Krieg verteidigt. Er lebt in Kabul und ist Aussenminister jenes Landes, das seine Partei offenbar langsam abschreibt. Darum hat er auch schon mal ein Austrittsgesuch fertig gemacht. Rangin Dadfar Spanta, der 20 Jahre in Aachen lebte, bevor er 2006 [&hellip;]<\/p>\n","protected":false},"author":54,"featured_media":0,"comment_status":"open","ping_status":"closed","sticky":false,"template":"","format":"standard","meta":{"jetpack_post_was_ever_published":false,"footnotes":""},"categories":[151,152],"tags":[],"class_list":["post-757","post","type-post","status-publish","format-standard","hentry","category-afghanistan","category-aussenpolitik"],"yoast_head":"<!-- This site is optimized with the Yoast SEO plugin v21.0 - https:\/\/yoast.com\/wordpress\/plugins\/seo\/ -->\n<title>Nicht alle Gr\u00fcnen sind durchgedreht, unsolidarisch und naiv - J\u00f6rg Lau<\/title>\n<meta name=\"robots\" content=\"index, follow, max-snippet:-1, max-image-preview:large, max-video-preview:-1\" \/>\n<link rel=\"canonical\" href=\"https:\/\/blog.zeit.de\/joerglau\/2007\/09\/19\/nicht-alle-grunen-sind-durchgedreht-unsolidarisch-und-naiv_757\" \/>\n<meta property=\"og:locale\" content=\"de_DE\" \/>\n<meta property=\"og:type\" content=\"article\" \/>\n<meta property=\"og:title\" content=\"Nicht alle Gr\u00fcnen sind durchgedreht, unsolidarisch und naiv - J\u00f6rg Lau\" \/>\n<meta property=\"og:description\" content=\"Nein, auch wenn der Afghanistan-Sonderparteitag diesen Eindruck vermitteln konnte. Es gibt noch einen Gr\u00fcnen, der den Afghanistan-Krieg verteidigt. Er lebt in Kabul und ist Aussenminister jenes Landes, das seine Partei offenbar langsam abschreibt. Darum hat er auch schon mal ein Austrittsgesuch fertig gemacht. Rangin Dadfar Spanta, der 20 Jahre in Aachen lebte, bevor er 2006 [&hellip;]\" \/>\n<meta property=\"og:url\" content=\"https:\/\/blog.zeit.de\/joerglau\/2007\/09\/19\/nicht-alle-grunen-sind-durchgedreht-unsolidarisch-und-naiv_757\" \/>\n<meta property=\"og:site_name\" content=\"J\u00f6rg Lau\" \/>\n<meta property=\"article:published_time\" content=\"2007-09-19T09:20:05+00:00\" \/>\n<meta property=\"og:image\" content=\"https:\/\/blog.zeit.de\/joerglau\/files\/2007\/09\/332px-Rangeen_Dadfar_Spanta.jpg\" \/>\n<meta name=\"author\" content=\"J\u00f6rg Lau\" \/>\n<meta name=\"twitter:card\" content=\"summary_large_image\" \/>\n<meta name=\"twitter:label1\" content=\"Geschrieben von\" \/>\n\t<meta name=\"twitter:data1\" content=\"J\u00f6rg Lau\" \/>\n\t<meta name=\"twitter:label2\" content=\"Gesch\u00e4tzte Lesezeit\" \/>\n\t<meta name=\"twitter:data2\" content=\"3\u00a0Minuten\" \/>\n<script type=\"application\/ld+json\" class=\"yoast-schema-graph\">{\"@context\":\"https:\/\/schema.org\",\"@graph\":[{\"@type\":\"WebPage\",\"@id\":\"https:\/\/blog.zeit.de\/joerglau\/2007\/09\/19\/nicht-alle-grunen-sind-durchgedreht-unsolidarisch-und-naiv_757\",\"url\":\"https:\/\/blog.zeit.de\/joerglau\/2007\/09\/19\/nicht-alle-grunen-sind-durchgedreht-unsolidarisch-und-naiv_757\",\"name\":\"Nicht alle Gr\u00fcnen sind durchgedreht, unsolidarisch und naiv - J\u00f6rg Lau\",\"isPartOf\":{\"@id\":\"https:\/\/blog.zeit.de\/joerglau\/#website\"},\"datePublished\":\"2007-09-19T09:20:05+00:00\",\"dateModified\":\"2007-09-19T09:20:05+00:00\",\"author\":{\"@id\":\"https:\/\/blog.zeit.de\/joerglau\/#\/schema\/person\/55f0be9bfac24815791fbc852b042f57\"},\"breadcrumb\":{\"@id\":\"https:\/\/blog.zeit.de\/joerglau\/2007\/09\/19\/nicht-alle-grunen-sind-durchgedreht-unsolidarisch-und-naiv_757#breadcrumb\"},\"inLanguage\":\"de\",\"potentialAction\":[{\"@type\":\"ReadAction\",\"target\":[\"https:\/\/blog.zeit.de\/joerglau\/2007\/09\/19\/nicht-alle-grunen-sind-durchgedreht-unsolidarisch-und-naiv_757\"]}]},{\"@type\":\"BreadcrumbList\",\"@id\":\"https:\/\/blog.zeit.de\/joerglau\/2007\/09\/19\/nicht-alle-grunen-sind-durchgedreht-unsolidarisch-und-naiv_757#breadcrumb\",\"itemListElement\":[{\"@type\":\"ListItem\",\"position\":1,\"name\":\"Startseite\",\"item\":\"https:\/\/blog.zeit.de\/joerglau\"},{\"@type\":\"ListItem\",\"position\":2,\"name\":\"Nicht alle Gr\u00fcnen sind durchgedreht, unsolidarisch und naiv\"}]},{\"@type\":\"WebSite\",\"@id\":\"https:\/\/blog.zeit.de\/joerglau\/#website\",\"url\":\"https:\/\/blog.zeit.de\/joerglau\/\",\"name\":\"J\u00f6rg Lau\",\"description\":\"Ein Blog \u00fcber Religion und Politik\",\"potentialAction\":[{\"@type\":\"SearchAction\",\"target\":{\"@type\":\"EntryPoint\",\"urlTemplate\":\"https:\/\/blog.zeit.de\/joerglau\/?s={search_term_string}\"},\"query-input\":\"required name=search_term_string\"}],\"inLanguage\":\"de\"},{\"@type\":\"Person\",\"@id\":\"https:\/\/blog.zeit.de\/joerglau\/#\/schema\/person\/55f0be9bfac24815791fbc852b042f57\",\"name\":\"J\u00f6rg Lau\",\"image\":{\"@type\":\"ImageObject\",\"inLanguage\":\"de\",\"@id\":\"https:\/\/blog.zeit.de\/joerglau\/#\/schema\/person\/image\/\",\"url\":\"https:\/\/secure.gravatar.com\/avatar\/a5fe39bf4f5335b8bac36eefa0b41467221b1598bfea5f05159a0199e391eed0?s=96&d=mm&r=g\",\"contentUrl\":\"https:\/\/secure.gravatar.com\/avatar\/a5fe39bf4f5335b8bac36eefa0b41467221b1598bfea5f05159a0199e391eed0?s=96&d=mm&r=g\",\"caption\":\"J\u00f6rg Lau\"},\"url\":\"https:\/\/blog.zeit.de\/joerglau\/author\/joerg-lau\"}]}<\/script>\n<!-- \/ Yoast SEO plugin. -->","yoast_head_json":{"title":"Nicht alle Gr\u00fcnen sind durchgedreht, unsolidarisch und naiv - J\u00f6rg Lau","robots":{"index":"index","follow":"follow","max-snippet":"max-snippet:-1","max-image-preview":"max-image-preview:large","max-video-preview":"max-video-preview:-1"},"canonical":"https:\/\/blog.zeit.de\/joerglau\/2007\/09\/19\/nicht-alle-grunen-sind-durchgedreht-unsolidarisch-und-naiv_757","og_locale":"de_DE","og_type":"article","og_title":"Nicht alle Gr\u00fcnen sind durchgedreht, unsolidarisch und naiv - J\u00f6rg Lau","og_description":"Nein, auch wenn der Afghanistan-Sonderparteitag diesen Eindruck vermitteln konnte. Es gibt noch einen Gr\u00fcnen, der den Afghanistan-Krieg verteidigt. Er lebt in Kabul und ist Aussenminister jenes Landes, das seine Partei offenbar langsam abschreibt. Darum hat er auch schon mal ein Austrittsgesuch fertig gemacht. Rangin Dadfar Spanta, der 20 Jahre in Aachen lebte, bevor er 2006 [&hellip;]","og_url":"https:\/\/blog.zeit.de\/joerglau\/2007\/09\/19\/nicht-alle-grunen-sind-durchgedreht-unsolidarisch-und-naiv_757","og_site_name":"J\u00f6rg Lau","article_published_time":"2007-09-19T09:20:05+00:00","og_image":[{"url":"https:\/\/blog.zeit.de\/joerglau\/files\/2007\/09\/332px-Rangeen_Dadfar_Spanta.jpg"}],"author":"J\u00f6rg Lau","twitter_card":"summary_large_image","twitter_misc":{"Geschrieben von":"J\u00f6rg Lau","Gesch\u00e4tzte Lesezeit":"3\u00a0Minuten"},"schema":{"@context":"https:\/\/schema.org","@graph":[{"@type":"WebPage","@id":"https:\/\/blog.zeit.de\/joerglau\/2007\/09\/19\/nicht-alle-grunen-sind-durchgedreht-unsolidarisch-und-naiv_757","url":"https:\/\/blog.zeit.de\/joerglau\/2007\/09\/19\/nicht-alle-grunen-sind-durchgedreht-unsolidarisch-und-naiv_757","name":"Nicht alle Gr\u00fcnen sind durchgedreht, unsolidarisch und naiv - J\u00f6rg Lau","isPartOf":{"@id":"https:\/\/blog.zeit.de\/joerglau\/#website"},"datePublished":"2007-09-19T09:20:05+00:00","dateModified":"2007-09-19T09:20:05+00:00","author":{"@id":"https:\/\/blog.zeit.de\/joerglau\/#\/schema\/person\/55f0be9bfac24815791fbc852b042f57"},"breadcrumb":{"@id":"https:\/\/blog.zeit.de\/joerglau\/2007\/09\/19\/nicht-alle-grunen-sind-durchgedreht-unsolidarisch-und-naiv_757#breadcrumb"},"inLanguage":"de","potentialAction":[{"@type":"ReadAction","target":["https:\/\/blog.zeit.de\/joerglau\/2007\/09\/19\/nicht-alle-grunen-sind-durchgedreht-unsolidarisch-und-naiv_757"]}]},{"@type":"BreadcrumbList","@id":"https:\/\/blog.zeit.de\/joerglau\/2007\/09\/19\/nicht-alle-grunen-sind-durchgedreht-unsolidarisch-und-naiv_757#breadcrumb","itemListElement":[{"@type":"ListItem","position":1,"name":"Startseite","item":"https:\/\/blog.zeit.de\/joerglau"},{"@type":"ListItem","position":2,"name":"Nicht alle Gr\u00fcnen sind durchgedreht, unsolidarisch und naiv"}]},{"@type":"WebSite","@id":"https:\/\/blog.zeit.de\/joerglau\/#website","url":"https:\/\/blog.zeit.de\/joerglau\/","name":"J\u00f6rg Lau","description":"Ein Blog \u00fcber Religion und Politik","potentialAction":[{"@type":"SearchAction","target":{"@type":"EntryPoint","urlTemplate":"https:\/\/blog.zeit.de\/joerglau\/?s={search_term_string}"},"query-input":"required name=search_term_string"}],"inLanguage":"de"},{"@type":"Person","@id":"https:\/\/blog.zeit.de\/joerglau\/#\/schema\/person\/55f0be9bfac24815791fbc852b042f57","name":"J\u00f6rg Lau","image":{"@type":"ImageObject","inLanguage":"de","@id":"https:\/\/blog.zeit.de\/joerglau\/#\/schema\/person\/image\/","url":"https:\/\/secure.gravatar.com\/avatar\/a5fe39bf4f5335b8bac36eefa0b41467221b1598bfea5f05159a0199e391eed0?s=96&d=mm&r=g","contentUrl":"https:\/\/secure.gravatar.com\/avatar\/a5fe39bf4f5335b8bac36eefa0b41467221b1598bfea5f05159a0199e391eed0?s=96&d=mm&r=g","caption":"J\u00f6rg Lau"},"url":"https:\/\/blog.zeit.de\/joerglau\/author\/joerg-lau"}]}},"jetpack_featured_media_url":"","jetpack_sharing_enabled":true,"jetpack_shortlink":"https:\/\/wp.me\/pG02W-cd","_links":{"self":[{"href":"https:\/\/blog.zeit.de\/joerglau\/wp-json\/wp\/v2\/posts\/757","targetHints":{"allow":["GET"]}}],"collection":[{"href":"https:\/\/blog.zeit.de\/joerglau\/wp-json\/wp\/v2\/posts"}],"about":[{"href":"https:\/\/blog.zeit.de\/joerglau\/wp-json\/wp\/v2\/types\/post"}],"author":[{"embeddable":true,"href":"https:\/\/blog.zeit.de\/joerglau\/wp-json\/wp\/v2\/users\/54"}],"replies":[{"embeddable":true,"href":"https:\/\/blog.zeit.de\/joerglau\/wp-json\/wp\/v2\/comments?post=757"}],"version-history":[{"count":0,"href":"https:\/\/blog.zeit.de\/joerglau\/wp-json\/wp\/v2\/posts\/757\/revisions"}],"wp:attachment":[{"href":"https:\/\/blog.zeit.de\/joerglau\/wp-json\/wp\/v2\/media?parent=757"}],"wp:term":[{"taxonomy":"category","embeddable":true,"href":"https:\/\/blog.zeit.de\/joerglau\/wp-json\/wp\/v2\/categories?post=757"},{"taxonomy":"post_tag","embeddable":true,"href":"https:\/\/blog.zeit.de\/joerglau\/wp-json\/wp\/v2\/tags?post=757"}],"curies":[{"name":"wp","href":"https:\/\/api.w.org\/{rel}","templated":true}]}}