{"id":761,"date":"2007-09-20T13:34:27","date_gmt":"2007-09-20T11:34:27","guid":{"rendered":"http:\/\/blog.zeit.de\/joerglau\/2007\/09\/20\/le-kraftmeier_761"},"modified":"2007-09-20T13:34:27","modified_gmt":"2007-09-20T11:34:27","slug":"le-kraftmeier","status":"publish","type":"post","link":"https:\/\/blog.zeit.de\/joerglau\/2007\/09\/20\/le-kraftmeier_761","title":{"rendered":"Le Kraftmeier"},"content":{"rendered":"<p>Aus meinem Artikel \u00fcber den franz\u00f6sischen Aussenminister Nicolas Sarkozy, zu lesen in der aktuellen Print-Ausgabe (Nr. 39) der ZEIT:<br \/>\n(&#8230;)<br \/>\nF\u00fcr die Deutschen, die stolz darauf sind, die EU-Troika mit Briten und Franzosen zusammengehalten und auch Russen und Chinesen hinter die ersten beiden Sanktionsrunden gebracht zu haben, bedeutet diese Initiative eine doppelte Pro\u00advo\u00adka\u00adtion. Erstens ist sie wieder nicht abgestimmt. Zweitens, und das ist schmerzhafter, r\u00fchrt sie an die Schwachstelle der deutschen Iranpolitik. Ist es nicht richtig, den diplomatischen Kurs zu versch\u00e4rfen, wenn man den Krieg vermeiden will, wie es Sarkozy und Kouchner sagen? Auch unter Berliner Au\u00dfenpolitikern gibt es Zweifel, ob die Geschlossenheit im Rahmen der UN es wert ist, sich weiter auf Sanktionen zu beschr\u00e4nken, die m\u00f6glicherweise zu harmlos sind, um Iran zu einem anderen Verhalten zu bewegen. Frankreich will diesen Konsenszwang jetzt durchbrechen. Aber wie weit geht der neue proamerikanische Kurs? Ein franz\u00f6sischer Diplomat sagt es so: Der Pr\u00e4sident liebt Amerika, aber er wird f\u00fcr George Bush nicht Selbstmord begehen wie Tony Blair. <\/p>\n<p><img decoding=\"async\" id=\"image760\" src=\"https:\/\/blog.zeit.de\/joerglau\/files\/2007\/09\/sarko.jpg\" alt=\"sarko.jpg\" \/><br \/>\n<em>Der Hyperpr\u00e4sident und die First Lady<\/em>    Foto: White House<\/p>\n<p>Wie lange der Pr\u00e4sident sein atemberauben\u00addes Tempo halten kann, fragen sich nicht nur die Berliner und Br\u00fcsseler Politiker, sondern auch seine zugleich ersch\u00f6pften und euphorisierten Diplomaten: \u00bbWir haben nach vier Monaten immer noch keine Ahnung, was seine normale Betriebsgeschwindigkeit ist.\u00ab Wer sagt eigentlich, dass es so etwas bei ihm gibt?<\/p>\n<p><em><strong>Mehr an einem Kiosk Ihres Vertrauens.<\/strong><br \/>\n(Ich habe die aussenpolitische Berichterstattung im Berliner B\u00fcro der ZEIT \u00fcbernommen. Das wird sich auch hier auf dem Blog niederschlagen.)<\/em><\/p>\n","protected":false},"excerpt":{"rendered":"<p>Aus meinem Artikel \u00fcber den franz\u00f6sischen Aussenminister Nicolas Sarkozy, zu lesen in der aktuellen Print-Ausgabe (Nr. 39) der ZEIT: (&#8230;) F\u00fcr die Deutschen, die stolz darauf sind, die EU-Troika mit Briten und Franzosen zusammengehalten und auch Russen und Chinesen hinter die ersten beiden Sanktionsrunden gebracht zu haben, bedeutet diese Initiative eine doppelte Pro\u00advo\u00adka\u00adtion. Erstens ist [&hellip;]<\/p>\n","protected":false},"author":54,"featured_media":0,"comment_status":"open","ping_status":"closed","sticky":false,"template":"","format":"standard","meta":{"jetpack_post_was_ever_published":false,"footnotes":""},"categories":[152,166],"tags":[],"class_list":["post-761","post","type-post","status-publish","format-standard","hentry","category-aussenpolitik","category-iran"],"yoast_head":"<!-- This site is optimized with the Yoast SEO plugin v21.0 - https:\/\/yoast.com\/wordpress\/plugins\/seo\/ -->\n<title>Le Kraftmeier - J\u00f6rg Lau<\/title>\n<meta name=\"robots\" content=\"index, follow, max-snippet:-1, max-image-preview:large, max-video-preview:-1\" \/>\n<link rel=\"canonical\" href=\"https:\/\/blog.zeit.de\/joerglau\/2007\/09\/20\/le-kraftmeier_761\" \/>\n<meta property=\"og:locale\" content=\"de_DE\" \/>\n<meta property=\"og:type\" content=\"article\" \/>\n<meta property=\"og:title\" content=\"Le Kraftmeier - J\u00f6rg Lau\" \/>\n<meta property=\"og:description\" content=\"Aus meinem Artikel \u00fcber den franz\u00f6sischen Aussenminister Nicolas Sarkozy, zu lesen in der aktuellen Print-Ausgabe (Nr. 39) der ZEIT: (&#8230;) F\u00fcr die Deutschen, die stolz darauf sind, die EU-Troika mit Briten und Franzosen zusammengehalten und auch Russen und Chinesen hinter die ersten beiden Sanktionsrunden gebracht zu haben, bedeutet diese Initiative eine doppelte Pro\u00advo\u00adka\u00adtion. Erstens ist [&hellip;]\" \/>\n<meta property=\"og:url\" content=\"https:\/\/blog.zeit.de\/joerglau\/2007\/09\/20\/le-kraftmeier_761\" \/>\n<meta property=\"og:site_name\" content=\"J\u00f6rg Lau\" \/>\n<meta property=\"article:published_time\" content=\"2007-09-20T11:34:27+00:00\" \/>\n<meta property=\"og:image\" content=\"https:\/\/blog.zeit.de\/joerglau\/files\/2007\/09\/sarko.jpg\" \/>\n<meta name=\"author\" content=\"J\u00f6rg Lau\" \/>\n<meta name=\"twitter:card\" content=\"summary_large_image\" \/>\n<meta name=\"twitter:label1\" content=\"Geschrieben von\" \/>\n\t<meta name=\"twitter:data1\" content=\"J\u00f6rg Lau\" \/>\n\t<meta name=\"twitter:label2\" content=\"Gesch\u00e4tzte Lesezeit\" \/>\n\t<meta name=\"twitter:data2\" content=\"1\u00a0Minute\" \/>\n<script type=\"application\/ld+json\" class=\"yoast-schema-graph\">{\"@context\":\"https:\/\/schema.org\",\"@graph\":[{\"@type\":\"WebPage\",\"@id\":\"https:\/\/blog.zeit.de\/joerglau\/2007\/09\/20\/le-kraftmeier_761\",\"url\":\"https:\/\/blog.zeit.de\/joerglau\/2007\/09\/20\/le-kraftmeier_761\",\"name\":\"Le Kraftmeier - J\u00f6rg Lau\",\"isPartOf\":{\"@id\":\"https:\/\/blog.zeit.de\/joerglau\/#website\"},\"datePublished\":\"2007-09-20T11:34:27+00:00\",\"dateModified\":\"2007-09-20T11:34:27+00:00\",\"author\":{\"@id\":\"https:\/\/blog.zeit.de\/joerglau\/#\/schema\/person\/55f0be9bfac24815791fbc852b042f57\"},\"breadcrumb\":{\"@id\":\"https:\/\/blog.zeit.de\/joerglau\/2007\/09\/20\/le-kraftmeier_761#breadcrumb\"},\"inLanguage\":\"de\",\"potentialAction\":[{\"@type\":\"ReadAction\",\"target\":[\"https:\/\/blog.zeit.de\/joerglau\/2007\/09\/20\/le-kraftmeier_761\"]}]},{\"@type\":\"BreadcrumbList\",\"@id\":\"https:\/\/blog.zeit.de\/joerglau\/2007\/09\/20\/le-kraftmeier_761#breadcrumb\",\"itemListElement\":[{\"@type\":\"ListItem\",\"position\":1,\"name\":\"Startseite\",\"item\":\"https:\/\/blog.zeit.de\/joerglau\"},{\"@type\":\"ListItem\",\"position\":2,\"name\":\"Le Kraftmeier\"}]},{\"@type\":\"WebSite\",\"@id\":\"https:\/\/blog.zeit.de\/joerglau\/#website\",\"url\":\"https:\/\/blog.zeit.de\/joerglau\/\",\"name\":\"J\u00f6rg Lau\",\"description\":\"Ein Blog \u00fcber Religion und Politik\",\"potentialAction\":[{\"@type\":\"SearchAction\",\"target\":{\"@type\":\"EntryPoint\",\"urlTemplate\":\"https:\/\/blog.zeit.de\/joerglau\/?s={search_term_string}\"},\"query-input\":\"required name=search_term_string\"}],\"inLanguage\":\"de\"},{\"@type\":\"Person\",\"@id\":\"https:\/\/blog.zeit.de\/joerglau\/#\/schema\/person\/55f0be9bfac24815791fbc852b042f57\",\"name\":\"J\u00f6rg Lau\",\"image\":{\"@type\":\"ImageObject\",\"inLanguage\":\"de\",\"@id\":\"https:\/\/blog.zeit.de\/joerglau\/#\/schema\/person\/image\/\",\"url\":\"https:\/\/secure.gravatar.com\/avatar\/a5fe39bf4f5335b8bac36eefa0b41467221b1598bfea5f05159a0199e391eed0?s=96&d=mm&r=g\",\"contentUrl\":\"https:\/\/secure.gravatar.com\/avatar\/a5fe39bf4f5335b8bac36eefa0b41467221b1598bfea5f05159a0199e391eed0?s=96&d=mm&r=g\",\"caption\":\"J\u00f6rg Lau\"},\"url\":\"https:\/\/blog.zeit.de\/joerglau\/author\/joerg-lau\"}]}<\/script>\n<!-- \/ Yoast SEO plugin. -->","yoast_head_json":{"title":"Le Kraftmeier - J\u00f6rg Lau","robots":{"index":"index","follow":"follow","max-snippet":"max-snippet:-1","max-image-preview":"max-image-preview:large","max-video-preview":"max-video-preview:-1"},"canonical":"https:\/\/blog.zeit.de\/joerglau\/2007\/09\/20\/le-kraftmeier_761","og_locale":"de_DE","og_type":"article","og_title":"Le Kraftmeier - J\u00f6rg Lau","og_description":"Aus meinem Artikel \u00fcber den franz\u00f6sischen Aussenminister Nicolas Sarkozy, zu lesen in der aktuellen Print-Ausgabe (Nr. 39) der ZEIT: (&#8230;) F\u00fcr die Deutschen, die stolz darauf sind, die EU-Troika mit Briten und Franzosen zusammengehalten und auch Russen und Chinesen hinter die ersten beiden Sanktionsrunden gebracht zu haben, bedeutet diese Initiative eine doppelte Pro\u00advo\u00adka\u00adtion. Erstens ist [&hellip;]","og_url":"https:\/\/blog.zeit.de\/joerglau\/2007\/09\/20\/le-kraftmeier_761","og_site_name":"J\u00f6rg Lau","article_published_time":"2007-09-20T11:34:27+00:00","og_image":[{"url":"https:\/\/blog.zeit.de\/joerglau\/files\/2007\/09\/sarko.jpg"}],"author":"J\u00f6rg Lau","twitter_card":"summary_large_image","twitter_misc":{"Geschrieben von":"J\u00f6rg Lau","Gesch\u00e4tzte Lesezeit":"1\u00a0Minute"},"schema":{"@context":"https:\/\/schema.org","@graph":[{"@type":"WebPage","@id":"https:\/\/blog.zeit.de\/joerglau\/2007\/09\/20\/le-kraftmeier_761","url":"https:\/\/blog.zeit.de\/joerglau\/2007\/09\/20\/le-kraftmeier_761","name":"Le Kraftmeier - J\u00f6rg Lau","isPartOf":{"@id":"https:\/\/blog.zeit.de\/joerglau\/#website"},"datePublished":"2007-09-20T11:34:27+00:00","dateModified":"2007-09-20T11:34:27+00:00","author":{"@id":"https:\/\/blog.zeit.de\/joerglau\/#\/schema\/person\/55f0be9bfac24815791fbc852b042f57"},"breadcrumb":{"@id":"https:\/\/blog.zeit.de\/joerglau\/2007\/09\/20\/le-kraftmeier_761#breadcrumb"},"inLanguage":"de","potentialAction":[{"@type":"ReadAction","target":["https:\/\/blog.zeit.de\/joerglau\/2007\/09\/20\/le-kraftmeier_761"]}]},{"@type":"BreadcrumbList","@id":"https:\/\/blog.zeit.de\/joerglau\/2007\/09\/20\/le-kraftmeier_761#breadcrumb","itemListElement":[{"@type":"ListItem","position":1,"name":"Startseite","item":"https:\/\/blog.zeit.de\/joerglau"},{"@type":"ListItem","position":2,"name":"Le Kraftmeier"}]},{"@type":"WebSite","@id":"https:\/\/blog.zeit.de\/joerglau\/#website","url":"https:\/\/blog.zeit.de\/joerglau\/","name":"J\u00f6rg Lau","description":"Ein Blog \u00fcber Religion und Politik","potentialAction":[{"@type":"SearchAction","target":{"@type":"EntryPoint","urlTemplate":"https:\/\/blog.zeit.de\/joerglau\/?s={search_term_string}"},"query-input":"required name=search_term_string"}],"inLanguage":"de"},{"@type":"Person","@id":"https:\/\/blog.zeit.de\/joerglau\/#\/schema\/person\/55f0be9bfac24815791fbc852b042f57","name":"J\u00f6rg Lau","image":{"@type":"ImageObject","inLanguage":"de","@id":"https:\/\/blog.zeit.de\/joerglau\/#\/schema\/person\/image\/","url":"https:\/\/secure.gravatar.com\/avatar\/a5fe39bf4f5335b8bac36eefa0b41467221b1598bfea5f05159a0199e391eed0?s=96&d=mm&r=g","contentUrl":"https:\/\/secure.gravatar.com\/avatar\/a5fe39bf4f5335b8bac36eefa0b41467221b1598bfea5f05159a0199e391eed0?s=96&d=mm&r=g","caption":"J\u00f6rg Lau"},"url":"https:\/\/blog.zeit.de\/joerglau\/author\/joerg-lau"}]}},"jetpack_featured_media_url":"","jetpack_sharing_enabled":true,"jetpack_shortlink":"https:\/\/wp.me\/pG02W-ch","_links":{"self":[{"href":"https:\/\/blog.zeit.de\/joerglau\/wp-json\/wp\/v2\/posts\/761","targetHints":{"allow":["GET"]}}],"collection":[{"href":"https:\/\/blog.zeit.de\/joerglau\/wp-json\/wp\/v2\/posts"}],"about":[{"href":"https:\/\/blog.zeit.de\/joerglau\/wp-json\/wp\/v2\/types\/post"}],"author":[{"embeddable":true,"href":"https:\/\/blog.zeit.de\/joerglau\/wp-json\/wp\/v2\/users\/54"}],"replies":[{"embeddable":true,"href":"https:\/\/blog.zeit.de\/joerglau\/wp-json\/wp\/v2\/comments?post=761"}],"version-history":[{"count":0,"href":"https:\/\/blog.zeit.de\/joerglau\/wp-json\/wp\/v2\/posts\/761\/revisions"}],"wp:attachment":[{"href":"https:\/\/blog.zeit.de\/joerglau\/wp-json\/wp\/v2\/media?parent=761"}],"wp:term":[{"taxonomy":"category","embeddable":true,"href":"https:\/\/blog.zeit.de\/joerglau\/wp-json\/wp\/v2\/categories?post=761"},{"taxonomy":"post_tag","embeddable":true,"href":"https:\/\/blog.zeit.de\/joerglau\/wp-json\/wp\/v2\/tags?post=761"}],"curies":[{"name":"wp","href":"https:\/\/api.w.org\/{rel}","templated":true}]}}