{"id":763,"date":"2007-09-20T15:33:35","date_gmt":"2007-09-20T13:33:35","guid":{"rendered":"http:\/\/blog.zeit.de\/joerglau\/2007\/09\/20\/bin-laden-und-die-konvertiten_763"},"modified":"2007-09-20T15:33:35","modified_gmt":"2007-09-20T13:33:35","slug":"bin-laden-und-die-konvertiten","status":"publish","type":"post","link":"https:\/\/blog.zeit.de\/joerglau\/2007\/09\/20\/bin-laden-und-die-konvertiten_763","title":{"rendered":"Bin Laden und die Konvertiten"},"content":{"rendered":"<p>Die <a href=\"http:\/\/www.washingtonpost.com\/wp-dyn\/content\/article\/2007\/09\/14\/AR2007091402265_2.html\">Washington Post vom Samstag<\/a> bringt einen l\u00e4ngeren Artikel \u00fcber radikale Konvertiten als Dschihadisten. Was mich freut: Das neue Bin Laden-Video wird auch hier mit Adam Gadahn in Verbindung gebracht, \u00e4hnlich wie in <a href=\"https:\/\/blog.zeit.de\/joerglau\/2007\/09\/12\/der-dschihad-der-burgerkinder_740\">meinem Artikel<\/a>. Und meines Wissens war ich der einzige, der diese Verbindung in der deutschen Presse hergestellt hat:  <\/p>\n<blockquote>\n<p>&#8222;This month, bin Laden released a rare videotape in which he called upon all Americans to convert to Islam. Analysts said bin Laden&#8217;s remarks, though theological in nature, were probably not intended as a direct recruiting pitch for al-Qaeda. But they said his speech likely was influenced by Adam Gadahn, a U.S. citizen from California who converted to Islam as a teenager and is a media adviser for al-Qaeda. He was indicted in the United States on treason charges last year.<\/p>\n<p>&#8222;This has the language and hallmarks of Adam Gadahn and is very reminiscent of his own messages in terms of style and content,&#8220; said M.J. Gohel, chief executive of the Asia-Pacific Foundation, a London-based security studies organization. &#8222;Gadahn, whenever he has appeared in an al-Qaeda video, has always used the opportunity to encourage others to convert to Islam.&#8220;<\/p>\n<\/blockquote>\n","protected":false},"excerpt":{"rendered":"<p>Die Washington Post vom Samstag bringt einen l\u00e4ngeren Artikel \u00fcber radikale Konvertiten als Dschihadisten. Was mich freut: Das neue Bin Laden-Video wird auch hier mit Adam Gadahn in Verbindung gebracht, \u00e4hnlich wie in meinem Artikel. Und meines Wissens war ich der einzige, der diese Verbindung in der deutschen Presse hergestellt hat: &#8222;This month, bin Laden [&hellip;]<\/p>\n","protected":false},"author":54,"featured_media":0,"comment_status":"open","ping_status":"closed","sticky":false,"template":"","format":"standard","meta":{"jetpack_post_was_ever_published":false,"footnotes":""},"categories":[167],"tags":[],"class_list":["post-763","post","type-post","status-publish","format-standard","hentry","category-islamismus-und-terror"],"yoast_head":"<!-- This site is optimized with the Yoast SEO plugin v21.0 - https:\/\/yoast.com\/wordpress\/plugins\/seo\/ -->\n<title>Bin Laden und die Konvertiten - J\u00f6rg Lau<\/title>\n<meta name=\"robots\" content=\"index, follow, max-snippet:-1, max-image-preview:large, max-video-preview:-1\" \/>\n<link rel=\"canonical\" href=\"https:\/\/blog.zeit.de\/joerglau\/2007\/09\/20\/bin-laden-und-die-konvertiten_763\" \/>\n<meta property=\"og:locale\" content=\"de_DE\" \/>\n<meta property=\"og:type\" content=\"article\" \/>\n<meta property=\"og:title\" content=\"Bin Laden und die Konvertiten - J\u00f6rg Lau\" \/>\n<meta property=\"og:description\" content=\"Die Washington Post vom Samstag bringt einen l\u00e4ngeren Artikel \u00fcber radikale Konvertiten als Dschihadisten. Was mich freut: Das neue Bin Laden-Video wird auch hier mit Adam Gadahn in Verbindung gebracht, \u00e4hnlich wie in meinem Artikel. Und meines Wissens war ich der einzige, der diese Verbindung in der deutschen Presse hergestellt hat: &#8222;This month, bin Laden [&hellip;]\" \/>\n<meta property=\"og:url\" content=\"https:\/\/blog.zeit.de\/joerglau\/2007\/09\/20\/bin-laden-und-die-konvertiten_763\" \/>\n<meta property=\"og:site_name\" content=\"J\u00f6rg Lau\" \/>\n<meta property=\"article:published_time\" content=\"2007-09-20T13:33:35+00:00\" \/>\n<meta name=\"author\" content=\"J\u00f6rg Lau\" \/>\n<meta name=\"twitter:card\" content=\"summary_large_image\" \/>\n<meta name=\"twitter:label1\" content=\"Geschrieben von\" \/>\n\t<meta name=\"twitter:data1\" content=\"J\u00f6rg Lau\" \/>\n\t<meta name=\"twitter:label2\" content=\"Gesch\u00e4tzte Lesezeit\" \/>\n\t<meta name=\"twitter:data2\" content=\"1\u00a0Minute\" \/>\n<script type=\"application\/ld+json\" class=\"yoast-schema-graph\">{\"@context\":\"https:\/\/schema.org\",\"@graph\":[{\"@type\":\"WebPage\",\"@id\":\"https:\/\/blog.zeit.de\/joerglau\/2007\/09\/20\/bin-laden-und-die-konvertiten_763\",\"url\":\"https:\/\/blog.zeit.de\/joerglau\/2007\/09\/20\/bin-laden-und-die-konvertiten_763\",\"name\":\"Bin Laden und die Konvertiten - J\u00f6rg Lau\",\"isPartOf\":{\"@id\":\"https:\/\/blog.zeit.de\/joerglau\/#website\"},\"datePublished\":\"2007-09-20T13:33:35+00:00\",\"dateModified\":\"2007-09-20T13:33:35+00:00\",\"author\":{\"@id\":\"https:\/\/blog.zeit.de\/joerglau\/#\/schema\/person\/55f0be9bfac24815791fbc852b042f57\"},\"breadcrumb\":{\"@id\":\"https:\/\/blog.zeit.de\/joerglau\/2007\/09\/20\/bin-laden-und-die-konvertiten_763#breadcrumb\"},\"inLanguage\":\"de\",\"potentialAction\":[{\"@type\":\"ReadAction\",\"target\":[\"https:\/\/blog.zeit.de\/joerglau\/2007\/09\/20\/bin-laden-und-die-konvertiten_763\"]}]},{\"@type\":\"BreadcrumbList\",\"@id\":\"https:\/\/blog.zeit.de\/joerglau\/2007\/09\/20\/bin-laden-und-die-konvertiten_763#breadcrumb\",\"itemListElement\":[{\"@type\":\"ListItem\",\"position\":1,\"name\":\"Startseite\",\"item\":\"https:\/\/blog.zeit.de\/joerglau\"},{\"@type\":\"ListItem\",\"position\":2,\"name\":\"Bin Laden und die Konvertiten\"}]},{\"@type\":\"WebSite\",\"@id\":\"https:\/\/blog.zeit.de\/joerglau\/#website\",\"url\":\"https:\/\/blog.zeit.de\/joerglau\/\",\"name\":\"J\u00f6rg Lau\",\"description\":\"Ein Blog \u00fcber Religion und Politik\",\"potentialAction\":[{\"@type\":\"SearchAction\",\"target\":{\"@type\":\"EntryPoint\",\"urlTemplate\":\"https:\/\/blog.zeit.de\/joerglau\/?s={search_term_string}\"},\"query-input\":\"required name=search_term_string\"}],\"inLanguage\":\"de\"},{\"@type\":\"Person\",\"@id\":\"https:\/\/blog.zeit.de\/joerglau\/#\/schema\/person\/55f0be9bfac24815791fbc852b042f57\",\"name\":\"J\u00f6rg Lau\",\"image\":{\"@type\":\"ImageObject\",\"inLanguage\":\"de\",\"@id\":\"https:\/\/blog.zeit.de\/joerglau\/#\/schema\/person\/image\/\",\"url\":\"https:\/\/secure.gravatar.com\/avatar\/a5fe39bf4f5335b8bac36eefa0b41467221b1598bfea5f05159a0199e391eed0?s=96&d=mm&r=g\",\"contentUrl\":\"https:\/\/secure.gravatar.com\/avatar\/a5fe39bf4f5335b8bac36eefa0b41467221b1598bfea5f05159a0199e391eed0?s=96&d=mm&r=g\",\"caption\":\"J\u00f6rg Lau\"},\"url\":\"https:\/\/blog.zeit.de\/joerglau\/author\/joerg-lau\"}]}<\/script>\n<!-- \/ Yoast SEO plugin. -->","yoast_head_json":{"title":"Bin Laden und die Konvertiten - J\u00f6rg Lau","robots":{"index":"index","follow":"follow","max-snippet":"max-snippet:-1","max-image-preview":"max-image-preview:large","max-video-preview":"max-video-preview:-1"},"canonical":"https:\/\/blog.zeit.de\/joerglau\/2007\/09\/20\/bin-laden-und-die-konvertiten_763","og_locale":"de_DE","og_type":"article","og_title":"Bin Laden und die Konvertiten - J\u00f6rg Lau","og_description":"Die Washington Post vom Samstag bringt einen l\u00e4ngeren Artikel \u00fcber radikale Konvertiten als Dschihadisten. Was mich freut: Das neue Bin Laden-Video wird auch hier mit Adam Gadahn in Verbindung gebracht, \u00e4hnlich wie in meinem Artikel. Und meines Wissens war ich der einzige, der diese Verbindung in der deutschen Presse hergestellt hat: &#8222;This month, bin Laden [&hellip;]","og_url":"https:\/\/blog.zeit.de\/joerglau\/2007\/09\/20\/bin-laden-und-die-konvertiten_763","og_site_name":"J\u00f6rg Lau","article_published_time":"2007-09-20T13:33:35+00:00","author":"J\u00f6rg Lau","twitter_card":"summary_large_image","twitter_misc":{"Geschrieben von":"J\u00f6rg Lau","Gesch\u00e4tzte Lesezeit":"1\u00a0Minute"},"schema":{"@context":"https:\/\/schema.org","@graph":[{"@type":"WebPage","@id":"https:\/\/blog.zeit.de\/joerglau\/2007\/09\/20\/bin-laden-und-die-konvertiten_763","url":"https:\/\/blog.zeit.de\/joerglau\/2007\/09\/20\/bin-laden-und-die-konvertiten_763","name":"Bin Laden und die Konvertiten - J\u00f6rg Lau","isPartOf":{"@id":"https:\/\/blog.zeit.de\/joerglau\/#website"},"datePublished":"2007-09-20T13:33:35+00:00","dateModified":"2007-09-20T13:33:35+00:00","author":{"@id":"https:\/\/blog.zeit.de\/joerglau\/#\/schema\/person\/55f0be9bfac24815791fbc852b042f57"},"breadcrumb":{"@id":"https:\/\/blog.zeit.de\/joerglau\/2007\/09\/20\/bin-laden-und-die-konvertiten_763#breadcrumb"},"inLanguage":"de","potentialAction":[{"@type":"ReadAction","target":["https:\/\/blog.zeit.de\/joerglau\/2007\/09\/20\/bin-laden-und-die-konvertiten_763"]}]},{"@type":"BreadcrumbList","@id":"https:\/\/blog.zeit.de\/joerglau\/2007\/09\/20\/bin-laden-und-die-konvertiten_763#breadcrumb","itemListElement":[{"@type":"ListItem","position":1,"name":"Startseite","item":"https:\/\/blog.zeit.de\/joerglau"},{"@type":"ListItem","position":2,"name":"Bin Laden und die Konvertiten"}]},{"@type":"WebSite","@id":"https:\/\/blog.zeit.de\/joerglau\/#website","url":"https:\/\/blog.zeit.de\/joerglau\/","name":"J\u00f6rg Lau","description":"Ein Blog \u00fcber Religion und Politik","potentialAction":[{"@type":"SearchAction","target":{"@type":"EntryPoint","urlTemplate":"https:\/\/blog.zeit.de\/joerglau\/?s={search_term_string}"},"query-input":"required name=search_term_string"}],"inLanguage":"de"},{"@type":"Person","@id":"https:\/\/blog.zeit.de\/joerglau\/#\/schema\/person\/55f0be9bfac24815791fbc852b042f57","name":"J\u00f6rg Lau","image":{"@type":"ImageObject","inLanguage":"de","@id":"https:\/\/blog.zeit.de\/joerglau\/#\/schema\/person\/image\/","url":"https:\/\/secure.gravatar.com\/avatar\/a5fe39bf4f5335b8bac36eefa0b41467221b1598bfea5f05159a0199e391eed0?s=96&d=mm&r=g","contentUrl":"https:\/\/secure.gravatar.com\/avatar\/a5fe39bf4f5335b8bac36eefa0b41467221b1598bfea5f05159a0199e391eed0?s=96&d=mm&r=g","caption":"J\u00f6rg Lau"},"url":"https:\/\/blog.zeit.de\/joerglau\/author\/joerg-lau"}]}},"jetpack_featured_media_url":"","jetpack_sharing_enabled":true,"jetpack_shortlink":"https:\/\/wp.me\/pG02W-cj","_links":{"self":[{"href":"https:\/\/blog.zeit.de\/joerglau\/wp-json\/wp\/v2\/posts\/763","targetHints":{"allow":["GET"]}}],"collection":[{"href":"https:\/\/blog.zeit.de\/joerglau\/wp-json\/wp\/v2\/posts"}],"about":[{"href":"https:\/\/blog.zeit.de\/joerglau\/wp-json\/wp\/v2\/types\/post"}],"author":[{"embeddable":true,"href":"https:\/\/blog.zeit.de\/joerglau\/wp-json\/wp\/v2\/users\/54"}],"replies":[{"embeddable":true,"href":"https:\/\/blog.zeit.de\/joerglau\/wp-json\/wp\/v2\/comments?post=763"}],"version-history":[{"count":0,"href":"https:\/\/blog.zeit.de\/joerglau\/wp-json\/wp\/v2\/posts\/763\/revisions"}],"wp:attachment":[{"href":"https:\/\/blog.zeit.de\/joerglau\/wp-json\/wp\/v2\/media?parent=763"}],"wp:term":[{"taxonomy":"category","embeddable":true,"href":"https:\/\/blog.zeit.de\/joerglau\/wp-json\/wp\/v2\/categories?post=763"},{"taxonomy":"post_tag","embeddable":true,"href":"https:\/\/blog.zeit.de\/joerglau\/wp-json\/wp\/v2\/tags?post=763"}],"curies":[{"name":"wp","href":"https:\/\/api.w.org\/{rel}","templated":true}]}}