{"id":805,"date":"2007-10-02T14:42:15","date_gmt":"2007-10-02T12:42:15","guid":{"rendered":"http:\/\/blog.zeit.de\/joerglau\/2007\/10\/02\/turkische-zeitung-uber-dieses-blog-welch-eine-gedankenlosigkeit_805"},"modified":"2007-10-02T14:42:15","modified_gmt":"2007-10-02T12:42:15","slug":"turkische-zeitung-uber-dieses-blog-welch-eine-gedankenlosigkeit","status":"publish","type":"post","link":"https:\/\/blog.zeit.de\/joerglau\/2007\/10\/02\/turkische-zeitung-uber-dieses-blog-welch-eine-gedankenlosigkeit_805","title":{"rendered":"T\u00fcrkische Zeitung \u00fcber Joerg Lau Blog: &#8222;Welch eine Gedankenlosigkeit!&#8220;"},"content":{"rendered":"<p>Und hier endlich die \u00dcbersetzung des Aufmachers der Sabah von letzten Freitag, der auf dieses Blog reagiert:<\/p>\n<p><img decoding=\"async\" alt=\"sabah1.jpg\" id=\"image799\" src=\"https:\/\/blog.zeit.de\/joerglau\/files\/2007\/09\/sabah1.jpg\" \/><\/p>\n<p>Fotozeile (im Foto): Nachdem SABAH \u00fcber die Kursteilnehmer in Ankara berichtet hatte, hat der Kolumnist J\u00f6rg Lau in den deutschen Zeitungen kommentiert: &#8222;Die T\u00fcrken w\u00fcrden das Gesetz sehr lieben&#8220;.<\/p>\n<p>Laut dem deutschen Kolumnisten st\u00fcrmen sie die Deutschkurse<\/p>\n<p>Welch eine Gedankenlosigkeit!<br \/>\nDer deutsche Kolumnist J\u00f6rg Lau hat die Nachrichten, die in der T\u00fcrkischen Presse \u00fcber die Br\u00e4ute und Br\u00e4utigame erschienen sind, die wegen der Familienzusammenf\u00fchrung Deutsch-Kurse in der T\u00fcrkei besuchen, verzerrt. Lau, der die Sprach-Kurs-Bedingung des Zuwanderungsgesetzes als gro\u00dfen Erfolg bezeichnet hat, behauptet: &#8222;Wir sehen, dass die T\u00fcrken sehr zufrieden mit diesem Gesetz sind&#8220;.<\/p>\n<p>Der deutsche Kolumnist J\u00f6rg Lau hat in seinem Artikel die Nachricht \u00fcber die obligatorische Teilnahme an den Sprach-Kursen in der T\u00fcrkei f\u00fcr diejenigen, die \u00fcber den Weg der Familienzusammenf\u00fchrung nach Deutschland kommen wollen, thematisiert. Lau, der die in SABAH erschienenen Interviews als Beispiel aufgreift, behauptet, dass die T\u00fcrken das neue Zuwanderungsgesetz &#8211; entgegen der Auffassung der Migrantenvereine und -organisationen in Deutschland &#8211; lieben. Der Kolumnist hat in seinem Artikel folgende Sichtweise dargestellt: &#8222;Als vor kurzer Zeit das neue Zuwanderungsgesetz beschlossen wurde, gem\u00e4\u00df dem Sprachkurse bereits in der T\u00fcrkei obligatorisch sind, war das Geschrei bei den t\u00fcrkischen Vereinen gro\u00df, sie sprachen von Diskriminierung und versuchten, den Integrationsgipfel platzen zu lassen. Dagegen sehen wir, dass die T\u00fcrken sehr zufrieden mit diesem Gesetz sind.&#8220;<\/p>\n<h2>Ihr habt ein Geschrei veranstaltet <\/h2>\n<p>Der Kolumnist schreibt \u00fcber ein Gesetz, das wegen seiner diskriminierenden Artikel kritisiert wird und das man versucht, in ganz Europa zu verbreiten, dass die T\u00fcrken in Deutschland &#8222;gedroht h\u00e4tten, es vor das Verfassungsgericht zu bringen&#8220;, kommentiert aber die Deutsch-Kurse in der T\u00fcrkei als Erfolg. In seinem Artikel schreibt Lau, &#8222;was war das nur f\u00fcr ein Geschrei&#8220;, als ob er sich \u00fcber die t\u00fcrkischen Vereine und Organisationen sowie \u00fcber die Politiker mit Migrationshintergrund, die gegen den Integrationsgipfel der Bundeskanzlerin Merkel protestiert haben, lustig machen will. Lau, der bei Zeitungen wie TAZ, Merkur, Die Zeit als Kolumnist und Journalist t\u00e4tig ist, hat aus den Augen verloren, dass das Gesetz aus einem Thema, das Deutschland betrifft, ein t\u00fcrkisches Problem macht, und dass die Kosten der Kurse und der Integration den Menschen in der T\u00fcrkei und den Migranten aufgehalst werden. Auff\u00e4llig ist, dass Lau die Pflicht Deutsch zu lernen, der die Br\u00e4ute und Br\u00e4utigame unterliegen und die ihre M\u00f6glichkeiten arg strapaziert, als &#8222;Deutsch- und Zuwanderungsgesetz-Liebe&#8220; bezeichnet.<br \/>\n<strong>Mesut HAST\u00dcRK \/ BERLIN<\/strong><\/p>\n<p><strong>KOMMENTAR <\/strong><\/p>\n<p>Ein Journalist, der in Zeitungen wie <strong>TAZ, Merkur, Die Zeit<\/strong> schreibt, verteidigt nicht nur ein Gesetz, das die universalen Menschenrechte in eine mittelalterliche Diskriminierung transformiert, er verachtet gleichzeitig die Bem\u00fchungen seiner t\u00fcrkischen Kollegen, der t\u00fcrkischst\u00e4mmigen Schriftsteller und Politiker in Deutschland. Der Kolumnist, der &#8211; wie man merkt &#8211; den in Sabah zitierten Satz der kursteilnehmenden T\u00fcrken, &#8222;<strong>Es ist ungerecht, aber das werden wir auch \u00fcberwinden<\/strong>&#8222;, nicht wirklich begriffen hat, versucht, die gutwilligen Bem\u00fchungen derjenigen, die die Ungerechtigkeit \u00fcberwinden wollen, gegen die hiesige t\u00fcrkische Gemeinschaft auszuspielen. Dieses Verhalten nennt man auf T\u00fcrkisch &#8222;aymazlik&#8220;, ein Begriff, der so im Deutschen nicht existiert.<\/p>\n<p><strong>Anmerkungen des \u00dcbersetzers:<\/strong> aymazlik findet man im Standard-W\u00f6rterbuch T\u00fcrkisch-Deutsch von Steuerwald nicht mit einer 1:1\u00dcbersetzung, sondern nur mit Verweisen.Der Sabah &#8211; Kommentator wollte wahrscheinlich die deutsche Entsprechung f\u00fcr &#8222;aymazlik&#8220; an das Ende seines Kommentars setzen, da er aber in seinem W\u00f6rterbuch nicht f\u00fcndig wurde, schreibt er nun: &#8222;ein Begriff, der so im Deutschen nicht existiert&#8220;.<br \/>\n<em>Allerdings l\u00e4sst sich &#8222;Aymazlik&#8220; sehr wohl ins Deutsche \u00fcbersetzen \u2013 siehe \u00dcberschrift: <\/em><br \/>\n<em>Gedankenlosigkeit, oder auch: Sorglosigkeit, Unachtsamkeit \u2013 es kann aber auch als Dummheit, Dusseligkeit, Leichtsinnigkeit oder D\u00e4mlichkeit \u00fcbersetzt werden.<\/em><\/p>\n","protected":false},"excerpt":{"rendered":"<p>Und hier endlich die \u00dcbersetzung des Aufmachers der Sabah von letzten Freitag, der auf dieses Blog reagiert: Fotozeile (im Foto): Nachdem SABAH \u00fcber die Kursteilnehmer in Ankara berichtet hatte, hat der Kolumnist J\u00f6rg Lau in den deutschen Zeitungen kommentiert: &#8222;Die T\u00fcrken w\u00fcrden das Gesetz sehr lieben&#8220;. Laut dem deutschen Kolumnisten st\u00fcrmen sie die Deutschkurse Welch [&hellip;]<\/p>\n","protected":false},"author":54,"featured_media":0,"comment_status":"open","ping_status":"closed","sticky":false,"template":"","format":"standard","meta":{"jetpack_post_was_ever_published":false,"footnotes":""},"categories":[163,117],"tags":[],"class_list":["post-805","post","type-post","status-publish","format-standard","hentry","category-integration","category-turkei"],"yoast_head":"<!-- This site is optimized with the Yoast SEO plugin v21.0 - https:\/\/yoast.com\/wordpress\/plugins\/seo\/ -->\n<title>T\u00fcrkische Zeitung \u00fcber Joerg Lau Blog: &quot;Welch eine Gedankenlosigkeit!&quot; - J\u00f6rg Lau<\/title>\n<meta name=\"robots\" content=\"index, follow, max-snippet:-1, max-image-preview:large, max-video-preview:-1\" \/>\n<link rel=\"canonical\" href=\"https:\/\/blog.zeit.de\/joerglau\/2007\/10\/02\/turkische-zeitung-uber-dieses-blog-welch-eine-gedankenlosigkeit_805\" \/>\n<meta property=\"og:locale\" content=\"de_DE\" \/>\n<meta property=\"og:type\" content=\"article\" \/>\n<meta property=\"og:title\" content=\"T\u00fcrkische Zeitung \u00fcber Joerg Lau Blog: &quot;Welch eine Gedankenlosigkeit!&quot; - J\u00f6rg Lau\" \/>\n<meta property=\"og:description\" content=\"Und hier endlich die \u00dcbersetzung des Aufmachers der Sabah von letzten Freitag, der auf dieses Blog reagiert: Fotozeile (im Foto): Nachdem SABAH \u00fcber die Kursteilnehmer in Ankara berichtet hatte, hat der Kolumnist J\u00f6rg Lau in den deutschen Zeitungen kommentiert: &#8222;Die T\u00fcrken w\u00fcrden das Gesetz sehr lieben&#8220;. Laut dem deutschen Kolumnisten st\u00fcrmen sie die Deutschkurse Welch [&hellip;]\" \/>\n<meta property=\"og:url\" content=\"https:\/\/blog.zeit.de\/joerglau\/2007\/10\/02\/turkische-zeitung-uber-dieses-blog-welch-eine-gedankenlosigkeit_805\" \/>\n<meta property=\"og:site_name\" content=\"J\u00f6rg Lau\" \/>\n<meta property=\"article:published_time\" content=\"2007-10-02T12:42:15+00:00\" \/>\n<meta property=\"og:image\" content=\"https:\/\/blog.zeit.de\/joerglau\/files\/2007\/09\/sabah1.jpg\" \/>\n<meta name=\"author\" content=\"J\u00f6rg Lau\" \/>\n<meta name=\"twitter:card\" content=\"summary_large_image\" \/>\n<meta name=\"twitter:label1\" content=\"Geschrieben von\" \/>\n\t<meta name=\"twitter:data1\" content=\"J\u00f6rg Lau\" \/>\n\t<meta name=\"twitter:label2\" content=\"Gesch\u00e4tzte Lesezeit\" \/>\n\t<meta name=\"twitter:data2\" content=\"3\u00a0Minuten\" \/>\n<script type=\"application\/ld+json\" class=\"yoast-schema-graph\">{\"@context\":\"https:\/\/schema.org\",\"@graph\":[{\"@type\":\"WebPage\",\"@id\":\"https:\/\/blog.zeit.de\/joerglau\/2007\/10\/02\/turkische-zeitung-uber-dieses-blog-welch-eine-gedankenlosigkeit_805\",\"url\":\"https:\/\/blog.zeit.de\/joerglau\/2007\/10\/02\/turkische-zeitung-uber-dieses-blog-welch-eine-gedankenlosigkeit_805\",\"name\":\"T\u00fcrkische Zeitung \u00fcber Joerg Lau Blog: \\\"Welch eine Gedankenlosigkeit!\\\" - J\u00f6rg Lau\",\"isPartOf\":{\"@id\":\"https:\/\/blog.zeit.de\/joerglau\/#website\"},\"datePublished\":\"2007-10-02T12:42:15+00:00\",\"dateModified\":\"2007-10-02T12:42:15+00:00\",\"author\":{\"@id\":\"https:\/\/blog.zeit.de\/joerglau\/#\/schema\/person\/55f0be9bfac24815791fbc852b042f57\"},\"breadcrumb\":{\"@id\":\"https:\/\/blog.zeit.de\/joerglau\/2007\/10\/02\/turkische-zeitung-uber-dieses-blog-welch-eine-gedankenlosigkeit_805#breadcrumb\"},\"inLanguage\":\"de\",\"potentialAction\":[{\"@type\":\"ReadAction\",\"target\":[\"https:\/\/blog.zeit.de\/joerglau\/2007\/10\/02\/turkische-zeitung-uber-dieses-blog-welch-eine-gedankenlosigkeit_805\"]}]},{\"@type\":\"BreadcrumbList\",\"@id\":\"https:\/\/blog.zeit.de\/joerglau\/2007\/10\/02\/turkische-zeitung-uber-dieses-blog-welch-eine-gedankenlosigkeit_805#breadcrumb\",\"itemListElement\":[{\"@type\":\"ListItem\",\"position\":1,\"name\":\"Startseite\",\"item\":\"https:\/\/blog.zeit.de\/joerglau\"},{\"@type\":\"ListItem\",\"position\":2,\"name\":\"T\u00fcrkische Zeitung \u00fcber Joerg Lau Blog: &#8222;Welch eine Gedankenlosigkeit!&#8220;\"}]},{\"@type\":\"WebSite\",\"@id\":\"https:\/\/blog.zeit.de\/joerglau\/#website\",\"url\":\"https:\/\/blog.zeit.de\/joerglau\/\",\"name\":\"J\u00f6rg Lau\",\"description\":\"Ein Blog \u00fcber Religion und Politik\",\"potentialAction\":[{\"@type\":\"SearchAction\",\"target\":{\"@type\":\"EntryPoint\",\"urlTemplate\":\"https:\/\/blog.zeit.de\/joerglau\/?s={search_term_string}\"},\"query-input\":\"required name=search_term_string\"}],\"inLanguage\":\"de\"},{\"@type\":\"Person\",\"@id\":\"https:\/\/blog.zeit.de\/joerglau\/#\/schema\/person\/55f0be9bfac24815791fbc852b042f57\",\"name\":\"J\u00f6rg Lau\",\"image\":{\"@type\":\"ImageObject\",\"inLanguage\":\"de\",\"@id\":\"https:\/\/blog.zeit.de\/joerglau\/#\/schema\/person\/image\/\",\"url\":\"https:\/\/secure.gravatar.com\/avatar\/a5fe39bf4f5335b8bac36eefa0b41467221b1598bfea5f05159a0199e391eed0?s=96&d=mm&r=g\",\"contentUrl\":\"https:\/\/secure.gravatar.com\/avatar\/a5fe39bf4f5335b8bac36eefa0b41467221b1598bfea5f05159a0199e391eed0?s=96&d=mm&r=g\",\"caption\":\"J\u00f6rg Lau\"},\"url\":\"https:\/\/blog.zeit.de\/joerglau\/author\/joerg-lau\"}]}<\/script>\n<!-- \/ Yoast SEO plugin. -->","yoast_head_json":{"title":"T\u00fcrkische Zeitung \u00fcber Joerg Lau Blog: \"Welch eine Gedankenlosigkeit!\" - J\u00f6rg Lau","robots":{"index":"index","follow":"follow","max-snippet":"max-snippet:-1","max-image-preview":"max-image-preview:large","max-video-preview":"max-video-preview:-1"},"canonical":"https:\/\/blog.zeit.de\/joerglau\/2007\/10\/02\/turkische-zeitung-uber-dieses-blog-welch-eine-gedankenlosigkeit_805","og_locale":"de_DE","og_type":"article","og_title":"T\u00fcrkische Zeitung \u00fcber Joerg Lau Blog: \"Welch eine Gedankenlosigkeit!\" - J\u00f6rg Lau","og_description":"Und hier endlich die \u00dcbersetzung des Aufmachers der Sabah von letzten Freitag, der auf dieses Blog reagiert: Fotozeile (im Foto): Nachdem SABAH \u00fcber die Kursteilnehmer in Ankara berichtet hatte, hat der Kolumnist J\u00f6rg Lau in den deutschen Zeitungen kommentiert: &#8222;Die T\u00fcrken w\u00fcrden das Gesetz sehr lieben&#8220;. Laut dem deutschen Kolumnisten st\u00fcrmen sie die Deutschkurse Welch [&hellip;]","og_url":"https:\/\/blog.zeit.de\/joerglau\/2007\/10\/02\/turkische-zeitung-uber-dieses-blog-welch-eine-gedankenlosigkeit_805","og_site_name":"J\u00f6rg Lau","article_published_time":"2007-10-02T12:42:15+00:00","og_image":[{"url":"https:\/\/blog.zeit.de\/joerglau\/files\/2007\/09\/sabah1.jpg"}],"author":"J\u00f6rg Lau","twitter_card":"summary_large_image","twitter_misc":{"Geschrieben von":"J\u00f6rg Lau","Gesch\u00e4tzte Lesezeit":"3\u00a0Minuten"},"schema":{"@context":"https:\/\/schema.org","@graph":[{"@type":"WebPage","@id":"https:\/\/blog.zeit.de\/joerglau\/2007\/10\/02\/turkische-zeitung-uber-dieses-blog-welch-eine-gedankenlosigkeit_805","url":"https:\/\/blog.zeit.de\/joerglau\/2007\/10\/02\/turkische-zeitung-uber-dieses-blog-welch-eine-gedankenlosigkeit_805","name":"T\u00fcrkische Zeitung \u00fcber Joerg Lau Blog: \"Welch eine Gedankenlosigkeit!\" - J\u00f6rg Lau","isPartOf":{"@id":"https:\/\/blog.zeit.de\/joerglau\/#website"},"datePublished":"2007-10-02T12:42:15+00:00","dateModified":"2007-10-02T12:42:15+00:00","author":{"@id":"https:\/\/blog.zeit.de\/joerglau\/#\/schema\/person\/55f0be9bfac24815791fbc852b042f57"},"breadcrumb":{"@id":"https:\/\/blog.zeit.de\/joerglau\/2007\/10\/02\/turkische-zeitung-uber-dieses-blog-welch-eine-gedankenlosigkeit_805#breadcrumb"},"inLanguage":"de","potentialAction":[{"@type":"ReadAction","target":["https:\/\/blog.zeit.de\/joerglau\/2007\/10\/02\/turkische-zeitung-uber-dieses-blog-welch-eine-gedankenlosigkeit_805"]}]},{"@type":"BreadcrumbList","@id":"https:\/\/blog.zeit.de\/joerglau\/2007\/10\/02\/turkische-zeitung-uber-dieses-blog-welch-eine-gedankenlosigkeit_805#breadcrumb","itemListElement":[{"@type":"ListItem","position":1,"name":"Startseite","item":"https:\/\/blog.zeit.de\/joerglau"},{"@type":"ListItem","position":2,"name":"T\u00fcrkische Zeitung \u00fcber Joerg Lau Blog: &#8222;Welch eine Gedankenlosigkeit!&#8220;"}]},{"@type":"WebSite","@id":"https:\/\/blog.zeit.de\/joerglau\/#website","url":"https:\/\/blog.zeit.de\/joerglau\/","name":"J\u00f6rg Lau","description":"Ein Blog \u00fcber Religion und Politik","potentialAction":[{"@type":"SearchAction","target":{"@type":"EntryPoint","urlTemplate":"https:\/\/blog.zeit.de\/joerglau\/?s={search_term_string}"},"query-input":"required name=search_term_string"}],"inLanguage":"de"},{"@type":"Person","@id":"https:\/\/blog.zeit.de\/joerglau\/#\/schema\/person\/55f0be9bfac24815791fbc852b042f57","name":"J\u00f6rg Lau","image":{"@type":"ImageObject","inLanguage":"de","@id":"https:\/\/blog.zeit.de\/joerglau\/#\/schema\/person\/image\/","url":"https:\/\/secure.gravatar.com\/avatar\/a5fe39bf4f5335b8bac36eefa0b41467221b1598bfea5f05159a0199e391eed0?s=96&d=mm&r=g","contentUrl":"https:\/\/secure.gravatar.com\/avatar\/a5fe39bf4f5335b8bac36eefa0b41467221b1598bfea5f05159a0199e391eed0?s=96&d=mm&r=g","caption":"J\u00f6rg Lau"},"url":"https:\/\/blog.zeit.de\/joerglau\/author\/joerg-lau"}]}},"jetpack_featured_media_url":"","jetpack_sharing_enabled":true,"jetpack_shortlink":"https:\/\/wp.me\/pG02W-cZ","_links":{"self":[{"href":"https:\/\/blog.zeit.de\/joerglau\/wp-json\/wp\/v2\/posts\/805","targetHints":{"allow":["GET"]}}],"collection":[{"href":"https:\/\/blog.zeit.de\/joerglau\/wp-json\/wp\/v2\/posts"}],"about":[{"href":"https:\/\/blog.zeit.de\/joerglau\/wp-json\/wp\/v2\/types\/post"}],"author":[{"embeddable":true,"href":"https:\/\/blog.zeit.de\/joerglau\/wp-json\/wp\/v2\/users\/54"}],"replies":[{"embeddable":true,"href":"https:\/\/blog.zeit.de\/joerglau\/wp-json\/wp\/v2\/comments?post=805"}],"version-history":[{"count":0,"href":"https:\/\/blog.zeit.de\/joerglau\/wp-json\/wp\/v2\/posts\/805\/revisions"}],"wp:attachment":[{"href":"https:\/\/blog.zeit.de\/joerglau\/wp-json\/wp\/v2\/media?parent=805"}],"wp:term":[{"taxonomy":"category","embeddable":true,"href":"https:\/\/blog.zeit.de\/joerglau\/wp-json\/wp\/v2\/categories?post=805"},{"taxonomy":"post_tag","embeddable":true,"href":"https:\/\/blog.zeit.de\/joerglau\/wp-json\/wp\/v2\/tags?post=805"}],"curies":[{"name":"wp","href":"https:\/\/api.w.org\/{rel}","templated":true}]}}