{"id":81,"date":"2006-12-19T12:09:48","date_gmt":"2006-12-19T10:09:48","guid":{"rendered":"http:\/\/blog.zeit.de\/joerglau\/2006\/12\/19\/weihnachten-im-iran-christen-verhaftet_81"},"modified":"2006-12-19T12:09:48","modified_gmt":"2006-12-19T10:09:48","slug":"weihnachten-im-iran-christen-verhaftet","status":"publish","type":"post","link":"https:\/\/blog.zeit.de\/joerglau\/2006\/12\/19\/weihnachten-im-iran-christen-verhaftet_81","title":{"rendered":"Weihnachten im Iran: Christen verhaftet"},"content":{"rendered":"<p>In den letzten Wochen sind an mindestens drei Orten im Iran Christen verhaftet worden, &#8222;um sie daran zu hindern, christliche Weihnacht zu feiern&#8220;, wie die Organisation <a href=\"https:\/\/blog.zeit.de\/joerglau\/wp-admin\/www.hra-iran.blogfa.com\">&#8222;Human Rights Activists in Iran&#8220;<\/a> mitteilt.<\/p>\n<p>Als ihre Angeh\u00f6rigen vor den Gef\u00e4ngnissen  demonstrierten, wurden sie mit &#8222;unn\u00f6tiger H\u00e4rte&#8220; von den Sicherheitsorgangen zur\u00fcckgewiesen. Hier die bisher bekannten Namen der Verhafteten:<\/p>\n<p style=\"margin: 0cm 0cm 0pt\" class=\"MsoNormal\"><strong><font face=\"Times New Roman\">1 &#8211; Mrs. Shirin Sadeg Khanjani, church member \u2013 Teheran<\/font><\/strong><\/p>\n<p style=\"margin: 0cm 0cm 0pt\" class=\"MsoNormal\"><strong><font face=\"Times New Roman\">2 &#8211; Mr. Behrooz Sadeg Khanjani, church member \u2013 Teheran<\/font><\/strong><\/p>\n<p style=\"margin: 0cm 0cm 0pt\" class=\"MsoNormal\"><strong><font face=\"Times New Roman\">3 &#8211; Mr. Hamid Reza Tolooinia, church member \u2013 Teheran<\/font><\/strong><\/p>\n<p style=\"margin: 0cm 0cm 0pt\" class=\"MsoNormal\"><strong><font face=\"Times New Roman\">4 &#8211; Mr. Bahman Irani, church member <\/font><\/strong><strong><font face=\"Times New Roman\">\u2013<\/font><\/strong><strong><font face=\"Times New Roman\"> Karaj (a province of Teheran)<\/font><\/strong><\/p>\n<p style=\"margin: 0cm 0cm 0pt\" class=\"MsoNormal\"><strong><font face=\"Times New Roman\">5 &#8211; Mr. Behnam Irani, church member \u2013 Karaj<\/font><\/strong><\/p>\n<p style=\"margin: 0cm 0cm 0pt\" class=\"MsoNormal\"><strong><font face=\"Times New Roman\">6 &#8211; Mr. Shahin Taghizadeh, father of one, curch member <\/font><\/strong><strong><font face=\"Times New Roman\">\u2013<\/font><\/strong><strong><font face=\"Times New Roman\"> City of Rasht<\/font><\/strong><\/p>\n<p style=\"margin: 0cm 0cm 0pt\" class=\"MsoNormal\"><strong><font face=\"Times New Roman\">7 &#8211; Mr. Yoosuf Noorkhani, father of two,<\/font><\/strong><\/p>\n<p style=\"margin: 0cm 0cm 0pt\" class=\"MsoNormal\"><strong><font face=\"Times New Roman\">8 &#8211; Mr. Mathias Hagnejad, arrested and released on Tuesday<br \/>\n<\/font><\/strong><\/p>\n<p style=\"margin: 0cm 0cm 0pt\" class=\"MsoNormal\"><strong><font face=\"Times New Roman\">9 &#8211; Mr. Parviz Khalajzamani, father of three, church member &#8211; City of Rasht<\/font><\/strong><\/p>\n<p style=\"margin: 0cm 0cm 0pt\" class=\"MsoNormal\"><strong><font face=\"Times New Roman\">10 &#8211; Mr. Mohammad Baliad, church member &#8211; City of Rasht<\/font><\/strong><\/p>\n<p style=\"margin: 0cm 0cm 0pt\" class=\"MsoNormal\"><strong><font face=\"Times New Roman\">11 &#8211; Mr. Payman Salarvand &#038; Mr. Soharab Sayadi, church member &#8211; City of Rasht<\/font><\/strong><\/p>\n<p style=\"margin: 0cm 0cm 0pt\" class=\"MsoNormal\"><strong><font face=\"Times New Roman\">12 &#8211; Mr. Davood and Mr. Amin (both have been released).<\/font><\/strong><\/p>\n<p style=\"margin: 0cm 0cm 0pt\" class=\"MsoNormal\">\n<p style=\"margin: 0cm 0cm 0pt\" class=\"MsoNormal\">Das Schicksal dieser Menschen steht im Zusammenhang einer neuen Repressionswelle gegen religi\u00f6se Minderheiten im Iran.<\/p>\n","protected":false},"excerpt":{"rendered":"<p>In den letzten Wochen sind an mindestens drei Orten im Iran Christen verhaftet worden, &#8222;um sie daran zu hindern, christliche Weihnacht zu feiern&#8220;, wie die Organisation &#8222;Human Rights Activists in Iran&#8220; mitteilt. Als ihre Angeh\u00f6rigen vor den Gef\u00e4ngnissen demonstrierten, wurden sie mit &#8222;unn\u00f6tiger H\u00e4rte&#8220; von den Sicherheitsorgangen zur\u00fcckgewiesen. Hier die bisher bekannten Namen der Verhafteten: [&hellip;]<\/p>\n","protected":false},"author":54,"featured_media":0,"comment_status":"open","ping_status":"closed","sticky":false,"template":"","format":"standard","meta":{"jetpack_post_was_ever_published":false,"footnotes":""},"categories":[166],"tags":[],"class_list":["post-81","post","type-post","status-publish","format-standard","hentry","category-iran"],"yoast_head":"<!-- This site is optimized with the Yoast SEO plugin v21.0 - https:\/\/yoast.com\/wordpress\/plugins\/seo\/ -->\n<title>Weihnachten im Iran: Christen verhaftet - J\u00f6rg Lau<\/title>\n<meta name=\"robots\" content=\"index, follow, max-snippet:-1, max-image-preview:large, max-video-preview:-1\" \/>\n<link rel=\"canonical\" href=\"https:\/\/blog.zeit.de\/joerglau\/2006\/12\/19\/weihnachten-im-iran-christen-verhaftet_81\" \/>\n<meta property=\"og:locale\" content=\"de_DE\" \/>\n<meta property=\"og:type\" content=\"article\" \/>\n<meta property=\"og:title\" content=\"Weihnachten im Iran: Christen verhaftet - J\u00f6rg Lau\" \/>\n<meta property=\"og:description\" content=\"In den letzten Wochen sind an mindestens drei Orten im Iran Christen verhaftet worden, &#8222;um sie daran zu hindern, christliche Weihnacht zu feiern&#8220;, wie die Organisation &#8222;Human Rights Activists in Iran&#8220; mitteilt. Als ihre Angeh\u00f6rigen vor den Gef\u00e4ngnissen demonstrierten, wurden sie mit &#8222;unn\u00f6tiger H\u00e4rte&#8220; von den Sicherheitsorgangen zur\u00fcckgewiesen. Hier die bisher bekannten Namen der Verhafteten: [&hellip;]\" \/>\n<meta property=\"og:url\" content=\"https:\/\/blog.zeit.de\/joerglau\/2006\/12\/19\/weihnachten-im-iran-christen-verhaftet_81\" \/>\n<meta property=\"og:site_name\" content=\"J\u00f6rg Lau\" \/>\n<meta property=\"article:published_time\" content=\"2006-12-19T10:09:48+00:00\" \/>\n<meta name=\"author\" content=\"J\u00f6rg Lau\" \/>\n<meta name=\"twitter:card\" content=\"summary_large_image\" \/>\n<meta name=\"twitter:label1\" content=\"Geschrieben von\" \/>\n\t<meta name=\"twitter:data1\" content=\"J\u00f6rg Lau\" \/>\n\t<meta name=\"twitter:label2\" content=\"Gesch\u00e4tzte Lesezeit\" \/>\n\t<meta name=\"twitter:data2\" content=\"1\u00a0Minute\" \/>\n<script type=\"application\/ld+json\" class=\"yoast-schema-graph\">{\"@context\":\"https:\/\/schema.org\",\"@graph\":[{\"@type\":\"WebPage\",\"@id\":\"https:\/\/blog.zeit.de\/joerglau\/2006\/12\/19\/weihnachten-im-iran-christen-verhaftet_81\",\"url\":\"https:\/\/blog.zeit.de\/joerglau\/2006\/12\/19\/weihnachten-im-iran-christen-verhaftet_81\",\"name\":\"Weihnachten im Iran: Christen verhaftet - J\u00f6rg Lau\",\"isPartOf\":{\"@id\":\"https:\/\/blog.zeit.de\/joerglau\/#website\"},\"datePublished\":\"2006-12-19T10:09:48+00:00\",\"dateModified\":\"2006-12-19T10:09:48+00:00\",\"author\":{\"@id\":\"https:\/\/blog.zeit.de\/joerglau\/#\/schema\/person\/55f0be9bfac24815791fbc852b042f57\"},\"breadcrumb\":{\"@id\":\"https:\/\/blog.zeit.de\/joerglau\/2006\/12\/19\/weihnachten-im-iran-christen-verhaftet_81#breadcrumb\"},\"inLanguage\":\"de\",\"potentialAction\":[{\"@type\":\"ReadAction\",\"target\":[\"https:\/\/blog.zeit.de\/joerglau\/2006\/12\/19\/weihnachten-im-iran-christen-verhaftet_81\"]}]},{\"@type\":\"BreadcrumbList\",\"@id\":\"https:\/\/blog.zeit.de\/joerglau\/2006\/12\/19\/weihnachten-im-iran-christen-verhaftet_81#breadcrumb\",\"itemListElement\":[{\"@type\":\"ListItem\",\"position\":1,\"name\":\"Startseite\",\"item\":\"https:\/\/blog.zeit.de\/joerglau\"},{\"@type\":\"ListItem\",\"position\":2,\"name\":\"Weihnachten im Iran: Christen verhaftet\"}]},{\"@type\":\"WebSite\",\"@id\":\"https:\/\/blog.zeit.de\/joerglau\/#website\",\"url\":\"https:\/\/blog.zeit.de\/joerglau\/\",\"name\":\"J\u00f6rg Lau\",\"description\":\"Ein Blog \u00fcber Religion und Politik\",\"potentialAction\":[{\"@type\":\"SearchAction\",\"target\":{\"@type\":\"EntryPoint\",\"urlTemplate\":\"https:\/\/blog.zeit.de\/joerglau\/?s={search_term_string}\"},\"query-input\":\"required name=search_term_string\"}],\"inLanguage\":\"de\"},{\"@type\":\"Person\",\"@id\":\"https:\/\/blog.zeit.de\/joerglau\/#\/schema\/person\/55f0be9bfac24815791fbc852b042f57\",\"name\":\"J\u00f6rg Lau\",\"image\":{\"@type\":\"ImageObject\",\"inLanguage\":\"de\",\"@id\":\"https:\/\/blog.zeit.de\/joerglau\/#\/schema\/person\/image\/\",\"url\":\"https:\/\/secure.gravatar.com\/avatar\/a5fe39bf4f5335b8bac36eefa0b41467221b1598bfea5f05159a0199e391eed0?s=96&d=mm&r=g\",\"contentUrl\":\"https:\/\/secure.gravatar.com\/avatar\/a5fe39bf4f5335b8bac36eefa0b41467221b1598bfea5f05159a0199e391eed0?s=96&d=mm&r=g\",\"caption\":\"J\u00f6rg Lau\"},\"url\":\"https:\/\/blog.zeit.de\/joerglau\/author\/joerg-lau\"}]}<\/script>\n<!-- \/ Yoast SEO plugin. -->","yoast_head_json":{"title":"Weihnachten im Iran: Christen verhaftet - J\u00f6rg Lau","robots":{"index":"index","follow":"follow","max-snippet":"max-snippet:-1","max-image-preview":"max-image-preview:large","max-video-preview":"max-video-preview:-1"},"canonical":"https:\/\/blog.zeit.de\/joerglau\/2006\/12\/19\/weihnachten-im-iran-christen-verhaftet_81","og_locale":"de_DE","og_type":"article","og_title":"Weihnachten im Iran: Christen verhaftet - J\u00f6rg Lau","og_description":"In den letzten Wochen sind an mindestens drei Orten im Iran Christen verhaftet worden, &#8222;um sie daran zu hindern, christliche Weihnacht zu feiern&#8220;, wie die Organisation &#8222;Human Rights Activists in Iran&#8220; mitteilt. Als ihre Angeh\u00f6rigen vor den Gef\u00e4ngnissen demonstrierten, wurden sie mit &#8222;unn\u00f6tiger H\u00e4rte&#8220; von den Sicherheitsorgangen zur\u00fcckgewiesen. Hier die bisher bekannten Namen der Verhafteten: [&hellip;]","og_url":"https:\/\/blog.zeit.de\/joerglau\/2006\/12\/19\/weihnachten-im-iran-christen-verhaftet_81","og_site_name":"J\u00f6rg Lau","article_published_time":"2006-12-19T10:09:48+00:00","author":"J\u00f6rg Lau","twitter_card":"summary_large_image","twitter_misc":{"Geschrieben von":"J\u00f6rg Lau","Gesch\u00e4tzte Lesezeit":"1\u00a0Minute"},"schema":{"@context":"https:\/\/schema.org","@graph":[{"@type":"WebPage","@id":"https:\/\/blog.zeit.de\/joerglau\/2006\/12\/19\/weihnachten-im-iran-christen-verhaftet_81","url":"https:\/\/blog.zeit.de\/joerglau\/2006\/12\/19\/weihnachten-im-iran-christen-verhaftet_81","name":"Weihnachten im Iran: Christen verhaftet - J\u00f6rg Lau","isPartOf":{"@id":"https:\/\/blog.zeit.de\/joerglau\/#website"},"datePublished":"2006-12-19T10:09:48+00:00","dateModified":"2006-12-19T10:09:48+00:00","author":{"@id":"https:\/\/blog.zeit.de\/joerglau\/#\/schema\/person\/55f0be9bfac24815791fbc852b042f57"},"breadcrumb":{"@id":"https:\/\/blog.zeit.de\/joerglau\/2006\/12\/19\/weihnachten-im-iran-christen-verhaftet_81#breadcrumb"},"inLanguage":"de","potentialAction":[{"@type":"ReadAction","target":["https:\/\/blog.zeit.de\/joerglau\/2006\/12\/19\/weihnachten-im-iran-christen-verhaftet_81"]}]},{"@type":"BreadcrumbList","@id":"https:\/\/blog.zeit.de\/joerglau\/2006\/12\/19\/weihnachten-im-iran-christen-verhaftet_81#breadcrumb","itemListElement":[{"@type":"ListItem","position":1,"name":"Startseite","item":"https:\/\/blog.zeit.de\/joerglau"},{"@type":"ListItem","position":2,"name":"Weihnachten im Iran: Christen verhaftet"}]},{"@type":"WebSite","@id":"https:\/\/blog.zeit.de\/joerglau\/#website","url":"https:\/\/blog.zeit.de\/joerglau\/","name":"J\u00f6rg Lau","description":"Ein Blog \u00fcber Religion und Politik","potentialAction":[{"@type":"SearchAction","target":{"@type":"EntryPoint","urlTemplate":"https:\/\/blog.zeit.de\/joerglau\/?s={search_term_string}"},"query-input":"required name=search_term_string"}],"inLanguage":"de"},{"@type":"Person","@id":"https:\/\/blog.zeit.de\/joerglau\/#\/schema\/person\/55f0be9bfac24815791fbc852b042f57","name":"J\u00f6rg Lau","image":{"@type":"ImageObject","inLanguage":"de","@id":"https:\/\/blog.zeit.de\/joerglau\/#\/schema\/person\/image\/","url":"https:\/\/secure.gravatar.com\/avatar\/a5fe39bf4f5335b8bac36eefa0b41467221b1598bfea5f05159a0199e391eed0?s=96&d=mm&r=g","contentUrl":"https:\/\/secure.gravatar.com\/avatar\/a5fe39bf4f5335b8bac36eefa0b41467221b1598bfea5f05159a0199e391eed0?s=96&d=mm&r=g","caption":"J\u00f6rg Lau"},"url":"https:\/\/blog.zeit.de\/joerglau\/author\/joerg-lau"}]}},"jetpack_featured_media_url":"","jetpack_sharing_enabled":true,"jetpack_shortlink":"https:\/\/wp.me\/pG02W-1j","_links":{"self":[{"href":"https:\/\/blog.zeit.de\/joerglau\/wp-json\/wp\/v2\/posts\/81","targetHints":{"allow":["GET"]}}],"collection":[{"href":"https:\/\/blog.zeit.de\/joerglau\/wp-json\/wp\/v2\/posts"}],"about":[{"href":"https:\/\/blog.zeit.de\/joerglau\/wp-json\/wp\/v2\/types\/post"}],"author":[{"embeddable":true,"href":"https:\/\/blog.zeit.de\/joerglau\/wp-json\/wp\/v2\/users\/54"}],"replies":[{"embeddable":true,"href":"https:\/\/blog.zeit.de\/joerglau\/wp-json\/wp\/v2\/comments?post=81"}],"version-history":[{"count":0,"href":"https:\/\/blog.zeit.de\/joerglau\/wp-json\/wp\/v2\/posts\/81\/revisions"}],"wp:attachment":[{"href":"https:\/\/blog.zeit.de\/joerglau\/wp-json\/wp\/v2\/media?parent=81"}],"wp:term":[{"taxonomy":"category","embeddable":true,"href":"https:\/\/blog.zeit.de\/joerglau\/wp-json\/wp\/v2\/categories?post=81"},{"taxonomy":"post_tag","embeddable":true,"href":"https:\/\/blog.zeit.de\/joerglau\/wp-json\/wp\/v2\/tags?post=81"}],"curies":[{"name":"wp","href":"https:\/\/api.w.org\/{rel}","templated":true}]}}