{"id":813,"date":"2007-10-05T12:28:19","date_gmt":"2007-10-05T10:28:19","guid":{"rendered":"http:\/\/blog.zeit.de\/joerglau\/2007\/10\/05\/argumente-von-rechts-fur-den-eu-beitritt-der-turkei_813"},"modified":"2007-10-05T12:28:19","modified_gmt":"2007-10-05T10:28:19","slug":"argumente-von-rechts-fur-den-eu-beitritt-der-turkei","status":"publish","type":"post","link":"https:\/\/blog.zeit.de\/joerglau\/2007\/10\/05\/argumente-von-rechts-fur-den-eu-beitritt-der-turkei_813","title":{"rendered":"Argumente (von rechts!) f\u00fcr den EU-Beitritt der T\u00fcrkei"},"content":{"rendered":"<p>&#8230;liefert ausgerechnet der CDU-Politiker <a href=\"http:\/\/de.wikipedia.org\/wiki\/Wulf_Sch%C3%B6nbohm\">Wulf Sch\u00f6nbohm<\/a> <a href=\"http:\/\/www.welt.de\/welt_print\/article1236231\/Die_EU_braucht_die_Tuerkei.html\">heute in der WELT<\/a>, der erst k\u00fcrzlich mit seiner <a href=\"http:\/\/www.welt.de\/welt_print\/article1109271\/Scheinliberale_Mitte-Sosse.html\">Kritik<\/a> am weichgesp\u00fclten Konservatismus der Union (&#8222;Scheinliberale Mitte-So\u00dfe&#8220;) Furore machte. Er beschreibt die Modernisierungsrolle der AKP gegen\u00fcber den alten kemalistischen Eliten so:<\/p>\n<blockquote><p>Die Kemalisten, das Milit\u00e4r eingeschlossen, haben sich in der Vergangenheit gro\u00dfe Verdienste um die Republik erworben, aber sie sehen Individualismus und Pluralismus, Religiosit\u00e4t und Minderheitenrechte als Gefahren f\u00fcr den Staat an, den sie absolut setzen und als dessen H\u00fcter und Bewahrer sie sich verstehen. Sie sind Reformgegner und zu dogmatischen Verteidigern ihrer \u00fcberholten Machtprivilegien geworden, f\u00fcr die sie auch mit fragw\u00fcrdigen Methoden k\u00e4mpfen. Insbesondere das Milit\u00e4r, das immer noch gro\u00dfes Ansehen genie\u00dft und in der t\u00fcrkischen Geschichte seinen politischen Einfluss ohne jede demokratische Legitimation wahrgenommen hat, musste in den vergangenen f\u00fcnf Jahren durch die von der EU geforderten und von der AKP realisierten Reformen Schritt f\u00fcr Schritt politische Macht abgeben. Dieser Prozess muss so lange weitergehen, bis das Primat der Politik gegen\u00fcber dem Milit\u00e4r G\u00fcltigkeit hat.<br \/>\n<img decoding=\"async\" id=\"image812\" src=\"https:\/\/blog.zeit.de\/joerglau\/files\/2007\/10\/wulfschonbohm.jpg\" alt=\"wulfschonbohm.jpg\" \/><br \/>\n<em>Wulf Sch\u00f6nbohm<\/em><\/p>\n<p>Mit den Kemalisten w\u00fcrde die bisherige antireligi\u00f6se, urbane Elite, die seit Gr\u00fcndung der t\u00fcrkischen Republik die politischen Rahmenbedingungen des Landes festgelegt hat, abtreten zugunsten der religi\u00f6sen, gut ausgebildeten, modernen Elite aus der Provinz. Sie wird von der AKP vertreten, die sich zur einzigen Volkspartei der T\u00fcrkei entwickelte, indem sie konservativ-islamische, liberale, soziale und reformerische Str\u00f6mungen integriert hat.<br \/>\nEs w\u00e4re sch\u00f6n, wenn die Gegner der t\u00fcrkischen EU-Mitgliedschaft anerkennen w\u00fcrden, welche Reformdynamik die T\u00fcrkei im Gegensatz zu Mitgliedsl\u00e4ndern wie zum Beispiel Bulgarien oder Rum\u00e4nien seit Jahren zeigt.<\/p>\n<p>Die AKP h\u00e4tte die wohlwollende Unterst\u00fctzung der EU auf ihrem Weg nach Europa verdient, denn alle Unterstellungen, diese Partei habe eine geheime islamistische Agenda, erwiesen sich als Hirngespinste.<\/p>\n<p>Erdogan hat fr\u00fch erkannt, dass in einer laizistischen Demokratie islamische Gebote wie zum Beispiel das Alkoholverbot den B\u00fcrgern nicht vom Staat aufgezwungen werden d\u00fcrfen, und hat sich deshalb von der islamistischen Erbakan-Partei abgespalten und die AKP gegr\u00fcndet.<br \/>\nEr ist ein \u00fcberzeugter Demokrat und engagierter Reformer, w\u00e4hrend aus den hundertprozentigen Kemalisten hundertf\u00fcnfzigprozentige Kemalisten geworden sind, die ihr eigenes Land nicht mehr verstehen. Die t\u00fcrkische Gesellschaft ist bereits viel zu modern und westlich geworden, als dass die Bev\u00f6lkerung die Scharia wollte und das Milit\u00e4r noch als Schutzmacht gegen Islamisten ben\u00f6tigte. Diese Zeiten sind endg\u00fcltig vorbei.<\/p>\n<p>F\u00fcr die Politiker von CDU und CSU wird es immer schwieriger werden, ihre Ablehnung der t\u00fcrkischen EU-Mitgliedschaft plausibel zu begr\u00fcnden. Sie halten jedoch daran fest, weil dies eine ihrer letzten scheinbar konservativen Positionen ist und weil sie Angst vor ihren eigenen W\u00e4hlern haben, deren Vorurteile sie pflegen, anstatt sie abzubauen. <strong>Das ist nicht konservativ, sondern reaktion\u00e4r.<\/strong><\/p><\/blockquote>\n<p>Bravo!<\/p>\n","protected":false},"excerpt":{"rendered":"<p>&#8230;liefert ausgerechnet der CDU-Politiker Wulf Sch\u00f6nbohm heute in der WELT, der erst k\u00fcrzlich mit seiner Kritik am weichgesp\u00fclten Konservatismus der Union (&#8222;Scheinliberale Mitte-So\u00dfe&#8220;) Furore machte. Er beschreibt die Modernisierungsrolle der AKP gegen\u00fcber den alten kemalistischen Eliten so: Die Kemalisten, das Milit\u00e4r eingeschlossen, haben sich in der Vergangenheit gro\u00dfe Verdienste um die Republik erworben, aber sie [&hellip;]<\/p>\n","protected":false},"author":54,"featured_media":0,"comment_status":"open","ping_status":"closed","sticky":false,"template":"","format":"standard","meta":{"jetpack_post_was_ever_published":false,"footnotes":""},"categories":[152,117],"tags":[],"class_list":["post-813","post","type-post","status-publish","format-standard","hentry","category-aussenpolitik","category-turkei"],"yoast_head":"<!-- This site is optimized with the Yoast SEO plugin v21.0 - https:\/\/yoast.com\/wordpress\/plugins\/seo\/ -->\n<title>Argumente (von rechts!) f\u00fcr den EU-Beitritt der T\u00fcrkei - J\u00f6rg Lau<\/title>\n<meta name=\"robots\" content=\"index, follow, max-snippet:-1, max-image-preview:large, max-video-preview:-1\" \/>\n<link rel=\"canonical\" href=\"https:\/\/blog.zeit.de\/joerglau\/2007\/10\/05\/argumente-von-rechts-fur-den-eu-beitritt-der-turkei_813\" \/>\n<meta property=\"og:locale\" content=\"de_DE\" \/>\n<meta property=\"og:type\" content=\"article\" \/>\n<meta property=\"og:title\" content=\"Argumente (von rechts!) f\u00fcr den EU-Beitritt der T\u00fcrkei - J\u00f6rg Lau\" \/>\n<meta property=\"og:description\" content=\"&#8230;liefert ausgerechnet der CDU-Politiker Wulf Sch\u00f6nbohm heute in der WELT, der erst k\u00fcrzlich mit seiner Kritik am weichgesp\u00fclten Konservatismus der Union (&#8222;Scheinliberale Mitte-So\u00dfe&#8220;) Furore machte. Er beschreibt die Modernisierungsrolle der AKP gegen\u00fcber den alten kemalistischen Eliten so: Die Kemalisten, das Milit\u00e4r eingeschlossen, haben sich in der Vergangenheit gro\u00dfe Verdienste um die Republik erworben, aber sie [&hellip;]\" \/>\n<meta property=\"og:url\" content=\"https:\/\/blog.zeit.de\/joerglau\/2007\/10\/05\/argumente-von-rechts-fur-den-eu-beitritt-der-turkei_813\" \/>\n<meta property=\"og:site_name\" content=\"J\u00f6rg Lau\" \/>\n<meta property=\"article:published_time\" content=\"2007-10-05T10:28:19+00:00\" \/>\n<meta property=\"og:image\" content=\"https:\/\/blog.zeit.de\/joerglau\/files\/2007\/10\/wulfschonbohm.jpg\" \/>\n<meta name=\"author\" content=\"J\u00f6rg Lau\" \/>\n<meta name=\"twitter:card\" content=\"summary_large_image\" \/>\n<meta name=\"twitter:label1\" content=\"Geschrieben von\" \/>\n\t<meta name=\"twitter:data1\" content=\"J\u00f6rg Lau\" \/>\n\t<meta name=\"twitter:label2\" content=\"Gesch\u00e4tzte Lesezeit\" \/>\n\t<meta name=\"twitter:data2\" content=\"2\u00a0Minuten\" \/>\n<script type=\"application\/ld+json\" class=\"yoast-schema-graph\">{\"@context\":\"https:\/\/schema.org\",\"@graph\":[{\"@type\":\"WebPage\",\"@id\":\"https:\/\/blog.zeit.de\/joerglau\/2007\/10\/05\/argumente-von-rechts-fur-den-eu-beitritt-der-turkei_813\",\"url\":\"https:\/\/blog.zeit.de\/joerglau\/2007\/10\/05\/argumente-von-rechts-fur-den-eu-beitritt-der-turkei_813\",\"name\":\"Argumente (von rechts!) f\u00fcr den EU-Beitritt der T\u00fcrkei - J\u00f6rg Lau\",\"isPartOf\":{\"@id\":\"https:\/\/blog.zeit.de\/joerglau\/#website\"},\"datePublished\":\"2007-10-05T10:28:19+00:00\",\"dateModified\":\"2007-10-05T10:28:19+00:00\",\"author\":{\"@id\":\"https:\/\/blog.zeit.de\/joerglau\/#\/schema\/person\/55f0be9bfac24815791fbc852b042f57\"},\"breadcrumb\":{\"@id\":\"https:\/\/blog.zeit.de\/joerglau\/2007\/10\/05\/argumente-von-rechts-fur-den-eu-beitritt-der-turkei_813#breadcrumb\"},\"inLanguage\":\"de\",\"potentialAction\":[{\"@type\":\"ReadAction\",\"target\":[\"https:\/\/blog.zeit.de\/joerglau\/2007\/10\/05\/argumente-von-rechts-fur-den-eu-beitritt-der-turkei_813\"]}]},{\"@type\":\"BreadcrumbList\",\"@id\":\"https:\/\/blog.zeit.de\/joerglau\/2007\/10\/05\/argumente-von-rechts-fur-den-eu-beitritt-der-turkei_813#breadcrumb\",\"itemListElement\":[{\"@type\":\"ListItem\",\"position\":1,\"name\":\"Startseite\",\"item\":\"https:\/\/blog.zeit.de\/joerglau\"},{\"@type\":\"ListItem\",\"position\":2,\"name\":\"Argumente (von rechts!) f\u00fcr den EU-Beitritt der T\u00fcrkei\"}]},{\"@type\":\"WebSite\",\"@id\":\"https:\/\/blog.zeit.de\/joerglau\/#website\",\"url\":\"https:\/\/blog.zeit.de\/joerglau\/\",\"name\":\"J\u00f6rg Lau\",\"description\":\"Ein Blog \u00fcber Religion und Politik\",\"potentialAction\":[{\"@type\":\"SearchAction\",\"target\":{\"@type\":\"EntryPoint\",\"urlTemplate\":\"https:\/\/blog.zeit.de\/joerglau\/?s={search_term_string}\"},\"query-input\":\"required name=search_term_string\"}],\"inLanguage\":\"de\"},{\"@type\":\"Person\",\"@id\":\"https:\/\/blog.zeit.de\/joerglau\/#\/schema\/person\/55f0be9bfac24815791fbc852b042f57\",\"name\":\"J\u00f6rg Lau\",\"image\":{\"@type\":\"ImageObject\",\"inLanguage\":\"de\",\"@id\":\"https:\/\/blog.zeit.de\/joerglau\/#\/schema\/person\/image\/\",\"url\":\"https:\/\/secure.gravatar.com\/avatar\/a5fe39bf4f5335b8bac36eefa0b41467221b1598bfea5f05159a0199e391eed0?s=96&d=mm&r=g\",\"contentUrl\":\"https:\/\/secure.gravatar.com\/avatar\/a5fe39bf4f5335b8bac36eefa0b41467221b1598bfea5f05159a0199e391eed0?s=96&d=mm&r=g\",\"caption\":\"J\u00f6rg Lau\"},\"url\":\"https:\/\/blog.zeit.de\/joerglau\/author\/joerg-lau\"}]}<\/script>\n<!-- \/ Yoast SEO plugin. -->","yoast_head_json":{"title":"Argumente (von rechts!) f\u00fcr den EU-Beitritt der T\u00fcrkei - J\u00f6rg Lau","robots":{"index":"index","follow":"follow","max-snippet":"max-snippet:-1","max-image-preview":"max-image-preview:large","max-video-preview":"max-video-preview:-1"},"canonical":"https:\/\/blog.zeit.de\/joerglau\/2007\/10\/05\/argumente-von-rechts-fur-den-eu-beitritt-der-turkei_813","og_locale":"de_DE","og_type":"article","og_title":"Argumente (von rechts!) f\u00fcr den EU-Beitritt der T\u00fcrkei - J\u00f6rg Lau","og_description":"&#8230;liefert ausgerechnet der CDU-Politiker Wulf Sch\u00f6nbohm heute in der WELT, der erst k\u00fcrzlich mit seiner Kritik am weichgesp\u00fclten Konservatismus der Union (&#8222;Scheinliberale Mitte-So\u00dfe&#8220;) Furore machte. Er beschreibt die Modernisierungsrolle der AKP gegen\u00fcber den alten kemalistischen Eliten so: Die Kemalisten, das Milit\u00e4r eingeschlossen, haben sich in der Vergangenheit gro\u00dfe Verdienste um die Republik erworben, aber sie [&hellip;]","og_url":"https:\/\/blog.zeit.de\/joerglau\/2007\/10\/05\/argumente-von-rechts-fur-den-eu-beitritt-der-turkei_813","og_site_name":"J\u00f6rg Lau","article_published_time":"2007-10-05T10:28:19+00:00","og_image":[{"url":"https:\/\/blog.zeit.de\/joerglau\/files\/2007\/10\/wulfschonbohm.jpg"}],"author":"J\u00f6rg Lau","twitter_card":"summary_large_image","twitter_misc":{"Geschrieben von":"J\u00f6rg Lau","Gesch\u00e4tzte Lesezeit":"2\u00a0Minuten"},"schema":{"@context":"https:\/\/schema.org","@graph":[{"@type":"WebPage","@id":"https:\/\/blog.zeit.de\/joerglau\/2007\/10\/05\/argumente-von-rechts-fur-den-eu-beitritt-der-turkei_813","url":"https:\/\/blog.zeit.de\/joerglau\/2007\/10\/05\/argumente-von-rechts-fur-den-eu-beitritt-der-turkei_813","name":"Argumente (von rechts!) f\u00fcr den EU-Beitritt der T\u00fcrkei - J\u00f6rg Lau","isPartOf":{"@id":"https:\/\/blog.zeit.de\/joerglau\/#website"},"datePublished":"2007-10-05T10:28:19+00:00","dateModified":"2007-10-05T10:28:19+00:00","author":{"@id":"https:\/\/blog.zeit.de\/joerglau\/#\/schema\/person\/55f0be9bfac24815791fbc852b042f57"},"breadcrumb":{"@id":"https:\/\/blog.zeit.de\/joerglau\/2007\/10\/05\/argumente-von-rechts-fur-den-eu-beitritt-der-turkei_813#breadcrumb"},"inLanguage":"de","potentialAction":[{"@type":"ReadAction","target":["https:\/\/blog.zeit.de\/joerglau\/2007\/10\/05\/argumente-von-rechts-fur-den-eu-beitritt-der-turkei_813"]}]},{"@type":"BreadcrumbList","@id":"https:\/\/blog.zeit.de\/joerglau\/2007\/10\/05\/argumente-von-rechts-fur-den-eu-beitritt-der-turkei_813#breadcrumb","itemListElement":[{"@type":"ListItem","position":1,"name":"Startseite","item":"https:\/\/blog.zeit.de\/joerglau"},{"@type":"ListItem","position":2,"name":"Argumente (von rechts!) f\u00fcr den EU-Beitritt der T\u00fcrkei"}]},{"@type":"WebSite","@id":"https:\/\/blog.zeit.de\/joerglau\/#website","url":"https:\/\/blog.zeit.de\/joerglau\/","name":"J\u00f6rg Lau","description":"Ein Blog \u00fcber Religion und Politik","potentialAction":[{"@type":"SearchAction","target":{"@type":"EntryPoint","urlTemplate":"https:\/\/blog.zeit.de\/joerglau\/?s={search_term_string}"},"query-input":"required name=search_term_string"}],"inLanguage":"de"},{"@type":"Person","@id":"https:\/\/blog.zeit.de\/joerglau\/#\/schema\/person\/55f0be9bfac24815791fbc852b042f57","name":"J\u00f6rg Lau","image":{"@type":"ImageObject","inLanguage":"de","@id":"https:\/\/blog.zeit.de\/joerglau\/#\/schema\/person\/image\/","url":"https:\/\/secure.gravatar.com\/avatar\/a5fe39bf4f5335b8bac36eefa0b41467221b1598bfea5f05159a0199e391eed0?s=96&d=mm&r=g","contentUrl":"https:\/\/secure.gravatar.com\/avatar\/a5fe39bf4f5335b8bac36eefa0b41467221b1598bfea5f05159a0199e391eed0?s=96&d=mm&r=g","caption":"J\u00f6rg Lau"},"url":"https:\/\/blog.zeit.de\/joerglau\/author\/joerg-lau"}]}},"jetpack_featured_media_url":"","jetpack_sharing_enabled":true,"jetpack_shortlink":"https:\/\/wp.me\/pG02W-d7","_links":{"self":[{"href":"https:\/\/blog.zeit.de\/joerglau\/wp-json\/wp\/v2\/posts\/813","targetHints":{"allow":["GET"]}}],"collection":[{"href":"https:\/\/blog.zeit.de\/joerglau\/wp-json\/wp\/v2\/posts"}],"about":[{"href":"https:\/\/blog.zeit.de\/joerglau\/wp-json\/wp\/v2\/types\/post"}],"author":[{"embeddable":true,"href":"https:\/\/blog.zeit.de\/joerglau\/wp-json\/wp\/v2\/users\/54"}],"replies":[{"embeddable":true,"href":"https:\/\/blog.zeit.de\/joerglau\/wp-json\/wp\/v2\/comments?post=813"}],"version-history":[{"count":0,"href":"https:\/\/blog.zeit.de\/joerglau\/wp-json\/wp\/v2\/posts\/813\/revisions"}],"wp:attachment":[{"href":"https:\/\/blog.zeit.de\/joerglau\/wp-json\/wp\/v2\/media?parent=813"}],"wp:term":[{"taxonomy":"category","embeddable":true,"href":"https:\/\/blog.zeit.de\/joerglau\/wp-json\/wp\/v2\/categories?post=813"},{"taxonomy":"post_tag","embeddable":true,"href":"https:\/\/blog.zeit.de\/joerglau\/wp-json\/wp\/v2\/tags?post=813"}],"curies":[{"name":"wp","href":"https:\/\/api.w.org\/{rel}","templated":true}]}}