{"id":840,"date":"2007-10-18T11:42:16","date_gmt":"2007-10-18T09:42:16","guid":{"rendered":"http:\/\/blog.zeit.de\/joerglau\/2007\/10\/18\/ausschreitungen-in-amsterdam_840"},"modified":"2007-10-18T11:42:16","modified_gmt":"2007-10-18T09:42:16","slug":"ausschreitungen-in-amsterdam","status":"publish","type":"post","link":"https:\/\/blog.zeit.de\/joerglau\/2007\/10\/18\/ausschreitungen-in-amsterdam_840","title":{"rendered":"Ausschreitungen in Amsterdam"},"content":{"rendered":"<p>Der Polizeichef von Amsterdam, Bernard Welten, hat in einer Fernsehsendung gesagt, er bef\u00fcrchte <a href=\"http:\/\/www.telegraaf.nl\/binnenland\/73205111\/Welten_attent_op_Parijse_toestanden_in_Slotervaart.html?p=2,1\">&#8222;Pariser Zust\u00e4nde&#8220; im Stadtteil Slotervaart<\/a>.<\/p>\n<p>Am Sonntagabend hatte ein 22 jahre alter Mann namens Bilal B. eine Polizeiwache betretren und zwei Beamte mit einem Messer attackiert. Eine Polizistin erschoss den Angreifer. Daraufhin kam es in den folgenden N\u00e4chten zu Ausschreitungen. Autos wurden in Brand gesteckt, Polizeibeamte beschimpft und bedr\u00e4ngt.<\/p>\n<p>Gestern nahm die Polizei drei<a href=\"http:\/\/www.volkskrant.nl\/binnenland\/article471244.ece\/Politie_arresteert_jongeren_met_jerrycans_in_Slotervaart\"> Jugendliche fest<\/a>, die mit <a href=\"http:\/\/www.nd.nl\/Document.aspx?document=nd_artikel&amp;id=101874\">Benzinkanistern<\/a> unterwegs waren.<\/p>\n<p>Bilal B. war nach <a href=\"http:\/\/www.elsevier.nl\/opinie\/weblog\/asp\/artnr\/175014\/weblogid\/59\/index.html\">Aussagen seiner Familie<\/a> in psychiatrischer Behandlung. Er soll an Schizophrenie gelitten haben und war auf einer geschlossenen Abteilung, aus der er fliehen konnte. Seine Familie h\u00e4lt dan Angriff auf die Polizeiwache f\u00fcr einen &#8222;suicide by cop&#8220;.<\/p>\n<p>Es gibt aber noch eine andere Dimension des Verbrechens: Bilal B&#8217;s Bruder Abdullah B. war mit <a href=\"http:\/\/nl.wikipedia.org\/wiki\/Samir_A.\">Samir A.<\/a> in Kontakt, der 2006 wegen der Vorbereitung terroristischer Akte verurteilt wurde. Samir A. wiederum hatte Kontakt zu Mohammed Bouyeri, dem M\u00f6rder Theo van Goghs. Es ist nicht bekannt, ob und wenn ja wie sehr, Bilab B. in diese dschihadistischen Aktivit\u00e4ten verstrickt war.<\/p>\n<p>W\u00e4hrend die Niederlande noch \u00fcber der Frage r\u00e4tseln, ob und in welcher Weise Schizophrenie und Dschihadismus bei der Tat als Motive ineinander wirkten, nutzen die Radalierer von Slotervaart das Ereignis als willkommenen Anlass, die Strassen unsicher zu machen. Etwa 35 Randalierer zwischen 12 und 17 Jahren, die \u00f6fter bereits aufgefallen sind, sollen den harten Kern bilden. Dass daraus eine gr\u00f6\u00dfere Unruhe wird, kann der Polizeichef nicht ausschlie\u00dfen.<\/p>\n<p>Der Polizeichef hatte erst am Samstag an der Trauerfeier f\u00fcr den marokkanischen Sch\u00fcler <a href=\"http:\/\/www.parool.nl\/nieuws\/2007\/OKT\/17\/ams7.html\">Youssef Mokhtari<\/a> teilgenommen, der von einem t\u00fcrkischen Klassenkamerdaen  niedergestochen worden war. Auch dies in Amsterdam-Slotervaart.<\/p>\n<p>Ein Polizeichef, der sich in einem Stadtteil seiner Stadt nicht mehr sicher f\u00fchlt, eine Mordtat zwischen pers\u00f6nlichem Wahn und politischer Ideologie, brennende Autos. Die neue Europ\u00e4ische Normalit\u00e4t?<\/p>\n","protected":false},"excerpt":{"rendered":"<p>Der Polizeichef von Amsterdam, Bernard Welten, hat in einer Fernsehsendung gesagt, er bef\u00fcrchte &#8222;Pariser Zust\u00e4nde&#8220; im Stadtteil Slotervaart. Am Sonntagabend hatte ein 22 jahre alter Mann namens Bilal B. eine Polizeiwache betretren und zwei Beamte mit einem Messer attackiert. Eine Polizistin erschoss den Angreifer. Daraufhin kam es in den folgenden N\u00e4chten zu Ausschreitungen. Autos wurden [&hellip;]<\/p>\n","protected":false},"author":54,"featured_media":0,"comment_status":"open","ping_status":"closed","sticky":false,"template":"","format":"standard","meta":{"jetpack_post_was_ever_published":false,"footnotes":""},"categories":[163],"tags":[],"class_list":["post-840","post","type-post","status-publish","format-standard","hentry","category-integration"],"yoast_head":"<!-- This site is optimized with the Yoast SEO plugin v21.0 - https:\/\/yoast.com\/wordpress\/plugins\/seo\/ -->\n<title>Ausschreitungen in Amsterdam - J\u00f6rg Lau<\/title>\n<meta name=\"robots\" content=\"index, follow, max-snippet:-1, max-image-preview:large, max-video-preview:-1\" \/>\n<link rel=\"canonical\" href=\"https:\/\/blog.zeit.de\/joerglau\/2007\/10\/18\/ausschreitungen-in-amsterdam_840\" \/>\n<meta property=\"og:locale\" content=\"de_DE\" \/>\n<meta property=\"og:type\" content=\"article\" \/>\n<meta property=\"og:title\" content=\"Ausschreitungen in Amsterdam - J\u00f6rg Lau\" \/>\n<meta property=\"og:description\" content=\"Der Polizeichef von Amsterdam, Bernard Welten, hat in einer Fernsehsendung gesagt, er bef\u00fcrchte &#8222;Pariser Zust\u00e4nde&#8220; im Stadtteil Slotervaart. Am Sonntagabend hatte ein 22 jahre alter Mann namens Bilal B. eine Polizeiwache betretren und zwei Beamte mit einem Messer attackiert. Eine Polizistin erschoss den Angreifer. Daraufhin kam es in den folgenden N\u00e4chten zu Ausschreitungen. Autos wurden [&hellip;]\" \/>\n<meta property=\"og:url\" content=\"https:\/\/blog.zeit.de\/joerglau\/2007\/10\/18\/ausschreitungen-in-amsterdam_840\" \/>\n<meta property=\"og:site_name\" content=\"J\u00f6rg Lau\" \/>\n<meta property=\"article:published_time\" content=\"2007-10-18T09:42:16+00:00\" \/>\n<meta name=\"author\" content=\"J\u00f6rg Lau\" \/>\n<meta name=\"twitter:card\" content=\"summary_large_image\" \/>\n<meta name=\"twitter:label1\" content=\"Geschrieben von\" \/>\n\t<meta name=\"twitter:data1\" content=\"J\u00f6rg Lau\" \/>\n\t<meta name=\"twitter:label2\" content=\"Gesch\u00e4tzte Lesezeit\" \/>\n\t<meta name=\"twitter:data2\" content=\"2\u00a0Minuten\" \/>\n<script type=\"application\/ld+json\" class=\"yoast-schema-graph\">{\"@context\":\"https:\/\/schema.org\",\"@graph\":[{\"@type\":\"WebPage\",\"@id\":\"https:\/\/blog.zeit.de\/joerglau\/2007\/10\/18\/ausschreitungen-in-amsterdam_840\",\"url\":\"https:\/\/blog.zeit.de\/joerglau\/2007\/10\/18\/ausschreitungen-in-amsterdam_840\",\"name\":\"Ausschreitungen in Amsterdam - J\u00f6rg Lau\",\"isPartOf\":{\"@id\":\"https:\/\/blog.zeit.de\/joerglau\/#website\"},\"datePublished\":\"2007-10-18T09:42:16+00:00\",\"dateModified\":\"2007-10-18T09:42:16+00:00\",\"author\":{\"@id\":\"https:\/\/blog.zeit.de\/joerglau\/#\/schema\/person\/55f0be9bfac24815791fbc852b042f57\"},\"breadcrumb\":{\"@id\":\"https:\/\/blog.zeit.de\/joerglau\/2007\/10\/18\/ausschreitungen-in-amsterdam_840#breadcrumb\"},\"inLanguage\":\"de\",\"potentialAction\":[{\"@type\":\"ReadAction\",\"target\":[\"https:\/\/blog.zeit.de\/joerglau\/2007\/10\/18\/ausschreitungen-in-amsterdam_840\"]}]},{\"@type\":\"BreadcrumbList\",\"@id\":\"https:\/\/blog.zeit.de\/joerglau\/2007\/10\/18\/ausschreitungen-in-amsterdam_840#breadcrumb\",\"itemListElement\":[{\"@type\":\"ListItem\",\"position\":1,\"name\":\"Startseite\",\"item\":\"https:\/\/blog.zeit.de\/joerglau\"},{\"@type\":\"ListItem\",\"position\":2,\"name\":\"Ausschreitungen in Amsterdam\"}]},{\"@type\":\"WebSite\",\"@id\":\"https:\/\/blog.zeit.de\/joerglau\/#website\",\"url\":\"https:\/\/blog.zeit.de\/joerglau\/\",\"name\":\"J\u00f6rg Lau\",\"description\":\"Ein Blog \u00fcber Religion und Politik\",\"potentialAction\":[{\"@type\":\"SearchAction\",\"target\":{\"@type\":\"EntryPoint\",\"urlTemplate\":\"https:\/\/blog.zeit.de\/joerglau\/?s={search_term_string}\"},\"query-input\":\"required name=search_term_string\"}],\"inLanguage\":\"de\"},{\"@type\":\"Person\",\"@id\":\"https:\/\/blog.zeit.de\/joerglau\/#\/schema\/person\/55f0be9bfac24815791fbc852b042f57\",\"name\":\"J\u00f6rg Lau\",\"image\":{\"@type\":\"ImageObject\",\"inLanguage\":\"de\",\"@id\":\"https:\/\/blog.zeit.de\/joerglau\/#\/schema\/person\/image\/\",\"url\":\"https:\/\/secure.gravatar.com\/avatar\/a5fe39bf4f5335b8bac36eefa0b41467221b1598bfea5f05159a0199e391eed0?s=96&d=mm&r=g\",\"contentUrl\":\"https:\/\/secure.gravatar.com\/avatar\/a5fe39bf4f5335b8bac36eefa0b41467221b1598bfea5f05159a0199e391eed0?s=96&d=mm&r=g\",\"caption\":\"J\u00f6rg Lau\"},\"url\":\"https:\/\/blog.zeit.de\/joerglau\/author\/joerg-lau\"}]}<\/script>\n<!-- \/ Yoast SEO plugin. -->","yoast_head_json":{"title":"Ausschreitungen in Amsterdam - J\u00f6rg Lau","robots":{"index":"index","follow":"follow","max-snippet":"max-snippet:-1","max-image-preview":"max-image-preview:large","max-video-preview":"max-video-preview:-1"},"canonical":"https:\/\/blog.zeit.de\/joerglau\/2007\/10\/18\/ausschreitungen-in-amsterdam_840","og_locale":"de_DE","og_type":"article","og_title":"Ausschreitungen in Amsterdam - J\u00f6rg Lau","og_description":"Der Polizeichef von Amsterdam, Bernard Welten, hat in einer Fernsehsendung gesagt, er bef\u00fcrchte &#8222;Pariser Zust\u00e4nde&#8220; im Stadtteil Slotervaart. Am Sonntagabend hatte ein 22 jahre alter Mann namens Bilal B. eine Polizeiwache betretren und zwei Beamte mit einem Messer attackiert. Eine Polizistin erschoss den Angreifer. Daraufhin kam es in den folgenden N\u00e4chten zu Ausschreitungen. Autos wurden [&hellip;]","og_url":"https:\/\/blog.zeit.de\/joerglau\/2007\/10\/18\/ausschreitungen-in-amsterdam_840","og_site_name":"J\u00f6rg Lau","article_published_time":"2007-10-18T09:42:16+00:00","author":"J\u00f6rg Lau","twitter_card":"summary_large_image","twitter_misc":{"Geschrieben von":"J\u00f6rg Lau","Gesch\u00e4tzte Lesezeit":"2\u00a0Minuten"},"schema":{"@context":"https:\/\/schema.org","@graph":[{"@type":"WebPage","@id":"https:\/\/blog.zeit.de\/joerglau\/2007\/10\/18\/ausschreitungen-in-amsterdam_840","url":"https:\/\/blog.zeit.de\/joerglau\/2007\/10\/18\/ausschreitungen-in-amsterdam_840","name":"Ausschreitungen in Amsterdam - J\u00f6rg Lau","isPartOf":{"@id":"https:\/\/blog.zeit.de\/joerglau\/#website"},"datePublished":"2007-10-18T09:42:16+00:00","dateModified":"2007-10-18T09:42:16+00:00","author":{"@id":"https:\/\/blog.zeit.de\/joerglau\/#\/schema\/person\/55f0be9bfac24815791fbc852b042f57"},"breadcrumb":{"@id":"https:\/\/blog.zeit.de\/joerglau\/2007\/10\/18\/ausschreitungen-in-amsterdam_840#breadcrumb"},"inLanguage":"de","potentialAction":[{"@type":"ReadAction","target":["https:\/\/blog.zeit.de\/joerglau\/2007\/10\/18\/ausschreitungen-in-amsterdam_840"]}]},{"@type":"BreadcrumbList","@id":"https:\/\/blog.zeit.de\/joerglau\/2007\/10\/18\/ausschreitungen-in-amsterdam_840#breadcrumb","itemListElement":[{"@type":"ListItem","position":1,"name":"Startseite","item":"https:\/\/blog.zeit.de\/joerglau"},{"@type":"ListItem","position":2,"name":"Ausschreitungen in Amsterdam"}]},{"@type":"WebSite","@id":"https:\/\/blog.zeit.de\/joerglau\/#website","url":"https:\/\/blog.zeit.de\/joerglau\/","name":"J\u00f6rg Lau","description":"Ein Blog \u00fcber Religion und Politik","potentialAction":[{"@type":"SearchAction","target":{"@type":"EntryPoint","urlTemplate":"https:\/\/blog.zeit.de\/joerglau\/?s={search_term_string}"},"query-input":"required name=search_term_string"}],"inLanguage":"de"},{"@type":"Person","@id":"https:\/\/blog.zeit.de\/joerglau\/#\/schema\/person\/55f0be9bfac24815791fbc852b042f57","name":"J\u00f6rg Lau","image":{"@type":"ImageObject","inLanguage":"de","@id":"https:\/\/blog.zeit.de\/joerglau\/#\/schema\/person\/image\/","url":"https:\/\/secure.gravatar.com\/avatar\/a5fe39bf4f5335b8bac36eefa0b41467221b1598bfea5f05159a0199e391eed0?s=96&d=mm&r=g","contentUrl":"https:\/\/secure.gravatar.com\/avatar\/a5fe39bf4f5335b8bac36eefa0b41467221b1598bfea5f05159a0199e391eed0?s=96&d=mm&r=g","caption":"J\u00f6rg Lau"},"url":"https:\/\/blog.zeit.de\/joerglau\/author\/joerg-lau"}]}},"jetpack_featured_media_url":"","jetpack_sharing_enabled":true,"jetpack_shortlink":"https:\/\/wp.me\/pG02W-dy","_links":{"self":[{"href":"https:\/\/blog.zeit.de\/joerglau\/wp-json\/wp\/v2\/posts\/840","targetHints":{"allow":["GET"]}}],"collection":[{"href":"https:\/\/blog.zeit.de\/joerglau\/wp-json\/wp\/v2\/posts"}],"about":[{"href":"https:\/\/blog.zeit.de\/joerglau\/wp-json\/wp\/v2\/types\/post"}],"author":[{"embeddable":true,"href":"https:\/\/blog.zeit.de\/joerglau\/wp-json\/wp\/v2\/users\/54"}],"replies":[{"embeddable":true,"href":"https:\/\/blog.zeit.de\/joerglau\/wp-json\/wp\/v2\/comments?post=840"}],"version-history":[{"count":0,"href":"https:\/\/blog.zeit.de\/joerglau\/wp-json\/wp\/v2\/posts\/840\/revisions"}],"wp:attachment":[{"href":"https:\/\/blog.zeit.de\/joerglau\/wp-json\/wp\/v2\/media?parent=840"}],"wp:term":[{"taxonomy":"category","embeddable":true,"href":"https:\/\/blog.zeit.de\/joerglau\/wp-json\/wp\/v2\/categories?post=840"},{"taxonomy":"post_tag","embeddable":true,"href":"https:\/\/blog.zeit.de\/joerglau\/wp-json\/wp\/v2\/tags?post=840"}],"curies":[{"name":"wp","href":"https:\/\/api.w.org\/{rel}","templated":true}]}}