{"id":846,"date":"2007-10-19T10:00:45","date_gmt":"2007-10-19T08:00:45","guid":{"rendered":"http:\/\/blog.zeit.de\/joerglau\/2007\/10\/19\/amsterdamer-burgermeister-hier-regiert-der-mob_846"},"modified":"2007-10-19T10:00:45","modified_gmt":"2007-10-19T08:00:45","slug":"amsterdamer-burgermeister-hier-regiert-der-mob","status":"publish","type":"post","link":"https:\/\/blog.zeit.de\/joerglau\/2007\/10\/19\/amsterdamer-burgermeister-hier-regiert-der-mob_846","title":{"rendered":"Amsterdamer B\u00fcrgermeister: Hier regiert der Mob"},"content":{"rendered":"<p>Der marokkanischst\u00e4mmige B\u00fcrgermeister von Slotervaart, dem Stadtteil Amsterdams , in dem seit Tagen die Autos brennen, schl\u00e4gt im <a href=\"http:\/\/www.telegraaf.nl\/binnenland\/73301141\/Hier_regeert_het_tuig.html?p=1,1\">Telegraaf <\/a>harte Worte \u00fcber die randalierenden marokkanischen Jugendlichen an: &#8222;Es sind Jungen zwischen 12 und 23, die weder zur Schule gehen noch arbeiten. Sie knacken bei hellichtem Tag Autos und f\u00fcllen den Tag mit kriminellen Aktivit\u00e4ten. Sie wollen schnell reich werden, aber nicht auf legale Art. Es sind ganz gew\u00f6hnliche Lumpen, oft noch mit einer Verhaltensst\u00f6rung.&#8220;<\/p>\n<p><a href=\"https:\/\/blog.zeit.de\/joerglau\/files\/2007\/10\/marcouch-artikel.jpg\"><img decoding=\"async\" src=\"https:\/\/blog.zeit.de\/joerglau\/files\/2007\/10\/marcouch-artikel.jpg\" \/><\/a><\/p>\n<p class=\"copyright\"><bu>Ahmed Marcouch <\/bu><copyright>\u00a9 MAARTJE BLIJDENSTEIN\/AFP\/Getty Images<\/copyright><\/p>\n<p>Auf die Frage, ob die Jungen an Entfremdung und Sinnverlust leiden, sagt Marcouch: &#8222;Das sind keine Jungs, die sich langweilen. \u00dcberhaupt, Amsterdam ist eine Weltstadt. Da muss sich niemand lanweilen. Und sie sollen bloss nicht damit kommen, dass es keine Arbeit f\u00fcr sie gibt. Sie k\u00f6nnen sich morgen bei mir melden. Ich hatte letztens f\u00fcnfzig freie Stellen als Postbote, und auch im Hafen k\u00f6nnen sie arbeiten, aber sie wollen es einfach nicht.&#8220;<\/p>\n<p>&#8222;Die Gruppe hartn\u00e4ckiger Krimineller ist eigentlich gr\u00f6\u00dfer, sagt Marcouch. &#8222;Aber zur Zeit sorgen etwa drei\u00dfig junge M\u00e4nner f\u00fcr die meiste Unruhe. Wir tun nichts anderes als helfen, aber sie lassen das an sich abprallen. Darum m\u00fcssen wir sie jetzt  h\u00e4rter anfassen. Richter m\u00fcssen nicht nur das konkrete Delikt in Betracht ziehen, sondern die Personen selbst. Was hat so jemand schon alles auf dem Gewissen?  Wenn sie das mit erw\u00e4gen, dann k\u00f6nnen die Strafen auch h\u00f6her ausfallen.&#8220;<\/p>\n<p><span class=\"mainFont\"><\/span>Ahmed Marcouch ist \u00fcbrigens gl\u00e4ubiger Moslem und Sozialdemokrat. Ein Portr\u00e4t meines Kollegen Werner A. Perger <a href=\"http:\/\/www.zeit.de\/2007\/21\/Portrait-Marcouch\">hier<\/a>.  <span class=\"mainFont\">  <\/span><\/p>\n","protected":false},"excerpt":{"rendered":"<p>Der marokkanischst\u00e4mmige B\u00fcrgermeister von Slotervaart, dem Stadtteil Amsterdams , in dem seit Tagen die Autos brennen, schl\u00e4gt im Telegraaf harte Worte \u00fcber die randalierenden marokkanischen Jugendlichen an: &#8222;Es sind Jungen zwischen 12 und 23, die weder zur Schule gehen noch arbeiten. Sie knacken bei hellichtem Tag Autos und f\u00fcllen den Tag mit kriminellen Aktivit\u00e4ten. Sie [&hellip;]<\/p>\n","protected":false},"author":54,"featured_media":0,"comment_status":"open","ping_status":"closed","sticky":false,"template":"","format":"standard","meta":{"jetpack_post_was_ever_published":false,"footnotes":""},"categories":[163],"tags":[],"class_list":["post-846","post","type-post","status-publish","format-standard","hentry","category-integration"],"yoast_head":"<!-- This site is optimized with the Yoast SEO plugin v21.0 - https:\/\/yoast.com\/wordpress\/plugins\/seo\/ -->\n<title>Amsterdamer B\u00fcrgermeister: Hier regiert der Mob - J\u00f6rg Lau<\/title>\n<meta name=\"robots\" content=\"index, follow, max-snippet:-1, max-image-preview:large, max-video-preview:-1\" \/>\n<link rel=\"canonical\" href=\"https:\/\/blog.zeit.de\/joerglau\/2007\/10\/19\/amsterdamer-burgermeister-hier-regiert-der-mob_846\" \/>\n<meta property=\"og:locale\" content=\"de_DE\" \/>\n<meta property=\"og:type\" content=\"article\" \/>\n<meta property=\"og:title\" content=\"Amsterdamer B\u00fcrgermeister: Hier regiert der Mob - J\u00f6rg Lau\" \/>\n<meta property=\"og:description\" content=\"Der marokkanischst\u00e4mmige B\u00fcrgermeister von Slotervaart, dem Stadtteil Amsterdams , in dem seit Tagen die Autos brennen, schl\u00e4gt im Telegraaf harte Worte \u00fcber die randalierenden marokkanischen Jugendlichen an: &#8222;Es sind Jungen zwischen 12 und 23, die weder zur Schule gehen noch arbeiten. Sie knacken bei hellichtem Tag Autos und f\u00fcllen den Tag mit kriminellen Aktivit\u00e4ten. Sie [&hellip;]\" \/>\n<meta property=\"og:url\" content=\"https:\/\/blog.zeit.de\/joerglau\/2007\/10\/19\/amsterdamer-burgermeister-hier-regiert-der-mob_846\" \/>\n<meta property=\"og:site_name\" content=\"J\u00f6rg Lau\" \/>\n<meta property=\"article:published_time\" content=\"2007-10-19T08:00:45+00:00\" \/>\n<meta property=\"og:image\" content=\"https:\/\/blog.zeit.de\/joerglau\/files\/2007\/10\/marcouch-artikel.jpg\" \/>\n<meta name=\"author\" content=\"J\u00f6rg Lau\" \/>\n<meta name=\"twitter:card\" content=\"summary_large_image\" \/>\n<meta name=\"twitter:label1\" content=\"Geschrieben von\" \/>\n\t<meta name=\"twitter:data1\" content=\"J\u00f6rg Lau\" \/>\n\t<meta name=\"twitter:label2\" content=\"Gesch\u00e4tzte Lesezeit\" \/>\n\t<meta name=\"twitter:data2\" content=\"1\u00a0Minute\" \/>\n<script type=\"application\/ld+json\" class=\"yoast-schema-graph\">{\"@context\":\"https:\/\/schema.org\",\"@graph\":[{\"@type\":\"WebPage\",\"@id\":\"https:\/\/blog.zeit.de\/joerglau\/2007\/10\/19\/amsterdamer-burgermeister-hier-regiert-der-mob_846\",\"url\":\"https:\/\/blog.zeit.de\/joerglau\/2007\/10\/19\/amsterdamer-burgermeister-hier-regiert-der-mob_846\",\"name\":\"Amsterdamer B\u00fcrgermeister: Hier regiert der Mob - J\u00f6rg Lau\",\"isPartOf\":{\"@id\":\"https:\/\/blog.zeit.de\/joerglau\/#website\"},\"datePublished\":\"2007-10-19T08:00:45+00:00\",\"dateModified\":\"2007-10-19T08:00:45+00:00\",\"author\":{\"@id\":\"https:\/\/blog.zeit.de\/joerglau\/#\/schema\/person\/55f0be9bfac24815791fbc852b042f57\"},\"breadcrumb\":{\"@id\":\"https:\/\/blog.zeit.de\/joerglau\/2007\/10\/19\/amsterdamer-burgermeister-hier-regiert-der-mob_846#breadcrumb\"},\"inLanguage\":\"de\",\"potentialAction\":[{\"@type\":\"ReadAction\",\"target\":[\"https:\/\/blog.zeit.de\/joerglau\/2007\/10\/19\/amsterdamer-burgermeister-hier-regiert-der-mob_846\"]}]},{\"@type\":\"BreadcrumbList\",\"@id\":\"https:\/\/blog.zeit.de\/joerglau\/2007\/10\/19\/amsterdamer-burgermeister-hier-regiert-der-mob_846#breadcrumb\",\"itemListElement\":[{\"@type\":\"ListItem\",\"position\":1,\"name\":\"Startseite\",\"item\":\"https:\/\/blog.zeit.de\/joerglau\"},{\"@type\":\"ListItem\",\"position\":2,\"name\":\"Amsterdamer B\u00fcrgermeister: Hier regiert der Mob\"}]},{\"@type\":\"WebSite\",\"@id\":\"https:\/\/blog.zeit.de\/joerglau\/#website\",\"url\":\"https:\/\/blog.zeit.de\/joerglau\/\",\"name\":\"J\u00f6rg Lau\",\"description\":\"Ein Blog \u00fcber Religion und Politik\",\"potentialAction\":[{\"@type\":\"SearchAction\",\"target\":{\"@type\":\"EntryPoint\",\"urlTemplate\":\"https:\/\/blog.zeit.de\/joerglau\/?s={search_term_string}\"},\"query-input\":\"required name=search_term_string\"}],\"inLanguage\":\"de\"},{\"@type\":\"Person\",\"@id\":\"https:\/\/blog.zeit.de\/joerglau\/#\/schema\/person\/55f0be9bfac24815791fbc852b042f57\",\"name\":\"J\u00f6rg Lau\",\"image\":{\"@type\":\"ImageObject\",\"inLanguage\":\"de\",\"@id\":\"https:\/\/blog.zeit.de\/joerglau\/#\/schema\/person\/image\/\",\"url\":\"https:\/\/secure.gravatar.com\/avatar\/a5fe39bf4f5335b8bac36eefa0b41467221b1598bfea5f05159a0199e391eed0?s=96&d=mm&r=g\",\"contentUrl\":\"https:\/\/secure.gravatar.com\/avatar\/a5fe39bf4f5335b8bac36eefa0b41467221b1598bfea5f05159a0199e391eed0?s=96&d=mm&r=g\",\"caption\":\"J\u00f6rg Lau\"},\"url\":\"https:\/\/blog.zeit.de\/joerglau\/author\/joerg-lau\"}]}<\/script>\n<!-- \/ Yoast SEO plugin. -->","yoast_head_json":{"title":"Amsterdamer B\u00fcrgermeister: Hier regiert der Mob - J\u00f6rg Lau","robots":{"index":"index","follow":"follow","max-snippet":"max-snippet:-1","max-image-preview":"max-image-preview:large","max-video-preview":"max-video-preview:-1"},"canonical":"https:\/\/blog.zeit.de\/joerglau\/2007\/10\/19\/amsterdamer-burgermeister-hier-regiert-der-mob_846","og_locale":"de_DE","og_type":"article","og_title":"Amsterdamer B\u00fcrgermeister: Hier regiert der Mob - J\u00f6rg Lau","og_description":"Der marokkanischst\u00e4mmige B\u00fcrgermeister von Slotervaart, dem Stadtteil Amsterdams , in dem seit Tagen die Autos brennen, schl\u00e4gt im Telegraaf harte Worte \u00fcber die randalierenden marokkanischen Jugendlichen an: &#8222;Es sind Jungen zwischen 12 und 23, die weder zur Schule gehen noch arbeiten. Sie knacken bei hellichtem Tag Autos und f\u00fcllen den Tag mit kriminellen Aktivit\u00e4ten. Sie [&hellip;]","og_url":"https:\/\/blog.zeit.de\/joerglau\/2007\/10\/19\/amsterdamer-burgermeister-hier-regiert-der-mob_846","og_site_name":"J\u00f6rg Lau","article_published_time":"2007-10-19T08:00:45+00:00","og_image":[{"url":"https:\/\/blog.zeit.de\/joerglau\/files\/2007\/10\/marcouch-artikel.jpg"}],"author":"J\u00f6rg Lau","twitter_card":"summary_large_image","twitter_misc":{"Geschrieben von":"J\u00f6rg Lau","Gesch\u00e4tzte Lesezeit":"1\u00a0Minute"},"schema":{"@context":"https:\/\/schema.org","@graph":[{"@type":"WebPage","@id":"https:\/\/blog.zeit.de\/joerglau\/2007\/10\/19\/amsterdamer-burgermeister-hier-regiert-der-mob_846","url":"https:\/\/blog.zeit.de\/joerglau\/2007\/10\/19\/amsterdamer-burgermeister-hier-regiert-der-mob_846","name":"Amsterdamer B\u00fcrgermeister: Hier regiert der Mob - J\u00f6rg Lau","isPartOf":{"@id":"https:\/\/blog.zeit.de\/joerglau\/#website"},"datePublished":"2007-10-19T08:00:45+00:00","dateModified":"2007-10-19T08:00:45+00:00","author":{"@id":"https:\/\/blog.zeit.de\/joerglau\/#\/schema\/person\/55f0be9bfac24815791fbc852b042f57"},"breadcrumb":{"@id":"https:\/\/blog.zeit.de\/joerglau\/2007\/10\/19\/amsterdamer-burgermeister-hier-regiert-der-mob_846#breadcrumb"},"inLanguage":"de","potentialAction":[{"@type":"ReadAction","target":["https:\/\/blog.zeit.de\/joerglau\/2007\/10\/19\/amsterdamer-burgermeister-hier-regiert-der-mob_846"]}]},{"@type":"BreadcrumbList","@id":"https:\/\/blog.zeit.de\/joerglau\/2007\/10\/19\/amsterdamer-burgermeister-hier-regiert-der-mob_846#breadcrumb","itemListElement":[{"@type":"ListItem","position":1,"name":"Startseite","item":"https:\/\/blog.zeit.de\/joerglau"},{"@type":"ListItem","position":2,"name":"Amsterdamer B\u00fcrgermeister: Hier regiert der Mob"}]},{"@type":"WebSite","@id":"https:\/\/blog.zeit.de\/joerglau\/#website","url":"https:\/\/blog.zeit.de\/joerglau\/","name":"J\u00f6rg Lau","description":"Ein Blog \u00fcber Religion und Politik","potentialAction":[{"@type":"SearchAction","target":{"@type":"EntryPoint","urlTemplate":"https:\/\/blog.zeit.de\/joerglau\/?s={search_term_string}"},"query-input":"required name=search_term_string"}],"inLanguage":"de"},{"@type":"Person","@id":"https:\/\/blog.zeit.de\/joerglau\/#\/schema\/person\/55f0be9bfac24815791fbc852b042f57","name":"J\u00f6rg Lau","image":{"@type":"ImageObject","inLanguage":"de","@id":"https:\/\/blog.zeit.de\/joerglau\/#\/schema\/person\/image\/","url":"https:\/\/secure.gravatar.com\/avatar\/a5fe39bf4f5335b8bac36eefa0b41467221b1598bfea5f05159a0199e391eed0?s=96&d=mm&r=g","contentUrl":"https:\/\/secure.gravatar.com\/avatar\/a5fe39bf4f5335b8bac36eefa0b41467221b1598bfea5f05159a0199e391eed0?s=96&d=mm&r=g","caption":"J\u00f6rg Lau"},"url":"https:\/\/blog.zeit.de\/joerglau\/author\/joerg-lau"}]}},"jetpack_featured_media_url":"","jetpack_sharing_enabled":true,"jetpack_shortlink":"https:\/\/wp.me\/pG02W-dE","_links":{"self":[{"href":"https:\/\/blog.zeit.de\/joerglau\/wp-json\/wp\/v2\/posts\/846","targetHints":{"allow":["GET"]}}],"collection":[{"href":"https:\/\/blog.zeit.de\/joerglau\/wp-json\/wp\/v2\/posts"}],"about":[{"href":"https:\/\/blog.zeit.de\/joerglau\/wp-json\/wp\/v2\/types\/post"}],"author":[{"embeddable":true,"href":"https:\/\/blog.zeit.de\/joerglau\/wp-json\/wp\/v2\/users\/54"}],"replies":[{"embeddable":true,"href":"https:\/\/blog.zeit.de\/joerglau\/wp-json\/wp\/v2\/comments?post=846"}],"version-history":[{"count":0,"href":"https:\/\/blog.zeit.de\/joerglau\/wp-json\/wp\/v2\/posts\/846\/revisions"}],"wp:attachment":[{"href":"https:\/\/blog.zeit.de\/joerglau\/wp-json\/wp\/v2\/media?parent=846"}],"wp:term":[{"taxonomy":"category","embeddable":true,"href":"https:\/\/blog.zeit.de\/joerglau\/wp-json\/wp\/v2\/categories?post=846"},{"taxonomy":"post_tag","embeddable":true,"href":"https:\/\/blog.zeit.de\/joerglau\/wp-json\/wp\/v2\/tags?post=846"}],"curies":[{"name":"wp","href":"https:\/\/api.w.org\/{rel}","templated":true}]}}