{"id":850,"date":"2007-10-21T13:06:06","date_gmt":"2007-10-21T11:06:06","guid":{"rendered":"http:\/\/blog.zeit.de\/joerglau\/2007\/10\/21\/amsterdam-brennt-weiter_850"},"modified":"2007-10-21T13:06:06","modified_gmt":"2007-10-21T11:06:06","slug":"amsterdam-brennt-weiter","status":"publish","type":"post","link":"https:\/\/blog.zeit.de\/joerglau\/2007\/10\/21\/amsterdam-brennt-weiter_850","title":{"rendered":"Amsterdam brennt weiter"},"content":{"rendered":"<p>Die Samstagnacht war bereits die sechste Nacht in Folge, in der <a href=\"https:\/\/blog.zeit.de\/joerglau\/2007\/10\/18\/ausschreitungen-in-amsterdam_840\">in Amsterdam Autos brannten<\/a>. Die Polizei hat bisher keinen der T\u00e4ter dingfest machen k\u00f6nnen. Die zuvor Verhafteten, die einen Benzinkanister mit sich herumtrugen, wurden &#8222;aus Mangel an Beweisen&#8220; freigelassen.<\/p>\n<p>Berichte <a href=\"http:\/\/www.telegraaf.nl\/binnenland\/73421471\/Opnieuw_autobranden_in_Amsterdam-West.html?p=6,1\">hier<\/a> und <a href=\"http:\/\/www.elsevier.nl\/nieuws\/nederland\/artikel\/asp\/artnr\/175624\/index.html\">hier<\/a>.<\/p>\n<p>Der Amsterdamer B\u00fcrgermeister Job Cohen (Sozialdemokrat) stellt nun in Aussicht, das Kindergeld f\u00fcr Familien zu streichen, deren Kinder in die Krawalle verwickelt sind.\u00a0 Das Geld m\u00fcsste dann an einen Sozialarbeiter abgef\u00fchrt werden, der die Jugendlichen wieder auf den rechten Weg bringt.<\/p>\n","protected":false},"excerpt":{"rendered":"<p>Die Samstagnacht war bereits die sechste Nacht in Folge, in der in Amsterdam Autos brannten. Die Polizei hat bisher keinen der T\u00e4ter dingfest machen k\u00f6nnen. Die zuvor Verhafteten, die einen Benzinkanister mit sich herumtrugen, wurden &#8222;aus Mangel an Beweisen&#8220; freigelassen. Berichte hier und hier. Der Amsterdamer B\u00fcrgermeister Job Cohen (Sozialdemokrat) stellt nun in Aussicht, das [&hellip;]<\/p>\n","protected":false},"author":54,"featured_media":0,"comment_status":"open","ping_status":"closed","sticky":false,"template":"","format":"standard","meta":{"jetpack_post_was_ever_published":false,"footnotes":""},"categories":[163],"tags":[],"class_list":["post-850","post","type-post","status-publish","format-standard","hentry","category-integration"],"yoast_head":"<!-- This site is optimized with the Yoast SEO plugin v21.0 - https:\/\/yoast.com\/wordpress\/plugins\/seo\/ -->\n<title>Amsterdam brennt weiter - J\u00f6rg Lau<\/title>\n<meta name=\"robots\" content=\"index, follow, max-snippet:-1, max-image-preview:large, max-video-preview:-1\" \/>\n<link rel=\"canonical\" href=\"https:\/\/blog.zeit.de\/joerglau\/2007\/10\/21\/amsterdam-brennt-weiter_850\" \/>\n<meta property=\"og:locale\" content=\"de_DE\" \/>\n<meta property=\"og:type\" content=\"article\" \/>\n<meta property=\"og:title\" content=\"Amsterdam brennt weiter - J\u00f6rg Lau\" \/>\n<meta property=\"og:description\" content=\"Die Samstagnacht war bereits die sechste Nacht in Folge, in der in Amsterdam Autos brannten. Die Polizei hat bisher keinen der T\u00e4ter dingfest machen k\u00f6nnen. Die zuvor Verhafteten, die einen Benzinkanister mit sich herumtrugen, wurden &#8222;aus Mangel an Beweisen&#8220; freigelassen. Berichte hier und hier. Der Amsterdamer B\u00fcrgermeister Job Cohen (Sozialdemokrat) stellt nun in Aussicht, das [&hellip;]\" \/>\n<meta property=\"og:url\" content=\"https:\/\/blog.zeit.de\/joerglau\/2007\/10\/21\/amsterdam-brennt-weiter_850\" \/>\n<meta property=\"og:site_name\" content=\"J\u00f6rg Lau\" \/>\n<meta property=\"article:published_time\" content=\"2007-10-21T11:06:06+00:00\" \/>\n<meta name=\"author\" content=\"J\u00f6rg Lau\" \/>\n<meta name=\"twitter:card\" content=\"summary_large_image\" \/>\n<meta name=\"twitter:label1\" content=\"Geschrieben von\" \/>\n\t<meta name=\"twitter:data1\" content=\"J\u00f6rg Lau\" \/>\n<script type=\"application\/ld+json\" class=\"yoast-schema-graph\">{\"@context\":\"https:\/\/schema.org\",\"@graph\":[{\"@type\":\"WebPage\",\"@id\":\"https:\/\/blog.zeit.de\/joerglau\/2007\/10\/21\/amsterdam-brennt-weiter_850\",\"url\":\"https:\/\/blog.zeit.de\/joerglau\/2007\/10\/21\/amsterdam-brennt-weiter_850\",\"name\":\"Amsterdam brennt weiter - J\u00f6rg Lau\",\"isPartOf\":{\"@id\":\"https:\/\/blog.zeit.de\/joerglau\/#website\"},\"datePublished\":\"2007-10-21T11:06:06+00:00\",\"dateModified\":\"2007-10-21T11:06:06+00:00\",\"author\":{\"@id\":\"https:\/\/blog.zeit.de\/joerglau\/#\/schema\/person\/55f0be9bfac24815791fbc852b042f57\"},\"breadcrumb\":{\"@id\":\"https:\/\/blog.zeit.de\/joerglau\/2007\/10\/21\/amsterdam-brennt-weiter_850#breadcrumb\"},\"inLanguage\":\"de\",\"potentialAction\":[{\"@type\":\"ReadAction\",\"target\":[\"https:\/\/blog.zeit.de\/joerglau\/2007\/10\/21\/amsterdam-brennt-weiter_850\"]}]},{\"@type\":\"BreadcrumbList\",\"@id\":\"https:\/\/blog.zeit.de\/joerglau\/2007\/10\/21\/amsterdam-brennt-weiter_850#breadcrumb\",\"itemListElement\":[{\"@type\":\"ListItem\",\"position\":1,\"name\":\"Startseite\",\"item\":\"https:\/\/blog.zeit.de\/joerglau\"},{\"@type\":\"ListItem\",\"position\":2,\"name\":\"Amsterdam brennt weiter\"}]},{\"@type\":\"WebSite\",\"@id\":\"https:\/\/blog.zeit.de\/joerglau\/#website\",\"url\":\"https:\/\/blog.zeit.de\/joerglau\/\",\"name\":\"J\u00f6rg Lau\",\"description\":\"Ein Blog \u00fcber Religion und Politik\",\"potentialAction\":[{\"@type\":\"SearchAction\",\"target\":{\"@type\":\"EntryPoint\",\"urlTemplate\":\"https:\/\/blog.zeit.de\/joerglau\/?s={search_term_string}\"},\"query-input\":\"required name=search_term_string\"}],\"inLanguage\":\"de\"},{\"@type\":\"Person\",\"@id\":\"https:\/\/blog.zeit.de\/joerglau\/#\/schema\/person\/55f0be9bfac24815791fbc852b042f57\",\"name\":\"J\u00f6rg Lau\",\"image\":{\"@type\":\"ImageObject\",\"inLanguage\":\"de\",\"@id\":\"https:\/\/blog.zeit.de\/joerglau\/#\/schema\/person\/image\/\",\"url\":\"https:\/\/secure.gravatar.com\/avatar\/a5fe39bf4f5335b8bac36eefa0b41467221b1598bfea5f05159a0199e391eed0?s=96&d=mm&r=g\",\"contentUrl\":\"https:\/\/secure.gravatar.com\/avatar\/a5fe39bf4f5335b8bac36eefa0b41467221b1598bfea5f05159a0199e391eed0?s=96&d=mm&r=g\",\"caption\":\"J\u00f6rg Lau\"},\"url\":\"https:\/\/blog.zeit.de\/joerglau\/author\/joerg-lau\"}]}<\/script>\n<!-- \/ Yoast SEO plugin. -->","yoast_head_json":{"title":"Amsterdam brennt weiter - J\u00f6rg Lau","robots":{"index":"index","follow":"follow","max-snippet":"max-snippet:-1","max-image-preview":"max-image-preview:large","max-video-preview":"max-video-preview:-1"},"canonical":"https:\/\/blog.zeit.de\/joerglau\/2007\/10\/21\/amsterdam-brennt-weiter_850","og_locale":"de_DE","og_type":"article","og_title":"Amsterdam brennt weiter - J\u00f6rg Lau","og_description":"Die Samstagnacht war bereits die sechste Nacht in Folge, in der in Amsterdam Autos brannten. Die Polizei hat bisher keinen der T\u00e4ter dingfest machen k\u00f6nnen. Die zuvor Verhafteten, die einen Benzinkanister mit sich herumtrugen, wurden &#8222;aus Mangel an Beweisen&#8220; freigelassen. Berichte hier und hier. Der Amsterdamer B\u00fcrgermeister Job Cohen (Sozialdemokrat) stellt nun in Aussicht, das [&hellip;]","og_url":"https:\/\/blog.zeit.de\/joerglau\/2007\/10\/21\/amsterdam-brennt-weiter_850","og_site_name":"J\u00f6rg Lau","article_published_time":"2007-10-21T11:06:06+00:00","author":"J\u00f6rg Lau","twitter_card":"summary_large_image","twitter_misc":{"Geschrieben von":"J\u00f6rg Lau"},"schema":{"@context":"https:\/\/schema.org","@graph":[{"@type":"WebPage","@id":"https:\/\/blog.zeit.de\/joerglau\/2007\/10\/21\/amsterdam-brennt-weiter_850","url":"https:\/\/blog.zeit.de\/joerglau\/2007\/10\/21\/amsterdam-brennt-weiter_850","name":"Amsterdam brennt weiter - J\u00f6rg Lau","isPartOf":{"@id":"https:\/\/blog.zeit.de\/joerglau\/#website"},"datePublished":"2007-10-21T11:06:06+00:00","dateModified":"2007-10-21T11:06:06+00:00","author":{"@id":"https:\/\/blog.zeit.de\/joerglau\/#\/schema\/person\/55f0be9bfac24815791fbc852b042f57"},"breadcrumb":{"@id":"https:\/\/blog.zeit.de\/joerglau\/2007\/10\/21\/amsterdam-brennt-weiter_850#breadcrumb"},"inLanguage":"de","potentialAction":[{"@type":"ReadAction","target":["https:\/\/blog.zeit.de\/joerglau\/2007\/10\/21\/amsterdam-brennt-weiter_850"]}]},{"@type":"BreadcrumbList","@id":"https:\/\/blog.zeit.de\/joerglau\/2007\/10\/21\/amsterdam-brennt-weiter_850#breadcrumb","itemListElement":[{"@type":"ListItem","position":1,"name":"Startseite","item":"https:\/\/blog.zeit.de\/joerglau"},{"@type":"ListItem","position":2,"name":"Amsterdam brennt weiter"}]},{"@type":"WebSite","@id":"https:\/\/blog.zeit.de\/joerglau\/#website","url":"https:\/\/blog.zeit.de\/joerglau\/","name":"J\u00f6rg Lau","description":"Ein Blog \u00fcber Religion und Politik","potentialAction":[{"@type":"SearchAction","target":{"@type":"EntryPoint","urlTemplate":"https:\/\/blog.zeit.de\/joerglau\/?s={search_term_string}"},"query-input":"required name=search_term_string"}],"inLanguage":"de"},{"@type":"Person","@id":"https:\/\/blog.zeit.de\/joerglau\/#\/schema\/person\/55f0be9bfac24815791fbc852b042f57","name":"J\u00f6rg Lau","image":{"@type":"ImageObject","inLanguage":"de","@id":"https:\/\/blog.zeit.de\/joerglau\/#\/schema\/person\/image\/","url":"https:\/\/secure.gravatar.com\/avatar\/a5fe39bf4f5335b8bac36eefa0b41467221b1598bfea5f05159a0199e391eed0?s=96&d=mm&r=g","contentUrl":"https:\/\/secure.gravatar.com\/avatar\/a5fe39bf4f5335b8bac36eefa0b41467221b1598bfea5f05159a0199e391eed0?s=96&d=mm&r=g","caption":"J\u00f6rg Lau"},"url":"https:\/\/blog.zeit.de\/joerglau\/author\/joerg-lau"}]}},"jetpack_featured_media_url":"","jetpack_sharing_enabled":true,"jetpack_shortlink":"https:\/\/wp.me\/pG02W-dI","_links":{"self":[{"href":"https:\/\/blog.zeit.de\/joerglau\/wp-json\/wp\/v2\/posts\/850","targetHints":{"allow":["GET"]}}],"collection":[{"href":"https:\/\/blog.zeit.de\/joerglau\/wp-json\/wp\/v2\/posts"}],"about":[{"href":"https:\/\/blog.zeit.de\/joerglau\/wp-json\/wp\/v2\/types\/post"}],"author":[{"embeddable":true,"href":"https:\/\/blog.zeit.de\/joerglau\/wp-json\/wp\/v2\/users\/54"}],"replies":[{"embeddable":true,"href":"https:\/\/blog.zeit.de\/joerglau\/wp-json\/wp\/v2\/comments?post=850"}],"version-history":[{"count":0,"href":"https:\/\/blog.zeit.de\/joerglau\/wp-json\/wp\/v2\/posts\/850\/revisions"}],"wp:attachment":[{"href":"https:\/\/blog.zeit.de\/joerglau\/wp-json\/wp\/v2\/media?parent=850"}],"wp:term":[{"taxonomy":"category","embeddable":true,"href":"https:\/\/blog.zeit.de\/joerglau\/wp-json\/wp\/v2\/categories?post=850"},{"taxonomy":"post_tag","embeddable":true,"href":"https:\/\/blog.zeit.de\/joerglau\/wp-json\/wp\/v2\/tags?post=850"}],"curies":[{"name":"wp","href":"https:\/\/api.w.org\/{rel}","templated":true}]}}