{"id":883,"date":"2007-11-07T10:49:00","date_gmt":"2007-11-07T08:49:00","guid":{"rendered":"http:\/\/blog.zeit.de\/joerglau\/2007\/11\/07\/musharrafs-kampf-gegen-den-terrorismus-eine-mogelpackung_883"},"modified":"2007-11-07T10:49:00","modified_gmt":"2007-11-07T08:49:00","slug":"musharrafs-kampf-gegen-den-terrorismus-eine-mogelpackung","status":"publish","type":"post","link":"https:\/\/blog.zeit.de\/joerglau\/2007\/11\/07\/musharrafs-kampf-gegen-den-terrorismus-eine-mogelpackung_883","title":{"rendered":"Musharrafs Kampf gegen den Terrorismus &#8211; eine Mogelpackung"},"content":{"rendered":"<p>Gestern schrieb mir der Kollege Ghazi Salahuddin von The News International aus Karatschi: &#8222;Die Lage ist besorgniserregend. Musharraf schl\u00e4gt vor allem gegen die Medien los. Aber ich glaube, sein Coup schl\u00e4gt schon gegen ihn selbst zur\u00fcck. Allerdings kann diese Entwicklung zu noch mehr Brutalit\u00e4t f\u00fchren.&#8220;<\/p>\n<p>Der <a href=\"http:\/\/www.cfr.org\/bios\/115\/dr_barnett_r_rubin.html\">Afghanistan- und Pakistan-Experte<\/a> Barnett Rubin (New York University) hat sich in den letzten Tagen in Islambad aufgehalten und von dort live gebloggt.<\/p>\n<p><a href=\"https:\/\/blog.zeit.de\/joerglau\/files\/2007\/11\/rubin_10-06.jpg\"><img decoding=\"async\" src=\"https:\/\/blog.zeit.de\/joerglau\/files\/2007\/11\/rubin_10-06.jpg\" \/><\/a><br \/>\n<em>Barnett Rubin\u00a0 Foto: CFR\u00a0<\/em><\/p>\n<p>In einem l<a href=\"http:\/\/icga.blogspot.com\/2007\/11\/islamabad-parting-thoughts-on-policy.html\">etzten Post<\/a> beschreibt er die Stimmung in der Hauptstadt und liefert Hintergr\u00fcnde f\u00fcr den Coup des Generals. Die pakistanische Zivilgesellschaft ist erstaunt und entt\u00e4uscht von der laschen Reaktion des Westens auf die Beraubung ihrer Rechte.<br \/>\nRubin beschreibt die Situation in der Nord West Provinz in dramatischen Farben. Dort ist ein <strong>Emirat der Taliban<\/strong> errichtet worden:<\/p>\n<p>Let me describe the situation on the ground to which Musharraf has responded by suspending the constitution, arresting several senior judges, and detaining hundreds of non-violent democratic political leaders. According to sources in the Northwest Frontier Province, the Taliban (Afghan and Pakistani) have established an Islamic Emirate centered in Mirali, North Waziristan, the home base of Commander Jalaluddin Haqqani (Afghan Jadran from Khost) and his son Sirajuddin. This Emirate acknowledges Mullah Muhammad Umar as Amir, but it is mainly run by the Haqqanis, with the Pakistani Mehsud leader, Baitulah Mehsud of South Waziristan, as its main public face. The Emirate has established structures in all seven Tribal Agencies, though it is strongest in North and South Waziristan and has not penetrated the Shi&#8217;a areas of upper Kurram. Besides Pakistani and Afghan Pashtuns, its forces include the Uzbeks displaced from South Waziristan and others from the former USSR (collectively if not accurately called &#8222;Chechens&#8220;), whom the local people accuse of the greatest brutalities, such as the beheading of prisoners.<\/p>\n<p>From these bases, the Emirate has launched its offensive in Swat and has infiltrated around Peshawar from several directions. Recently Taliban appeared in Qisakhani Bazaar in the old city of Peshawar and ordered traders to remove &#8222;un-Islamic&#8220; posters. There was no reaction from the police or administration. There are dozens of Taliban FM stations broadcasting calls to jihad in both the tribal agencies and the &#8222;settled&#8220; (administered) areas of NWFP. Not one of them has been shut down; instead the martial law regime has blocked transmissions of liberal cable television stations and blocked the Blackberry network used by the political elite.<\/p>\n<p>Many if not most of my Pakistani interlocutors do not believe that the Pakistani military is using either martial law or U.S. assistance for &#8222;counter-terrorism.&#8220; They believe it is using it to perpetuate its own power in the service of a national security project that serves neither Pakistan nor Afghanistan and is doing great harm to both.<\/p>\n","protected":false},"excerpt":{"rendered":"<p>Gestern schrieb mir der Kollege Ghazi Salahuddin von The News International aus Karatschi: &#8222;Die Lage ist besorgniserregend. Musharraf schl\u00e4gt vor allem gegen die Medien los. Aber ich glaube, sein Coup schl\u00e4gt schon gegen ihn selbst zur\u00fcck. Allerdings kann diese Entwicklung zu noch mehr Brutalit\u00e4t f\u00fchren.&#8220; Der Afghanistan- und Pakistan-Experte Barnett Rubin (New York University) hat [&hellip;]<\/p>\n","protected":false},"author":54,"featured_media":0,"comment_status":"open","ping_status":"closed","sticky":false,"template":"","format":"standard","meta":{"jetpack_post_was_ever_published":false,"footnotes":""},"categories":[172],"tags":[],"class_list":["post-883","post","type-post","status-publish","format-standard","hentry","category-pakistan"],"yoast_head":"<!-- This site is optimized with the Yoast SEO plugin v21.0 - https:\/\/yoast.com\/wordpress\/plugins\/seo\/ -->\n<title>Musharrafs Kampf gegen den Terrorismus - eine Mogelpackung - J\u00f6rg Lau<\/title>\n<meta name=\"robots\" content=\"index, follow, max-snippet:-1, max-image-preview:large, max-video-preview:-1\" \/>\n<link rel=\"canonical\" href=\"https:\/\/blog.zeit.de\/joerglau\/2007\/11\/07\/musharrafs-kampf-gegen-den-terrorismus-eine-mogelpackung_883\" \/>\n<meta property=\"og:locale\" content=\"de_DE\" \/>\n<meta property=\"og:type\" content=\"article\" \/>\n<meta property=\"og:title\" content=\"Musharrafs Kampf gegen den Terrorismus - eine Mogelpackung - J\u00f6rg Lau\" \/>\n<meta property=\"og:description\" content=\"Gestern schrieb mir der Kollege Ghazi Salahuddin von The News International aus Karatschi: &#8222;Die Lage ist besorgniserregend. Musharraf schl\u00e4gt vor allem gegen die Medien los. Aber ich glaube, sein Coup schl\u00e4gt schon gegen ihn selbst zur\u00fcck. Allerdings kann diese Entwicklung zu noch mehr Brutalit\u00e4t f\u00fchren.&#8220; Der Afghanistan- und Pakistan-Experte Barnett Rubin (New York University) hat [&hellip;]\" \/>\n<meta property=\"og:url\" content=\"https:\/\/blog.zeit.de\/joerglau\/2007\/11\/07\/musharrafs-kampf-gegen-den-terrorismus-eine-mogelpackung_883\" \/>\n<meta property=\"og:site_name\" content=\"J\u00f6rg Lau\" \/>\n<meta property=\"article:published_time\" content=\"2007-11-07T08:49:00+00:00\" \/>\n<meta property=\"og:image\" content=\"https:\/\/blog.zeit.de\/joerglau\/files\/2007\/11\/rubin_10-06.jpg\" \/>\n<meta name=\"author\" content=\"J\u00f6rg Lau\" \/>\n<meta name=\"twitter:card\" content=\"summary_large_image\" \/>\n<meta name=\"twitter:label1\" content=\"Geschrieben von\" \/>\n\t<meta name=\"twitter:data1\" content=\"J\u00f6rg Lau\" \/>\n\t<meta name=\"twitter:label2\" content=\"Gesch\u00e4tzte Lesezeit\" \/>\n\t<meta name=\"twitter:data2\" content=\"2\u00a0Minuten\" \/>\n<script type=\"application\/ld+json\" class=\"yoast-schema-graph\">{\"@context\":\"https:\/\/schema.org\",\"@graph\":[{\"@type\":\"WebPage\",\"@id\":\"https:\/\/blog.zeit.de\/joerglau\/2007\/11\/07\/musharrafs-kampf-gegen-den-terrorismus-eine-mogelpackung_883\",\"url\":\"https:\/\/blog.zeit.de\/joerglau\/2007\/11\/07\/musharrafs-kampf-gegen-den-terrorismus-eine-mogelpackung_883\",\"name\":\"Musharrafs Kampf gegen den Terrorismus - eine Mogelpackung - J\u00f6rg Lau\",\"isPartOf\":{\"@id\":\"https:\/\/blog.zeit.de\/joerglau\/#website\"},\"datePublished\":\"2007-11-07T08:49:00+00:00\",\"dateModified\":\"2007-11-07T08:49:00+00:00\",\"author\":{\"@id\":\"https:\/\/blog.zeit.de\/joerglau\/#\/schema\/person\/55f0be9bfac24815791fbc852b042f57\"},\"breadcrumb\":{\"@id\":\"https:\/\/blog.zeit.de\/joerglau\/2007\/11\/07\/musharrafs-kampf-gegen-den-terrorismus-eine-mogelpackung_883#breadcrumb\"},\"inLanguage\":\"de\",\"potentialAction\":[{\"@type\":\"ReadAction\",\"target\":[\"https:\/\/blog.zeit.de\/joerglau\/2007\/11\/07\/musharrafs-kampf-gegen-den-terrorismus-eine-mogelpackung_883\"]}]},{\"@type\":\"BreadcrumbList\",\"@id\":\"https:\/\/blog.zeit.de\/joerglau\/2007\/11\/07\/musharrafs-kampf-gegen-den-terrorismus-eine-mogelpackung_883#breadcrumb\",\"itemListElement\":[{\"@type\":\"ListItem\",\"position\":1,\"name\":\"Startseite\",\"item\":\"https:\/\/blog.zeit.de\/joerglau\"},{\"@type\":\"ListItem\",\"position\":2,\"name\":\"Musharrafs Kampf gegen den Terrorismus &#8211; eine Mogelpackung\"}]},{\"@type\":\"WebSite\",\"@id\":\"https:\/\/blog.zeit.de\/joerglau\/#website\",\"url\":\"https:\/\/blog.zeit.de\/joerglau\/\",\"name\":\"J\u00f6rg Lau\",\"description\":\"Ein Blog \u00fcber Religion und Politik\",\"potentialAction\":[{\"@type\":\"SearchAction\",\"target\":{\"@type\":\"EntryPoint\",\"urlTemplate\":\"https:\/\/blog.zeit.de\/joerglau\/?s={search_term_string}\"},\"query-input\":\"required name=search_term_string\"}],\"inLanguage\":\"de\"},{\"@type\":\"Person\",\"@id\":\"https:\/\/blog.zeit.de\/joerglau\/#\/schema\/person\/55f0be9bfac24815791fbc852b042f57\",\"name\":\"J\u00f6rg Lau\",\"image\":{\"@type\":\"ImageObject\",\"inLanguage\":\"de\",\"@id\":\"https:\/\/blog.zeit.de\/joerglau\/#\/schema\/person\/image\/\",\"url\":\"https:\/\/secure.gravatar.com\/avatar\/a5fe39bf4f5335b8bac36eefa0b41467221b1598bfea5f05159a0199e391eed0?s=96&d=mm&r=g\",\"contentUrl\":\"https:\/\/secure.gravatar.com\/avatar\/a5fe39bf4f5335b8bac36eefa0b41467221b1598bfea5f05159a0199e391eed0?s=96&d=mm&r=g\",\"caption\":\"J\u00f6rg Lau\"},\"url\":\"https:\/\/blog.zeit.de\/joerglau\/author\/joerg-lau\"}]}<\/script>\n<!-- \/ Yoast SEO plugin. -->","yoast_head_json":{"title":"Musharrafs Kampf gegen den Terrorismus - eine Mogelpackung - J\u00f6rg Lau","robots":{"index":"index","follow":"follow","max-snippet":"max-snippet:-1","max-image-preview":"max-image-preview:large","max-video-preview":"max-video-preview:-1"},"canonical":"https:\/\/blog.zeit.de\/joerglau\/2007\/11\/07\/musharrafs-kampf-gegen-den-terrorismus-eine-mogelpackung_883","og_locale":"de_DE","og_type":"article","og_title":"Musharrafs Kampf gegen den Terrorismus - eine Mogelpackung - J\u00f6rg Lau","og_description":"Gestern schrieb mir der Kollege Ghazi Salahuddin von The News International aus Karatschi: &#8222;Die Lage ist besorgniserregend. Musharraf schl\u00e4gt vor allem gegen die Medien los. Aber ich glaube, sein Coup schl\u00e4gt schon gegen ihn selbst zur\u00fcck. Allerdings kann diese Entwicklung zu noch mehr Brutalit\u00e4t f\u00fchren.&#8220; Der Afghanistan- und Pakistan-Experte Barnett Rubin (New York University) hat [&hellip;]","og_url":"https:\/\/blog.zeit.de\/joerglau\/2007\/11\/07\/musharrafs-kampf-gegen-den-terrorismus-eine-mogelpackung_883","og_site_name":"J\u00f6rg Lau","article_published_time":"2007-11-07T08:49:00+00:00","og_image":[{"url":"https:\/\/blog.zeit.de\/joerglau\/files\/2007\/11\/rubin_10-06.jpg"}],"author":"J\u00f6rg Lau","twitter_card":"summary_large_image","twitter_misc":{"Geschrieben von":"J\u00f6rg Lau","Gesch\u00e4tzte Lesezeit":"2\u00a0Minuten"},"schema":{"@context":"https:\/\/schema.org","@graph":[{"@type":"WebPage","@id":"https:\/\/blog.zeit.de\/joerglau\/2007\/11\/07\/musharrafs-kampf-gegen-den-terrorismus-eine-mogelpackung_883","url":"https:\/\/blog.zeit.de\/joerglau\/2007\/11\/07\/musharrafs-kampf-gegen-den-terrorismus-eine-mogelpackung_883","name":"Musharrafs Kampf gegen den Terrorismus - eine Mogelpackung - J\u00f6rg Lau","isPartOf":{"@id":"https:\/\/blog.zeit.de\/joerglau\/#website"},"datePublished":"2007-11-07T08:49:00+00:00","dateModified":"2007-11-07T08:49:00+00:00","author":{"@id":"https:\/\/blog.zeit.de\/joerglau\/#\/schema\/person\/55f0be9bfac24815791fbc852b042f57"},"breadcrumb":{"@id":"https:\/\/blog.zeit.de\/joerglau\/2007\/11\/07\/musharrafs-kampf-gegen-den-terrorismus-eine-mogelpackung_883#breadcrumb"},"inLanguage":"de","potentialAction":[{"@type":"ReadAction","target":["https:\/\/blog.zeit.de\/joerglau\/2007\/11\/07\/musharrafs-kampf-gegen-den-terrorismus-eine-mogelpackung_883"]}]},{"@type":"BreadcrumbList","@id":"https:\/\/blog.zeit.de\/joerglau\/2007\/11\/07\/musharrafs-kampf-gegen-den-terrorismus-eine-mogelpackung_883#breadcrumb","itemListElement":[{"@type":"ListItem","position":1,"name":"Startseite","item":"https:\/\/blog.zeit.de\/joerglau"},{"@type":"ListItem","position":2,"name":"Musharrafs Kampf gegen den Terrorismus &#8211; eine Mogelpackung"}]},{"@type":"WebSite","@id":"https:\/\/blog.zeit.de\/joerglau\/#website","url":"https:\/\/blog.zeit.de\/joerglau\/","name":"J\u00f6rg Lau","description":"Ein Blog \u00fcber Religion und Politik","potentialAction":[{"@type":"SearchAction","target":{"@type":"EntryPoint","urlTemplate":"https:\/\/blog.zeit.de\/joerglau\/?s={search_term_string}"},"query-input":"required name=search_term_string"}],"inLanguage":"de"},{"@type":"Person","@id":"https:\/\/blog.zeit.de\/joerglau\/#\/schema\/person\/55f0be9bfac24815791fbc852b042f57","name":"J\u00f6rg Lau","image":{"@type":"ImageObject","inLanguage":"de","@id":"https:\/\/blog.zeit.de\/joerglau\/#\/schema\/person\/image\/","url":"https:\/\/secure.gravatar.com\/avatar\/a5fe39bf4f5335b8bac36eefa0b41467221b1598bfea5f05159a0199e391eed0?s=96&d=mm&r=g","contentUrl":"https:\/\/secure.gravatar.com\/avatar\/a5fe39bf4f5335b8bac36eefa0b41467221b1598bfea5f05159a0199e391eed0?s=96&d=mm&r=g","caption":"J\u00f6rg Lau"},"url":"https:\/\/blog.zeit.de\/joerglau\/author\/joerg-lau"}]}},"jetpack_featured_media_url":"","jetpack_sharing_enabled":true,"jetpack_shortlink":"https:\/\/wp.me\/pG02W-ef","_links":{"self":[{"href":"https:\/\/blog.zeit.de\/joerglau\/wp-json\/wp\/v2\/posts\/883","targetHints":{"allow":["GET"]}}],"collection":[{"href":"https:\/\/blog.zeit.de\/joerglau\/wp-json\/wp\/v2\/posts"}],"about":[{"href":"https:\/\/blog.zeit.de\/joerglau\/wp-json\/wp\/v2\/types\/post"}],"author":[{"embeddable":true,"href":"https:\/\/blog.zeit.de\/joerglau\/wp-json\/wp\/v2\/users\/54"}],"replies":[{"embeddable":true,"href":"https:\/\/blog.zeit.de\/joerglau\/wp-json\/wp\/v2\/comments?post=883"}],"version-history":[{"count":0,"href":"https:\/\/blog.zeit.de\/joerglau\/wp-json\/wp\/v2\/posts\/883\/revisions"}],"wp:attachment":[{"href":"https:\/\/blog.zeit.de\/joerglau\/wp-json\/wp\/v2\/media?parent=883"}],"wp:term":[{"taxonomy":"category","embeddable":true,"href":"https:\/\/blog.zeit.de\/joerglau\/wp-json\/wp\/v2\/categories?post=883"},{"taxonomy":"post_tag","embeddable":true,"href":"https:\/\/blog.zeit.de\/joerglau\/wp-json\/wp\/v2\/tags?post=883"}],"curies":[{"name":"wp","href":"https:\/\/api.w.org\/{rel}","templated":true}]}}