{"id":911,"date":"2007-11-20T14:02:09","date_gmt":"2007-11-20T12:02:09","guid":{"rendered":"http:\/\/blog.zeit.de\/joerglau\/2007\/11\/20\/iranischer-dissident-kampf-der-geschlechter-apartheid-im-iran_911"},"modified":"2007-11-20T14:02:09","modified_gmt":"2007-11-20T12:02:09","slug":"iranischer-dissident-kampf-der-geschlechter-apartheid-im-iran","status":"publish","type":"post","link":"https:\/\/blog.zeit.de\/joerglau\/2007\/11\/20\/iranischer-dissident-kampf-der-geschlechter-apartheid-im-iran_911","title":{"rendered":"Iranischer Dissident: Kampf der Geschlechter-Apartheid im Iran"},"content":{"rendered":"<p>Der gro\u00dfe Akbar Gandschi hat wieder einen richtungsweisen Essay geschrieben \u00fcber die Unterdr\u00fcckung der Frau im Iran als Symptom der Krise des Systems. Zitate:<\/p>\n<p>Most secular intellectuals see Iran\u2019s gender apartheid as an integral part of the country\u2019s general system of apartheid. Iranian apartheid is based on a particular interpretation of Islam that divides society into \u201cinsiders\u201d and \u201coutsiders.\u201d The class of insiders includes the coterie of the ruling Court, but extends beyond that to encompass all of the pious. This pervasive privileging of the rulers\u2019 ideology ends up creating gender apartheid, because every time the rulers increase inequalities between men and women, they receive the approbation of the traditionalists. The rulers have on occasion shown some flexibility and have even made some adaptations in their ruling ideology. And they have no qualms about suspending beliefs considered foundational to the faith, such as the sanctity of the mosque; the country\u2019s former supreme leader, Ayatollah Khomeini, once temporarily suspended belief in the oneness of Allah. But they have never wavered in their belief in the natural superiority of men over women, and its concomitant idea that women are less capable than men of using reason and bearing responsibility.<\/p>\n<p>As secular intellectuals have emphasized, the ruling ideology conceives of society as analogous to a family, whose members are uninformed minors in need of supervision. This notion of guardianship is intimately connected to the traditional belief in Islamic jurisprudence, which maintains that among minors women are the most minor of all, that among the uninformed women are the most uninformed of all.<\/p>\n<p>Many secular intellectuals believe that devaluing and humiliating women is not only in itself despicable, but that it also degrades the entire society. &#8230;  Every time the rulers want to intimidate their opponents, they increase their attacks on women. Their suppression of women today in fact signals their weakness. &#8230;<\/p>\n<p>&#8230; The official ideology in Iranian society betrays a male inferiority complex that is unleashed on women. A litany of humiliations contributes to this inferiority complex, including the one resulting from historical backwardness compared with the West.<\/p>\n<p>In the secular intellectuals\u2019 approach to the question of women, cultural critique is central. They point out that humiliating and insulting women, viewing them as sexual objects, and subjecting them to policies that institutionalize these views have contributed to the deterioration of men\u2019s attitude toward women. Iranian culture, they say, has regressed much in this area since the advent of the Islamic Republic. Criticism of women\u2019s subjugation, they stress, must not be confined to politics and law. Rather, fundamental cultural change is needed: a democratic re-education of the entire society, which requires imbuing men with the spirit of freedom and equality.<\/p>\n<p>When we talk of secular intellectuals, we must bear in mind that not all of them are anti-religion, although they accuse religious intellectuals of a vain search for modern progressive ideas in religion. It is possible to have faith, even Islamic faith, and yet believe in secularism, in the separation of church and state, and in the potential of reason to assess and explicate the affairs of this world. In the West, there are many thinkers who hold religious beliefs but are secular in their approach and offer radical critiques of the religious tradition.<\/p>\n<p>Mehr <a href=\"http:\/\/bostonreview.net\/BR32.6\/ganji.php\">hier<\/a>.<\/p>\n","protected":false},"excerpt":{"rendered":"<p>Der gro\u00dfe Akbar Gandschi hat wieder einen richtungsweisen Essay geschrieben \u00fcber die Unterdr\u00fcckung der Frau im Iran als Symptom der Krise des Systems. Zitate: Most secular intellectuals see Iran\u2019s gender apartheid as an integral part of the country\u2019s general system of apartheid. Iranian apartheid is based on a particular interpretation of Islam that divides society [&hellip;]<\/p>\n","protected":false},"author":54,"featured_media":0,"comment_status":"open","ping_status":"closed","sticky":false,"template":"","format":"standard","meta":{"jetpack_post_was_ever_published":false,"footnotes":""},"categories":[166,170],"tags":[],"class_list":["post-911","post","type-post","status-publish","format-standard","hentry","category-iran","category-menschenrechte"],"yoast_head":"<!-- This site is optimized with the Yoast SEO plugin v21.0 - https:\/\/yoast.com\/wordpress\/plugins\/seo\/ -->\n<title>Iranischer Dissident: Kampf der Geschlechter-Apartheid im Iran - J\u00f6rg Lau<\/title>\n<meta name=\"robots\" content=\"index, follow, max-snippet:-1, max-image-preview:large, max-video-preview:-1\" \/>\n<link rel=\"canonical\" href=\"https:\/\/blog.zeit.de\/joerglau\/2007\/11\/20\/iranischer-dissident-kampf-der-geschlechter-apartheid-im-iran_911\" \/>\n<meta property=\"og:locale\" content=\"de_DE\" \/>\n<meta property=\"og:type\" content=\"article\" \/>\n<meta property=\"og:title\" content=\"Iranischer Dissident: Kampf der Geschlechter-Apartheid im Iran - J\u00f6rg Lau\" \/>\n<meta property=\"og:description\" content=\"Der gro\u00dfe Akbar Gandschi hat wieder einen richtungsweisen Essay geschrieben \u00fcber die Unterdr\u00fcckung der Frau im Iran als Symptom der Krise des Systems. Zitate: Most secular intellectuals see Iran\u2019s gender apartheid as an integral part of the country\u2019s general system of apartheid. Iranian apartheid is based on a particular interpretation of Islam that divides society [&hellip;]\" \/>\n<meta property=\"og:url\" content=\"https:\/\/blog.zeit.de\/joerglau\/2007\/11\/20\/iranischer-dissident-kampf-der-geschlechter-apartheid-im-iran_911\" \/>\n<meta property=\"og:site_name\" content=\"J\u00f6rg Lau\" \/>\n<meta property=\"article:published_time\" content=\"2007-11-20T12:02:09+00:00\" \/>\n<meta name=\"author\" content=\"J\u00f6rg Lau\" \/>\n<meta name=\"twitter:card\" content=\"summary_large_image\" \/>\n<meta name=\"twitter:label1\" content=\"Geschrieben von\" \/>\n\t<meta name=\"twitter:data1\" content=\"J\u00f6rg Lau\" \/>\n\t<meta name=\"twitter:label2\" content=\"Gesch\u00e4tzte Lesezeit\" \/>\n\t<meta name=\"twitter:data2\" content=\"3\u00a0Minuten\" \/>\n<script type=\"application\/ld+json\" class=\"yoast-schema-graph\">{\"@context\":\"https:\/\/schema.org\",\"@graph\":[{\"@type\":\"WebPage\",\"@id\":\"https:\/\/blog.zeit.de\/joerglau\/2007\/11\/20\/iranischer-dissident-kampf-der-geschlechter-apartheid-im-iran_911\",\"url\":\"https:\/\/blog.zeit.de\/joerglau\/2007\/11\/20\/iranischer-dissident-kampf-der-geschlechter-apartheid-im-iran_911\",\"name\":\"Iranischer Dissident: Kampf der Geschlechter-Apartheid im Iran - J\u00f6rg Lau\",\"isPartOf\":{\"@id\":\"https:\/\/blog.zeit.de\/joerglau\/#website\"},\"datePublished\":\"2007-11-20T12:02:09+00:00\",\"dateModified\":\"2007-11-20T12:02:09+00:00\",\"author\":{\"@id\":\"https:\/\/blog.zeit.de\/joerglau\/#\/schema\/person\/55f0be9bfac24815791fbc852b042f57\"},\"breadcrumb\":{\"@id\":\"https:\/\/blog.zeit.de\/joerglau\/2007\/11\/20\/iranischer-dissident-kampf-der-geschlechter-apartheid-im-iran_911#breadcrumb\"},\"inLanguage\":\"de\",\"potentialAction\":[{\"@type\":\"ReadAction\",\"target\":[\"https:\/\/blog.zeit.de\/joerglau\/2007\/11\/20\/iranischer-dissident-kampf-der-geschlechter-apartheid-im-iran_911\"]}]},{\"@type\":\"BreadcrumbList\",\"@id\":\"https:\/\/blog.zeit.de\/joerglau\/2007\/11\/20\/iranischer-dissident-kampf-der-geschlechter-apartheid-im-iran_911#breadcrumb\",\"itemListElement\":[{\"@type\":\"ListItem\",\"position\":1,\"name\":\"Startseite\",\"item\":\"https:\/\/blog.zeit.de\/joerglau\"},{\"@type\":\"ListItem\",\"position\":2,\"name\":\"Iranischer Dissident: Kampf der Geschlechter-Apartheid im Iran\"}]},{\"@type\":\"WebSite\",\"@id\":\"https:\/\/blog.zeit.de\/joerglau\/#website\",\"url\":\"https:\/\/blog.zeit.de\/joerglau\/\",\"name\":\"J\u00f6rg Lau\",\"description\":\"Ein Blog \u00fcber Religion und Politik\",\"potentialAction\":[{\"@type\":\"SearchAction\",\"target\":{\"@type\":\"EntryPoint\",\"urlTemplate\":\"https:\/\/blog.zeit.de\/joerglau\/?s={search_term_string}\"},\"query-input\":\"required name=search_term_string\"}],\"inLanguage\":\"de\"},{\"@type\":\"Person\",\"@id\":\"https:\/\/blog.zeit.de\/joerglau\/#\/schema\/person\/55f0be9bfac24815791fbc852b042f57\",\"name\":\"J\u00f6rg Lau\",\"image\":{\"@type\":\"ImageObject\",\"inLanguage\":\"de\",\"@id\":\"https:\/\/blog.zeit.de\/joerglau\/#\/schema\/person\/image\/\",\"url\":\"https:\/\/secure.gravatar.com\/avatar\/a5fe39bf4f5335b8bac36eefa0b41467221b1598bfea5f05159a0199e391eed0?s=96&d=mm&r=g\",\"contentUrl\":\"https:\/\/secure.gravatar.com\/avatar\/a5fe39bf4f5335b8bac36eefa0b41467221b1598bfea5f05159a0199e391eed0?s=96&d=mm&r=g\",\"caption\":\"J\u00f6rg Lau\"},\"url\":\"https:\/\/blog.zeit.de\/joerglau\/author\/joerg-lau\"}]}<\/script>\n<!-- \/ Yoast SEO plugin. -->","yoast_head_json":{"title":"Iranischer Dissident: Kampf der Geschlechter-Apartheid im Iran - J\u00f6rg Lau","robots":{"index":"index","follow":"follow","max-snippet":"max-snippet:-1","max-image-preview":"max-image-preview:large","max-video-preview":"max-video-preview:-1"},"canonical":"https:\/\/blog.zeit.de\/joerglau\/2007\/11\/20\/iranischer-dissident-kampf-der-geschlechter-apartheid-im-iran_911","og_locale":"de_DE","og_type":"article","og_title":"Iranischer Dissident: Kampf der Geschlechter-Apartheid im Iran - J\u00f6rg Lau","og_description":"Der gro\u00dfe Akbar Gandschi hat wieder einen richtungsweisen Essay geschrieben \u00fcber die Unterdr\u00fcckung der Frau im Iran als Symptom der Krise des Systems. Zitate: Most secular intellectuals see Iran\u2019s gender apartheid as an integral part of the country\u2019s general system of apartheid. Iranian apartheid is based on a particular interpretation of Islam that divides society [&hellip;]","og_url":"https:\/\/blog.zeit.de\/joerglau\/2007\/11\/20\/iranischer-dissident-kampf-der-geschlechter-apartheid-im-iran_911","og_site_name":"J\u00f6rg Lau","article_published_time":"2007-11-20T12:02:09+00:00","author":"J\u00f6rg Lau","twitter_card":"summary_large_image","twitter_misc":{"Geschrieben von":"J\u00f6rg Lau","Gesch\u00e4tzte Lesezeit":"3\u00a0Minuten"},"schema":{"@context":"https:\/\/schema.org","@graph":[{"@type":"WebPage","@id":"https:\/\/blog.zeit.de\/joerglau\/2007\/11\/20\/iranischer-dissident-kampf-der-geschlechter-apartheid-im-iran_911","url":"https:\/\/blog.zeit.de\/joerglau\/2007\/11\/20\/iranischer-dissident-kampf-der-geschlechter-apartheid-im-iran_911","name":"Iranischer Dissident: Kampf der Geschlechter-Apartheid im Iran - J\u00f6rg Lau","isPartOf":{"@id":"https:\/\/blog.zeit.de\/joerglau\/#website"},"datePublished":"2007-11-20T12:02:09+00:00","dateModified":"2007-11-20T12:02:09+00:00","author":{"@id":"https:\/\/blog.zeit.de\/joerglau\/#\/schema\/person\/55f0be9bfac24815791fbc852b042f57"},"breadcrumb":{"@id":"https:\/\/blog.zeit.de\/joerglau\/2007\/11\/20\/iranischer-dissident-kampf-der-geschlechter-apartheid-im-iran_911#breadcrumb"},"inLanguage":"de","potentialAction":[{"@type":"ReadAction","target":["https:\/\/blog.zeit.de\/joerglau\/2007\/11\/20\/iranischer-dissident-kampf-der-geschlechter-apartheid-im-iran_911"]}]},{"@type":"BreadcrumbList","@id":"https:\/\/blog.zeit.de\/joerglau\/2007\/11\/20\/iranischer-dissident-kampf-der-geschlechter-apartheid-im-iran_911#breadcrumb","itemListElement":[{"@type":"ListItem","position":1,"name":"Startseite","item":"https:\/\/blog.zeit.de\/joerglau"},{"@type":"ListItem","position":2,"name":"Iranischer Dissident: Kampf der Geschlechter-Apartheid im Iran"}]},{"@type":"WebSite","@id":"https:\/\/blog.zeit.de\/joerglau\/#website","url":"https:\/\/blog.zeit.de\/joerglau\/","name":"J\u00f6rg Lau","description":"Ein Blog \u00fcber Religion und Politik","potentialAction":[{"@type":"SearchAction","target":{"@type":"EntryPoint","urlTemplate":"https:\/\/blog.zeit.de\/joerglau\/?s={search_term_string}"},"query-input":"required name=search_term_string"}],"inLanguage":"de"},{"@type":"Person","@id":"https:\/\/blog.zeit.de\/joerglau\/#\/schema\/person\/55f0be9bfac24815791fbc852b042f57","name":"J\u00f6rg Lau","image":{"@type":"ImageObject","inLanguage":"de","@id":"https:\/\/blog.zeit.de\/joerglau\/#\/schema\/person\/image\/","url":"https:\/\/secure.gravatar.com\/avatar\/a5fe39bf4f5335b8bac36eefa0b41467221b1598bfea5f05159a0199e391eed0?s=96&d=mm&r=g","contentUrl":"https:\/\/secure.gravatar.com\/avatar\/a5fe39bf4f5335b8bac36eefa0b41467221b1598bfea5f05159a0199e391eed0?s=96&d=mm&r=g","caption":"J\u00f6rg Lau"},"url":"https:\/\/blog.zeit.de\/joerglau\/author\/joerg-lau"}]}},"jetpack_featured_media_url":"","jetpack_sharing_enabled":true,"jetpack_shortlink":"https:\/\/wp.me\/pG02W-eH","_links":{"self":[{"href":"https:\/\/blog.zeit.de\/joerglau\/wp-json\/wp\/v2\/posts\/911","targetHints":{"allow":["GET"]}}],"collection":[{"href":"https:\/\/blog.zeit.de\/joerglau\/wp-json\/wp\/v2\/posts"}],"about":[{"href":"https:\/\/blog.zeit.de\/joerglau\/wp-json\/wp\/v2\/types\/post"}],"author":[{"embeddable":true,"href":"https:\/\/blog.zeit.de\/joerglau\/wp-json\/wp\/v2\/users\/54"}],"replies":[{"embeddable":true,"href":"https:\/\/blog.zeit.de\/joerglau\/wp-json\/wp\/v2\/comments?post=911"}],"version-history":[{"count":0,"href":"https:\/\/blog.zeit.de\/joerglau\/wp-json\/wp\/v2\/posts\/911\/revisions"}],"wp:attachment":[{"href":"https:\/\/blog.zeit.de\/joerglau\/wp-json\/wp\/v2\/media?parent=911"}],"wp:term":[{"taxonomy":"category","embeddable":true,"href":"https:\/\/blog.zeit.de\/joerglau\/wp-json\/wp\/v2\/categories?post=911"},{"taxonomy":"post_tag","embeddable":true,"href":"https:\/\/blog.zeit.de\/joerglau\/wp-json\/wp\/v2\/tags?post=911"}],"curies":[{"name":"wp","href":"https:\/\/api.w.org\/{rel}","templated":true}]}}