{"id":916,"date":"2007-11-23T13:26:39","date_gmt":"2007-11-23T11:26:39","guid":{"rendered":"http:\/\/blog.zeit.de\/joerglau\/2007\/11\/23\/erdogan-deutschland-diskriminiert-turkische-braute_916"},"modified":"2007-11-23T13:26:39","modified_gmt":"2007-11-23T11:26:39","slug":"erdogan-deutschland-diskriminiert-turkische-braute","status":"publish","type":"post","link":"https:\/\/blog.zeit.de\/joerglau\/2007\/11\/23\/erdogan-deutschland-diskriminiert-turkische-braute_916","title":{"rendered":"Erdogan: Deutschland diskriminiert t\u00fcrkische Br\u00e4ute durch Sprachkurse"},"content":{"rendered":"<p>Der t\u00fcrkisch-deutsche Pressedienst Europress berichtet, dass nahezu alle in Deutschland erscheinenden t\u00fcrkischen Zeitungen heute einen Aufmacher \u00fcber das Treffen Ministerpr\u00e4sident Erdogans mit der Integrationsbeauftragten der Bundesregierung haben. Maria B\u00f6hmer ist derzeit auf einer Reise durch die T\u00fcrkei.<br \/>\nDabei sei B\u00f6hmer von Ministerpr\u00e4sident Erdogan wegen des Zuwanderungsrechts stark angegriffen worden, der von einer \u201ediskriminierenden und spaltenden\u201c Rechtspraxis gesprochen habe.<\/p>\n<p>\u201eDas Zuwanderungsrecht tut weh\u201c, betitelt die eher liberale MILLIYET ihre heutige Ausgab. Eine \u201eErmahnung an Merkel aufgrund der Br\u00e4ute\u201c, will die SABAH aus dem Gespr\u00e4ch herausgeh\u00f6rt haben, w\u00e4hrend die national-islamische T\u00dcRKIYE fordert: \u201eLasst die Br\u00e4ute nicht weinen.\u201c<br \/>\nLasst die Br\u00e4ute nicht weinen! Das ist mein Lieblingsspruch!<br \/>\nDie Br\u00e4ute weinen also, weil sie Deutsch lernen m\u00fcssen.<br \/>\nSie weinen, weil man sie in Zukunft nicht mehr so umstandslos als sprachlose Dummerchen importieren kann.<br \/>\nSie weinen, weil die deutsche Bundesregierung ihnen ein Minimum an Selbst\u00e4ndigkeit mit auf den Weg geben will, indem es sie zum Sprachenlernen schickt.<br \/>\nDie Br\u00e4ute weinen, weil der deutsche Staat sie diskriminiert, indem er ihnen grundlegende Sprachkenntnisse abfordert, damit sie in der Begleitung ihrer Kinder und in der Verfolgung ihres eigenen Weges souver\u00e4ner werden.<\/p>\n<p>Diese t\u00fcrkische Kampagne gegen das neue Zuwanderungsrecht ist ein Hohn!<\/p>\n<p>Hintergrund ist die Tatsache, dass mit dem neuen Zuwanderungsrecht nachziehende Ehepartner aus der T\u00fcrkei bereits vor einer Abreise nach Deutschland einen Deutschkurs erfolgreich bestehen m\u00fcssen. Zudem wird Erdogan in der SABAH mit den Worten zitiert: \u201eSollen wir jetzt auch bei deutschen Ehegatten die gleiche Praxis einf\u00fchren?\u201c<\/p>\n<p>Erdogan ist ja noch einigermassen gem\u00e4ssigt in seinem Furor. Claudia Roth zieht locker an ihm vorbei:<\/p>\n<p> \u201eDAS NEUE ZUWANDERUNGSRECHT IST RASSISTSISCH GEGEN\u00dcBER T\u00dcRKEN!\u201c<\/p>\n<p>Mit diesen Worten macht die H\u00dcRRIYET ihre heutige Ausgabe auf und zitiert dabei die Parteivorsitzende der Gr\u00fcnen. Das \u201efamilienspaltende\u201c neue Recht vertrage \u201esich nicht mit den Antidiskriminierungsgesetzen\u201c, verlange \u201evon B\u00fcrgern der T\u00fcrkei den Nachweis von Deutschkenntnissen, bevor sie nach Deutschland einreisen, w\u00e4hrend B\u00fcrger anderer Staaten dies nicht leisten m\u00fcssen\u201c. Dies sei \u201eregelrechter Rassismus\u201c, so Roth, die sich w\u00fcnsche, dass das neue Zuwanderungsrecht, vor dem Bundesverfassungsrecht verhandelt werde. Sie k\u00f6nne \u201edie Wut und die Entt\u00e4uschung der T\u00fcrken\u201c gut verstehen.<br \/>\nFrau Roth sieht sich als Feminstin. Dieser haarstr\u00e4ubende Versuch, mit einem Rassismus-Verdacht ein Gesetz anzugreifen, das in Wahrheit eben nicht nur T\u00fcrken  betrifft (die stellen bloss die gr\u00f6\u00dfte Gruppe beim Ehegattennachzug). Die Erfordernis des Sprachnachweises betrifft alle als Ehegatten nachziehenden Ausl\u00e4nder, die der Visumpflicht unterliegen. Ausgenommen sind EU-Ausl\u00e4nder und Ausl\u00e4nder, die kein Visum brauchen. <a href=\"http:\/\/www.jurblog.de\/wp-content\/uploads\/2007\/11\/allgemeine-anwendungshinweise-des-bmi-zu-den-wesentlichen-anderungen-des-zuwg-stand-02102007.pdf\">Hier<\/a> die Anwendungshinweise des Innenministeriums zu ge\u00e4nderten Nachzugsrecht.<br \/>\nWIE KOMMT EINE BUNDESTAGSABGEORDNETE UND PARTEIVORSITZENDE DARAUF, DIESE REGELUNG ALS RASSISTISCH ZU BEZEICHEN?<br \/>\nSoeben flattert eine Pressemitteilung von Frau B\u00f6hmer auf den Tisch:<br \/>\nB\u00f6hmer betont, die Regelung zum Spracherwerb gelte f\u00fcr die gro\u00dfe Mehrzahl aller L\u00e4nder. Die Staatsministerin warb bei der t\u00fcrkischen Regierung daf\u00fcr, nachzugswillige Ehepartner beim Spracherwerb in der T\u00fcrkei zu unterst\u00fctzen.<br \/>\nVorw\u00fcrfe, das Gesetz diskriminiere die Betroffenen oder verletze sie gar in ihren Menschenrechten, wies B\u00f6hmer auch in Gespr\u00e4chen mit Vertretern des t\u00fcrkischen Parlamentsausschusses f\u00fcr Menschenrechte klar zur\u00fcck \u201eDer Begriff der Diskriminierung ist hier v\u00f6llig fehl am Platz. Bildung ist ein B\u00fcrgerrecht, keine Menschenrechtsverletzung\u201c, betonte B\u00f6hmer. Zugleich ermutigte sie die Parlamentarier, sich auch in der T\u00fcrkei weiterhin f\u00fcr eine Verbesserung der Menschenrechtslage einzusetzen.<br \/>\nSehr gut, die Frau.<\/p>\n","protected":false},"excerpt":{"rendered":"<p>Der t\u00fcrkisch-deutsche Pressedienst Europress berichtet, dass nahezu alle in Deutschland erscheinenden t\u00fcrkischen Zeitungen heute einen Aufmacher \u00fcber das Treffen Ministerpr\u00e4sident Erdogans mit der Integrationsbeauftragten der Bundesregierung haben. Maria B\u00f6hmer ist derzeit auf einer Reise durch die T\u00fcrkei. Dabei sei B\u00f6hmer von Ministerpr\u00e4sident Erdogan wegen des Zuwanderungsrechts stark angegriffen worden, der von einer \u201ediskriminierenden und spaltenden\u201c [&hellip;]<\/p>\n","protected":false},"author":54,"featured_media":0,"comment_status":"open","ping_status":"closed","sticky":false,"template":"","format":"standard","meta":{"jetpack_post_was_ever_published":false,"footnotes":""},"categories":[164,117],"tags":[],"class_list":["post-916","post","type-post","status-publish","format-standard","hentry","category-integration-und-frauenrechte","category-turkei"],"yoast_head":"<!-- This site is optimized with the Yoast SEO plugin v21.0 - https:\/\/yoast.com\/wordpress\/plugins\/seo\/ -->\n<title>Erdogan: Deutschland diskriminiert t\u00fcrkische Br\u00e4ute durch Sprachkurse - J\u00f6rg Lau<\/title>\n<meta name=\"robots\" content=\"index, follow, max-snippet:-1, max-image-preview:large, max-video-preview:-1\" \/>\n<link rel=\"canonical\" href=\"https:\/\/blog.zeit.de\/joerglau\/2007\/11\/23\/erdogan-deutschland-diskriminiert-turkische-braute_916\" \/>\n<meta property=\"og:locale\" content=\"de_DE\" \/>\n<meta property=\"og:type\" content=\"article\" \/>\n<meta property=\"og:title\" content=\"Erdogan: Deutschland diskriminiert t\u00fcrkische Br\u00e4ute durch Sprachkurse - J\u00f6rg Lau\" \/>\n<meta property=\"og:description\" content=\"Der t\u00fcrkisch-deutsche Pressedienst Europress berichtet, dass nahezu alle in Deutschland erscheinenden t\u00fcrkischen Zeitungen heute einen Aufmacher \u00fcber das Treffen Ministerpr\u00e4sident Erdogans mit der Integrationsbeauftragten der Bundesregierung haben. Maria B\u00f6hmer ist derzeit auf einer Reise durch die T\u00fcrkei. Dabei sei B\u00f6hmer von Ministerpr\u00e4sident Erdogan wegen des Zuwanderungsrechts stark angegriffen worden, der von einer \u201ediskriminierenden und spaltenden\u201c [&hellip;]\" \/>\n<meta property=\"og:url\" content=\"https:\/\/blog.zeit.de\/joerglau\/2007\/11\/23\/erdogan-deutschland-diskriminiert-turkische-braute_916\" \/>\n<meta property=\"og:site_name\" content=\"J\u00f6rg Lau\" \/>\n<meta property=\"article:published_time\" content=\"2007-11-23T11:26:39+00:00\" \/>\n<meta name=\"author\" content=\"J\u00f6rg Lau\" \/>\n<meta name=\"twitter:card\" content=\"summary_large_image\" \/>\n<meta name=\"twitter:label1\" content=\"Geschrieben von\" \/>\n\t<meta name=\"twitter:data1\" content=\"J\u00f6rg Lau\" \/>\n\t<meta name=\"twitter:label2\" content=\"Gesch\u00e4tzte Lesezeit\" \/>\n\t<meta name=\"twitter:data2\" content=\"3\u00a0Minuten\" \/>\n<script type=\"application\/ld+json\" class=\"yoast-schema-graph\">{\"@context\":\"https:\/\/schema.org\",\"@graph\":[{\"@type\":\"WebPage\",\"@id\":\"https:\/\/blog.zeit.de\/joerglau\/2007\/11\/23\/erdogan-deutschland-diskriminiert-turkische-braute_916\",\"url\":\"https:\/\/blog.zeit.de\/joerglau\/2007\/11\/23\/erdogan-deutschland-diskriminiert-turkische-braute_916\",\"name\":\"Erdogan: Deutschland diskriminiert t\u00fcrkische Br\u00e4ute durch Sprachkurse - J\u00f6rg Lau\",\"isPartOf\":{\"@id\":\"https:\/\/blog.zeit.de\/joerglau\/#website\"},\"datePublished\":\"2007-11-23T11:26:39+00:00\",\"dateModified\":\"2007-11-23T11:26:39+00:00\",\"author\":{\"@id\":\"https:\/\/blog.zeit.de\/joerglau\/#\/schema\/person\/55f0be9bfac24815791fbc852b042f57\"},\"breadcrumb\":{\"@id\":\"https:\/\/blog.zeit.de\/joerglau\/2007\/11\/23\/erdogan-deutschland-diskriminiert-turkische-braute_916#breadcrumb\"},\"inLanguage\":\"de\",\"potentialAction\":[{\"@type\":\"ReadAction\",\"target\":[\"https:\/\/blog.zeit.de\/joerglau\/2007\/11\/23\/erdogan-deutschland-diskriminiert-turkische-braute_916\"]}]},{\"@type\":\"BreadcrumbList\",\"@id\":\"https:\/\/blog.zeit.de\/joerglau\/2007\/11\/23\/erdogan-deutschland-diskriminiert-turkische-braute_916#breadcrumb\",\"itemListElement\":[{\"@type\":\"ListItem\",\"position\":1,\"name\":\"Startseite\",\"item\":\"https:\/\/blog.zeit.de\/joerglau\"},{\"@type\":\"ListItem\",\"position\":2,\"name\":\"Erdogan: Deutschland diskriminiert t\u00fcrkische Br\u00e4ute durch Sprachkurse\"}]},{\"@type\":\"WebSite\",\"@id\":\"https:\/\/blog.zeit.de\/joerglau\/#website\",\"url\":\"https:\/\/blog.zeit.de\/joerglau\/\",\"name\":\"J\u00f6rg Lau\",\"description\":\"Ein Blog \u00fcber Religion und Politik\",\"potentialAction\":[{\"@type\":\"SearchAction\",\"target\":{\"@type\":\"EntryPoint\",\"urlTemplate\":\"https:\/\/blog.zeit.de\/joerglau\/?s={search_term_string}\"},\"query-input\":\"required name=search_term_string\"}],\"inLanguage\":\"de\"},{\"@type\":\"Person\",\"@id\":\"https:\/\/blog.zeit.de\/joerglau\/#\/schema\/person\/55f0be9bfac24815791fbc852b042f57\",\"name\":\"J\u00f6rg Lau\",\"image\":{\"@type\":\"ImageObject\",\"inLanguage\":\"de\",\"@id\":\"https:\/\/blog.zeit.de\/joerglau\/#\/schema\/person\/image\/\",\"url\":\"https:\/\/secure.gravatar.com\/avatar\/a5fe39bf4f5335b8bac36eefa0b41467221b1598bfea5f05159a0199e391eed0?s=96&d=mm&r=g\",\"contentUrl\":\"https:\/\/secure.gravatar.com\/avatar\/a5fe39bf4f5335b8bac36eefa0b41467221b1598bfea5f05159a0199e391eed0?s=96&d=mm&r=g\",\"caption\":\"J\u00f6rg Lau\"},\"url\":\"https:\/\/blog.zeit.de\/joerglau\/author\/joerg-lau\"}]}<\/script>\n<!-- \/ Yoast SEO plugin. -->","yoast_head_json":{"title":"Erdogan: Deutschland diskriminiert t\u00fcrkische Br\u00e4ute durch Sprachkurse - J\u00f6rg Lau","robots":{"index":"index","follow":"follow","max-snippet":"max-snippet:-1","max-image-preview":"max-image-preview:large","max-video-preview":"max-video-preview:-1"},"canonical":"https:\/\/blog.zeit.de\/joerglau\/2007\/11\/23\/erdogan-deutschland-diskriminiert-turkische-braute_916","og_locale":"de_DE","og_type":"article","og_title":"Erdogan: Deutschland diskriminiert t\u00fcrkische Br\u00e4ute durch Sprachkurse - J\u00f6rg Lau","og_description":"Der t\u00fcrkisch-deutsche Pressedienst Europress berichtet, dass nahezu alle in Deutschland erscheinenden t\u00fcrkischen Zeitungen heute einen Aufmacher \u00fcber das Treffen Ministerpr\u00e4sident Erdogans mit der Integrationsbeauftragten der Bundesregierung haben. Maria B\u00f6hmer ist derzeit auf einer Reise durch die T\u00fcrkei. Dabei sei B\u00f6hmer von Ministerpr\u00e4sident Erdogan wegen des Zuwanderungsrechts stark angegriffen worden, der von einer \u201ediskriminierenden und spaltenden\u201c [&hellip;]","og_url":"https:\/\/blog.zeit.de\/joerglau\/2007\/11\/23\/erdogan-deutschland-diskriminiert-turkische-braute_916","og_site_name":"J\u00f6rg Lau","article_published_time":"2007-11-23T11:26:39+00:00","author":"J\u00f6rg Lau","twitter_card":"summary_large_image","twitter_misc":{"Geschrieben von":"J\u00f6rg Lau","Gesch\u00e4tzte Lesezeit":"3\u00a0Minuten"},"schema":{"@context":"https:\/\/schema.org","@graph":[{"@type":"WebPage","@id":"https:\/\/blog.zeit.de\/joerglau\/2007\/11\/23\/erdogan-deutschland-diskriminiert-turkische-braute_916","url":"https:\/\/blog.zeit.de\/joerglau\/2007\/11\/23\/erdogan-deutschland-diskriminiert-turkische-braute_916","name":"Erdogan: Deutschland diskriminiert t\u00fcrkische Br\u00e4ute durch Sprachkurse - J\u00f6rg Lau","isPartOf":{"@id":"https:\/\/blog.zeit.de\/joerglau\/#website"},"datePublished":"2007-11-23T11:26:39+00:00","dateModified":"2007-11-23T11:26:39+00:00","author":{"@id":"https:\/\/blog.zeit.de\/joerglau\/#\/schema\/person\/55f0be9bfac24815791fbc852b042f57"},"breadcrumb":{"@id":"https:\/\/blog.zeit.de\/joerglau\/2007\/11\/23\/erdogan-deutschland-diskriminiert-turkische-braute_916#breadcrumb"},"inLanguage":"de","potentialAction":[{"@type":"ReadAction","target":["https:\/\/blog.zeit.de\/joerglau\/2007\/11\/23\/erdogan-deutschland-diskriminiert-turkische-braute_916"]}]},{"@type":"BreadcrumbList","@id":"https:\/\/blog.zeit.de\/joerglau\/2007\/11\/23\/erdogan-deutschland-diskriminiert-turkische-braute_916#breadcrumb","itemListElement":[{"@type":"ListItem","position":1,"name":"Startseite","item":"https:\/\/blog.zeit.de\/joerglau"},{"@type":"ListItem","position":2,"name":"Erdogan: Deutschland diskriminiert t\u00fcrkische Br\u00e4ute durch Sprachkurse"}]},{"@type":"WebSite","@id":"https:\/\/blog.zeit.de\/joerglau\/#website","url":"https:\/\/blog.zeit.de\/joerglau\/","name":"J\u00f6rg Lau","description":"Ein Blog \u00fcber Religion und Politik","potentialAction":[{"@type":"SearchAction","target":{"@type":"EntryPoint","urlTemplate":"https:\/\/blog.zeit.de\/joerglau\/?s={search_term_string}"},"query-input":"required name=search_term_string"}],"inLanguage":"de"},{"@type":"Person","@id":"https:\/\/blog.zeit.de\/joerglau\/#\/schema\/person\/55f0be9bfac24815791fbc852b042f57","name":"J\u00f6rg Lau","image":{"@type":"ImageObject","inLanguage":"de","@id":"https:\/\/blog.zeit.de\/joerglau\/#\/schema\/person\/image\/","url":"https:\/\/secure.gravatar.com\/avatar\/a5fe39bf4f5335b8bac36eefa0b41467221b1598bfea5f05159a0199e391eed0?s=96&d=mm&r=g","contentUrl":"https:\/\/secure.gravatar.com\/avatar\/a5fe39bf4f5335b8bac36eefa0b41467221b1598bfea5f05159a0199e391eed0?s=96&d=mm&r=g","caption":"J\u00f6rg Lau"},"url":"https:\/\/blog.zeit.de\/joerglau\/author\/joerg-lau"}]}},"jetpack_featured_media_url":"","jetpack_sharing_enabled":true,"jetpack_shortlink":"https:\/\/wp.me\/pG02W-eM","_links":{"self":[{"href":"https:\/\/blog.zeit.de\/joerglau\/wp-json\/wp\/v2\/posts\/916","targetHints":{"allow":["GET"]}}],"collection":[{"href":"https:\/\/blog.zeit.de\/joerglau\/wp-json\/wp\/v2\/posts"}],"about":[{"href":"https:\/\/blog.zeit.de\/joerglau\/wp-json\/wp\/v2\/types\/post"}],"author":[{"embeddable":true,"href":"https:\/\/blog.zeit.de\/joerglau\/wp-json\/wp\/v2\/users\/54"}],"replies":[{"embeddable":true,"href":"https:\/\/blog.zeit.de\/joerglau\/wp-json\/wp\/v2\/comments?post=916"}],"version-history":[{"count":0,"href":"https:\/\/blog.zeit.de\/joerglau\/wp-json\/wp\/v2\/posts\/916\/revisions"}],"wp:attachment":[{"href":"https:\/\/blog.zeit.de\/joerglau\/wp-json\/wp\/v2\/media?parent=916"}],"wp:term":[{"taxonomy":"category","embeddable":true,"href":"https:\/\/blog.zeit.de\/joerglau\/wp-json\/wp\/v2\/categories?post=916"},{"taxonomy":"post_tag","embeddable":true,"href":"https:\/\/blog.zeit.de\/joerglau\/wp-json\/wp\/v2\/tags?post=916"}],"curies":[{"name":"wp","href":"https:\/\/api.w.org\/{rel}","templated":true}]}}