{"id":927,"date":"2007-12-03T15:27:37","date_gmt":"2007-12-03T13:27:37","guid":{"rendered":"http:\/\/blog.zeit.de\/joerglau\/2007\/12\/03\/der-unaufhaltsame-aufstieg-des-kopftuchs_927"},"modified":"2007-12-03T15:27:37","modified_gmt":"2007-12-03T13:27:37","slug":"der-unaufhaltsame-aufstieg-des-kopftuchs","status":"publish","type":"post","link":"https:\/\/blog.zeit.de\/joerglau\/2007\/12\/03\/der-unaufhaltsame-aufstieg-des-kopftuchs_927","title":{"rendered":"Der unaufhaltsame Aufstieg des Kopftuchs"},"content":{"rendered":"<p>In einer breit angelegten Studie hat die die t\u00fcrkische Tageszeitung <a href=\"http:\/\/www.milliyet.com.tr\/2007\/12\/03\/guncel\/agun.html\">MILLIYET<\/a> die Entwicklung bei der H\u00e4ufigkeit des Kopftuchtragens in der T\u00fcrkei messen lassen. Die heutige Europa-Ausgabe pr\u00e4sentiert die Ergebnisse als Aufmacher.<br \/>\nInnerhalb der letzten vier Jahre hat sich die Zahl der &#8222;T\u00fcrban&#8220;-Tr\u00e4gerinnen  sich vervierfacht. (Der T\u00fcrban wird eng gewickelt und bedeckt auch den Hals der Tr\u00e4gerin. Er ist klar neo-islamistisch gepr\u00e4gt, im Unterschied zum &#8211; in l\u00e4ndlichen Gebieten traditionell getragenen &#8211; normalen Kopftuch.) So tragen insgesamt 69,4 Prozent der Frauen ein Kopftuch (im Gegensatz zu 64,2 im Jahre 2003) und 16,2 Prozent davon den T\u00fcrban (im Gegensatz zu 3,5 Prozent im Jahre 2003). Auff\u00e4llig ist zudem, dass sich innerhalb der j\u00fcngeren Generation der T\u00fcrban immer st\u00e4rker durchsetzt. So sind 19,7 Prozent unter den 18 bis 28-j\u00e4hrigen T\u00fcrban-Tr\u00e4gerinnen, w\u00e4hrend die \u00fcber 44-j\u00e4hrigen nur zu 12,6 Prozent das islamisch gepr\u00e4gte Kopftuch tragen. Das Tragen bei beiden Formen des Kopftuches ist dabei stark vom Bildungsstand abh\u00e4ngig, so die Studie. W\u00e4hrend nur 2,2 der Akademikerinnen ein Kopftuch tragen, sind es unter den Grundschulabsolventinnen mit 51,4 Prozent mehr als die H\u00e4lfte.<\/p>\n","protected":false},"excerpt":{"rendered":"<p>In einer breit angelegten Studie hat die die t\u00fcrkische Tageszeitung MILLIYET die Entwicklung bei der H\u00e4ufigkeit des Kopftuchtragens in der T\u00fcrkei messen lassen. Die heutige Europa-Ausgabe pr\u00e4sentiert die Ergebnisse als Aufmacher. Innerhalb der letzten vier Jahre hat sich die Zahl der &#8222;T\u00fcrban&#8220;-Tr\u00e4gerinnen sich vervierfacht. (Der T\u00fcrban wird eng gewickelt und bedeckt auch den Hals der [&hellip;]<\/p>\n","protected":false},"author":54,"featured_media":0,"comment_status":"open","ping_status":"closed","sticky":false,"template":"","format":"standard","meta":{"jetpack_post_was_ever_published":false,"footnotes":""},"categories":[157,117],"tags":[],"class_list":["post-927","post","type-post","status-publish","format-standard","hentry","category-die-freunde-und-die-feinde-des-islams","category-turkei"],"yoast_head":"<!-- This site is optimized with the Yoast SEO plugin v21.0 - https:\/\/yoast.com\/wordpress\/plugins\/seo\/ -->\n<title>Der unaufhaltsame Aufstieg des Kopftuchs - J\u00f6rg Lau<\/title>\n<meta name=\"robots\" content=\"index, follow, max-snippet:-1, max-image-preview:large, max-video-preview:-1\" \/>\n<link rel=\"canonical\" href=\"https:\/\/blog.zeit.de\/joerglau\/2007\/12\/03\/der-unaufhaltsame-aufstieg-des-kopftuchs_927\" \/>\n<meta property=\"og:locale\" content=\"de_DE\" \/>\n<meta property=\"og:type\" content=\"article\" \/>\n<meta property=\"og:title\" content=\"Der unaufhaltsame Aufstieg des Kopftuchs - J\u00f6rg Lau\" \/>\n<meta property=\"og:description\" content=\"In einer breit angelegten Studie hat die die t\u00fcrkische Tageszeitung MILLIYET die Entwicklung bei der H\u00e4ufigkeit des Kopftuchtragens in der T\u00fcrkei messen lassen. Die heutige Europa-Ausgabe pr\u00e4sentiert die Ergebnisse als Aufmacher. Innerhalb der letzten vier Jahre hat sich die Zahl der &#8222;T\u00fcrban&#8220;-Tr\u00e4gerinnen sich vervierfacht. (Der T\u00fcrban wird eng gewickelt und bedeckt auch den Hals der [&hellip;]\" \/>\n<meta property=\"og:url\" content=\"https:\/\/blog.zeit.de\/joerglau\/2007\/12\/03\/der-unaufhaltsame-aufstieg-des-kopftuchs_927\" \/>\n<meta property=\"og:site_name\" content=\"J\u00f6rg Lau\" \/>\n<meta property=\"article:published_time\" content=\"2007-12-03T13:27:37+00:00\" \/>\n<meta name=\"author\" content=\"J\u00f6rg Lau\" \/>\n<meta name=\"twitter:card\" content=\"summary_large_image\" \/>\n<meta name=\"twitter:label1\" content=\"Geschrieben von\" \/>\n\t<meta name=\"twitter:data1\" content=\"J\u00f6rg Lau\" \/>\n\t<meta name=\"twitter:label2\" content=\"Gesch\u00e4tzte Lesezeit\" \/>\n\t<meta name=\"twitter:data2\" content=\"1\u00a0Minute\" \/>\n<script type=\"application\/ld+json\" class=\"yoast-schema-graph\">{\"@context\":\"https:\/\/schema.org\",\"@graph\":[{\"@type\":\"WebPage\",\"@id\":\"https:\/\/blog.zeit.de\/joerglau\/2007\/12\/03\/der-unaufhaltsame-aufstieg-des-kopftuchs_927\",\"url\":\"https:\/\/blog.zeit.de\/joerglau\/2007\/12\/03\/der-unaufhaltsame-aufstieg-des-kopftuchs_927\",\"name\":\"Der unaufhaltsame Aufstieg des Kopftuchs - J\u00f6rg Lau\",\"isPartOf\":{\"@id\":\"https:\/\/blog.zeit.de\/joerglau\/#website\"},\"datePublished\":\"2007-12-03T13:27:37+00:00\",\"dateModified\":\"2007-12-03T13:27:37+00:00\",\"author\":{\"@id\":\"https:\/\/blog.zeit.de\/joerglau\/#\/schema\/person\/55f0be9bfac24815791fbc852b042f57\"},\"breadcrumb\":{\"@id\":\"https:\/\/blog.zeit.de\/joerglau\/2007\/12\/03\/der-unaufhaltsame-aufstieg-des-kopftuchs_927#breadcrumb\"},\"inLanguage\":\"de\",\"potentialAction\":[{\"@type\":\"ReadAction\",\"target\":[\"https:\/\/blog.zeit.de\/joerglau\/2007\/12\/03\/der-unaufhaltsame-aufstieg-des-kopftuchs_927\"]}]},{\"@type\":\"BreadcrumbList\",\"@id\":\"https:\/\/blog.zeit.de\/joerglau\/2007\/12\/03\/der-unaufhaltsame-aufstieg-des-kopftuchs_927#breadcrumb\",\"itemListElement\":[{\"@type\":\"ListItem\",\"position\":1,\"name\":\"Startseite\",\"item\":\"https:\/\/blog.zeit.de\/joerglau\"},{\"@type\":\"ListItem\",\"position\":2,\"name\":\"Der unaufhaltsame Aufstieg des Kopftuchs\"}]},{\"@type\":\"WebSite\",\"@id\":\"https:\/\/blog.zeit.de\/joerglau\/#website\",\"url\":\"https:\/\/blog.zeit.de\/joerglau\/\",\"name\":\"J\u00f6rg Lau\",\"description\":\"Ein Blog \u00fcber Religion und Politik\",\"potentialAction\":[{\"@type\":\"SearchAction\",\"target\":{\"@type\":\"EntryPoint\",\"urlTemplate\":\"https:\/\/blog.zeit.de\/joerglau\/?s={search_term_string}\"},\"query-input\":\"required name=search_term_string\"}],\"inLanguage\":\"de\"},{\"@type\":\"Person\",\"@id\":\"https:\/\/blog.zeit.de\/joerglau\/#\/schema\/person\/55f0be9bfac24815791fbc852b042f57\",\"name\":\"J\u00f6rg Lau\",\"image\":{\"@type\":\"ImageObject\",\"inLanguage\":\"de\",\"@id\":\"https:\/\/blog.zeit.de\/joerglau\/#\/schema\/person\/image\/\",\"url\":\"https:\/\/secure.gravatar.com\/avatar\/a5fe39bf4f5335b8bac36eefa0b41467221b1598bfea5f05159a0199e391eed0?s=96&d=mm&r=g\",\"contentUrl\":\"https:\/\/secure.gravatar.com\/avatar\/a5fe39bf4f5335b8bac36eefa0b41467221b1598bfea5f05159a0199e391eed0?s=96&d=mm&r=g\",\"caption\":\"J\u00f6rg Lau\"},\"url\":\"https:\/\/blog.zeit.de\/joerglau\/author\/joerg-lau\"}]}<\/script>\n<!-- \/ Yoast SEO plugin. -->","yoast_head_json":{"title":"Der unaufhaltsame Aufstieg des Kopftuchs - J\u00f6rg Lau","robots":{"index":"index","follow":"follow","max-snippet":"max-snippet:-1","max-image-preview":"max-image-preview:large","max-video-preview":"max-video-preview:-1"},"canonical":"https:\/\/blog.zeit.de\/joerglau\/2007\/12\/03\/der-unaufhaltsame-aufstieg-des-kopftuchs_927","og_locale":"de_DE","og_type":"article","og_title":"Der unaufhaltsame Aufstieg des Kopftuchs - J\u00f6rg Lau","og_description":"In einer breit angelegten Studie hat die die t\u00fcrkische Tageszeitung MILLIYET die Entwicklung bei der H\u00e4ufigkeit des Kopftuchtragens in der T\u00fcrkei messen lassen. Die heutige Europa-Ausgabe pr\u00e4sentiert die Ergebnisse als Aufmacher. Innerhalb der letzten vier Jahre hat sich die Zahl der &#8222;T\u00fcrban&#8220;-Tr\u00e4gerinnen sich vervierfacht. (Der T\u00fcrban wird eng gewickelt und bedeckt auch den Hals der [&hellip;]","og_url":"https:\/\/blog.zeit.de\/joerglau\/2007\/12\/03\/der-unaufhaltsame-aufstieg-des-kopftuchs_927","og_site_name":"J\u00f6rg Lau","article_published_time":"2007-12-03T13:27:37+00:00","author":"J\u00f6rg Lau","twitter_card":"summary_large_image","twitter_misc":{"Geschrieben von":"J\u00f6rg Lau","Gesch\u00e4tzte Lesezeit":"1\u00a0Minute"},"schema":{"@context":"https:\/\/schema.org","@graph":[{"@type":"WebPage","@id":"https:\/\/blog.zeit.de\/joerglau\/2007\/12\/03\/der-unaufhaltsame-aufstieg-des-kopftuchs_927","url":"https:\/\/blog.zeit.de\/joerglau\/2007\/12\/03\/der-unaufhaltsame-aufstieg-des-kopftuchs_927","name":"Der unaufhaltsame Aufstieg des Kopftuchs - J\u00f6rg Lau","isPartOf":{"@id":"https:\/\/blog.zeit.de\/joerglau\/#website"},"datePublished":"2007-12-03T13:27:37+00:00","dateModified":"2007-12-03T13:27:37+00:00","author":{"@id":"https:\/\/blog.zeit.de\/joerglau\/#\/schema\/person\/55f0be9bfac24815791fbc852b042f57"},"breadcrumb":{"@id":"https:\/\/blog.zeit.de\/joerglau\/2007\/12\/03\/der-unaufhaltsame-aufstieg-des-kopftuchs_927#breadcrumb"},"inLanguage":"de","potentialAction":[{"@type":"ReadAction","target":["https:\/\/blog.zeit.de\/joerglau\/2007\/12\/03\/der-unaufhaltsame-aufstieg-des-kopftuchs_927"]}]},{"@type":"BreadcrumbList","@id":"https:\/\/blog.zeit.de\/joerglau\/2007\/12\/03\/der-unaufhaltsame-aufstieg-des-kopftuchs_927#breadcrumb","itemListElement":[{"@type":"ListItem","position":1,"name":"Startseite","item":"https:\/\/blog.zeit.de\/joerglau"},{"@type":"ListItem","position":2,"name":"Der unaufhaltsame Aufstieg des Kopftuchs"}]},{"@type":"WebSite","@id":"https:\/\/blog.zeit.de\/joerglau\/#website","url":"https:\/\/blog.zeit.de\/joerglau\/","name":"J\u00f6rg Lau","description":"Ein Blog \u00fcber Religion und Politik","potentialAction":[{"@type":"SearchAction","target":{"@type":"EntryPoint","urlTemplate":"https:\/\/blog.zeit.de\/joerglau\/?s={search_term_string}"},"query-input":"required name=search_term_string"}],"inLanguage":"de"},{"@type":"Person","@id":"https:\/\/blog.zeit.de\/joerglau\/#\/schema\/person\/55f0be9bfac24815791fbc852b042f57","name":"J\u00f6rg Lau","image":{"@type":"ImageObject","inLanguage":"de","@id":"https:\/\/blog.zeit.de\/joerglau\/#\/schema\/person\/image\/","url":"https:\/\/secure.gravatar.com\/avatar\/a5fe39bf4f5335b8bac36eefa0b41467221b1598bfea5f05159a0199e391eed0?s=96&d=mm&r=g","contentUrl":"https:\/\/secure.gravatar.com\/avatar\/a5fe39bf4f5335b8bac36eefa0b41467221b1598bfea5f05159a0199e391eed0?s=96&d=mm&r=g","caption":"J\u00f6rg Lau"},"url":"https:\/\/blog.zeit.de\/joerglau\/author\/joerg-lau"}]}},"jetpack_featured_media_url":"","jetpack_sharing_enabled":true,"jetpack_shortlink":"https:\/\/wp.me\/pG02W-eX","_links":{"self":[{"href":"https:\/\/blog.zeit.de\/joerglau\/wp-json\/wp\/v2\/posts\/927","targetHints":{"allow":["GET"]}}],"collection":[{"href":"https:\/\/blog.zeit.de\/joerglau\/wp-json\/wp\/v2\/posts"}],"about":[{"href":"https:\/\/blog.zeit.de\/joerglau\/wp-json\/wp\/v2\/types\/post"}],"author":[{"embeddable":true,"href":"https:\/\/blog.zeit.de\/joerglau\/wp-json\/wp\/v2\/users\/54"}],"replies":[{"embeddable":true,"href":"https:\/\/blog.zeit.de\/joerglau\/wp-json\/wp\/v2\/comments?post=927"}],"version-history":[{"count":0,"href":"https:\/\/blog.zeit.de\/joerglau\/wp-json\/wp\/v2\/posts\/927\/revisions"}],"wp:attachment":[{"href":"https:\/\/blog.zeit.de\/joerglau\/wp-json\/wp\/v2\/media?parent=927"}],"wp:term":[{"taxonomy":"category","embeddable":true,"href":"https:\/\/blog.zeit.de\/joerglau\/wp-json\/wp\/v2\/categories?post=927"},{"taxonomy":"post_tag","embeddable":true,"href":"https:\/\/blog.zeit.de\/joerglau\/wp-json\/wp\/v2\/tags?post=927"}],"curies":[{"name":"wp","href":"https:\/\/api.w.org\/{rel}","templated":true}]}}