{"id":946,"date":"2007-12-18T14:23:25","date_gmt":"2007-12-18T12:23:25","guid":{"rendered":"http:\/\/blog.zeit.de\/joerglau\/2007\/12\/18\/ein-hauptschullehrer-gibt-auf_946"},"modified":"2007-12-18T14:23:25","modified_gmt":"2007-12-18T12:23:25","slug":"ein-hauptschullehrer-gibt-auf","status":"publish","type":"post","link":"https:\/\/blog.zeit.de\/joerglau\/2007\/12\/18\/ein-hauptschullehrer-gibt-auf_946","title":{"rendered":"Ein Hauptschullehrer gibt auf"},"content":{"rendered":"<p>Bewegendes Dokument in der taz: Ein Hauptschullehrer schreibt \u00fcber seine jahrzehntelange Berufserfahrung.<\/p>\n<p>\tWolfgang Schenk, 59 Jahre, bekennender Linker (bei Adorno studiert, sp\u00e4ter Maoist), seit 1972 als &#8222;Idealist&#8220; an drei Berliner Hauptschulen t\u00e4tig, ist in den vorzeitigen Ruhestand gegangen. Schenk war in den Achtzigern schulpolitischer Sprecher der Gr\u00fcnen in Berlin und Mitglied der GEW. Beides hat er aufgegeben. Das Res\u00fcmee eines Ausgebrannten ist eine Besorgnis erregende Lekt\u00fcre. Auch auf die Einwanderungspolitik kommt er zu sprechen.<\/p>\n<p>\tZitat:<\/p>\n<p class=\"artikeltext\">&#8222;Auch die ethnische Herkunft spielt eine entscheidende Rolle. T\u00fcrkischst\u00e4mmige Einwanderer stellen einen gro\u00dfen Teil der Unterschicht. Die erste Generation der t\u00fcrkischen Kinder war lernwillig, sie wollte gut sein. Die Eltern kamen noch zu jedem Elternabend, auch wenn sie kaum Deutsch sprachen, ihr Kind sollte etwas werden in Deutschland.<\/p>\n<p class=\"artikeltext\"> Dann machten sich an den Hauptschulen schnell die Fehler der deutschen Einwanderungspolitik bemerkbar. Nach Berlin kamen viele bildungsferne, anatolische Bauern, wenig t\u00fcrkischer Mittelstand. Der Staat duldet noch immer aus falsch verstandener Toleranz, dass junge t\u00fcrkische Frauen f\u00fcr arrangierte Ehen nachgeholt werden. Was das bedeutet, merken wir in den Schulklassen: Die Jungs spielen ihre Mackerrolle, fassen jede Kritik als Frontalangriff auf und reagieren schnell mit Gewalt. Die M\u00e4dchen sind eifrig, aber mit zw\u00f6lf, dreizehn Jahren sitzen sie pl\u00f6tzlich mit Kopftuch in der Klasse und werden vom Sport- oder Biologieunterricht abgemeldet. Ihre Eltern sind nicht daran interessiert, in der Gesellschaft anzukommen, ihre Kinder sollen es auch nicht. Gegen diese Integrationsh\u00fcrden ist von der Schule aus kaum anzukommen.&#8220;<\/p>\n<p class=\"artikeltext\">&nbsp;<\/p>\n<p class=\"artikeltext\">Der ganze Text <a href=\"http:\/\/www.taz.de\/1\/leben\/alltag\/artikel\/1\/ein-idealist-packt-aus\/?src=ST&amp;cHash=5d825f3997\">hier<\/a>.<\/p>\n","protected":false},"excerpt":{"rendered":"<p>Bewegendes Dokument in der taz: Ein Hauptschullehrer schreibt \u00fcber seine jahrzehntelange Berufserfahrung. Wolfgang Schenk, 59 Jahre, bekennender Linker (bei Adorno studiert, sp\u00e4ter Maoist), seit 1972 als &#8222;Idealist&#8220; an drei Berliner Hauptschulen t\u00e4tig, ist in den vorzeitigen Ruhestand gegangen. Schenk war in den Achtzigern schulpolitischer Sprecher der Gr\u00fcnen in Berlin und Mitglied der GEW. Beides hat [&hellip;]<\/p>\n","protected":false},"author":54,"featured_media":0,"comment_status":"open","ping_status":"closed","sticky":false,"template":"","format":"standard","meta":{"jetpack_post_was_ever_published":false,"footnotes":""},"categories":[155,163],"tags":[],"class_list":["post-946","post","type-post","status-publish","format-standard","hentry","category-debatte","category-integration"],"yoast_head":"<!-- This site is optimized with the Yoast SEO plugin v21.0 - https:\/\/yoast.com\/wordpress\/plugins\/seo\/ -->\n<title>Ein Hauptschullehrer gibt auf - J\u00f6rg Lau<\/title>\n<meta name=\"robots\" content=\"index, follow, max-snippet:-1, max-image-preview:large, max-video-preview:-1\" \/>\n<link rel=\"canonical\" href=\"https:\/\/blog.zeit.de\/joerglau\/2007\/12\/18\/ein-hauptschullehrer-gibt-auf_946\" \/>\n<meta property=\"og:locale\" content=\"de_DE\" \/>\n<meta property=\"og:type\" content=\"article\" \/>\n<meta property=\"og:title\" content=\"Ein Hauptschullehrer gibt auf - J\u00f6rg Lau\" \/>\n<meta property=\"og:description\" content=\"Bewegendes Dokument in der taz: Ein Hauptschullehrer schreibt \u00fcber seine jahrzehntelange Berufserfahrung. Wolfgang Schenk, 59 Jahre, bekennender Linker (bei Adorno studiert, sp\u00e4ter Maoist), seit 1972 als &#8222;Idealist&#8220; an drei Berliner Hauptschulen t\u00e4tig, ist in den vorzeitigen Ruhestand gegangen. Schenk war in den Achtzigern schulpolitischer Sprecher der Gr\u00fcnen in Berlin und Mitglied der GEW. Beides hat [&hellip;]\" \/>\n<meta property=\"og:url\" content=\"https:\/\/blog.zeit.de\/joerglau\/2007\/12\/18\/ein-hauptschullehrer-gibt-auf_946\" \/>\n<meta property=\"og:site_name\" content=\"J\u00f6rg Lau\" \/>\n<meta property=\"article:published_time\" content=\"2007-12-18T12:23:25+00:00\" \/>\n<meta name=\"author\" content=\"J\u00f6rg Lau\" \/>\n<meta name=\"twitter:card\" content=\"summary_large_image\" \/>\n<meta name=\"twitter:label1\" content=\"Geschrieben von\" \/>\n\t<meta name=\"twitter:data1\" content=\"J\u00f6rg Lau\" \/>\n\t<meta name=\"twitter:label2\" content=\"Gesch\u00e4tzte Lesezeit\" \/>\n\t<meta name=\"twitter:data2\" content=\"1\u00a0Minute\" \/>\n<script type=\"application\/ld+json\" class=\"yoast-schema-graph\">{\"@context\":\"https:\/\/schema.org\",\"@graph\":[{\"@type\":\"WebPage\",\"@id\":\"https:\/\/blog.zeit.de\/joerglau\/2007\/12\/18\/ein-hauptschullehrer-gibt-auf_946\",\"url\":\"https:\/\/blog.zeit.de\/joerglau\/2007\/12\/18\/ein-hauptschullehrer-gibt-auf_946\",\"name\":\"Ein Hauptschullehrer gibt auf - J\u00f6rg Lau\",\"isPartOf\":{\"@id\":\"https:\/\/blog.zeit.de\/joerglau\/#website\"},\"datePublished\":\"2007-12-18T12:23:25+00:00\",\"dateModified\":\"2007-12-18T12:23:25+00:00\",\"author\":{\"@id\":\"https:\/\/blog.zeit.de\/joerglau\/#\/schema\/person\/55f0be9bfac24815791fbc852b042f57\"},\"breadcrumb\":{\"@id\":\"https:\/\/blog.zeit.de\/joerglau\/2007\/12\/18\/ein-hauptschullehrer-gibt-auf_946#breadcrumb\"},\"inLanguage\":\"de\",\"potentialAction\":[{\"@type\":\"ReadAction\",\"target\":[\"https:\/\/blog.zeit.de\/joerglau\/2007\/12\/18\/ein-hauptschullehrer-gibt-auf_946\"]}]},{\"@type\":\"BreadcrumbList\",\"@id\":\"https:\/\/blog.zeit.de\/joerglau\/2007\/12\/18\/ein-hauptschullehrer-gibt-auf_946#breadcrumb\",\"itemListElement\":[{\"@type\":\"ListItem\",\"position\":1,\"name\":\"Startseite\",\"item\":\"https:\/\/blog.zeit.de\/joerglau\"},{\"@type\":\"ListItem\",\"position\":2,\"name\":\"Ein Hauptschullehrer gibt auf\"}]},{\"@type\":\"WebSite\",\"@id\":\"https:\/\/blog.zeit.de\/joerglau\/#website\",\"url\":\"https:\/\/blog.zeit.de\/joerglau\/\",\"name\":\"J\u00f6rg Lau\",\"description\":\"Ein Blog \u00fcber Religion und Politik\",\"potentialAction\":[{\"@type\":\"SearchAction\",\"target\":{\"@type\":\"EntryPoint\",\"urlTemplate\":\"https:\/\/blog.zeit.de\/joerglau\/?s={search_term_string}\"},\"query-input\":\"required name=search_term_string\"}],\"inLanguage\":\"de\"},{\"@type\":\"Person\",\"@id\":\"https:\/\/blog.zeit.de\/joerglau\/#\/schema\/person\/55f0be9bfac24815791fbc852b042f57\",\"name\":\"J\u00f6rg Lau\",\"image\":{\"@type\":\"ImageObject\",\"inLanguage\":\"de\",\"@id\":\"https:\/\/blog.zeit.de\/joerglau\/#\/schema\/person\/image\/\",\"url\":\"https:\/\/secure.gravatar.com\/avatar\/a5fe39bf4f5335b8bac36eefa0b41467221b1598bfea5f05159a0199e391eed0?s=96&d=mm&r=g\",\"contentUrl\":\"https:\/\/secure.gravatar.com\/avatar\/a5fe39bf4f5335b8bac36eefa0b41467221b1598bfea5f05159a0199e391eed0?s=96&d=mm&r=g\",\"caption\":\"J\u00f6rg Lau\"},\"url\":\"https:\/\/blog.zeit.de\/joerglau\/author\/joerg-lau\"}]}<\/script>\n<!-- \/ Yoast SEO plugin. -->","yoast_head_json":{"title":"Ein Hauptschullehrer gibt auf - J\u00f6rg Lau","robots":{"index":"index","follow":"follow","max-snippet":"max-snippet:-1","max-image-preview":"max-image-preview:large","max-video-preview":"max-video-preview:-1"},"canonical":"https:\/\/blog.zeit.de\/joerglau\/2007\/12\/18\/ein-hauptschullehrer-gibt-auf_946","og_locale":"de_DE","og_type":"article","og_title":"Ein Hauptschullehrer gibt auf - J\u00f6rg Lau","og_description":"Bewegendes Dokument in der taz: Ein Hauptschullehrer schreibt \u00fcber seine jahrzehntelange Berufserfahrung. Wolfgang Schenk, 59 Jahre, bekennender Linker (bei Adorno studiert, sp\u00e4ter Maoist), seit 1972 als &#8222;Idealist&#8220; an drei Berliner Hauptschulen t\u00e4tig, ist in den vorzeitigen Ruhestand gegangen. Schenk war in den Achtzigern schulpolitischer Sprecher der Gr\u00fcnen in Berlin und Mitglied der GEW. Beides hat [&hellip;]","og_url":"https:\/\/blog.zeit.de\/joerglau\/2007\/12\/18\/ein-hauptschullehrer-gibt-auf_946","og_site_name":"J\u00f6rg Lau","article_published_time":"2007-12-18T12:23:25+00:00","author":"J\u00f6rg Lau","twitter_card":"summary_large_image","twitter_misc":{"Geschrieben von":"J\u00f6rg Lau","Gesch\u00e4tzte Lesezeit":"1\u00a0Minute"},"schema":{"@context":"https:\/\/schema.org","@graph":[{"@type":"WebPage","@id":"https:\/\/blog.zeit.de\/joerglau\/2007\/12\/18\/ein-hauptschullehrer-gibt-auf_946","url":"https:\/\/blog.zeit.de\/joerglau\/2007\/12\/18\/ein-hauptschullehrer-gibt-auf_946","name":"Ein Hauptschullehrer gibt auf - J\u00f6rg Lau","isPartOf":{"@id":"https:\/\/blog.zeit.de\/joerglau\/#website"},"datePublished":"2007-12-18T12:23:25+00:00","dateModified":"2007-12-18T12:23:25+00:00","author":{"@id":"https:\/\/blog.zeit.de\/joerglau\/#\/schema\/person\/55f0be9bfac24815791fbc852b042f57"},"breadcrumb":{"@id":"https:\/\/blog.zeit.de\/joerglau\/2007\/12\/18\/ein-hauptschullehrer-gibt-auf_946#breadcrumb"},"inLanguage":"de","potentialAction":[{"@type":"ReadAction","target":["https:\/\/blog.zeit.de\/joerglau\/2007\/12\/18\/ein-hauptschullehrer-gibt-auf_946"]}]},{"@type":"BreadcrumbList","@id":"https:\/\/blog.zeit.de\/joerglau\/2007\/12\/18\/ein-hauptschullehrer-gibt-auf_946#breadcrumb","itemListElement":[{"@type":"ListItem","position":1,"name":"Startseite","item":"https:\/\/blog.zeit.de\/joerglau"},{"@type":"ListItem","position":2,"name":"Ein Hauptschullehrer gibt auf"}]},{"@type":"WebSite","@id":"https:\/\/blog.zeit.de\/joerglau\/#website","url":"https:\/\/blog.zeit.de\/joerglau\/","name":"J\u00f6rg Lau","description":"Ein Blog \u00fcber Religion und Politik","potentialAction":[{"@type":"SearchAction","target":{"@type":"EntryPoint","urlTemplate":"https:\/\/blog.zeit.de\/joerglau\/?s={search_term_string}"},"query-input":"required name=search_term_string"}],"inLanguage":"de"},{"@type":"Person","@id":"https:\/\/blog.zeit.de\/joerglau\/#\/schema\/person\/55f0be9bfac24815791fbc852b042f57","name":"J\u00f6rg Lau","image":{"@type":"ImageObject","inLanguage":"de","@id":"https:\/\/blog.zeit.de\/joerglau\/#\/schema\/person\/image\/","url":"https:\/\/secure.gravatar.com\/avatar\/a5fe39bf4f5335b8bac36eefa0b41467221b1598bfea5f05159a0199e391eed0?s=96&d=mm&r=g","contentUrl":"https:\/\/secure.gravatar.com\/avatar\/a5fe39bf4f5335b8bac36eefa0b41467221b1598bfea5f05159a0199e391eed0?s=96&d=mm&r=g","caption":"J\u00f6rg Lau"},"url":"https:\/\/blog.zeit.de\/joerglau\/author\/joerg-lau"}]}},"jetpack_featured_media_url":"","jetpack_sharing_enabled":true,"jetpack_shortlink":"https:\/\/wp.me\/pG02W-fg","_links":{"self":[{"href":"https:\/\/blog.zeit.de\/joerglau\/wp-json\/wp\/v2\/posts\/946","targetHints":{"allow":["GET"]}}],"collection":[{"href":"https:\/\/blog.zeit.de\/joerglau\/wp-json\/wp\/v2\/posts"}],"about":[{"href":"https:\/\/blog.zeit.de\/joerglau\/wp-json\/wp\/v2\/types\/post"}],"author":[{"embeddable":true,"href":"https:\/\/blog.zeit.de\/joerglau\/wp-json\/wp\/v2\/users\/54"}],"replies":[{"embeddable":true,"href":"https:\/\/blog.zeit.de\/joerglau\/wp-json\/wp\/v2\/comments?post=946"}],"version-history":[{"count":0,"href":"https:\/\/blog.zeit.de\/joerglau\/wp-json\/wp\/v2\/posts\/946\/revisions"}],"wp:attachment":[{"href":"https:\/\/blog.zeit.de\/joerglau\/wp-json\/wp\/v2\/media?parent=946"}],"wp:term":[{"taxonomy":"category","embeddable":true,"href":"https:\/\/blog.zeit.de\/joerglau\/wp-json\/wp\/v2\/categories?post=946"},{"taxonomy":"post_tag","embeddable":true,"href":"https:\/\/blog.zeit.de\/joerglau\/wp-json\/wp\/v2\/tags?post=946"}],"curies":[{"name":"wp","href":"https:\/\/api.w.org\/{rel}","templated":true}]}}