{"id":990,"date":"2008-01-23T13:27:29","date_gmt":"2008-01-23T11:27:29","guid":{"rendered":"http:\/\/blog.zeit.de\/joerglau\/2008\/01\/23\/deutschturken-appellieren-an-die-cdu_990"},"modified":"2008-01-23T13:27:29","modified_gmt":"2008-01-23T11:27:29","slug":"deutschturken-appellieren-an-die-cdu","status":"publish","type":"post","link":"https:\/\/blog.zeit.de\/joerglau\/2008\/01\/23\/deutschturken-appellieren-an-die-cdu_990","title":{"rendered":"Deutscht\u00fcrken appellieren an die CDU"},"content":{"rendered":"<p>Morgen in der ZEIT: Ein Aufruf prominenter Deutscht\u00fcrken an die CDU, die Debatte \u00fcber Jugendkriminalit\u00e4t zu versachlichen.<br \/>\n\tDer Berliner Gr\u00fcne \u00d6zcan Mutlu hat die Sache initiert und Schauspieler, S\u00e4nger, Sportler, TV-Moderatoren und Autoren haben unterschrieben.<br \/>\n\tIch finde dies einen wichtigen Appell, dessen sachlicher Ton mir zusagt. Ich habe mich darum daf\u00fcr eingesetzt, dass wir diesen Appell im Wortlaut ver\u00f6ffentlichen.<br \/>\n\tZitat:<\/p>\n<blockquote><p>&#8222;Wir bestreiten nicht, dass die Zahl der Mi\u00adgran\u00adten unter den jugendlichen Straft\u00e4tern hoch ist.<br \/>\n\tDaf\u00fcr gibt es Gr\u00fcnde, die ausf\u00fchrlich analysiert werden m\u00fcssen. Nur ist umgekehrt die \u00fcbergro\u00dfe Mehrheit junger M\u00e4nner mit Mi\u00adgra\u00adtions\u00adhin\u00adter\u00adgrund eben nicht kriminell. Das Dird bei der Debatte allzu gern vergessen. Daher sind wir besonders darum bem\u00fcht, L\u00f6sungen f\u00fcr die ernste Problematik zu suchen. Zur L\u00f6sungsfindung geh\u00f6rt sicherlich auch, das Problem zu benennen und dar\u00fcber zu diskutieren. Jedoch muss diese Diskussion sachlich, konstruktiv und \u00adl\u00f6sungsorientiert gef\u00fchrt werden. Roland Koch s\u00adpaltet mit seinen rechtspopulistischen \u00c4u\u00dferungen die Gesellschaft und gef\u00e4hrdet damit die langsam gedeihende Integrationspolitik. Die Unionsparteien m\u00fcssen bei der Diskussion endlich anerkennen, dass das Problem kein ethnisches ist, sondern, wie zahlreiche wissenschaftliche Untersuchungen zeigen, ein soziales!<br \/>\n\tJe mehr sich sozial benachteiligte Milieus eta\u00adblieren, desto gravierender wird auch die Gewaltproblematik werden. Besonders in den Migranten-Communitys fehlt es jungen M\u00e4nnern sehr oft an positiven Vorbildern, die sie respektieren und an denen sie sich orientieren k\u00f6nnen. Es fehlt ihnen \u00fcberhaupt an Perspektiven, an positiven Lebenserfahrungen und einem Selbstwertgef\u00fchl.&#8220;<\/p><\/blockquote>\n<p>\tDer Rest morgen an einem Kiosk Ihres Vertrauens.<\/p>\n","protected":false},"excerpt":{"rendered":"<p>Morgen in der ZEIT: Ein Aufruf prominenter Deutscht\u00fcrken an die CDU, die Debatte \u00fcber Jugendkriminalit\u00e4t zu versachlichen. Der Berliner Gr\u00fcne \u00d6zcan Mutlu hat die Sache initiert und Schauspieler, S\u00e4nger, Sportler, TV-Moderatoren und Autoren haben unterschrieben. Ich finde dies einen wichtigen Appell, dessen sachlicher Ton mir zusagt. Ich habe mich darum daf\u00fcr eingesetzt, dass wir diesen [&hellip;]<\/p>\n","protected":false},"author":54,"featured_media":0,"comment_status":"open","ping_status":"closed","sticky":false,"template":"","format":"standard","meta":{"jetpack_post_was_ever_published":false,"footnotes":""},"categories":[155,163],"tags":[],"class_list":["post-990","post","type-post","status-publish","format-standard","hentry","category-debatte","category-integration"],"yoast_head":"<!-- This site is optimized with the Yoast SEO plugin v21.0 - https:\/\/yoast.com\/wordpress\/plugins\/seo\/ -->\n<title>Deutscht\u00fcrken appellieren an die CDU - J\u00f6rg Lau<\/title>\n<meta name=\"robots\" content=\"index, follow, max-snippet:-1, max-image-preview:large, max-video-preview:-1\" \/>\n<link rel=\"canonical\" href=\"https:\/\/blog.zeit.de\/joerglau\/2008\/01\/23\/deutschturken-appellieren-an-die-cdu_990\" \/>\n<meta property=\"og:locale\" content=\"de_DE\" \/>\n<meta property=\"og:type\" content=\"article\" \/>\n<meta property=\"og:title\" content=\"Deutscht\u00fcrken appellieren an die CDU - J\u00f6rg Lau\" \/>\n<meta property=\"og:description\" content=\"Morgen in der ZEIT: Ein Aufruf prominenter Deutscht\u00fcrken an die CDU, die Debatte \u00fcber Jugendkriminalit\u00e4t zu versachlichen. Der Berliner Gr\u00fcne \u00d6zcan Mutlu hat die Sache initiert und Schauspieler, S\u00e4nger, Sportler, TV-Moderatoren und Autoren haben unterschrieben. Ich finde dies einen wichtigen Appell, dessen sachlicher Ton mir zusagt. Ich habe mich darum daf\u00fcr eingesetzt, dass wir diesen [&hellip;]\" \/>\n<meta property=\"og:url\" content=\"https:\/\/blog.zeit.de\/joerglau\/2008\/01\/23\/deutschturken-appellieren-an-die-cdu_990\" \/>\n<meta property=\"og:site_name\" content=\"J\u00f6rg Lau\" \/>\n<meta property=\"article:published_time\" content=\"2008-01-23T11:27:29+00:00\" \/>\n<meta name=\"author\" content=\"J\u00f6rg Lau\" \/>\n<meta name=\"twitter:card\" content=\"summary_large_image\" \/>\n<meta name=\"twitter:label1\" content=\"Geschrieben von\" \/>\n\t<meta name=\"twitter:data1\" content=\"J\u00f6rg Lau\" \/>\n\t<meta name=\"twitter:label2\" content=\"Gesch\u00e4tzte Lesezeit\" \/>\n\t<meta name=\"twitter:data2\" content=\"1\u00a0Minute\" \/>\n<script type=\"application\/ld+json\" class=\"yoast-schema-graph\">{\"@context\":\"https:\/\/schema.org\",\"@graph\":[{\"@type\":\"WebPage\",\"@id\":\"https:\/\/blog.zeit.de\/joerglau\/2008\/01\/23\/deutschturken-appellieren-an-die-cdu_990\",\"url\":\"https:\/\/blog.zeit.de\/joerglau\/2008\/01\/23\/deutschturken-appellieren-an-die-cdu_990\",\"name\":\"Deutscht\u00fcrken appellieren an die CDU - J\u00f6rg Lau\",\"isPartOf\":{\"@id\":\"https:\/\/blog.zeit.de\/joerglau\/#website\"},\"datePublished\":\"2008-01-23T11:27:29+00:00\",\"dateModified\":\"2008-01-23T11:27:29+00:00\",\"author\":{\"@id\":\"https:\/\/blog.zeit.de\/joerglau\/#\/schema\/person\/55f0be9bfac24815791fbc852b042f57\"},\"breadcrumb\":{\"@id\":\"https:\/\/blog.zeit.de\/joerglau\/2008\/01\/23\/deutschturken-appellieren-an-die-cdu_990#breadcrumb\"},\"inLanguage\":\"de\",\"potentialAction\":[{\"@type\":\"ReadAction\",\"target\":[\"https:\/\/blog.zeit.de\/joerglau\/2008\/01\/23\/deutschturken-appellieren-an-die-cdu_990\"]}]},{\"@type\":\"BreadcrumbList\",\"@id\":\"https:\/\/blog.zeit.de\/joerglau\/2008\/01\/23\/deutschturken-appellieren-an-die-cdu_990#breadcrumb\",\"itemListElement\":[{\"@type\":\"ListItem\",\"position\":1,\"name\":\"Startseite\",\"item\":\"https:\/\/blog.zeit.de\/joerglau\"},{\"@type\":\"ListItem\",\"position\":2,\"name\":\"Deutscht\u00fcrken appellieren an die CDU\"}]},{\"@type\":\"WebSite\",\"@id\":\"https:\/\/blog.zeit.de\/joerglau\/#website\",\"url\":\"https:\/\/blog.zeit.de\/joerglau\/\",\"name\":\"J\u00f6rg Lau\",\"description\":\"Ein Blog \u00fcber Religion und Politik\",\"potentialAction\":[{\"@type\":\"SearchAction\",\"target\":{\"@type\":\"EntryPoint\",\"urlTemplate\":\"https:\/\/blog.zeit.de\/joerglau\/?s={search_term_string}\"},\"query-input\":\"required name=search_term_string\"}],\"inLanguage\":\"de\"},{\"@type\":\"Person\",\"@id\":\"https:\/\/blog.zeit.de\/joerglau\/#\/schema\/person\/55f0be9bfac24815791fbc852b042f57\",\"name\":\"J\u00f6rg Lau\",\"image\":{\"@type\":\"ImageObject\",\"inLanguage\":\"de\",\"@id\":\"https:\/\/blog.zeit.de\/joerglau\/#\/schema\/person\/image\/\",\"url\":\"https:\/\/secure.gravatar.com\/avatar\/a5fe39bf4f5335b8bac36eefa0b41467221b1598bfea5f05159a0199e391eed0?s=96&d=mm&r=g\",\"contentUrl\":\"https:\/\/secure.gravatar.com\/avatar\/a5fe39bf4f5335b8bac36eefa0b41467221b1598bfea5f05159a0199e391eed0?s=96&d=mm&r=g\",\"caption\":\"J\u00f6rg Lau\"},\"url\":\"https:\/\/blog.zeit.de\/joerglau\/author\/joerg-lau\"}]}<\/script>\n<!-- \/ Yoast SEO plugin. -->","yoast_head_json":{"title":"Deutscht\u00fcrken appellieren an die CDU - J\u00f6rg Lau","robots":{"index":"index","follow":"follow","max-snippet":"max-snippet:-1","max-image-preview":"max-image-preview:large","max-video-preview":"max-video-preview:-1"},"canonical":"https:\/\/blog.zeit.de\/joerglau\/2008\/01\/23\/deutschturken-appellieren-an-die-cdu_990","og_locale":"de_DE","og_type":"article","og_title":"Deutscht\u00fcrken appellieren an die CDU - J\u00f6rg Lau","og_description":"Morgen in der ZEIT: Ein Aufruf prominenter Deutscht\u00fcrken an die CDU, die Debatte \u00fcber Jugendkriminalit\u00e4t zu versachlichen. Der Berliner Gr\u00fcne \u00d6zcan Mutlu hat die Sache initiert und Schauspieler, S\u00e4nger, Sportler, TV-Moderatoren und Autoren haben unterschrieben. Ich finde dies einen wichtigen Appell, dessen sachlicher Ton mir zusagt. Ich habe mich darum daf\u00fcr eingesetzt, dass wir diesen [&hellip;]","og_url":"https:\/\/blog.zeit.de\/joerglau\/2008\/01\/23\/deutschturken-appellieren-an-die-cdu_990","og_site_name":"J\u00f6rg Lau","article_published_time":"2008-01-23T11:27:29+00:00","author":"J\u00f6rg Lau","twitter_card":"summary_large_image","twitter_misc":{"Geschrieben von":"J\u00f6rg Lau","Gesch\u00e4tzte Lesezeit":"1\u00a0Minute"},"schema":{"@context":"https:\/\/schema.org","@graph":[{"@type":"WebPage","@id":"https:\/\/blog.zeit.de\/joerglau\/2008\/01\/23\/deutschturken-appellieren-an-die-cdu_990","url":"https:\/\/blog.zeit.de\/joerglau\/2008\/01\/23\/deutschturken-appellieren-an-die-cdu_990","name":"Deutscht\u00fcrken appellieren an die CDU - J\u00f6rg Lau","isPartOf":{"@id":"https:\/\/blog.zeit.de\/joerglau\/#website"},"datePublished":"2008-01-23T11:27:29+00:00","dateModified":"2008-01-23T11:27:29+00:00","author":{"@id":"https:\/\/blog.zeit.de\/joerglau\/#\/schema\/person\/55f0be9bfac24815791fbc852b042f57"},"breadcrumb":{"@id":"https:\/\/blog.zeit.de\/joerglau\/2008\/01\/23\/deutschturken-appellieren-an-die-cdu_990#breadcrumb"},"inLanguage":"de","potentialAction":[{"@type":"ReadAction","target":["https:\/\/blog.zeit.de\/joerglau\/2008\/01\/23\/deutschturken-appellieren-an-die-cdu_990"]}]},{"@type":"BreadcrumbList","@id":"https:\/\/blog.zeit.de\/joerglau\/2008\/01\/23\/deutschturken-appellieren-an-die-cdu_990#breadcrumb","itemListElement":[{"@type":"ListItem","position":1,"name":"Startseite","item":"https:\/\/blog.zeit.de\/joerglau"},{"@type":"ListItem","position":2,"name":"Deutscht\u00fcrken appellieren an die CDU"}]},{"@type":"WebSite","@id":"https:\/\/blog.zeit.de\/joerglau\/#website","url":"https:\/\/blog.zeit.de\/joerglau\/","name":"J\u00f6rg Lau","description":"Ein Blog \u00fcber Religion und Politik","potentialAction":[{"@type":"SearchAction","target":{"@type":"EntryPoint","urlTemplate":"https:\/\/blog.zeit.de\/joerglau\/?s={search_term_string}"},"query-input":"required name=search_term_string"}],"inLanguage":"de"},{"@type":"Person","@id":"https:\/\/blog.zeit.de\/joerglau\/#\/schema\/person\/55f0be9bfac24815791fbc852b042f57","name":"J\u00f6rg Lau","image":{"@type":"ImageObject","inLanguage":"de","@id":"https:\/\/blog.zeit.de\/joerglau\/#\/schema\/person\/image\/","url":"https:\/\/secure.gravatar.com\/avatar\/a5fe39bf4f5335b8bac36eefa0b41467221b1598bfea5f05159a0199e391eed0?s=96&d=mm&r=g","contentUrl":"https:\/\/secure.gravatar.com\/avatar\/a5fe39bf4f5335b8bac36eefa0b41467221b1598bfea5f05159a0199e391eed0?s=96&d=mm&r=g","caption":"J\u00f6rg Lau"},"url":"https:\/\/blog.zeit.de\/joerglau\/author\/joerg-lau"}]}},"jetpack_featured_media_url":"","jetpack_sharing_enabled":true,"jetpack_shortlink":"https:\/\/wp.me\/pG02W-fY","_links":{"self":[{"href":"https:\/\/blog.zeit.de\/joerglau\/wp-json\/wp\/v2\/posts\/990","targetHints":{"allow":["GET"]}}],"collection":[{"href":"https:\/\/blog.zeit.de\/joerglau\/wp-json\/wp\/v2\/posts"}],"about":[{"href":"https:\/\/blog.zeit.de\/joerglau\/wp-json\/wp\/v2\/types\/post"}],"author":[{"embeddable":true,"href":"https:\/\/blog.zeit.de\/joerglau\/wp-json\/wp\/v2\/users\/54"}],"replies":[{"embeddable":true,"href":"https:\/\/blog.zeit.de\/joerglau\/wp-json\/wp\/v2\/comments?post=990"}],"version-history":[{"count":0,"href":"https:\/\/blog.zeit.de\/joerglau\/wp-json\/wp\/v2\/posts\/990\/revisions"}],"wp:attachment":[{"href":"https:\/\/blog.zeit.de\/joerglau\/wp-json\/wp\/v2\/media?parent=990"}],"wp:term":[{"taxonomy":"category","embeddable":true,"href":"https:\/\/blog.zeit.de\/joerglau\/wp-json\/wp\/v2\/categories?post=990"},{"taxonomy":"post_tag","embeddable":true,"href":"https:\/\/blog.zeit.de\/joerglau\/wp-json\/wp\/v2\/tags?post=990"}],"curies":[{"name":"wp","href":"https:\/\/api.w.org\/{rel}","templated":true}]}}