{"id":481,"date":"2014-03-11T23:40:57","date_gmt":"2014-03-11T22:40:57","guid":{"rendered":"http:\/\/blog.zeit.de\/kabul\/?p=481"},"modified":"2014-03-13T08:44:20","modified_gmt":"2014-03-13T07:44:20","slug":"meine-erste-afghanische-hochzeit","status":"publish","type":"post","link":"https:\/\/blog.zeit.de\/kabul\/2014\/03\/11\/meine-erste-afghanische-hochzeit\/","title":{"rendered":"Meine erste afghanische Hochzeit"},"content":{"rendered":"<p><a href=\"https:\/\/blog.zeit.de\/kabul\/2014\/03\/12\/meine-erste-afghanische-hochzeit\/img_0659\/\" rel=\"attachment wp-att-482\"><img loading=\"lazy\" decoding=\"async\" class=\"alignnone size-medium wp-image-482\" alt=\"IMG_0659\" src=\"https:\/\/blog.zeit.de\/kabul\/files\/2014\/03\/IMG_0659-580x341.jpg\" width=\"580\" height=\"341\" srcset=\"https:\/\/blog.zeit.de\/kabul\/files\/2014\/03\/IMG_0659-580x341.jpg 580w, https:\/\/blog.zeit.de\/kabul\/files\/2014\/03\/IMG_0659.jpg 951w\" sizes=\"auto, (max-width: 580px) 100vw, 580px\" \/><\/a><\/p>\n<p>Vor einer Woche kam mein Dari-Lehrer mit einem wei\u00dfen Umschlag ins Wohnzimmer. &#8222;Ich hoffe, ihr kommt zu meiner Party&#8220;, sagte er. &#8222;Was gibt&#8217;s denn zu feiern?&#8220; &#8222;Ich heirate!&#8220;<\/p>\n<p>Heute also: meine erste afghanische Hochzeit. M\u00e4nner und Frauen feiern in einem Saal und trotzdem getrennt \u2013 in der Mitte sind Pappw\u00e4nde aufgestellt. Frauen und M\u00e4nner tanzen zur gleichen Musik und trotzdem auf zwei verschiedenen Festen. Der Foto-Abgleich danach zeigt, die M\u00e4nner tanzen ziemlich anz\u00fcglich miteinander, die Frauen eher elegant. Spa\u00df haben beide. Nach einer Weile kommen der Br\u00e4utigam und sein Bruder auf die andere Seite der Pappwand. Die M\u00e4nner tanzen mit den Schwestern der Familie. Br\u00e4utigam und Braut sitzen auf einem Thron und beobachten das Ganze. Danach verschwinden sie in ein anderes Zimmer. Sie essen gemeinsam, machen Fotos, lassen sich gratulieren und ziehen sich um f\u00fcr die restliche Party: Statt traditionellen Gew\u00e4ndern gibt es nun Anzug und ein wei\u00dfes Kleid.<\/p>\n<p>Als wir um elf Uhr ein Taxi bestellen, ist die Schwester des Br\u00e4utigams entsetzt: &#8222;Es ist noch viel zu fr\u00fch!&#8220; Der Br\u00e4utigam fragt: &#8222;Hat&#8217;s dir gefallen? War das Essen gut?&#8220; &#8222;Gut schon&#8220;, sage ich, &#8222;aber ein bisschen wenig&#8220;. Der Br\u00e4utigam f\u00e4ngt an zu lachen. Zu wenig Essen auf einer afghanischen Hochzeit \u2013 das kann nur ein Witz sein.<\/p>\n<p>Folgen Sie mir! @vonwurmbseibel<\/p>\n","protected":false},"excerpt":{"rendered":"<p>Vor einer Woche kam mein Dari-Lehrer mit einem wei\u00dfen Umschlag ins Wohnzimmer. &#8222;Ich hoffe, ihr kommt zu meiner Party&#8220;, sagte er. &#8222;Was gibt&#8217;s denn zu feiern?&#8220; &#8222;Ich heirate!&#8220; Heute also: meine erste afghanische Hochzeit. M\u00e4nner und Frauen feiern in einem Saal und trotzdem getrennt \u2013 in der Mitte sind Pappw\u00e4nde aufgestellt. Frauen und M\u00e4nner tanzen [&hellip;]<\/p>\n","protected":false},"author":436,"featured_media":0,"comment_status":"open","ping_status":"open","sticky":false,"template":"","format":"standard","meta":{"_jetpack_memberships_contains_paid_content":false,"footnotes":""},"categories":[16],"tags":[1468,30564,8778,1204],"class_list":["post-481","post","type-post","status-publish","format-standard","hentry","category-allgemein","tag-alltag","tag-dari","tag-hochzeit","tag-kabul"],"yoast_head":"<!-- This site is optimized with the Yoast SEO plugin v21.0 - https:\/\/yoast.com\/wordpress\/plugins\/seo\/ -->\n<title>Meine erste afghanische Hochzeit - Kabul, 2014<\/title>\n<meta name=\"robots\" content=\"index, follow, max-snippet:-1, max-image-preview:large, max-video-preview:-1\" \/>\n<link rel=\"canonical\" href=\"https:\/\/blog.zeit.de\/kabul\/2014\/03\/11\/meine-erste-afghanische-hochzeit\/\" \/>\n<meta property=\"og:locale\" content=\"de_DE\" \/>\n<meta property=\"og:type\" content=\"article\" \/>\n<meta property=\"og:title\" content=\"Meine erste afghanische Hochzeit - Kabul, 2014\" \/>\n<meta property=\"og:description\" content=\"Vor einer Woche kam mein Dari-Lehrer mit einem wei\u00dfen Umschlag ins Wohnzimmer. &#8222;Ich hoffe, ihr kommt zu meiner Party&#8220;, sagte er. &#8222;Was gibt&#8217;s denn zu feiern?&#8220; &#8222;Ich heirate!&#8220; Heute also: meine erste afghanische Hochzeit. M\u00e4nner und Frauen feiern in einem Saal und trotzdem getrennt \u2013 in der Mitte sind Pappw\u00e4nde aufgestellt. Frauen und M\u00e4nner tanzen [&hellip;]\" \/>\n<meta property=\"og:url\" content=\"https:\/\/blog.zeit.de\/kabul\/2014\/03\/11\/meine-erste-afghanische-hochzeit\/\" \/>\n<meta property=\"og:site_name\" content=\"Kabul, 2014\" \/>\n<meta property=\"article:published_time\" content=\"2014-03-11T22:40:57+00:00\" \/>\n<meta property=\"article:modified_time\" content=\"2014-03-13T07:44:20+00:00\" \/>\n<meta property=\"og:image\" content=\"https:\/\/blog.zeit.de\/kabul\/files\/2014\/03\/IMG_0659-580x341.jpg\" \/>\n<meta name=\"author\" content=\"Ronja von Wurmb-Seibel\" \/>\n<meta name=\"twitter:card\" content=\"summary_large_image\" \/>\n<meta name=\"twitter:label1\" content=\"Geschrieben von\" \/>\n\t<meta name=\"twitter:data1\" content=\"Ronja von Wurmb-Seibel\" \/>\n\t<meta name=\"twitter:label2\" content=\"Gesch\u00e4tzte Lesezeit\" \/>\n\t<meta name=\"twitter:data2\" content=\"1\u00a0Minute\" \/>\n<script type=\"application\/ld+json\" class=\"yoast-schema-graph\">{\"@context\":\"https:\/\/schema.org\",\"@graph\":[{\"@type\":\"WebPage\",\"@id\":\"https:\/\/blog.zeit.de\/kabul\/2014\/03\/11\/meine-erste-afghanische-hochzeit\/\",\"url\":\"https:\/\/blog.zeit.de\/kabul\/2014\/03\/11\/meine-erste-afghanische-hochzeit\/\",\"name\":\"Meine erste afghanische Hochzeit - Kabul, 2014\",\"isPartOf\":{\"@id\":\"https:\/\/blog.zeit.de\/kabul\/#website\"},\"datePublished\":\"2014-03-11T22:40:57+00:00\",\"dateModified\":\"2014-03-13T07:44:20+00:00\",\"author\":{\"@id\":\"https:\/\/blog.zeit.de\/kabul\/#\/schema\/person\/fc1ebde998ae19af95646e238624c74c\"},\"breadcrumb\":{\"@id\":\"https:\/\/blog.zeit.de\/kabul\/2014\/03\/11\/meine-erste-afghanische-hochzeit\/#breadcrumb\"},\"inLanguage\":\"de\",\"potentialAction\":[{\"@type\":\"ReadAction\",\"target\":[\"https:\/\/blog.zeit.de\/kabul\/2014\/03\/11\/meine-erste-afghanische-hochzeit\/\"]}]},{\"@type\":\"BreadcrumbList\",\"@id\":\"https:\/\/blog.zeit.de\/kabul\/2014\/03\/11\/meine-erste-afghanische-hochzeit\/#breadcrumb\",\"itemListElement\":[{\"@type\":\"ListItem\",\"position\":1,\"name\":\"Startseite\",\"item\":\"https:\/\/blog.zeit.de\/kabul\/\"},{\"@type\":\"ListItem\",\"position\":2,\"name\":\"Meine erste afghanische Hochzeit\"}]},{\"@type\":\"WebSite\",\"@id\":\"https:\/\/blog.zeit.de\/kabul\/#website\",\"url\":\"https:\/\/blog.zeit.de\/kabul\/\",\"name\":\"Kabul, 2014\",\"description\":\"Leben in Afghanistan\",\"potentialAction\":[{\"@type\":\"SearchAction\",\"target\":{\"@type\":\"EntryPoint\",\"urlTemplate\":\"https:\/\/blog.zeit.de\/kabul\/?s={search_term_string}\"},\"query-input\":\"required name=search_term_string\"}],\"inLanguage\":\"de\"},{\"@type\":\"Person\",\"@id\":\"https:\/\/blog.zeit.de\/kabul\/#\/schema\/person\/fc1ebde998ae19af95646e238624c74c\",\"name\":\"Ronja von Wurmb-Seibel\",\"sameAs\":[\"http:\/\/www.vonwurmbseibel.com\"],\"url\":\"https:\/\/blog.zeit.de\/kabul\/author\/rvwurmbseibel\/\"}]}<\/script>\n<!-- \/ Yoast SEO plugin. -->","yoast_head_json":{"title":"Meine erste afghanische Hochzeit - Kabul, 2014","robots":{"index":"index","follow":"follow","max-snippet":"max-snippet:-1","max-image-preview":"max-image-preview:large","max-video-preview":"max-video-preview:-1"},"canonical":"https:\/\/blog.zeit.de\/kabul\/2014\/03\/11\/meine-erste-afghanische-hochzeit\/","og_locale":"de_DE","og_type":"article","og_title":"Meine erste afghanische Hochzeit - Kabul, 2014","og_description":"Vor einer Woche kam mein Dari-Lehrer mit einem wei\u00dfen Umschlag ins Wohnzimmer. &#8222;Ich hoffe, ihr kommt zu meiner Party&#8220;, sagte er. &#8222;Was gibt&#8217;s denn zu feiern?&#8220; &#8222;Ich heirate!&#8220; Heute also: meine erste afghanische Hochzeit. M\u00e4nner und Frauen feiern in einem Saal und trotzdem getrennt \u2013 in der Mitte sind Pappw\u00e4nde aufgestellt. Frauen und M\u00e4nner tanzen [&hellip;]","og_url":"https:\/\/blog.zeit.de\/kabul\/2014\/03\/11\/meine-erste-afghanische-hochzeit\/","og_site_name":"Kabul, 2014","article_published_time":"2014-03-11T22:40:57+00:00","article_modified_time":"2014-03-13T07:44:20+00:00","og_image":[{"url":"https:\/\/blog.zeit.de\/kabul\/files\/2014\/03\/IMG_0659-580x341.jpg"}],"author":"Ronja von Wurmb-Seibel","twitter_card":"summary_large_image","twitter_misc":{"Geschrieben von":"Ronja von Wurmb-Seibel","Gesch\u00e4tzte Lesezeit":"1\u00a0Minute"},"schema":{"@context":"https:\/\/schema.org","@graph":[{"@type":"WebPage","@id":"https:\/\/blog.zeit.de\/kabul\/2014\/03\/11\/meine-erste-afghanische-hochzeit\/","url":"https:\/\/blog.zeit.de\/kabul\/2014\/03\/11\/meine-erste-afghanische-hochzeit\/","name":"Meine erste afghanische Hochzeit - Kabul, 2014","isPartOf":{"@id":"https:\/\/blog.zeit.de\/kabul\/#website"},"datePublished":"2014-03-11T22:40:57+00:00","dateModified":"2014-03-13T07:44:20+00:00","author":{"@id":"https:\/\/blog.zeit.de\/kabul\/#\/schema\/person\/fc1ebde998ae19af95646e238624c74c"},"breadcrumb":{"@id":"https:\/\/blog.zeit.de\/kabul\/2014\/03\/11\/meine-erste-afghanische-hochzeit\/#breadcrumb"},"inLanguage":"de","potentialAction":[{"@type":"ReadAction","target":["https:\/\/blog.zeit.de\/kabul\/2014\/03\/11\/meine-erste-afghanische-hochzeit\/"]}]},{"@type":"BreadcrumbList","@id":"https:\/\/blog.zeit.de\/kabul\/2014\/03\/11\/meine-erste-afghanische-hochzeit\/#breadcrumb","itemListElement":[{"@type":"ListItem","position":1,"name":"Startseite","item":"https:\/\/blog.zeit.de\/kabul\/"},{"@type":"ListItem","position":2,"name":"Meine erste afghanische Hochzeit"}]},{"@type":"WebSite","@id":"https:\/\/blog.zeit.de\/kabul\/#website","url":"https:\/\/blog.zeit.de\/kabul\/","name":"Kabul, 2014","description":"Leben in Afghanistan","potentialAction":[{"@type":"SearchAction","target":{"@type":"EntryPoint","urlTemplate":"https:\/\/blog.zeit.de\/kabul\/?s={search_term_string}"},"query-input":"required name=search_term_string"}],"inLanguage":"de"},{"@type":"Person","@id":"https:\/\/blog.zeit.de\/kabul\/#\/schema\/person\/fc1ebde998ae19af95646e238624c74c","name":"Ronja von Wurmb-Seibel","sameAs":["http:\/\/www.vonwurmbseibel.com"],"url":"https:\/\/blog.zeit.de\/kabul\/author\/rvwurmbseibel\/"}]}},"jetpack_featured_media_url":"","jetpack_sharing_enabled":true,"_links":{"self":[{"href":"https:\/\/blog.zeit.de\/kabul\/wp-json\/wp\/v2\/posts\/481","targetHints":{"allow":["GET"]}}],"collection":[{"href":"https:\/\/blog.zeit.de\/kabul\/wp-json\/wp\/v2\/posts"}],"about":[{"href":"https:\/\/blog.zeit.de\/kabul\/wp-json\/wp\/v2\/types\/post"}],"author":[{"embeddable":true,"href":"https:\/\/blog.zeit.de\/kabul\/wp-json\/wp\/v2\/users\/436"}],"replies":[{"embeddable":true,"href":"https:\/\/blog.zeit.de\/kabul\/wp-json\/wp\/v2\/comments?post=481"}],"version-history":[{"count":8,"href":"https:\/\/blog.zeit.de\/kabul\/wp-json\/wp\/v2\/posts\/481\/revisions"}],"predecessor-version":[{"id":500,"href":"https:\/\/blog.zeit.de\/kabul\/wp-json\/wp\/v2\/posts\/481\/revisions\/500"}],"wp:attachment":[{"href":"https:\/\/blog.zeit.de\/kabul\/wp-json\/wp\/v2\/media?parent=481"}],"wp:term":[{"taxonomy":"category","embeddable":true,"href":"https:\/\/blog.zeit.de\/kabul\/wp-json\/wp\/v2\/categories?post=481"},{"taxonomy":"post_tag","embeddable":true,"href":"https:\/\/blog.zeit.de\/kabul\/wp-json\/wp\/v2\/tags?post=481"}],"curies":[{"name":"wp","href":"https:\/\/api.w.org\/{rel}","templated":true}]}}