{"id":841,"date":"2014-07-16T17:30:56","date_gmt":"2014-07-16T15:30:56","guid":{"rendered":"http:\/\/blog.zeit.de\/kabul\/?p=841"},"modified":"2014-07-16T17:30:56","modified_gmt":"2014-07-16T15:30:56","slug":"100-euro-das-kilo","status":"publish","type":"post","link":"https:\/\/blog.zeit.de\/kabul\/2014\/07\/16\/100-euro-das-kilo\/","title":{"rendered":"100 Euro das Kilo"},"content":{"rendered":"<p><a href=\"https:\/\/blog.zeit.de\/kabul\/2014\/07\/16\/100-euro-das-kilo\/img_8832\/\" rel=\"attachment wp-att-842\"><img loading=\"lazy\" decoding=\"async\" alt=\"IMG_8832\" src=\"https:\/\/blog.zeit.de\/kabul\/files\/2014\/07\/IMG_8832-580x381.jpg\" width=\"580\" height=\"381\" \/><\/a><\/p>\n<p>Als letzte Woche die Ergebnisse der Stichwahl bekannt wurden (Ashraf Ghani f\u00fchrte), brach in Kabul Chaos aus. Der Verlierer Abdullah Abdullah erkannte das Ergebnis nicht an und drohte, eine zweite Regierung auszurufen. Einige seiner Anh\u00e4nger riefen zum Kampf mit den Waffen auf.<\/p>\n<p>Schlie\u00dflich flog der amerikanische Au\u00dfenminister John Kerry nach Kabul, vermittelte und man beschloss, alle acht Millionen Stimmen neuauszuz\u00e4hlen. Die Inauguration wurde verschoben. Und die beiden Kandidaten Ashraf Ghani und Abdullah Abdullah umarmten sich medienwirksam.<\/p>\n<p>W\u00e4hrend dieses Chaos waren Niklas Schenck und ich in einer deutlich sortierteren Gegend unterwegs, dem letzten Feldlager der Bundeswehr in Afghanistan.\u00a0 Camp Marmal, Masar-i-Scharif. Momentan sind dort noch etwas mehr als 2000 deutsche Soldaten stationiert, fast alle sind mit dem Abzug besch\u00e4ftigt. Am 31. Dezember 2014 wird die Mission ISAF enden und jetzt muss all das, was einmal aus Deutschland nach Afghanistan gebracht wurde, wieder zur\u00fcck nach Deutschland.<\/p>\n<p>Das klingt einfach, in Wahrheit ist es aber ein bisschen komplizierter. Denn genau genommen ist noch gar nicht klar, ob der Abzug \u00fcberhaupt ein richtiger Abzug werden wird. Die NATO plant eine Folgemission namens Resolute Support &#8211; allerdings nur, wenn die Amerikaner mitmachen. Die wiederum wollen sich solange nicht festlegen, bis die afghanische Regierung ein bilaterales Truppenstatut unterschreibt, in dem unter anderem festgelegt ist, dass amerikanische Soldaten f\u00fcr alles, was sie in Afghanistan machen, rechtlich nur in den USA belangt werden. Pr\u00e4sident Karzai will genau das nicht und weigert sich seit Monaten, das Abkommen zu unterschreiben. Die beiden m\u00f6glichen Nachfolger, Abdullah Abdullah und Ashraf Ghani, haben beide angek\u00fcndigt, das Abkommen zu unterzeichnen, sobald sie Pr\u00e4sident sind. Aber nach dem Chaos der letzten Wochen kann das noch dauern.<\/p>\n<p>Solange das Truppenstatut nicht unterzeichnet und die Mission &#8222;Resolute Support&#8220; nicht beschlossen ist, plant die Bundeswehr mit &#8222;Option Zero&#8220;. Um den Zeitplan daf\u00fcr einzuhalten, wird sie ab 15. August auch die\u00a0 G\u00fcter au\u00dfer Land bringen, die im Falle einer Nachfolge-Mission Anfang n\u00e4chsten Jahres wieder zur\u00fcck nach Afghanistan gebracht werden m\u00fcssen.<\/p>\n<p>P.S. Ein kleines Rechenbeispiel: Laut Einsatzf\u00fchrungskommando kostet ein Kilo pro Flugstunde etwa acht Euro. Von Masar nach Deutschland sind es etwa 6 Stunden. Ein Kilo unn\u00f6tig nach Deutschland geflogenes Material macht also, hin- und zur\u00fcck: etwa 100 Euro.<\/p>\n","protected":false},"excerpt":{"rendered":"<p>Als letzte Woche die Ergebnisse der Stichwahl bekannt wurden (Ashraf Ghani f\u00fchrte), brach in Kabul Chaos aus. Der Verlierer Abdullah Abdullah erkannte das Ergebnis nicht an und drohte, eine zweite Regierung auszurufen. Einige seiner Anh\u00e4nger riefen zum Kampf mit den Waffen auf. Schlie\u00dflich flog der amerikanische Au\u00dfenminister John Kerry nach Kabul, vermittelte und man beschloss, [&hellip;]<\/p>\n","protected":false},"author":436,"featured_media":0,"comment_status":"open","ping_status":"open","sticky":false,"template":"","format":"standard","meta":{"_jetpack_memberships_contains_paid_content":false,"footnotes":""},"categories":[16],"tags":[],"class_list":["post-841","post","type-post","status-publish","format-standard","hentry","category-allgemein"],"yoast_head":"<!-- This site is optimized with the Yoast SEO plugin v21.0 - https:\/\/yoast.com\/wordpress\/plugins\/seo\/ -->\n<title>100 Euro das Kilo  - Kabul, 2014<\/title>\n<meta name=\"robots\" content=\"index, follow, max-snippet:-1, max-image-preview:large, max-video-preview:-1\" \/>\n<link rel=\"canonical\" href=\"https:\/\/blog.zeit.de\/kabul\/2014\/07\/16\/100-euro-das-kilo\/\" \/>\n<meta property=\"og:locale\" content=\"de_DE\" \/>\n<meta property=\"og:type\" content=\"article\" \/>\n<meta property=\"og:title\" content=\"100 Euro das Kilo  - Kabul, 2014\" \/>\n<meta property=\"og:description\" content=\"Als letzte Woche die Ergebnisse der Stichwahl bekannt wurden (Ashraf Ghani f\u00fchrte), brach in Kabul Chaos aus. Der Verlierer Abdullah Abdullah erkannte das Ergebnis nicht an und drohte, eine zweite Regierung auszurufen. Einige seiner Anh\u00e4nger riefen zum Kampf mit den Waffen auf. Schlie\u00dflich flog der amerikanische Au\u00dfenminister John Kerry nach Kabul, vermittelte und man beschloss, [&hellip;]\" \/>\n<meta property=\"og:url\" content=\"https:\/\/blog.zeit.de\/kabul\/2014\/07\/16\/100-euro-das-kilo\/\" \/>\n<meta property=\"og:site_name\" content=\"Kabul, 2014\" \/>\n<meta property=\"article:published_time\" content=\"2014-07-16T15:30:56+00:00\" \/>\n<meta property=\"og:image\" content=\"https:\/\/blog.zeit.de\/kabul\/files\/2014\/07\/IMG_8832-580x381.jpg\" \/>\n<meta name=\"author\" content=\"Ronja von Wurmb-Seibel\" \/>\n<meta name=\"twitter:card\" content=\"summary_large_image\" \/>\n<meta name=\"twitter:label1\" content=\"Geschrieben von\" \/>\n\t<meta name=\"twitter:data1\" content=\"Ronja von Wurmb-Seibel\" \/>\n\t<meta name=\"twitter:label2\" content=\"Gesch\u00e4tzte Lesezeit\" \/>\n\t<meta name=\"twitter:data2\" content=\"2\u00a0Minuten\" \/>\n<script type=\"application\/ld+json\" class=\"yoast-schema-graph\">{\"@context\":\"https:\/\/schema.org\",\"@graph\":[{\"@type\":\"WebPage\",\"@id\":\"https:\/\/blog.zeit.de\/kabul\/2014\/07\/16\/100-euro-das-kilo\/\",\"url\":\"https:\/\/blog.zeit.de\/kabul\/2014\/07\/16\/100-euro-das-kilo\/\",\"name\":\"100 Euro das Kilo - Kabul, 2014\",\"isPartOf\":{\"@id\":\"https:\/\/blog.zeit.de\/kabul\/#website\"},\"datePublished\":\"2014-07-16T15:30:56+00:00\",\"dateModified\":\"2014-07-16T15:30:56+00:00\",\"author\":{\"@id\":\"https:\/\/blog.zeit.de\/kabul\/#\/schema\/person\/fc1ebde998ae19af95646e238624c74c\"},\"breadcrumb\":{\"@id\":\"https:\/\/blog.zeit.de\/kabul\/2014\/07\/16\/100-euro-das-kilo\/#breadcrumb\"},\"inLanguage\":\"de\",\"potentialAction\":[{\"@type\":\"ReadAction\",\"target\":[\"https:\/\/blog.zeit.de\/kabul\/2014\/07\/16\/100-euro-das-kilo\/\"]}]},{\"@type\":\"BreadcrumbList\",\"@id\":\"https:\/\/blog.zeit.de\/kabul\/2014\/07\/16\/100-euro-das-kilo\/#breadcrumb\",\"itemListElement\":[{\"@type\":\"ListItem\",\"position\":1,\"name\":\"Startseite\",\"item\":\"https:\/\/blog.zeit.de\/kabul\/\"},{\"@type\":\"ListItem\",\"position\":2,\"name\":\"100 Euro das Kilo\"}]},{\"@type\":\"WebSite\",\"@id\":\"https:\/\/blog.zeit.de\/kabul\/#website\",\"url\":\"https:\/\/blog.zeit.de\/kabul\/\",\"name\":\"Kabul, 2014\",\"description\":\"Leben in Afghanistan\",\"potentialAction\":[{\"@type\":\"SearchAction\",\"target\":{\"@type\":\"EntryPoint\",\"urlTemplate\":\"https:\/\/blog.zeit.de\/kabul\/?s={search_term_string}\"},\"query-input\":\"required name=search_term_string\"}],\"inLanguage\":\"de\"},{\"@type\":\"Person\",\"@id\":\"https:\/\/blog.zeit.de\/kabul\/#\/schema\/person\/fc1ebde998ae19af95646e238624c74c\",\"name\":\"Ronja von Wurmb-Seibel\",\"sameAs\":[\"http:\/\/www.vonwurmbseibel.com\"],\"url\":\"https:\/\/blog.zeit.de\/kabul\/author\/rvwurmbseibel\/\"}]}<\/script>\n<!-- \/ Yoast SEO plugin. -->","yoast_head_json":{"title":"100 Euro das Kilo  - Kabul, 2014","robots":{"index":"index","follow":"follow","max-snippet":"max-snippet:-1","max-image-preview":"max-image-preview:large","max-video-preview":"max-video-preview:-1"},"canonical":"https:\/\/blog.zeit.de\/kabul\/2014\/07\/16\/100-euro-das-kilo\/","og_locale":"de_DE","og_type":"article","og_title":"100 Euro das Kilo  - Kabul, 2014","og_description":"Als letzte Woche die Ergebnisse der Stichwahl bekannt wurden (Ashraf Ghani f\u00fchrte), brach in Kabul Chaos aus. Der Verlierer Abdullah Abdullah erkannte das Ergebnis nicht an und drohte, eine zweite Regierung auszurufen. Einige seiner Anh\u00e4nger riefen zum Kampf mit den Waffen auf. Schlie\u00dflich flog der amerikanische Au\u00dfenminister John Kerry nach Kabul, vermittelte und man beschloss, [&hellip;]","og_url":"https:\/\/blog.zeit.de\/kabul\/2014\/07\/16\/100-euro-das-kilo\/","og_site_name":"Kabul, 2014","article_published_time":"2014-07-16T15:30:56+00:00","og_image":[{"url":"https:\/\/blog.zeit.de\/kabul\/files\/2014\/07\/IMG_8832-580x381.jpg"}],"author":"Ronja von Wurmb-Seibel","twitter_card":"summary_large_image","twitter_misc":{"Geschrieben von":"Ronja von Wurmb-Seibel","Gesch\u00e4tzte Lesezeit":"2\u00a0Minuten"},"schema":{"@context":"https:\/\/schema.org","@graph":[{"@type":"WebPage","@id":"https:\/\/blog.zeit.de\/kabul\/2014\/07\/16\/100-euro-das-kilo\/","url":"https:\/\/blog.zeit.de\/kabul\/2014\/07\/16\/100-euro-das-kilo\/","name":"100 Euro das Kilo - Kabul, 2014","isPartOf":{"@id":"https:\/\/blog.zeit.de\/kabul\/#website"},"datePublished":"2014-07-16T15:30:56+00:00","dateModified":"2014-07-16T15:30:56+00:00","author":{"@id":"https:\/\/blog.zeit.de\/kabul\/#\/schema\/person\/fc1ebde998ae19af95646e238624c74c"},"breadcrumb":{"@id":"https:\/\/blog.zeit.de\/kabul\/2014\/07\/16\/100-euro-das-kilo\/#breadcrumb"},"inLanguage":"de","potentialAction":[{"@type":"ReadAction","target":["https:\/\/blog.zeit.de\/kabul\/2014\/07\/16\/100-euro-das-kilo\/"]}]},{"@type":"BreadcrumbList","@id":"https:\/\/blog.zeit.de\/kabul\/2014\/07\/16\/100-euro-das-kilo\/#breadcrumb","itemListElement":[{"@type":"ListItem","position":1,"name":"Startseite","item":"https:\/\/blog.zeit.de\/kabul\/"},{"@type":"ListItem","position":2,"name":"100 Euro das Kilo"}]},{"@type":"WebSite","@id":"https:\/\/blog.zeit.de\/kabul\/#website","url":"https:\/\/blog.zeit.de\/kabul\/","name":"Kabul, 2014","description":"Leben in Afghanistan","potentialAction":[{"@type":"SearchAction","target":{"@type":"EntryPoint","urlTemplate":"https:\/\/blog.zeit.de\/kabul\/?s={search_term_string}"},"query-input":"required name=search_term_string"}],"inLanguage":"de"},{"@type":"Person","@id":"https:\/\/blog.zeit.de\/kabul\/#\/schema\/person\/fc1ebde998ae19af95646e238624c74c","name":"Ronja von Wurmb-Seibel","sameAs":["http:\/\/www.vonwurmbseibel.com"],"url":"https:\/\/blog.zeit.de\/kabul\/author\/rvwurmbseibel\/"}]}},"jetpack_featured_media_url":"","jetpack_sharing_enabled":true,"_links":{"self":[{"href":"https:\/\/blog.zeit.de\/kabul\/wp-json\/wp\/v2\/posts\/841","targetHints":{"allow":["GET"]}}],"collection":[{"href":"https:\/\/blog.zeit.de\/kabul\/wp-json\/wp\/v2\/posts"}],"about":[{"href":"https:\/\/blog.zeit.de\/kabul\/wp-json\/wp\/v2\/types\/post"}],"author":[{"embeddable":true,"href":"https:\/\/blog.zeit.de\/kabul\/wp-json\/wp\/v2\/users\/436"}],"replies":[{"embeddable":true,"href":"https:\/\/blog.zeit.de\/kabul\/wp-json\/wp\/v2\/comments?post=841"}],"version-history":[{"count":2,"href":"https:\/\/blog.zeit.de\/kabul\/wp-json\/wp\/v2\/posts\/841\/revisions"}],"predecessor-version":[{"id":844,"href":"https:\/\/blog.zeit.de\/kabul\/wp-json\/wp\/v2\/posts\/841\/revisions\/844"}],"wp:attachment":[{"href":"https:\/\/blog.zeit.de\/kabul\/wp-json\/wp\/v2\/media?parent=841"}],"wp:term":[{"taxonomy":"category","embeddable":true,"href":"https:\/\/blog.zeit.de\/kabul\/wp-json\/wp\/v2\/categories?post=841"},{"taxonomy":"post_tag","embeddable":true,"href":"https:\/\/blog.zeit.de\/kabul\/wp-json\/wp\/v2\/tags?post=841"}],"curies":[{"name":"wp","href":"https:\/\/api.w.org\/{rel}","templated":true}]}}