{"id":871,"date":"2014-08-05T08:36:21","date_gmt":"2014-08-05T06:36:21","guid":{"rendered":"http:\/\/blog.zeit.de\/kabul\/?p=871"},"modified":"2014-08-05T08:36:21","modified_gmt":"2014-08-05T06:36:21","slug":"ein-ende","status":"publish","type":"post","link":"https:\/\/blog.zeit.de\/kabul\/2014\/08\/05\/ein-ende\/","title":{"rendered":"Ein Ende"},"content":{"rendered":"<p>Nach sieben Monaten endet heute mein Blog. Der Grund ist: zu viel Arbeit. Wir produzieren gerade zwei Filme und ich schreibe an einem Buch. Dazwischen\u00a0 bleibt leider nicht die Zeit, die ich mir f\u00fcr diese Alltags-Notizen aus Kabul gern nehmen w\u00fcrde.<\/p>\n<p>Ich lebe aber weiterhin in Afghanistan. Wenn Sie meiner Arbeit folgen m\u00f6chten, dann k\u00f6nnen Sie das am besten <a href=\"https:\/\/twitter.com\/vonWurmbSeibel\">hier,<\/a> <a href=\"http:\/\/vonwurmbseibel.com\/kolumne\">hier<\/a> und <a href=\"http:\/\/www.vonwurmbseibel.com\/unterwegs\/\">hier<\/a>.<\/p>\n","protected":false},"excerpt":{"rendered":"<p>Nach sieben Monaten endet heute mein Blog. Der Grund ist: zu viel Arbeit. Wir produzieren gerade zwei Filme und ich schreibe an einem Buch. Dazwischen\u00a0 bleibt leider nicht die Zeit, die ich mir f\u00fcr diese Alltags-Notizen aus Kabul gern nehmen w\u00fcrde. Ich lebe aber weiterhin in Afghanistan. Wenn Sie meiner Arbeit folgen m\u00f6chten, dann k\u00f6nnen [&hellip;]<\/p>\n","protected":false},"author":436,"featured_media":0,"comment_status":"open","ping_status":"open","sticky":false,"template":"","format":"standard","meta":{"_jetpack_memberships_contains_paid_content":false,"footnotes":""},"categories":[16],"tags":[],"class_list":["post-871","post","type-post","status-publish","format-standard","hentry","category-allgemein"],"yoast_head":"<!-- This site is optimized with the Yoast SEO plugin v21.0 - https:\/\/yoast.com\/wordpress\/plugins\/seo\/ -->\n<title>Ein Ende  - Kabul, 2014<\/title>\n<meta name=\"robots\" content=\"index, follow, max-snippet:-1, max-image-preview:large, max-video-preview:-1\" \/>\n<link rel=\"canonical\" href=\"https:\/\/blog.zeit.de\/kabul\/2014\/08\/05\/ein-ende\/\" \/>\n<meta property=\"og:locale\" content=\"de_DE\" \/>\n<meta property=\"og:type\" content=\"article\" \/>\n<meta property=\"og:title\" content=\"Ein Ende  - Kabul, 2014\" \/>\n<meta property=\"og:description\" content=\"Nach sieben Monaten endet heute mein Blog. Der Grund ist: zu viel Arbeit. Wir produzieren gerade zwei Filme und ich schreibe an einem Buch. Dazwischen\u00a0 bleibt leider nicht die Zeit, die ich mir f\u00fcr diese Alltags-Notizen aus Kabul gern nehmen w\u00fcrde. Ich lebe aber weiterhin in Afghanistan. Wenn Sie meiner Arbeit folgen m\u00f6chten, dann k\u00f6nnen [&hellip;]\" \/>\n<meta property=\"og:url\" content=\"https:\/\/blog.zeit.de\/kabul\/2014\/08\/05\/ein-ende\/\" \/>\n<meta property=\"og:site_name\" content=\"Kabul, 2014\" \/>\n<meta property=\"article:published_time\" content=\"2014-08-05T06:36:21+00:00\" \/>\n<meta name=\"author\" content=\"Ronja von Wurmb-Seibel\" \/>\n<meta name=\"twitter:card\" content=\"summary_large_image\" \/>\n<meta name=\"twitter:label1\" content=\"Geschrieben von\" \/>\n\t<meta name=\"twitter:data1\" content=\"Ronja von Wurmb-Seibel\" \/>\n<script type=\"application\/ld+json\" class=\"yoast-schema-graph\">{\"@context\":\"https:\/\/schema.org\",\"@graph\":[{\"@type\":\"WebPage\",\"@id\":\"https:\/\/blog.zeit.de\/kabul\/2014\/08\/05\/ein-ende\/\",\"url\":\"https:\/\/blog.zeit.de\/kabul\/2014\/08\/05\/ein-ende\/\",\"name\":\"Ein Ende - Kabul, 2014\",\"isPartOf\":{\"@id\":\"https:\/\/blog.zeit.de\/kabul\/#website\"},\"datePublished\":\"2014-08-05T06:36:21+00:00\",\"dateModified\":\"2014-08-05T06:36:21+00:00\",\"author\":{\"@id\":\"https:\/\/blog.zeit.de\/kabul\/#\/schema\/person\/fc1ebde998ae19af95646e238624c74c\"},\"breadcrumb\":{\"@id\":\"https:\/\/blog.zeit.de\/kabul\/2014\/08\/05\/ein-ende\/#breadcrumb\"},\"inLanguage\":\"de\",\"potentialAction\":[{\"@type\":\"ReadAction\",\"target\":[\"https:\/\/blog.zeit.de\/kabul\/2014\/08\/05\/ein-ende\/\"]}]},{\"@type\":\"BreadcrumbList\",\"@id\":\"https:\/\/blog.zeit.de\/kabul\/2014\/08\/05\/ein-ende\/#breadcrumb\",\"itemListElement\":[{\"@type\":\"ListItem\",\"position\":1,\"name\":\"Startseite\",\"item\":\"https:\/\/blog.zeit.de\/kabul\/\"},{\"@type\":\"ListItem\",\"position\":2,\"name\":\"Ein Ende\"}]},{\"@type\":\"WebSite\",\"@id\":\"https:\/\/blog.zeit.de\/kabul\/#website\",\"url\":\"https:\/\/blog.zeit.de\/kabul\/\",\"name\":\"Kabul, 2014\",\"description\":\"Leben in Afghanistan\",\"potentialAction\":[{\"@type\":\"SearchAction\",\"target\":{\"@type\":\"EntryPoint\",\"urlTemplate\":\"https:\/\/blog.zeit.de\/kabul\/?s={search_term_string}\"},\"query-input\":\"required name=search_term_string\"}],\"inLanguage\":\"de\"},{\"@type\":\"Person\",\"@id\":\"https:\/\/blog.zeit.de\/kabul\/#\/schema\/person\/fc1ebde998ae19af95646e238624c74c\",\"name\":\"Ronja von Wurmb-Seibel\",\"sameAs\":[\"http:\/\/www.vonwurmbseibel.com\"],\"url\":\"https:\/\/blog.zeit.de\/kabul\/author\/rvwurmbseibel\/\"}]}<\/script>\n<!-- \/ Yoast SEO plugin. -->","yoast_head_json":{"title":"Ein Ende  - Kabul, 2014","robots":{"index":"index","follow":"follow","max-snippet":"max-snippet:-1","max-image-preview":"max-image-preview:large","max-video-preview":"max-video-preview:-1"},"canonical":"https:\/\/blog.zeit.de\/kabul\/2014\/08\/05\/ein-ende\/","og_locale":"de_DE","og_type":"article","og_title":"Ein Ende  - Kabul, 2014","og_description":"Nach sieben Monaten endet heute mein Blog. Der Grund ist: zu viel Arbeit. Wir produzieren gerade zwei Filme und ich schreibe an einem Buch. Dazwischen\u00a0 bleibt leider nicht die Zeit, die ich mir f\u00fcr diese Alltags-Notizen aus Kabul gern nehmen w\u00fcrde. Ich lebe aber weiterhin in Afghanistan. Wenn Sie meiner Arbeit folgen m\u00f6chten, dann k\u00f6nnen [&hellip;]","og_url":"https:\/\/blog.zeit.de\/kabul\/2014\/08\/05\/ein-ende\/","og_site_name":"Kabul, 2014","article_published_time":"2014-08-05T06:36:21+00:00","author":"Ronja von Wurmb-Seibel","twitter_card":"summary_large_image","twitter_misc":{"Geschrieben von":"Ronja von Wurmb-Seibel"},"schema":{"@context":"https:\/\/schema.org","@graph":[{"@type":"WebPage","@id":"https:\/\/blog.zeit.de\/kabul\/2014\/08\/05\/ein-ende\/","url":"https:\/\/blog.zeit.de\/kabul\/2014\/08\/05\/ein-ende\/","name":"Ein Ende - Kabul, 2014","isPartOf":{"@id":"https:\/\/blog.zeit.de\/kabul\/#website"},"datePublished":"2014-08-05T06:36:21+00:00","dateModified":"2014-08-05T06:36:21+00:00","author":{"@id":"https:\/\/blog.zeit.de\/kabul\/#\/schema\/person\/fc1ebde998ae19af95646e238624c74c"},"breadcrumb":{"@id":"https:\/\/blog.zeit.de\/kabul\/2014\/08\/05\/ein-ende\/#breadcrumb"},"inLanguage":"de","potentialAction":[{"@type":"ReadAction","target":["https:\/\/blog.zeit.de\/kabul\/2014\/08\/05\/ein-ende\/"]}]},{"@type":"BreadcrumbList","@id":"https:\/\/blog.zeit.de\/kabul\/2014\/08\/05\/ein-ende\/#breadcrumb","itemListElement":[{"@type":"ListItem","position":1,"name":"Startseite","item":"https:\/\/blog.zeit.de\/kabul\/"},{"@type":"ListItem","position":2,"name":"Ein Ende"}]},{"@type":"WebSite","@id":"https:\/\/blog.zeit.de\/kabul\/#website","url":"https:\/\/blog.zeit.de\/kabul\/","name":"Kabul, 2014","description":"Leben in Afghanistan","potentialAction":[{"@type":"SearchAction","target":{"@type":"EntryPoint","urlTemplate":"https:\/\/blog.zeit.de\/kabul\/?s={search_term_string}"},"query-input":"required name=search_term_string"}],"inLanguage":"de"},{"@type":"Person","@id":"https:\/\/blog.zeit.de\/kabul\/#\/schema\/person\/fc1ebde998ae19af95646e238624c74c","name":"Ronja von Wurmb-Seibel","sameAs":["http:\/\/www.vonwurmbseibel.com"],"url":"https:\/\/blog.zeit.de\/kabul\/author\/rvwurmbseibel\/"}]}},"jetpack_featured_media_url":"","jetpack_sharing_enabled":true,"_links":{"self":[{"href":"https:\/\/blog.zeit.de\/kabul\/wp-json\/wp\/v2\/posts\/871","targetHints":{"allow":["GET"]}}],"collection":[{"href":"https:\/\/blog.zeit.de\/kabul\/wp-json\/wp\/v2\/posts"}],"about":[{"href":"https:\/\/blog.zeit.de\/kabul\/wp-json\/wp\/v2\/types\/post"}],"author":[{"embeddable":true,"href":"https:\/\/blog.zeit.de\/kabul\/wp-json\/wp\/v2\/users\/436"}],"replies":[{"embeddable":true,"href":"https:\/\/blog.zeit.de\/kabul\/wp-json\/wp\/v2\/comments?post=871"}],"version-history":[{"count":1,"href":"https:\/\/blog.zeit.de\/kabul\/wp-json\/wp\/v2\/posts\/871\/revisions"}],"predecessor-version":[{"id":872,"href":"https:\/\/blog.zeit.de\/kabul\/wp-json\/wp\/v2\/posts\/871\/revisions\/872"}],"wp:attachment":[{"href":"https:\/\/blog.zeit.de\/kabul\/wp-json\/wp\/v2\/media?parent=871"}],"wp:term":[{"taxonomy":"category","embeddable":true,"href":"https:\/\/blog.zeit.de\/kabul\/wp-json\/wp\/v2\/categories?post=871"},{"taxonomy":"post_tag","embeddable":true,"href":"https:\/\/blog.zeit.de\/kabul\/wp-json\/wp\/v2\/tags?post=871"}],"curies":[{"name":"wp","href":"https:\/\/api.w.org\/{rel}","templated":true}]}}