{"id":10691,"date":"2011-10-08T10:42:46","date_gmt":"2011-10-08T08:42:46","guid":{"rendered":"http:\/\/blog.zeit.de\/kinderzeit\/?p=10691"},"modified":"2011-10-10T10:35:20","modified_gmt":"2011-10-10T08:35:20","slug":"gemeinsam-stark","status":"publish","type":"post","link":"https:\/\/blog.zeit.de\/kinderzeit\/2011\/10\/08\/gemeinsam-stark_10691","title":{"rendered":"Gemeinsam stark?"},"content":{"rendered":"<p><figure id=\"attachment_10696\" aria-describedby=\"caption-attachment-10696\" style=\"width: 540px\" class=\"wp-caption aligncenter\"><img loading=\"lazy\" decoding=\"async\" src=\"https:\/\/blog.zeit.de\/kinderzeit\/files\/2011\/10\/117012724-6-540x307.jpg\" alt=\"\" width=\"540\" height=\"307\" class=\"size-large wp-image-10696\" srcset=\"https:\/\/blog.zeit.de\/kinderzeit\/files\/2011\/10\/117012724-6-540x307.jpg 540w, https:\/\/blog.zeit.de\/kinderzeit\/files\/2011\/10\/117012724-6-300x170.jpg 300w, https:\/\/blog.zeit.de\/kinderzeit\/files\/2011\/10\/117012724-6.jpg 594w\" sizes=\"auto, (max-width: 540px) 100vw, 540px\" \/><figcaption id=\"caption-attachment-10696\" class=\"wp-caption-text\">Vor dem deutschen Reichstag weht die europ\u00e4ische Flagge\/ \u00a9 Getty Images<\/figcaption><\/figure><\/p>\n<p><strong>In Europa arbeiten viele L\u00e4nder eng zusammen \u2013auch Deutschland macht bei dem Staatenbund mit. Aber warum eigentlich?<\/strong><\/p>\n<p><em>Matthias Krupa<\/em><\/p>\n<p>Wenn Ihr in diesen Wochen Nachrichten guckt oder h\u00f6rt, was viele Erwachsene sagen, habt Ihr vielleicht den Eindruck, Europa sei gerade kein besonders sch\u00f6ner Kontinent. St\u00e4ndig wird \u00fcber eine Krise gesprochen. Die Politiker schauen ganz besorgt, und manche behaupten sogar, Europa w\u00fcrde \u00bbscheitern\u00ab. Und wenn sie das sagen, gucken sie noch besorgter. Komisch eigentlich, schlie\u00dflich geht es uns hier doch ziemlich gut. Jedenfalls gilt das f\u00fcr die meisten Menschen, die in Deutschland, Spanien, Polen oder einem anderen europ\u00e4ischen Land zu Hause sind.<!--more--><\/p>\n<p>Die meisten Menschen in Europa haben genug zu essen. Sie d\u00fcrfen ihre Regierungen frei w\u00e4hlen und ihre Politiker kritisieren, ohne dass sie daf\u00fcr bestraft werden. Das ist in vielen L\u00e4ndern etwa in Afrika oder Asien anders; auch bei uns war das nicht immer so. Fast alle Kinder in Europa k\u00f6nnen zur Schule gehen \u2013 auch wenn Ihr das nicht immer toll findet. In Wahrheit ist es aber nat\u00fcrlich eine gro\u00dfartige Sache, wenn man als Kind etwas lernen darf, anstatt arbeiten zu m\u00fcssen. Oder, noch schlimmer, anstatt vor einem Krieg fliehen zu m\u00fcssen.<\/p>\n<p>Warum also schimpfen dann gerade immer mehr Menschen auf Europa? Und welches Europa meinen sie \u00fcberhaupt, wenn sie sich sorgen, dass es \u00bbscheitern\u00ab k\u00f6nnte?<\/p>\n<p>Fast immer, wenn in diesen Tagen von Europa gesprochen wird, ist eigentlich die Europ\u00e4ische Union gemeint, kurz: EU. Diese EU ist etwas anderes als der Kontinent Europa. Der Kontinent hat Grenzen, die man im Atlas sehen kann. Die EU dagegen ist eine Art politischer Verein, in dem viele, aber nicht alle europ\u00e4ischen L\u00e4nder Mitglied sind.<\/p>\n<p>Gegr\u00fcndet wurde dieser Verein 1957, anfangs hatte er nur sechs Mitglieder: Deutschland, Frankreich, Italien, die Niederlande, Belgien und Luxemburg. Heute liest man das und denkt: Na und? Doch damals, vor mehr als 50 Jahren, war die Gr\u00fcndung dieses Vereins eine Sensation. Der Zweite Weltkrieg war erst 1945 zu Ende gegangen, und die meisten Menschen erinnerten sich noch daran, wie dieselben L\u00e4nder, die sich nun zusammentaten, kurz vorher gegeneinander gek\u00e4mpft hatten.<\/p>\n<p>Genau deswegen aber hatten kluge Staatsm\u00e4nner (Staatsfrauen oder Kanzlerinnen gab es damals noch nicht) den Verein gegr\u00fcndet: Damit ihre L\u00e4nder nie wieder Krieg gegeneinander f\u00fchren w\u00fcrden. Ihre Idee war im Grunde genommen einfach: Je mehr die L\u00e4nder gemeinsam machen w\u00fcrden, desto geringer war die Gefahr, dass sie noch einmal miteinander k\u00e4mpfen w\u00fcrden.<\/p>\n<p>Im Laufe der Jahre wurde der Verein immer gr\u00f6\u00dfer, heute hat er 27 Mitglieder. Von A wie Austria (oder \u00d6sterreich) bis Z wie Zypern. Und bald soll Kroatien als 28. Mitgliedsstaat aufgenommen werden. Die Angst vor einem Krieg spielt heute zum Gl\u00fcck keine gro\u00dfe Rolle mehr. Und in den vielen Jahren haben die L\u00e4nder sogar noch gemerkt, dass es viele Vorteile hat, wenn man sich zusammentut.<\/p>\n<p>Heute k\u00f6nnen die Menschen, die in der EU leben, zum Beispiel von einem Land in ein anderes ziehen und dort arbeiten. Sie k\u00f6nnen auch innerhalb der EU verreisen, ohne dass sie an einer Grenze kontrolliert werden (jedenfalls in den meisten L\u00e4ndern). Und die Firmen, die zum Beispiel Autoreifen oder Schokolade herstellen, d\u00fcrfen diese auch in jedem anderen Land der EU verkaufen. Davon haben dann alle etwas: Die Menschen, die eine gr\u00f6\u00dfere Auswahl haben, und die Firmen, die ihre Autoreifen oder Schokolade an mehr Menschen verkaufen k\u00f6nnen. Seit einigen Jahren kann man in 17 der 27 EU-Staaten sogar mit demselben Geld bezahlen, dem Euro.<\/p>\n<p>Damit das alles funktioniert, hat sich die EU wie jeder andere Verein Regeln gegeben. Um diese Regeln zu kontrollieren, gibt es die EU-Kommission, eine Art Vereinsvorstand, in den jedes der 27 Mitgliedsl\u00e4nder einen Vertreter entsendet. Der hei\u00dft Kommissar, hat aber nichts mit der Polizei zu tun. Au\u00dferdem treffen sich die Regierungschefs aller 27 L\u00e4nder regelm\u00e4\u00dfig in Br\u00fcssel. Dann entstehen diese ulkigen Bilder, auf denen ganz viele M\u00e4nner und ein oder zwei Frauen wie eine Fu\u00dfballmannschaft hintereinander stehen.<\/p>\n<p>Eigentlich ist die EU ein riesiger Erfolg und f\u00fcr viele andere Menschen in der Welt deshalb ein Vorbild. In Afrika zum Beispiel haben einige L\u00e4nder einen \u00e4hnlichen Verein gegr\u00fcndet, die Afrikanische Union (AU). Auch diese L\u00e4nder hoffen, dass sie gemeinsam st\u00e4rker sind als jedes Land f\u00fcr sich allein.<\/p>\n<p>Ja, aber wo ist denn dann das Problem? Nun, wie in jedem Verein gibt es auch in der EU immer mal wieder Streit. Und im Moment gibt es besonders heftigen Streit, weil sich einige L\u00e4nder, Griechenland zum Beispiel, nicht an die gemeinsamen Regeln gehalten haben. Schuld daran sind weniger die Menschen in Griechenland, als vielmehr die fr\u00fcheren Regierungen. Einige sagen nun, dass es besser gewesen w\u00e4re, Griechenland gar nicht in den Verein aufzunehmen. Andere finden, dass der Verein ohnehin viel zu gro\u00df geworden sei.<\/p>\n<p>Nat\u00fcrlich ist es schwieriger, wenn sich heute 27 L\u00e4nder verst\u00e4ndigen m\u00fcssen als fr\u00fcher nur sechs. Richtig ist es auch, dass Mitglieder, die sich nicht an die Regeln halten, daf\u00fcr bestraft werden. Deswegen denken die Politiker nun \u00fcber noch strengere Regeln f\u00fcr die EU nach. Oder w\u00e4re es am Ende sogar besser, den Verein wieder aufzul\u00f6sen?<\/p>\n<p>Au\u00dferhalb von Europa verstehen die Menschen diese Frage gar nicht. \u00bbEuch geht es doch gut!\u00ab, sagen sie. \u00bbWie gut, dass ihr euch zusammengetan habt.\u00ab<\/p>\n","protected":false},"excerpt":{"rendered":"<p>In Europa arbeiten viele L\u00e4nder eng zusammen \u2013auch Deutschland macht bei dem Staatenbund mit. Aber warum eigentlich? Matthias Krupa Wenn Ihr in diesen Wochen Nachrichten guckt oder h\u00f6rt, was viele Erwachsene sagen, habt Ihr vielleicht den Eindruck, Europa sei gerade kein besonders sch\u00f6ner Kontinent. St\u00e4ndig wird \u00fcber eine Krise gesprochen. Die Politiker schauen ganz besorgt, [&hellip;]<\/p>\n","protected":false},"author":217,"featured_media":0,"comment_status":"open","ping_status":"closed","sticky":false,"template":"","format":"standard","meta":{"_jetpack_memberships_contains_paid_content":false,"footnotes":""},"categories":[12254,187],"tags":[13062,67,13058,13061,13059],"class_list":["post-10691","post","type-post","status-publish","format-standard","hentry","category-aktuell","category-politik","tag-eurokrise","tag-europa","tag-europaische-union","tag-krise-europa","tag-staatenbund"],"yoast_head":"<!-- This site is optimized with the Yoast SEO plugin v21.0 - https:\/\/yoast.com\/wordpress\/plugins\/seo\/ -->\n<title>Gemeinsam stark? - KinderZEIT-Blog<\/title>\n<meta name=\"robots\" content=\"index, follow, max-snippet:-1, max-image-preview:large, max-video-preview:-1\" \/>\n<link rel=\"canonical\" href=\"https:\/\/blog.zeit.de\/kinderzeit\/2011\/10\/08\/gemeinsam-stark_10691\" \/>\n<meta property=\"og:locale\" content=\"de_DE\" \/>\n<meta property=\"og:type\" content=\"article\" \/>\n<meta property=\"og:title\" content=\"Gemeinsam stark? - KinderZEIT-Blog\" \/>\n<meta property=\"og:description\" content=\"In Europa arbeiten viele L\u00e4nder eng zusammen \u2013auch Deutschland macht bei dem Staatenbund mit. Aber warum eigentlich? Matthias Krupa Wenn Ihr in diesen Wochen Nachrichten guckt oder h\u00f6rt, was viele Erwachsene sagen, habt Ihr vielleicht den Eindruck, Europa sei gerade kein besonders sch\u00f6ner Kontinent. St\u00e4ndig wird \u00fcber eine Krise gesprochen. Die Politiker schauen ganz besorgt, [&hellip;]\" \/>\n<meta property=\"og:url\" content=\"https:\/\/blog.zeit.de\/kinderzeit\/2011\/10\/08\/gemeinsam-stark_10691\" \/>\n<meta property=\"og:site_name\" content=\"KinderZEIT-Blog\" \/>\n<meta property=\"article:published_time\" content=\"2011-10-08T08:42:46+00:00\" \/>\n<meta property=\"article:modified_time\" content=\"2011-10-10T08:35:20+00:00\" \/>\n<meta property=\"og:image\" content=\"https:\/\/blog.zeit.de\/kinderzeit\/files\/2011\/10\/117012724-6-540x307.jpg\" \/>\n<meta name=\"author\" content=\"Redaktion KinderZEIT\" \/>\n<meta name=\"twitter:card\" content=\"summary_large_image\" \/>\n<meta name=\"twitter:label1\" content=\"Verfasst von\" \/>\n\t<meta name=\"twitter:data1\" content=\"Redaktion KinderZEIT\" \/>\n\t<meta name=\"twitter:label2\" content=\"Gesch\u00e4tzte Lesezeit\" \/>\n\t<meta name=\"twitter:data2\" content=\"5\u00a0Minuten\" \/>\n<script type=\"application\/ld+json\" class=\"yoast-schema-graph\">{\"@context\":\"https:\/\/schema.org\",\"@graph\":[{\"@type\":\"WebPage\",\"@id\":\"https:\/\/blog.zeit.de\/kinderzeit\/2011\/10\/08\/gemeinsam-stark_10691\",\"url\":\"https:\/\/blog.zeit.de\/kinderzeit\/2011\/10\/08\/gemeinsam-stark_10691\",\"name\":\"Gemeinsam stark? - KinderZEIT-Blog\",\"isPartOf\":{\"@id\":\"https:\/\/blog.zeit.de\/kinderzeit\/#website\"},\"datePublished\":\"2011-10-08T08:42:46+00:00\",\"dateModified\":\"2011-10-10T08:35:20+00:00\",\"author\":{\"@id\":\"https:\/\/blog.zeit.de\/kinderzeit\/#\/schema\/person\/49470446f328463e8ea80b00b7d5da9c\"},\"breadcrumb\":{\"@id\":\"https:\/\/blog.zeit.de\/kinderzeit\/2011\/10\/08\/gemeinsam-stark_10691#breadcrumb\"},\"inLanguage\":\"de\",\"potentialAction\":[{\"@type\":\"ReadAction\",\"target\":[\"https:\/\/blog.zeit.de\/kinderzeit\/2011\/10\/08\/gemeinsam-stark_10691\"]}]},{\"@type\":\"BreadcrumbList\",\"@id\":\"https:\/\/blog.zeit.de\/kinderzeit\/2011\/10\/08\/gemeinsam-stark_10691#breadcrumb\",\"itemListElement\":[{\"@type\":\"ListItem\",\"position\":1,\"name\":\"Startseite\",\"item\":\"https:\/\/blog.zeit.de\/kinderzeit\"},{\"@type\":\"ListItem\",\"position\":2,\"name\":\"Gemeinsam stark?\"}]},{\"@type\":\"WebSite\",\"@id\":\"https:\/\/blog.zeit.de\/kinderzeit\/#website\",\"url\":\"https:\/\/blog.zeit.de\/kinderzeit\/\",\"name\":\"KinderZEIT-Blog\",\"description\":\"Politik, Kultur und R\u00e4tsel f\u00fcr junge Leser\",\"potentialAction\":[{\"@type\":\"SearchAction\",\"target\":{\"@type\":\"EntryPoint\",\"urlTemplate\":\"https:\/\/blog.zeit.de\/kinderzeit\/?s={search_term_string}\"},\"query-input\":\"required name=search_term_string\"}],\"inLanguage\":\"de\"},{\"@type\":\"Person\",\"@id\":\"https:\/\/blog.zeit.de\/kinderzeit\/#\/schema\/person\/49470446f328463e8ea80b00b7d5da9c\",\"name\":\"Redaktion KinderZEIT\",\"image\":{\"@type\":\"ImageObject\",\"inLanguage\":\"de\",\"@id\":\"https:\/\/blog.zeit.de\/kinderzeit\/#\/schema\/person\/image\/\",\"url\":\"https:\/\/secure.gravatar.com\/avatar\/e613a4a2ad2bd6413584eec4b8dd51cb549f6f87f7a858de5437c6df45ca1659?s=96&d=mm&r=g\",\"contentUrl\":\"https:\/\/secure.gravatar.com\/avatar\/e613a4a2ad2bd6413584eec4b8dd51cb549f6f87f7a858de5437c6df45ca1659?s=96&d=mm&r=g\",\"caption\":\"Redaktion KinderZEIT\"},\"url\":\"https:\/\/blog.zeit.de\/kinderzeit\/author\/sandra-valeska-bruhns\"}]}<\/script>\n<!-- \/ Yoast SEO plugin. -->","yoast_head_json":{"title":"Gemeinsam stark? - KinderZEIT-Blog","robots":{"index":"index","follow":"follow","max-snippet":"max-snippet:-1","max-image-preview":"max-image-preview:large","max-video-preview":"max-video-preview:-1"},"canonical":"https:\/\/blog.zeit.de\/kinderzeit\/2011\/10\/08\/gemeinsam-stark_10691","og_locale":"de_DE","og_type":"article","og_title":"Gemeinsam stark? - KinderZEIT-Blog","og_description":"In Europa arbeiten viele L\u00e4nder eng zusammen \u2013auch Deutschland macht bei dem Staatenbund mit. Aber warum eigentlich? Matthias Krupa Wenn Ihr in diesen Wochen Nachrichten guckt oder h\u00f6rt, was viele Erwachsene sagen, habt Ihr vielleicht den Eindruck, Europa sei gerade kein besonders sch\u00f6ner Kontinent. St\u00e4ndig wird \u00fcber eine Krise gesprochen. Die Politiker schauen ganz besorgt, [&hellip;]","og_url":"https:\/\/blog.zeit.de\/kinderzeit\/2011\/10\/08\/gemeinsam-stark_10691","og_site_name":"KinderZEIT-Blog","article_published_time":"2011-10-08T08:42:46+00:00","article_modified_time":"2011-10-10T08:35:20+00:00","og_image":[{"url":"https:\/\/blog.zeit.de\/kinderzeit\/files\/2011\/10\/117012724-6-540x307.jpg"}],"author":"Redaktion KinderZEIT","twitter_card":"summary_large_image","twitter_misc":{"Verfasst von":"Redaktion KinderZEIT","Gesch\u00e4tzte Lesezeit":"5\u00a0Minuten"},"schema":{"@context":"https:\/\/schema.org","@graph":[{"@type":"WebPage","@id":"https:\/\/blog.zeit.de\/kinderzeit\/2011\/10\/08\/gemeinsam-stark_10691","url":"https:\/\/blog.zeit.de\/kinderzeit\/2011\/10\/08\/gemeinsam-stark_10691","name":"Gemeinsam stark? - KinderZEIT-Blog","isPartOf":{"@id":"https:\/\/blog.zeit.de\/kinderzeit\/#website"},"datePublished":"2011-10-08T08:42:46+00:00","dateModified":"2011-10-10T08:35:20+00:00","author":{"@id":"https:\/\/blog.zeit.de\/kinderzeit\/#\/schema\/person\/49470446f328463e8ea80b00b7d5da9c"},"breadcrumb":{"@id":"https:\/\/blog.zeit.de\/kinderzeit\/2011\/10\/08\/gemeinsam-stark_10691#breadcrumb"},"inLanguage":"de","potentialAction":[{"@type":"ReadAction","target":["https:\/\/blog.zeit.de\/kinderzeit\/2011\/10\/08\/gemeinsam-stark_10691"]}]},{"@type":"BreadcrumbList","@id":"https:\/\/blog.zeit.de\/kinderzeit\/2011\/10\/08\/gemeinsam-stark_10691#breadcrumb","itemListElement":[{"@type":"ListItem","position":1,"name":"Startseite","item":"https:\/\/blog.zeit.de\/kinderzeit"},{"@type":"ListItem","position":2,"name":"Gemeinsam stark?"}]},{"@type":"WebSite","@id":"https:\/\/blog.zeit.de\/kinderzeit\/#website","url":"https:\/\/blog.zeit.de\/kinderzeit\/","name":"KinderZEIT-Blog","description":"Politik, Kultur und R\u00e4tsel f\u00fcr junge Leser","potentialAction":[{"@type":"SearchAction","target":{"@type":"EntryPoint","urlTemplate":"https:\/\/blog.zeit.de\/kinderzeit\/?s={search_term_string}"},"query-input":"required name=search_term_string"}],"inLanguage":"de"},{"@type":"Person","@id":"https:\/\/blog.zeit.de\/kinderzeit\/#\/schema\/person\/49470446f328463e8ea80b00b7d5da9c","name":"Redaktion KinderZEIT","image":{"@type":"ImageObject","inLanguage":"de","@id":"https:\/\/blog.zeit.de\/kinderzeit\/#\/schema\/person\/image\/","url":"https:\/\/secure.gravatar.com\/avatar\/e613a4a2ad2bd6413584eec4b8dd51cb549f6f87f7a858de5437c6df45ca1659?s=96&d=mm&r=g","contentUrl":"https:\/\/secure.gravatar.com\/avatar\/e613a4a2ad2bd6413584eec4b8dd51cb549f6f87f7a858de5437c6df45ca1659?s=96&d=mm&r=g","caption":"Redaktion KinderZEIT"},"url":"https:\/\/blog.zeit.de\/kinderzeit\/author\/sandra-valeska-bruhns"}]}},"jetpack_featured_media_url":"","jetpack_sharing_enabled":true,"_links":{"self":[{"href":"https:\/\/blog.zeit.de\/kinderzeit\/wp-json\/wp\/v2\/posts\/10691","targetHints":{"allow":["GET"]}}],"collection":[{"href":"https:\/\/blog.zeit.de\/kinderzeit\/wp-json\/wp\/v2\/posts"}],"about":[{"href":"https:\/\/blog.zeit.de\/kinderzeit\/wp-json\/wp\/v2\/types\/post"}],"author":[{"embeddable":true,"href":"https:\/\/blog.zeit.de\/kinderzeit\/wp-json\/wp\/v2\/users\/217"}],"replies":[{"embeddable":true,"href":"https:\/\/blog.zeit.de\/kinderzeit\/wp-json\/wp\/v2\/comments?post=10691"}],"version-history":[{"count":7,"href":"https:\/\/blog.zeit.de\/kinderzeit\/wp-json\/wp\/v2\/posts\/10691\/revisions"}],"predecessor-version":[{"id":10731,"href":"https:\/\/blog.zeit.de\/kinderzeit\/wp-json\/wp\/v2\/posts\/10691\/revisions\/10731"}],"wp:attachment":[{"href":"https:\/\/blog.zeit.de\/kinderzeit\/wp-json\/wp\/v2\/media?parent=10691"}],"wp:term":[{"taxonomy":"category","embeddable":true,"href":"https:\/\/blog.zeit.de\/kinderzeit\/wp-json\/wp\/v2\/categories?post=10691"},{"taxonomy":"post_tag","embeddable":true,"href":"https:\/\/blog.zeit.de\/kinderzeit\/wp-json\/wp\/v2\/tags?post=10691"}],"curies":[{"name":"wp","href":"https:\/\/api.w.org\/{rel}","templated":true}]}}