{"id":11086,"date":"2011-12-01T10:28:00","date_gmt":"2011-12-01T09:28:00","guid":{"rendered":"http:\/\/blog.zeit.de\/kinderzeit\/?p=11086"},"modified":"2011-12-01T10:28:00","modified_gmt":"2011-12-01T09:28:00","slug":"wer-war-eigentlich-30-der-blaue-reiter","status":"publish","type":"post","link":"https:\/\/blog.zeit.de\/kinderzeit\/2011\/12\/01\/wer-war-eigentlich-30-der-blaue-reiter_11086","title":{"rendered":"Wer war eigentlich (30): Der blaue Reiter?"},"content":{"rendered":"<p><figure id=\"attachment_11089\" aria-describedby=\"caption-attachment-11089\" style=\"width: 540px\" class=\"wp-caption aligncenter\"><img loading=\"lazy\" decoding=\"async\" src=\"https:\/\/blog.zeit.de\/kinderzeit\/files\/2011\/12\/Franz_Marc-The_Yellow_Cow-1911-540x403.jpg\" alt=\"\" width=\"540\" height=\"403\" class=\"size-large wp-image-11089\" srcset=\"https:\/\/blog.zeit.de\/kinderzeit\/files\/2011\/12\/Franz_Marc-The_Yellow_Cow-1911-540x403.jpg 540w, https:\/\/blog.zeit.de\/kinderzeit\/files\/2011\/12\/Franz_Marc-The_Yellow_Cow-1911-300x224.jpg 300w, https:\/\/blog.zeit.de\/kinderzeit\/files\/2011\/12\/Franz_Marc-The_Yellow_Cow-1911.jpg 800w\" sizes=\"auto, (max-width: 540px) 100vw, 540px\" \/><figcaption id=\"caption-attachment-11089\" class=\"wp-caption-text\">Eines der ber\u00fchmtesten Gem\u00e4lde von Franz Marc: Die gelbe Kuh<\/figcaption><\/figure><\/p>\n<p>Das war eine Gruppe von K\u00fcnstlern, die gemeinsam ihre Bilder ausstellten und f\u00fcr eine neue Kunstrichtung k\u00e4mpften. Die Idee hatten im Dezember 1911, also vor hundert Jahren, der russische K\u00fcnstler Wassily Kandinsky und der M\u00fcnchner Maler Franz Marc. Kandinsky arbeitete abstrakt; das hei\u00dft, er malte die Dinge nicht so, wie sie in der Natur aussehen. Sein Freund Franz Marc malte am liebsten Tiere; allerdings waren seine Pferde rot und blau. <!--more--><\/p>\n<p>Die erste Ausstellung des Blauen Reiters in M\u00fcnchen erregte gro\u00dfe Aufmerksamkeit in ganz Europa. Aber nicht allen gefiel die neue Art zu malen: Besucher spuckten auf die Bilder, versuchten sogar, sie zu zerst\u00f6ren. Die K\u00fcnstler machten beharrlich weiter. Sie wollten, dass die Kunst sich weiterentwickelt. Aufgrund des Ersten Weltkriegs l\u00f6ste sich der Blaue Reiter schon nach wenigen Jahren auf.<\/p>\n<p>Die Radiogeschichte \u00fcber die K\u00fcnstlergruppe h\u00f6rt Ihr am Sonntag um 8.05 Uhr in der Sendung  <em>Mikado &#8211; Radio f\u00fcr Kinder <\/em>auf NDR Info oder im <a href=\"http:\/\/www.ndr.de\/mikado\">Internet<\/a>.<\/p>\n","protected":false},"excerpt":{"rendered":"<p>Das war eine Gruppe von K\u00fcnstlern, die gemeinsam ihre Bilder ausstellten und f\u00fcr eine neue Kunstrichtung k\u00e4mpften. Die Idee hatten im Dezember 1911, also vor hundert Jahren, der russische K\u00fcnstler Wassily Kandinsky und der M\u00fcnchner Maler Franz Marc. Kandinsky arbeitete abstrakt; das hei\u00dft, er malte die Dinge nicht so, wie sie in der Natur aussehen. [&hellip;]<\/p>\n","protected":false},"author":217,"featured_media":0,"comment_status":"open","ping_status":"closed","sticky":false,"template":"","format":"standard","meta":{"_jetpack_memberships_contains_paid_content":false,"footnotes":""},"categories":[12139],"tags":[13209,13206,13205,13207,12181,12136,13208,12138],"class_list":["post-11086","post","type-post","status-publish","format-standard","hentry","category-wer-war-eigentlich-2","tag-abstrakte-kunst","tag-blaue-reiter","tag-der-blaue-reiter","tag-franz-marc","tag-ndr-info","tag-radio-fur-kinder","tag-wassily-kandinsky","tag-wer-war-eigentlich"],"yoast_head":"<!-- This site is optimized with the Yoast SEO plugin v21.0 - https:\/\/yoast.com\/wordpress\/plugins\/seo\/ -->\n<title>Wer war eigentlich (30): Der blaue Reiter? - KinderZEIT-Blog<\/title>\n<meta name=\"robots\" content=\"index, follow, max-snippet:-1, max-image-preview:large, max-video-preview:-1\" \/>\n<link rel=\"canonical\" href=\"https:\/\/blog.zeit.de\/kinderzeit\/2011\/12\/01\/wer-war-eigentlich-30-der-blaue-reiter_11086\" \/>\n<meta property=\"og:locale\" content=\"de_DE\" \/>\n<meta property=\"og:type\" content=\"article\" \/>\n<meta property=\"og:title\" content=\"Wer war eigentlich (30): Der blaue Reiter? - KinderZEIT-Blog\" \/>\n<meta property=\"og:description\" content=\"Das war eine Gruppe von K\u00fcnstlern, die gemeinsam ihre Bilder ausstellten und f\u00fcr eine neue Kunstrichtung k\u00e4mpften. Die Idee hatten im Dezember 1911, also vor hundert Jahren, der russische K\u00fcnstler Wassily Kandinsky und der M\u00fcnchner Maler Franz Marc. Kandinsky arbeitete abstrakt; das hei\u00dft, er malte die Dinge nicht so, wie sie in der Natur aussehen. [&hellip;]\" \/>\n<meta property=\"og:url\" content=\"https:\/\/blog.zeit.de\/kinderzeit\/2011\/12\/01\/wer-war-eigentlich-30-der-blaue-reiter_11086\" \/>\n<meta property=\"og:site_name\" content=\"KinderZEIT-Blog\" \/>\n<meta property=\"article:published_time\" content=\"2011-12-01T09:28:00+00:00\" \/>\n<meta property=\"og:image\" content=\"https:\/\/blog.zeit.de\/kinderzeit\/files\/2011\/12\/Franz_Marc-The_Yellow_Cow-1911-540x403.jpg\" \/>\n<meta name=\"author\" content=\"Redaktion KinderZEIT\" \/>\n<meta name=\"twitter:card\" content=\"summary_large_image\" \/>\n<meta name=\"twitter:label1\" content=\"Verfasst von\" \/>\n\t<meta name=\"twitter:data1\" content=\"Redaktion KinderZEIT\" \/>\n\t<meta name=\"twitter:label2\" content=\"Gesch\u00e4tzte Lesezeit\" \/>\n\t<meta name=\"twitter:data2\" content=\"1\u00a0Minute\" \/>\n<script type=\"application\/ld+json\" class=\"yoast-schema-graph\">{\"@context\":\"https:\/\/schema.org\",\"@graph\":[{\"@type\":\"WebPage\",\"@id\":\"https:\/\/blog.zeit.de\/kinderzeit\/2011\/12\/01\/wer-war-eigentlich-30-der-blaue-reiter_11086\",\"url\":\"https:\/\/blog.zeit.de\/kinderzeit\/2011\/12\/01\/wer-war-eigentlich-30-der-blaue-reiter_11086\",\"name\":\"Wer war eigentlich (30): Der blaue Reiter? - KinderZEIT-Blog\",\"isPartOf\":{\"@id\":\"https:\/\/blog.zeit.de\/kinderzeit\/#website\"},\"datePublished\":\"2011-12-01T09:28:00+00:00\",\"dateModified\":\"2011-12-01T09:28:00+00:00\",\"author\":{\"@id\":\"https:\/\/blog.zeit.de\/kinderzeit\/#\/schema\/person\/49470446f328463e8ea80b00b7d5da9c\"},\"breadcrumb\":{\"@id\":\"https:\/\/blog.zeit.de\/kinderzeit\/2011\/12\/01\/wer-war-eigentlich-30-der-blaue-reiter_11086#breadcrumb\"},\"inLanguage\":\"de\",\"potentialAction\":[{\"@type\":\"ReadAction\",\"target\":[\"https:\/\/blog.zeit.de\/kinderzeit\/2011\/12\/01\/wer-war-eigentlich-30-der-blaue-reiter_11086\"]}]},{\"@type\":\"BreadcrumbList\",\"@id\":\"https:\/\/blog.zeit.de\/kinderzeit\/2011\/12\/01\/wer-war-eigentlich-30-der-blaue-reiter_11086#breadcrumb\",\"itemListElement\":[{\"@type\":\"ListItem\",\"position\":1,\"name\":\"Startseite\",\"item\":\"https:\/\/blog.zeit.de\/kinderzeit\"},{\"@type\":\"ListItem\",\"position\":2,\"name\":\"Wer war eigentlich (30): Der blaue Reiter?\"}]},{\"@type\":\"WebSite\",\"@id\":\"https:\/\/blog.zeit.de\/kinderzeit\/#website\",\"url\":\"https:\/\/blog.zeit.de\/kinderzeit\/\",\"name\":\"KinderZEIT-Blog\",\"description\":\"Politik, Kultur und R\u00e4tsel f\u00fcr junge Leser\",\"potentialAction\":[{\"@type\":\"SearchAction\",\"target\":{\"@type\":\"EntryPoint\",\"urlTemplate\":\"https:\/\/blog.zeit.de\/kinderzeit\/?s={search_term_string}\"},\"query-input\":\"required name=search_term_string\"}],\"inLanguage\":\"de\"},{\"@type\":\"Person\",\"@id\":\"https:\/\/blog.zeit.de\/kinderzeit\/#\/schema\/person\/49470446f328463e8ea80b00b7d5da9c\",\"name\":\"Redaktion KinderZEIT\",\"image\":{\"@type\":\"ImageObject\",\"inLanguage\":\"de\",\"@id\":\"https:\/\/blog.zeit.de\/kinderzeit\/#\/schema\/person\/image\/\",\"url\":\"https:\/\/secure.gravatar.com\/avatar\/e613a4a2ad2bd6413584eec4b8dd51cb549f6f87f7a858de5437c6df45ca1659?s=96&d=mm&r=g\",\"contentUrl\":\"https:\/\/secure.gravatar.com\/avatar\/e613a4a2ad2bd6413584eec4b8dd51cb549f6f87f7a858de5437c6df45ca1659?s=96&d=mm&r=g\",\"caption\":\"Redaktion KinderZEIT\"},\"url\":\"https:\/\/blog.zeit.de\/kinderzeit\/author\/sandra-valeska-bruhns\"}]}<\/script>\n<!-- \/ Yoast SEO plugin. -->","yoast_head_json":{"title":"Wer war eigentlich (30): Der blaue Reiter? - KinderZEIT-Blog","robots":{"index":"index","follow":"follow","max-snippet":"max-snippet:-1","max-image-preview":"max-image-preview:large","max-video-preview":"max-video-preview:-1"},"canonical":"https:\/\/blog.zeit.de\/kinderzeit\/2011\/12\/01\/wer-war-eigentlich-30-der-blaue-reiter_11086","og_locale":"de_DE","og_type":"article","og_title":"Wer war eigentlich (30): Der blaue Reiter? - KinderZEIT-Blog","og_description":"Das war eine Gruppe von K\u00fcnstlern, die gemeinsam ihre Bilder ausstellten und f\u00fcr eine neue Kunstrichtung k\u00e4mpften. Die Idee hatten im Dezember 1911, also vor hundert Jahren, der russische K\u00fcnstler Wassily Kandinsky und der M\u00fcnchner Maler Franz Marc. Kandinsky arbeitete abstrakt; das hei\u00dft, er malte die Dinge nicht so, wie sie in der Natur aussehen. [&hellip;]","og_url":"https:\/\/blog.zeit.de\/kinderzeit\/2011\/12\/01\/wer-war-eigentlich-30-der-blaue-reiter_11086","og_site_name":"KinderZEIT-Blog","article_published_time":"2011-12-01T09:28:00+00:00","og_image":[{"url":"https:\/\/blog.zeit.de\/kinderzeit\/files\/2011\/12\/Franz_Marc-The_Yellow_Cow-1911-540x403.jpg"}],"author":"Redaktion KinderZEIT","twitter_card":"summary_large_image","twitter_misc":{"Verfasst von":"Redaktion KinderZEIT","Gesch\u00e4tzte Lesezeit":"1\u00a0Minute"},"schema":{"@context":"https:\/\/schema.org","@graph":[{"@type":"WebPage","@id":"https:\/\/blog.zeit.de\/kinderzeit\/2011\/12\/01\/wer-war-eigentlich-30-der-blaue-reiter_11086","url":"https:\/\/blog.zeit.de\/kinderzeit\/2011\/12\/01\/wer-war-eigentlich-30-der-blaue-reiter_11086","name":"Wer war eigentlich (30): Der blaue Reiter? - KinderZEIT-Blog","isPartOf":{"@id":"https:\/\/blog.zeit.de\/kinderzeit\/#website"},"datePublished":"2011-12-01T09:28:00+00:00","dateModified":"2011-12-01T09:28:00+00:00","author":{"@id":"https:\/\/blog.zeit.de\/kinderzeit\/#\/schema\/person\/49470446f328463e8ea80b00b7d5da9c"},"breadcrumb":{"@id":"https:\/\/blog.zeit.de\/kinderzeit\/2011\/12\/01\/wer-war-eigentlich-30-der-blaue-reiter_11086#breadcrumb"},"inLanguage":"de","potentialAction":[{"@type":"ReadAction","target":["https:\/\/blog.zeit.de\/kinderzeit\/2011\/12\/01\/wer-war-eigentlich-30-der-blaue-reiter_11086"]}]},{"@type":"BreadcrumbList","@id":"https:\/\/blog.zeit.de\/kinderzeit\/2011\/12\/01\/wer-war-eigentlich-30-der-blaue-reiter_11086#breadcrumb","itemListElement":[{"@type":"ListItem","position":1,"name":"Startseite","item":"https:\/\/blog.zeit.de\/kinderzeit"},{"@type":"ListItem","position":2,"name":"Wer war eigentlich (30): Der blaue Reiter?"}]},{"@type":"WebSite","@id":"https:\/\/blog.zeit.de\/kinderzeit\/#website","url":"https:\/\/blog.zeit.de\/kinderzeit\/","name":"KinderZEIT-Blog","description":"Politik, Kultur und R\u00e4tsel f\u00fcr junge Leser","potentialAction":[{"@type":"SearchAction","target":{"@type":"EntryPoint","urlTemplate":"https:\/\/blog.zeit.de\/kinderzeit\/?s={search_term_string}"},"query-input":"required name=search_term_string"}],"inLanguage":"de"},{"@type":"Person","@id":"https:\/\/blog.zeit.de\/kinderzeit\/#\/schema\/person\/49470446f328463e8ea80b00b7d5da9c","name":"Redaktion KinderZEIT","image":{"@type":"ImageObject","inLanguage":"de","@id":"https:\/\/blog.zeit.de\/kinderzeit\/#\/schema\/person\/image\/","url":"https:\/\/secure.gravatar.com\/avatar\/e613a4a2ad2bd6413584eec4b8dd51cb549f6f87f7a858de5437c6df45ca1659?s=96&d=mm&r=g","contentUrl":"https:\/\/secure.gravatar.com\/avatar\/e613a4a2ad2bd6413584eec4b8dd51cb549f6f87f7a858de5437c6df45ca1659?s=96&d=mm&r=g","caption":"Redaktion KinderZEIT"},"url":"https:\/\/blog.zeit.de\/kinderzeit\/author\/sandra-valeska-bruhns"}]}},"jetpack_featured_media_url":"","jetpack_sharing_enabled":true,"_links":{"self":[{"href":"https:\/\/blog.zeit.de\/kinderzeit\/wp-json\/wp\/v2\/posts\/11086","targetHints":{"allow":["GET"]}}],"collection":[{"href":"https:\/\/blog.zeit.de\/kinderzeit\/wp-json\/wp\/v2\/posts"}],"about":[{"href":"https:\/\/blog.zeit.de\/kinderzeit\/wp-json\/wp\/v2\/types\/post"}],"author":[{"embeddable":true,"href":"https:\/\/blog.zeit.de\/kinderzeit\/wp-json\/wp\/v2\/users\/217"}],"replies":[{"embeddable":true,"href":"https:\/\/blog.zeit.de\/kinderzeit\/wp-json\/wp\/v2\/comments?post=11086"}],"version-history":[{"count":5,"href":"https:\/\/blog.zeit.de\/kinderzeit\/wp-json\/wp\/v2\/posts\/11086\/revisions"}],"predecessor-version":[{"id":11092,"href":"https:\/\/blog.zeit.de\/kinderzeit\/wp-json\/wp\/v2\/posts\/11086\/revisions\/11092"}],"wp:attachment":[{"href":"https:\/\/blog.zeit.de\/kinderzeit\/wp-json\/wp\/v2\/media?parent=11086"}],"wp:term":[{"taxonomy":"category","embeddable":true,"href":"https:\/\/blog.zeit.de\/kinderzeit\/wp-json\/wp\/v2\/categories?post=11086"},{"taxonomy":"post_tag","embeddable":true,"href":"https:\/\/blog.zeit.de\/kinderzeit\/wp-json\/wp\/v2\/tags?post=11086"}],"curies":[{"name":"wp","href":"https:\/\/api.w.org\/{rel}","templated":true}]}}