{"id":11379,"date":"2012-01-12T10:42:25","date_gmt":"2012-01-12T09:42:25","guid":{"rendered":"http:\/\/blog.zeit.de\/kinderzeit\/?p=11379"},"modified":"2012-01-12T10:43:24","modified_gmt":"2012-01-12T09:43:24","slug":"sechs-stunden-tageslicht","status":"publish","type":"post","link":"https:\/\/blog.zeit.de\/kinderzeit\/2012\/01\/12\/sechs-stunden-tageslicht_11379","title":{"rendered":"Sechs Stunden Tageslicht"},"content":{"rendered":"<p><figure id=\"attachment_11391\" aria-describedby=\"caption-attachment-11391\" style=\"width: 540px\" class=\"wp-caption aligncenter\"><img loading=\"lazy\" decoding=\"async\" src=\"https:\/\/blog.zeit.de\/kinderzeit\/files\/2012\/01\/Faeroeer_Hauptstadt-540x359.jpg\" alt=\"\" width=\"540\" height=\"359\" class=\"size-large wp-image-11391\" srcset=\"https:\/\/blog.zeit.de\/kinderzeit\/files\/2012\/01\/Faeroeer_Hauptstadt-540x359.jpg 540w, https:\/\/blog.zeit.de\/kinderzeit\/files\/2012\/01\/Faeroeer_Hauptstadt-300x199.jpg 300w, https:\/\/blog.zeit.de\/kinderzeit\/files\/2012\/01\/Faeroeer_Hauptstadt.jpg 640w\" sizes=\"auto, (max-width: 540px) 100vw, 540px\" \/><figcaption id=\"caption-attachment-11391\" class=\"wp-caption-text\">T\u00f3rshavn, die Hauptstadt der F\u00e4r\u00f6er-Inseln, ist bekannt f\u00fcr ihre bunten H\u00e4user\/ \u00a9 Erik Christensen<\/figcaption><\/figure><\/p>\n<p><strong>Johannes wohnt auf den<a href=\"https:\/\/blog.zeit.de\/kinderzeit\/2012\/01\/12\/wo-liegen-die-faroer-inseln_11381\"> F\u00e4r\u00f6er-Inseln<\/a>. Weil die sehr weit im Norden liegen, gibt es dort derzeit nur wenige Sonnenstunden. Was macht man da den ganzen dunklen Tag? Der Zw\u00f6lfj\u00e4hrige erz\u00e4hlt es Katrin H\u00f6rnlein im KinderZEIT-Interview<\/strong><\/p>\n<p>KinderZEIT: Johannes, was siehst Du, wenn Du aus Deinem Zimmerfenster schaust?<\/p>\n<p>Johannes: Ich sehe das Haus eines Nachbarn, das Meer und eine andere Insel, die N\u00f3lsoy hei\u00dft.<\/p>\n<p>KinderZEIT: Beschreib doch bitte Deine Heimat, die F\u00e4r\u00f6er-Inseln, f\u00fcr ein Kind in Deutschland!<!--more--><\/p>\n<p>Johannes: Es gibt viele Berge bei uns, gr\u00fcne Berge. Und die H\u00e4user sind fast alle aus Holz und sehr bunt bemalt. Wir haben keine hohen Geb\u00e4ude, das h\u00f6chste ist das Krankenhaus mit acht Stockwerken. Es gibt bei uns auch keine Freizeitparks wie Disney World oder den Europa-Park oder so etwas. Wir haben nicht einmal einen Zoo. Und auch keine Eisenbahn. Es gibt hier nur Landstra\u00dfen, auf denen man 80 km\/h fahren darf.<\/p>\n<p>KinderZEIT: Was gef\u00e4llt Dir an Deiner Heimat?<\/p>\n<p>Johannes: Alles. Besonders mag ich, dass es keine Diebe und kaum Gewalt gibt. Im November hat die Polizei einen Mann festgenommen, der einen anderen umgebracht haben soll. Das ist der erste Mordfall hier seit 23 Jahren.<\/p>\n<p>KinderZEIT: Wie viele Stunden ist es jetzt im Winter dunkel?<\/p>\n<p>Johannes: Fast den ganzen Tag! Mitte Januar geht die Sonne erst gegen halb zehn auf und schon um halb vier wieder unter. Wir haben also nur etwa sechs Stunden Tageslicht.<\/p>\n<p>KinderZEIT: Was machst Du an einem typischen Tag im Winter?<\/p>\n<p>Johannes: Man kann nicht viel drau\u00dfen unternehmen, wenn es so viele Stunden dunkel ist. Deshalb bin ich im Winter viel drinnen. Wenn ich von der Schule nach Hause komme, spiele ich oft am Computer oder sehe fern. Leider gibt es bei uns nur selten Schnee. Aber wenn es schneit, gehen wir raus, egal, ob es dunkel ist oder nicht. Wir machen Schneeballschlachten und fahren Schlitten.<\/p>\n<p>KinderZEIT: Verbringst Du die Tage im Sommer anders?<\/p>\n<p><figure id=\"attachment_11388\" aria-describedby=\"caption-attachment-11388\" style=\"width: 167px\" class=\"wp-caption alignleft\"><a href=\"https:\/\/blog.zeit.de\/kinderzeit\/2012\/01\/12\/sechs-stunden-tageslicht_11379\/johannes_faeroeer\" rel=\"attachment wp-att-11388\"><img loading=\"lazy\" decoding=\"async\" src=\"https:\/\/blog.zeit.de\/kinderzeit\/files\/2012\/01\/Johannes_Faeroeer.jpg\" alt=\"\" width=\"167\" height=\"202\" class=\"size-full wp-image-11388\" \/><\/a><figcaption id=\"caption-attachment-11388\" class=\"wp-caption-text\">Das ist Johannes, 12 Jahre, der auf der Insel Streymoy lebt\/ \u00a9 Helle Thede Johansen<\/figcaption><\/figure><\/p>\n<p>Johannes: Ja, da haben wir ganz viel Licht. Die Sonne geht schon mitten in der Nacht auf, im Juni um halb vier. Und sie geht erst gegen halb elf abends wieder unter. Wir sind dann ganz lange drau\u00dfen und spielen bis in die Nacht Fu\u00dfball oder fahren mit den R\u00e4dern umher. Leider ist es bei uns aber sogar im Sommer zu kalt, um im Meer schwimmen zu gehen. Eigentlich muss man immer eine Jacke anziehen. Und manchmal ist es bei all dem Licht auch richtig schwierig, einzuschlafen.<\/p>\n<p>KinderZEIT: Das ist ja jetzt im Winter anders&#8230;<\/p>\n<p>Johannes: Ja, da ist man immer m\u00fcde. Aber es ist auch gem\u00fctlich. Und manchmal f\u00e4llt bei uns einfach der Strom aus. Dann wissen wir nie, wie lange wir auch noch ohne elektrisches Licht auskommen m\u00fcssen&#8230;<\/p>\n<p>KinderZEIT: F\u00e4llt dann die Schule aus?<\/p>\n<p>Johannes: Nein. Das passiert leider nie!<\/p>\n<p>KinderZEIT: Z\u00fcndet Ihr im Winter viele Kerzen an?<\/p>\n<p>Johannes: Nur selten. Mein Papa bekommt Kopfschmerzen, wenn wir zu viele Kerzen anmachen.<\/p>\n<p>KinderZEIT: Was magst Du am Winter?<\/p>\n<p>Johannes: Wenn es schneit \u2013 und nat\u00fcrlich die Weihnachtsgeschenke.<\/p>\n<p>KinderZEIT: Und was magst Du nicht?<\/p>\n<p>Johannes: Schnee unter die Kleidung und Schneeb\u00e4lle ins Gesicht zu bekommen.<\/p>\n<p>KinderZEIT: Erz\u00e4hlt Ihr Euch besondere Geschichten \u00fcber die Dunkelheit, alte Sagen oder M\u00e4rchen?<\/p>\n<p>Johannes: Fr\u00fcher, bevor es Fernsehen und Computer gab, haben sich die Menschen bei uns an langen Winterabenden immer viele Geschichten erz\u00e4hlt. Es gab ja sonst nicht viel zu tun. Sie mochten es, sich gegenseitig ein bisschen Angst einzujagen \u2013 und haben sich von Trollen, Nixen und Ungeheuern erz\u00e4hlt. Das war in der Dunkelheit besonders unheimlich. Wir kennen noch heute viele dieser alten Legenden. Nicht nur gruselige. Auch welche \u00fcber ber\u00fchmte Leute, etwa \u00fcber Sigmundur Brestisson. Der hat den christlichen Glauben auf unsere Inseln gebracht. Aus einigen dieser alten Sagen und Geschichten wurden Lieder, die wir immer noch in der Schule lernen. Bei Festen singen wir diese traditionellen Lieder und tanzen dazu im Kreis.<\/p>\n<p>KinderZEIT: Feiert Ihr, wenn mit dem Fr\u00fchling auch das Licht zur\u00fcckkommt?<\/p>\n<p>Johannes: Wir feiern Ostern, wie die meisten christlichen L\u00e4nder. Aber ein typisches F\u00e4r\u00f6er-Fest f\u00fcr den Fr\u00fchling haben wir nicht. Am Tag mit den meisten Sonnenstunden des Jahres, das ist meist der 21. Juni, steigen viele Menschen auf den Gipfel des h\u00f6chsten Berges. Dort singen und tanzen sie, w\u00e4hrend die Sonne nur f\u00fcr kurze Zeit verschwindet. Bisher war ich noch nie dabei, aber vielleicht mache ich das in diesem Sommer. <\/p>\n","protected":false},"excerpt":{"rendered":"<p>Johannes wohnt auf den F\u00e4r\u00f6er-Inseln. Weil die sehr weit im Norden liegen, gibt es dort derzeit nur wenige Sonnenstunden. Was macht man da den ganzen dunklen Tag? Der Zw\u00f6lfj\u00e4hrige erz\u00e4hlt es Katrin H\u00f6rnlein im KinderZEIT-Interview KinderZEIT: Johannes, was siehst Du, wenn Du aus Deinem Zimmerfenster schaust? Johannes: Ich sehe das Haus eines Nachbarn, das Meer [&hellip;]<\/p>\n","protected":false},"author":217,"featured_media":0,"comment_status":"open","ping_status":"closed","sticky":false,"template":"","format":"standard","meta":{"_jetpack_memberships_contains_paid_content":false,"footnotes":""},"categories":[2287,391,2531,889],"tags":[16739,16731,16730,16734,16737,16733,16732,16735,16736,16738],"class_list":["post-11379","post","type-post","status-publish","format-standard","hentry","category-geschichten-von-kindern","category-kinder","category-weltweit","category-wissen","tag-dunkelheit-im-winter","tag-faeroeer-insel","tag-faroer-inseln","tag-inseln-ganz-im-norden","tag-interview-mit-kindern","tag-leben-in-dunkelheit","tag-leben-mit-wenig-licht","tag-nordlicht","tag-nur-wenig-tageslicht","tag-wenig-sonnenstunden"],"yoast_head":"<!-- This site is optimized with the Yoast SEO plugin v21.0 - https:\/\/yoast.com\/wordpress\/plugins\/seo\/ -->\n<title>Sechs Stunden Tageslicht - KinderZEIT-Blog<\/title>\n<meta name=\"robots\" content=\"index, follow, max-snippet:-1, max-image-preview:large, max-video-preview:-1\" \/>\n<link rel=\"canonical\" href=\"https:\/\/blog.zeit.de\/kinderzeit\/2012\/01\/12\/sechs-stunden-tageslicht_11379\" \/>\n<meta property=\"og:locale\" content=\"de_DE\" \/>\n<meta property=\"og:type\" content=\"article\" \/>\n<meta property=\"og:title\" content=\"Sechs Stunden Tageslicht - KinderZEIT-Blog\" \/>\n<meta property=\"og:description\" content=\"Johannes wohnt auf den F\u00e4r\u00f6er-Inseln. Weil die sehr weit im Norden liegen, gibt es dort derzeit nur wenige Sonnenstunden. Was macht man da den ganzen dunklen Tag? Der Zw\u00f6lfj\u00e4hrige erz\u00e4hlt es Katrin H\u00f6rnlein im KinderZEIT-Interview KinderZEIT: Johannes, was siehst Du, wenn Du aus Deinem Zimmerfenster schaust? Johannes: Ich sehe das Haus eines Nachbarn, das Meer [&hellip;]\" \/>\n<meta property=\"og:url\" content=\"https:\/\/blog.zeit.de\/kinderzeit\/2012\/01\/12\/sechs-stunden-tageslicht_11379\" \/>\n<meta property=\"og:site_name\" content=\"KinderZEIT-Blog\" \/>\n<meta property=\"article:published_time\" content=\"2012-01-12T09:42:25+00:00\" \/>\n<meta property=\"article:modified_time\" content=\"2012-01-12T09:43:24+00:00\" \/>\n<meta property=\"og:image\" content=\"https:\/\/blog.zeit.de\/kinderzeit\/files\/2012\/01\/Faeroeer_Hauptstadt-540x359.jpg\" \/>\n<meta name=\"author\" content=\"Redaktion KinderZEIT\" \/>\n<meta name=\"twitter:card\" content=\"summary_large_image\" \/>\n<meta name=\"twitter:label1\" content=\"Verfasst von\" \/>\n\t<meta name=\"twitter:data1\" content=\"Redaktion KinderZEIT\" \/>\n\t<meta name=\"twitter:label2\" content=\"Gesch\u00e4tzte Lesezeit\" \/>\n\t<meta name=\"twitter:data2\" content=\"4\u00a0Minuten\" \/>\n<script type=\"application\/ld+json\" class=\"yoast-schema-graph\">{\"@context\":\"https:\/\/schema.org\",\"@graph\":[{\"@type\":\"WebPage\",\"@id\":\"https:\/\/blog.zeit.de\/kinderzeit\/2012\/01\/12\/sechs-stunden-tageslicht_11379\",\"url\":\"https:\/\/blog.zeit.de\/kinderzeit\/2012\/01\/12\/sechs-stunden-tageslicht_11379\",\"name\":\"Sechs Stunden Tageslicht - KinderZEIT-Blog\",\"isPartOf\":{\"@id\":\"https:\/\/blog.zeit.de\/kinderzeit\/#website\"},\"datePublished\":\"2012-01-12T09:42:25+00:00\",\"dateModified\":\"2012-01-12T09:43:24+00:00\",\"author\":{\"@id\":\"https:\/\/blog.zeit.de\/kinderzeit\/#\/schema\/person\/49470446f328463e8ea80b00b7d5da9c\"},\"breadcrumb\":{\"@id\":\"https:\/\/blog.zeit.de\/kinderzeit\/2012\/01\/12\/sechs-stunden-tageslicht_11379#breadcrumb\"},\"inLanguage\":\"de\",\"potentialAction\":[{\"@type\":\"ReadAction\",\"target\":[\"https:\/\/blog.zeit.de\/kinderzeit\/2012\/01\/12\/sechs-stunden-tageslicht_11379\"]}]},{\"@type\":\"BreadcrumbList\",\"@id\":\"https:\/\/blog.zeit.de\/kinderzeit\/2012\/01\/12\/sechs-stunden-tageslicht_11379#breadcrumb\",\"itemListElement\":[{\"@type\":\"ListItem\",\"position\":1,\"name\":\"Startseite\",\"item\":\"https:\/\/blog.zeit.de\/kinderzeit\"},{\"@type\":\"ListItem\",\"position\":2,\"name\":\"Sechs Stunden Tageslicht\"}]},{\"@type\":\"WebSite\",\"@id\":\"https:\/\/blog.zeit.de\/kinderzeit\/#website\",\"url\":\"https:\/\/blog.zeit.de\/kinderzeit\/\",\"name\":\"KinderZEIT-Blog\",\"description\":\"Politik, Kultur und R\u00e4tsel f\u00fcr junge Leser\",\"potentialAction\":[{\"@type\":\"SearchAction\",\"target\":{\"@type\":\"EntryPoint\",\"urlTemplate\":\"https:\/\/blog.zeit.de\/kinderzeit\/?s={search_term_string}\"},\"query-input\":\"required name=search_term_string\"}],\"inLanguage\":\"de\"},{\"@type\":\"Person\",\"@id\":\"https:\/\/blog.zeit.de\/kinderzeit\/#\/schema\/person\/49470446f328463e8ea80b00b7d5da9c\",\"name\":\"Redaktion KinderZEIT\",\"image\":{\"@type\":\"ImageObject\",\"inLanguage\":\"de\",\"@id\":\"https:\/\/blog.zeit.de\/kinderzeit\/#\/schema\/person\/image\/\",\"url\":\"https:\/\/secure.gravatar.com\/avatar\/e613a4a2ad2bd6413584eec4b8dd51cb549f6f87f7a858de5437c6df45ca1659?s=96&d=mm&r=g\",\"contentUrl\":\"https:\/\/secure.gravatar.com\/avatar\/e613a4a2ad2bd6413584eec4b8dd51cb549f6f87f7a858de5437c6df45ca1659?s=96&d=mm&r=g\",\"caption\":\"Redaktion KinderZEIT\"},\"url\":\"https:\/\/blog.zeit.de\/kinderzeit\/author\/sandra-valeska-bruhns\"}]}<\/script>\n<!-- \/ Yoast SEO plugin. -->","yoast_head_json":{"title":"Sechs Stunden Tageslicht - KinderZEIT-Blog","robots":{"index":"index","follow":"follow","max-snippet":"max-snippet:-1","max-image-preview":"max-image-preview:large","max-video-preview":"max-video-preview:-1"},"canonical":"https:\/\/blog.zeit.de\/kinderzeit\/2012\/01\/12\/sechs-stunden-tageslicht_11379","og_locale":"de_DE","og_type":"article","og_title":"Sechs Stunden Tageslicht - KinderZEIT-Blog","og_description":"Johannes wohnt auf den F\u00e4r\u00f6er-Inseln. Weil die sehr weit im Norden liegen, gibt es dort derzeit nur wenige Sonnenstunden. Was macht man da den ganzen dunklen Tag? Der Zw\u00f6lfj\u00e4hrige erz\u00e4hlt es Katrin H\u00f6rnlein im KinderZEIT-Interview KinderZEIT: Johannes, was siehst Du, wenn Du aus Deinem Zimmerfenster schaust? Johannes: Ich sehe das Haus eines Nachbarn, das Meer [&hellip;]","og_url":"https:\/\/blog.zeit.de\/kinderzeit\/2012\/01\/12\/sechs-stunden-tageslicht_11379","og_site_name":"KinderZEIT-Blog","article_published_time":"2012-01-12T09:42:25+00:00","article_modified_time":"2012-01-12T09:43:24+00:00","og_image":[{"url":"https:\/\/blog.zeit.de\/kinderzeit\/files\/2012\/01\/Faeroeer_Hauptstadt-540x359.jpg"}],"author":"Redaktion KinderZEIT","twitter_card":"summary_large_image","twitter_misc":{"Verfasst von":"Redaktion KinderZEIT","Gesch\u00e4tzte Lesezeit":"4\u00a0Minuten"},"schema":{"@context":"https:\/\/schema.org","@graph":[{"@type":"WebPage","@id":"https:\/\/blog.zeit.de\/kinderzeit\/2012\/01\/12\/sechs-stunden-tageslicht_11379","url":"https:\/\/blog.zeit.de\/kinderzeit\/2012\/01\/12\/sechs-stunden-tageslicht_11379","name":"Sechs Stunden Tageslicht - KinderZEIT-Blog","isPartOf":{"@id":"https:\/\/blog.zeit.de\/kinderzeit\/#website"},"datePublished":"2012-01-12T09:42:25+00:00","dateModified":"2012-01-12T09:43:24+00:00","author":{"@id":"https:\/\/blog.zeit.de\/kinderzeit\/#\/schema\/person\/49470446f328463e8ea80b00b7d5da9c"},"breadcrumb":{"@id":"https:\/\/blog.zeit.de\/kinderzeit\/2012\/01\/12\/sechs-stunden-tageslicht_11379#breadcrumb"},"inLanguage":"de","potentialAction":[{"@type":"ReadAction","target":["https:\/\/blog.zeit.de\/kinderzeit\/2012\/01\/12\/sechs-stunden-tageslicht_11379"]}]},{"@type":"BreadcrumbList","@id":"https:\/\/blog.zeit.de\/kinderzeit\/2012\/01\/12\/sechs-stunden-tageslicht_11379#breadcrumb","itemListElement":[{"@type":"ListItem","position":1,"name":"Startseite","item":"https:\/\/blog.zeit.de\/kinderzeit"},{"@type":"ListItem","position":2,"name":"Sechs Stunden Tageslicht"}]},{"@type":"WebSite","@id":"https:\/\/blog.zeit.de\/kinderzeit\/#website","url":"https:\/\/blog.zeit.de\/kinderzeit\/","name":"KinderZEIT-Blog","description":"Politik, Kultur und R\u00e4tsel f\u00fcr junge Leser","potentialAction":[{"@type":"SearchAction","target":{"@type":"EntryPoint","urlTemplate":"https:\/\/blog.zeit.de\/kinderzeit\/?s={search_term_string}"},"query-input":"required name=search_term_string"}],"inLanguage":"de"},{"@type":"Person","@id":"https:\/\/blog.zeit.de\/kinderzeit\/#\/schema\/person\/49470446f328463e8ea80b00b7d5da9c","name":"Redaktion KinderZEIT","image":{"@type":"ImageObject","inLanguage":"de","@id":"https:\/\/blog.zeit.de\/kinderzeit\/#\/schema\/person\/image\/","url":"https:\/\/secure.gravatar.com\/avatar\/e613a4a2ad2bd6413584eec4b8dd51cb549f6f87f7a858de5437c6df45ca1659?s=96&d=mm&r=g","contentUrl":"https:\/\/secure.gravatar.com\/avatar\/e613a4a2ad2bd6413584eec4b8dd51cb549f6f87f7a858de5437c6df45ca1659?s=96&d=mm&r=g","caption":"Redaktion KinderZEIT"},"url":"https:\/\/blog.zeit.de\/kinderzeit\/author\/sandra-valeska-bruhns"}]}},"jetpack_featured_media_url":"","jetpack_sharing_enabled":true,"_links":{"self":[{"href":"https:\/\/blog.zeit.de\/kinderzeit\/wp-json\/wp\/v2\/posts\/11379","targetHints":{"allow":["GET"]}}],"collection":[{"href":"https:\/\/blog.zeit.de\/kinderzeit\/wp-json\/wp\/v2\/posts"}],"about":[{"href":"https:\/\/blog.zeit.de\/kinderzeit\/wp-json\/wp\/v2\/types\/post"}],"author":[{"embeddable":true,"href":"https:\/\/blog.zeit.de\/kinderzeit\/wp-json\/wp\/v2\/users\/217"}],"replies":[{"embeddable":true,"href":"https:\/\/blog.zeit.de\/kinderzeit\/wp-json\/wp\/v2\/comments?post=11379"}],"version-history":[{"count":11,"href":"https:\/\/blog.zeit.de\/kinderzeit\/wp-json\/wp\/v2\/posts\/11379\/revisions"}],"predecessor-version":[{"id":11401,"href":"https:\/\/blog.zeit.de\/kinderzeit\/wp-json\/wp\/v2\/posts\/11379\/revisions\/11401"}],"wp:attachment":[{"href":"https:\/\/blog.zeit.de\/kinderzeit\/wp-json\/wp\/v2\/media?parent=11379"}],"wp:term":[{"taxonomy":"category","embeddable":true,"href":"https:\/\/blog.zeit.de\/kinderzeit\/wp-json\/wp\/v2\/categories?post=11379"},{"taxonomy":"post_tag","embeddable":true,"href":"https:\/\/blog.zeit.de\/kinderzeit\/wp-json\/wp\/v2\/tags?post=11379"}],"curies":[{"name":"wp","href":"https:\/\/api.w.org\/{rel}","templated":true}]}}