{"id":11557,"date":"2012-02-02T09:00:36","date_gmt":"2012-02-02T08:00:36","guid":{"rendered":"http:\/\/blog.zeit.de\/kinderzeit\/?p=11557"},"modified":"2012-02-01T11:07:52","modified_gmt":"2012-02-01T10:07:52","slug":"wer-war-eigentlich-36-mozart","status":"publish","type":"post","link":"https:\/\/blog.zeit.de\/kinderzeit\/2012\/02\/02\/wer-war-eigentlich-36-mozart_11557","title":{"rendered":"Wer war eigentlich (36): Mozart?"},"content":{"rendered":"<p><figure id=\"attachment_11558\" aria-describedby=\"caption-attachment-11558\" style=\"width: 204px\" class=\"wp-caption alignleft\"><img loading=\"lazy\" decoding=\"async\" src=\"https:\/\/blog.zeit.de\/kinderzeit\/files\/2012\/02\/mozart-204x300.jpg\" alt=\"\" width=\"204\" height=\"300\" class=\"size-medium wp-image-11558\" srcset=\"https:\/\/blog.zeit.de\/kinderzeit\/files\/2012\/02\/mozart-204x300.jpg 204w, https:\/\/blog.zeit.de\/kinderzeit\/files\/2012\/02\/mozart-367x540.jpg 367w, https:\/\/blog.zeit.de\/kinderzeit\/files\/2012\/02\/mozart.jpg 408w\" sizes=\"auto, (max-width: 204px) 100vw, 204px\" \/><figcaption id=\"caption-attachment-11558\" class=\"wp-caption-text\">Mozart, gemalt von der K\u00fcnstlerin Barbara Krafft<\/figcaption><\/figure><\/p>\n<p>Er war einer der ber\u00fchmtesten Komponisten der Welt und schrieb klassische Musikst\u00fccke. Wolfgang Amadeus Mozart wurde 1756 in Salzburg in \u00d6sterreich geboren und war schon bald in ganz Europa als \u00bbWunderkind\u00ab bekannt. Er schrieb n\u00e4mlich bereits mit f\u00fcnf Jahren sein erstes Musikst\u00fcck. Als er sieben war, ging er auf eine Konzertreise. Dort trat er zusammen mit seiner gro\u00dfen Schwester Maria Anna an vielen F\u00fcrstenh\u00f6fen auf. <!--more--><\/p>\n<p>Mozart hatte ein absolutes Geh\u00f6r, sodass er sofort bemerkte, wenn seine Geige auch nur um einen Viertelton verstimmt war. Mozart wurde nur 35 Jahre alt. Er starb 1791 in Wien. In dieser kurzen Zeit schrieb er mehr als 600 Musikst\u00fccke, zu denen auch einige Opern, also Theaterst\u00fccke, bei denen viel gesungen wird, geh\u00f6ren. Zu seinen bekanntesten Werken z\u00e4hlen Eine kleine Nachtmusik und die Oper Die Zauberfl\u00f6te.<\/p>\n<p>Die Radiogeschichte \u00fcber Mozart h\u00f6rt Ihr am Sonntag um 8.05 Uhr in der Sendung  <em>Mikado &#8211; Radio f\u00fcr Kinder <\/em>auf NDR Info oder im <a href=\"http:\/\/www.ndr.de\/mikado\">Internet<\/a>.<\/p>\n","protected":false},"excerpt":{"rendered":"<p>Er war einer der ber\u00fchmtesten Komponisten der Welt und schrieb klassische Musikst\u00fccke. Wolfgang Amadeus Mozart wurde 1756 in Salzburg in \u00d6sterreich geboren und war schon bald in ganz Europa als \u00bbWunderkind\u00ab bekannt. Er schrieb n\u00e4mlich bereits mit f\u00fcnf Jahren sein erstes Musikst\u00fcck. Als er sieben war, ging er auf eine Konzertreise. Dort trat er zusammen [&hellip;]<\/p>\n","protected":false},"author":217,"featured_media":0,"comment_status":"open","ping_status":"closed","sticky":false,"template":"","format":"standard","meta":{"_jetpack_memberships_contains_paid_content":false,"footnotes":""},"categories":[10323,12139],"tags":[9068,12134,16856,12181,12136,16858,16857,16859],"class_list":["post-11557","post","type-post","status-publish","format-standard","hentry","category-lieder-und-musik","category-wer-war-eigentlich-2","tag-komponist","tag-mikado","tag-mozart","tag-ndr-info","tag-radio-fur-kinder","tag-salzburg","tag-wolfgang-amadeus-mozart","tag-wunderkind"],"yoast_head":"<!-- This site is optimized with the Yoast SEO plugin v21.0 - https:\/\/yoast.com\/wordpress\/plugins\/seo\/ -->\n<title>Wer war eigentlich (36): Mozart? - KinderZEIT-Blog<\/title>\n<meta name=\"robots\" content=\"index, follow, max-snippet:-1, max-image-preview:large, max-video-preview:-1\" \/>\n<link rel=\"canonical\" href=\"https:\/\/blog.zeit.de\/kinderzeit\/2012\/02\/02\/wer-war-eigentlich-36-mozart_11557\" \/>\n<meta property=\"og:locale\" content=\"de_DE\" \/>\n<meta property=\"og:type\" content=\"article\" \/>\n<meta property=\"og:title\" content=\"Wer war eigentlich (36): Mozart? - KinderZEIT-Blog\" \/>\n<meta property=\"og:description\" content=\"Er war einer der ber\u00fchmtesten Komponisten der Welt und schrieb klassische Musikst\u00fccke. Wolfgang Amadeus Mozart wurde 1756 in Salzburg in \u00d6sterreich geboren und war schon bald in ganz Europa als \u00bbWunderkind\u00ab bekannt. Er schrieb n\u00e4mlich bereits mit f\u00fcnf Jahren sein erstes Musikst\u00fcck. Als er sieben war, ging er auf eine Konzertreise. Dort trat er zusammen [&hellip;]\" \/>\n<meta property=\"og:url\" content=\"https:\/\/blog.zeit.de\/kinderzeit\/2012\/02\/02\/wer-war-eigentlich-36-mozart_11557\" \/>\n<meta property=\"og:site_name\" content=\"KinderZEIT-Blog\" \/>\n<meta property=\"article:published_time\" content=\"2012-02-02T08:00:36+00:00\" \/>\n<meta property=\"article:modified_time\" content=\"2012-02-01T10:07:52+00:00\" \/>\n<meta property=\"og:image\" content=\"https:\/\/blog.zeit.de\/kinderzeit\/files\/2012\/02\/mozart-204x300.jpg\" \/>\n<meta name=\"author\" content=\"Redaktion KinderZEIT\" \/>\n<meta name=\"twitter:card\" content=\"summary_large_image\" \/>\n<meta name=\"twitter:label1\" content=\"Verfasst von\" \/>\n\t<meta name=\"twitter:data1\" content=\"Redaktion KinderZEIT\" \/>\n\t<meta name=\"twitter:label2\" content=\"Gesch\u00e4tzte Lesezeit\" \/>\n\t<meta name=\"twitter:data2\" content=\"1\u00a0Minute\" \/>\n<script type=\"application\/ld+json\" class=\"yoast-schema-graph\">{\"@context\":\"https:\/\/schema.org\",\"@graph\":[{\"@type\":\"WebPage\",\"@id\":\"https:\/\/blog.zeit.de\/kinderzeit\/2012\/02\/02\/wer-war-eigentlich-36-mozart_11557\",\"url\":\"https:\/\/blog.zeit.de\/kinderzeit\/2012\/02\/02\/wer-war-eigentlich-36-mozart_11557\",\"name\":\"Wer war eigentlich (36): Mozart? - KinderZEIT-Blog\",\"isPartOf\":{\"@id\":\"https:\/\/blog.zeit.de\/kinderzeit\/#website\"},\"datePublished\":\"2012-02-02T08:00:36+00:00\",\"dateModified\":\"2012-02-01T10:07:52+00:00\",\"author\":{\"@id\":\"https:\/\/blog.zeit.de\/kinderzeit\/#\/schema\/person\/49470446f328463e8ea80b00b7d5da9c\"},\"breadcrumb\":{\"@id\":\"https:\/\/blog.zeit.de\/kinderzeit\/2012\/02\/02\/wer-war-eigentlich-36-mozart_11557#breadcrumb\"},\"inLanguage\":\"de\",\"potentialAction\":[{\"@type\":\"ReadAction\",\"target\":[\"https:\/\/blog.zeit.de\/kinderzeit\/2012\/02\/02\/wer-war-eigentlich-36-mozart_11557\"]}]},{\"@type\":\"BreadcrumbList\",\"@id\":\"https:\/\/blog.zeit.de\/kinderzeit\/2012\/02\/02\/wer-war-eigentlich-36-mozart_11557#breadcrumb\",\"itemListElement\":[{\"@type\":\"ListItem\",\"position\":1,\"name\":\"Startseite\",\"item\":\"https:\/\/blog.zeit.de\/kinderzeit\"},{\"@type\":\"ListItem\",\"position\":2,\"name\":\"Wer war eigentlich (36): Mozart?\"}]},{\"@type\":\"WebSite\",\"@id\":\"https:\/\/blog.zeit.de\/kinderzeit\/#website\",\"url\":\"https:\/\/blog.zeit.de\/kinderzeit\/\",\"name\":\"KinderZEIT-Blog\",\"description\":\"Politik, Kultur und R\u00e4tsel f\u00fcr junge Leser\",\"potentialAction\":[{\"@type\":\"SearchAction\",\"target\":{\"@type\":\"EntryPoint\",\"urlTemplate\":\"https:\/\/blog.zeit.de\/kinderzeit\/?s={search_term_string}\"},\"query-input\":\"required name=search_term_string\"}],\"inLanguage\":\"de\"},{\"@type\":\"Person\",\"@id\":\"https:\/\/blog.zeit.de\/kinderzeit\/#\/schema\/person\/49470446f328463e8ea80b00b7d5da9c\",\"name\":\"Redaktion KinderZEIT\",\"image\":{\"@type\":\"ImageObject\",\"inLanguage\":\"de\",\"@id\":\"https:\/\/blog.zeit.de\/kinderzeit\/#\/schema\/person\/image\/\",\"url\":\"https:\/\/secure.gravatar.com\/avatar\/e613a4a2ad2bd6413584eec4b8dd51cb549f6f87f7a858de5437c6df45ca1659?s=96&d=mm&r=g\",\"contentUrl\":\"https:\/\/secure.gravatar.com\/avatar\/e613a4a2ad2bd6413584eec4b8dd51cb549f6f87f7a858de5437c6df45ca1659?s=96&d=mm&r=g\",\"caption\":\"Redaktion KinderZEIT\"},\"url\":\"https:\/\/blog.zeit.de\/kinderzeit\/author\/sandra-valeska-bruhns\"}]}<\/script>\n<!-- \/ Yoast SEO plugin. -->","yoast_head_json":{"title":"Wer war eigentlich (36): Mozart? - KinderZEIT-Blog","robots":{"index":"index","follow":"follow","max-snippet":"max-snippet:-1","max-image-preview":"max-image-preview:large","max-video-preview":"max-video-preview:-1"},"canonical":"https:\/\/blog.zeit.de\/kinderzeit\/2012\/02\/02\/wer-war-eigentlich-36-mozart_11557","og_locale":"de_DE","og_type":"article","og_title":"Wer war eigentlich (36): Mozart? - KinderZEIT-Blog","og_description":"Er war einer der ber\u00fchmtesten Komponisten der Welt und schrieb klassische Musikst\u00fccke. Wolfgang Amadeus Mozart wurde 1756 in Salzburg in \u00d6sterreich geboren und war schon bald in ganz Europa als \u00bbWunderkind\u00ab bekannt. Er schrieb n\u00e4mlich bereits mit f\u00fcnf Jahren sein erstes Musikst\u00fcck. Als er sieben war, ging er auf eine Konzertreise. Dort trat er zusammen [&hellip;]","og_url":"https:\/\/blog.zeit.de\/kinderzeit\/2012\/02\/02\/wer-war-eigentlich-36-mozart_11557","og_site_name":"KinderZEIT-Blog","article_published_time":"2012-02-02T08:00:36+00:00","article_modified_time":"2012-02-01T10:07:52+00:00","og_image":[{"url":"https:\/\/blog.zeit.de\/kinderzeit\/files\/2012\/02\/mozart-204x300.jpg"}],"author":"Redaktion KinderZEIT","twitter_card":"summary_large_image","twitter_misc":{"Verfasst von":"Redaktion KinderZEIT","Gesch\u00e4tzte Lesezeit":"1\u00a0Minute"},"schema":{"@context":"https:\/\/schema.org","@graph":[{"@type":"WebPage","@id":"https:\/\/blog.zeit.de\/kinderzeit\/2012\/02\/02\/wer-war-eigentlich-36-mozart_11557","url":"https:\/\/blog.zeit.de\/kinderzeit\/2012\/02\/02\/wer-war-eigentlich-36-mozart_11557","name":"Wer war eigentlich (36): Mozart? - KinderZEIT-Blog","isPartOf":{"@id":"https:\/\/blog.zeit.de\/kinderzeit\/#website"},"datePublished":"2012-02-02T08:00:36+00:00","dateModified":"2012-02-01T10:07:52+00:00","author":{"@id":"https:\/\/blog.zeit.de\/kinderzeit\/#\/schema\/person\/49470446f328463e8ea80b00b7d5da9c"},"breadcrumb":{"@id":"https:\/\/blog.zeit.de\/kinderzeit\/2012\/02\/02\/wer-war-eigentlich-36-mozart_11557#breadcrumb"},"inLanguage":"de","potentialAction":[{"@type":"ReadAction","target":["https:\/\/blog.zeit.de\/kinderzeit\/2012\/02\/02\/wer-war-eigentlich-36-mozart_11557"]}]},{"@type":"BreadcrumbList","@id":"https:\/\/blog.zeit.de\/kinderzeit\/2012\/02\/02\/wer-war-eigentlich-36-mozart_11557#breadcrumb","itemListElement":[{"@type":"ListItem","position":1,"name":"Startseite","item":"https:\/\/blog.zeit.de\/kinderzeit"},{"@type":"ListItem","position":2,"name":"Wer war eigentlich (36): Mozart?"}]},{"@type":"WebSite","@id":"https:\/\/blog.zeit.de\/kinderzeit\/#website","url":"https:\/\/blog.zeit.de\/kinderzeit\/","name":"KinderZEIT-Blog","description":"Politik, Kultur und R\u00e4tsel f\u00fcr junge Leser","potentialAction":[{"@type":"SearchAction","target":{"@type":"EntryPoint","urlTemplate":"https:\/\/blog.zeit.de\/kinderzeit\/?s={search_term_string}"},"query-input":"required name=search_term_string"}],"inLanguage":"de"},{"@type":"Person","@id":"https:\/\/blog.zeit.de\/kinderzeit\/#\/schema\/person\/49470446f328463e8ea80b00b7d5da9c","name":"Redaktion KinderZEIT","image":{"@type":"ImageObject","inLanguage":"de","@id":"https:\/\/blog.zeit.de\/kinderzeit\/#\/schema\/person\/image\/","url":"https:\/\/secure.gravatar.com\/avatar\/e613a4a2ad2bd6413584eec4b8dd51cb549f6f87f7a858de5437c6df45ca1659?s=96&d=mm&r=g","contentUrl":"https:\/\/secure.gravatar.com\/avatar\/e613a4a2ad2bd6413584eec4b8dd51cb549f6f87f7a858de5437c6df45ca1659?s=96&d=mm&r=g","caption":"Redaktion KinderZEIT"},"url":"https:\/\/blog.zeit.de\/kinderzeit\/author\/sandra-valeska-bruhns"}]}},"jetpack_featured_media_url":"","jetpack_sharing_enabled":true,"_links":{"self":[{"href":"https:\/\/blog.zeit.de\/kinderzeit\/wp-json\/wp\/v2\/posts\/11557","targetHints":{"allow":["GET"]}}],"collection":[{"href":"https:\/\/blog.zeit.de\/kinderzeit\/wp-json\/wp\/v2\/posts"}],"about":[{"href":"https:\/\/blog.zeit.de\/kinderzeit\/wp-json\/wp\/v2\/types\/post"}],"author":[{"embeddable":true,"href":"https:\/\/blog.zeit.de\/kinderzeit\/wp-json\/wp\/v2\/users\/217"}],"replies":[{"embeddable":true,"href":"https:\/\/blog.zeit.de\/kinderzeit\/wp-json\/wp\/v2\/comments?post=11557"}],"version-history":[{"count":4,"href":"https:\/\/blog.zeit.de\/kinderzeit\/wp-json\/wp\/v2\/posts\/11557\/revisions"}],"predecessor-version":[{"id":11563,"href":"https:\/\/blog.zeit.de\/kinderzeit\/wp-json\/wp\/v2\/posts\/11557\/revisions\/11563"}],"wp:attachment":[{"href":"https:\/\/blog.zeit.de\/kinderzeit\/wp-json\/wp\/v2\/media?parent=11557"}],"wp:term":[{"taxonomy":"category","embeddable":true,"href":"https:\/\/blog.zeit.de\/kinderzeit\/wp-json\/wp\/v2\/categories?post=11557"},{"taxonomy":"post_tag","embeddable":true,"href":"https:\/\/blog.zeit.de\/kinderzeit\/wp-json\/wp\/v2\/tags?post=11557"}],"curies":[{"name":"wp","href":"https:\/\/api.w.org\/{rel}","templated":true}]}}