{"id":12019,"date":"2012-04-14T10:00:10","date_gmt":"2012-04-14T08:00:10","guid":{"rendered":"http:\/\/blog.zeit.de\/kinderzeit\/?p=12019"},"modified":"2012-04-13T12:01:23","modified_gmt":"2012-04-13T10:01:23","slug":"ich-will-fusball-profi-werden","status":"publish","type":"post","link":"https:\/\/blog.zeit.de\/kinderzeit\/2012\/04\/14\/ich-will-fusball-profi-werden_12019","title":{"rendered":"&#8222;Ich will Fu\u00dfball-Profi werden&#8220;"},"content":{"rendered":"<p><figure id=\"attachment_12021\" aria-describedby=\"caption-attachment-12021\" style=\"width: 540px\" class=\"wp-caption alignleft\"><img loading=\"lazy\" decoding=\"async\" src=\"https:\/\/blog.zeit.de\/kinderzeit\/files\/2012\/04\/Linus01-540x488.jpg\" alt=\"\" width=\"540\" height=\"488\" class=\"size-large wp-image-12021\" srcset=\"https:\/\/blog.zeit.de\/kinderzeit\/files\/2012\/04\/Linus01-540x488.jpg 540w, https:\/\/blog.zeit.de\/kinderzeit\/files\/2012\/04\/Linus01-300x271.jpg 300w, https:\/\/blog.zeit.de\/kinderzeit\/files\/2012\/04\/Linus01.jpg 675w\" sizes=\"auto, (max-width: 540px) 100vw, 540px\" \/><figcaption id=\"caption-attachment-12021\" class=\"wp-caption-text\">Linus ist 16 Jahre alt und will Fu\u00dfball-Profi werden<\/figcaption><\/figure><\/p>\n<p><strong>Training, Training, Training: Linus besucht das Fu\u00dfballinternat auf Schalke und arbeitet hart f\u00fcr seinen Traum. ZEIT LEO hat ihn einen Tag lang begleitet.<\/strong><\/p>\n<p><em>Von Alex Westhoff mit Fotos von Dominik Asbach<\/em><\/p>\n<p>Wenn Linus morgens um 6.15 Uhr aufsteht, f\u00e4llt sein Blick zuerst auf einen Schal des Fu\u00dfballvereins Real Madrid. Der h\u00e4ngt in seinem Zimmer an der Wand. Der 16-J\u00e4hrige hat ihn bei einem Jugendturnier in Spanien geschenkt bekommen. Meist steht in seinem Zimmer ein W\u00e4schekorb mit frischen Trainingsklamotten. Auf fast jedem Teil prangt das Wappen des Fu\u00dfballvereins Schalke 04. Es sind die gleichen Klamotten, die auch die Bundesligaprofis des Klubs tragen.<!--more--><\/p>\n<p>Bevor Linus das Haus verl\u00e4sst, packt er f\u00fcr einen langen Tag \u2013 Schulsachen und Fu\u00dfballsachen kommen in die Tasche. Dann schlurft er noch etwas m\u00fcde die Treppe hinunter zum Fr\u00fchst\u00fcck. Er kommt an einem Zettel vorbei, auf dem \u00bbFu\u00dfballspielen im Haus verboten\u00ab steht. Daneben h\u00e4ngt der \u00bbStrafenkatalog\u00ab: Wer im Flur seine Schuhe herumliegen l\u00e4sst, muss drei Euro Strafe zahlen; unentschuldigt beim Essen fehlen kostet f\u00fcnf Euro. Linus sagt, dass er h\u00e4ufig kleine Strafen zahlen muss. Besonders zu \u00e4rgern scheint ihn das nicht, jedenfalls schmunzelt er, als er es erz\u00e4hlt. <\/p>\n<p>Und ohne klare Regeln w\u00fcrde es wahrscheinlich reichlich wild zugehen in diesem Haus. Denn Linus lebt hier zusammen mit sieben anderen Jungen. Sie sind alle zwischen 15 und 17 Jahre alt und haben einen gemeinsamen Traum: Sie wollen Fu\u00dfballprofis werden. Alle sind sehr talentierte Spieler, die in den Nachwuchsteams von Schalke 04 kicken, einem gro\u00dfen Profiverein in Gelsenkirchen, im Ruhrgebiet. Weil die Familien der Jungen aber nicht in der N\u00e4he leben \u2013 Linus zum Beispiel kommt aus Kiel \u2013, wohnen sie bei Gasteltern, dem Ehepaar Kr\u00fcger, in einem gro\u00dfen wei\u00dfen Haus. Die Jungs nennen ihr neues Zuhause nur: \u00bbdie Villa\u00ab.<\/p>\n<p><img loading=\"lazy\" decoding=\"async\" src=\"https:\/\/blog.zeit.de\/kinderzeit\/files\/2012\/04\/Linus03-250x300.jpg\" alt=\"\" width=\"250\" height=\"300\" class=\"alignleft size-medium wp-image-12029\" srcset=\"https:\/\/blog.zeit.de\/kinderzeit\/files\/2012\/04\/Linus03-250x300.jpg 250w, https:\/\/blog.zeit.de\/kinderzeit\/files\/2012\/04\/Linus03.jpg 295w\" sizes=\"auto, (max-width: 250px) 100vw, 250px\" \/><\/p>\n<p>Schon morgens ist es trubelig, ein bisschen wie in einer Jugendherberge. Rund um den Fr\u00fchst\u00fcckstisch sitzen die acht Jugendlichen mit Herrn und Frau Kr\u00fcger, alle reden und lachen wild durcheinander. Nat\u00fcrlich geht es meistens um Fu\u00dfball. Im Schalker Verein werden die jungen Spieler sehr gef\u00f6rdert. Auch Mesut \u00d6zil und Manuel Neuer haben hier ihre Karrieren begonnen \u2013 und sie sind heute ber\u00fchmte deutsche Nationalspieler. <\/p>\n<p>Um ihnen nachzueifern, investieren Linus und die anderen Jungen viel. Linus zum Beispiel sieht seine Familie nur etwa einmal im Monat. Und daf\u00fcr muss er dann 450 Kilometer bis nach Hause fahren \u00bbZu Anfang war es ziemlich schwer\u00ab, sagt Linus. An die Trennung von Eltern und Freunden und an die neue Umgebung habe er sich erst gew\u00f6hnen m\u00fcssen. Und manchmal habe er ein bisschen Heimweh. \u00bbAber wenn man Fu\u00dfball spielt, vergisst man vieles\u00ab, sagt er.<\/p>\n<p>Bei einem Spiel mit der Landesauswahl Schleswig-Holsteins in seiner Heimat ist Linus Talentsuchern aufgefallen: Er ist zentraler defensiver Mittelfeldspieler, kopfballstark, er \u00fcberzeugt in Zweik\u00e4mpfen und hat eine gute Spiel\u00fcbersicht. Damit hat er das Interesse von mehreren gro\u00dfen Vereinen geweckt. Linus h\u00e4tte zum Beispiel zum Hamburger SV gehen k\u00f6nnen. Hamburg liegt viel n\u00e4her an Kiel, dennoch entschieden er und seine Eltern sich f\u00fcr Schalke 04 im weiter entfernten Gelsenkirchen \u2013 das Angebot war einfach das beste.<\/p>\n<p>Das ist jetzt anderthalb Jahre her. Heute ist Linus Kapit\u00e4n der Schalker Mannschaft in der U-17-Bundesliga und Sch\u00fcler der Gesamtschule Berger Feld. Das ist eine sogenannte \u00bbEliteschule des Fu\u00dfballs\u00ab, die mit Schalke 04 zusammenarbeitet. Das Schulgeb\u00e4ude liegt direkt neben den Trainingspl\u00e4tzen des Vereins. Das Stadion, die riesige Schalker Arena, sieht aus wie ein neben dem Schulhof geparktes Raumschiff.<\/p>\n<p>Eines Tages will Linus dort selbst spielen \u2013 als Profi und vor mehr als 61 000 Zuschauern. Daf\u00fcr trainiert er hart, jeden Tag. Nach dem Fr\u00fchst\u00fcck steigt Linus aufs Fahrrad und f\u00e4hrt von der \u00bbVilla\u00ab zur Schule. Er braucht nur ein paar Minuten. Schalke hat ihm das Rad in den Vereinsfarben Blau und Wei\u00df zur Verf\u00fcgung gestellt. \u00bbDamit mache ich jeden Weg\u00ab, erz\u00e4hlt Linus und zieht, vor der Schule angekommen, seine Handschuhe aus. Auch sie tragen das Schalke Wappen.<\/p>\n<p>Zun\u00e4chst steht normaler Unterricht auf dem Stundenplan. Aber f\u00fcr die dritte und vierte Stunde verl\u00e4sst Linus das Klassenzimmer. Er hat Fu\u00dfballschultraining \u2013 wie an jedem Dienstag, Donnerstag und Freitag. W\u00e4hrend seine Mitsch\u00fcler, die nicht bei Schalke spielen, in den n\u00e4chsten Klassenraum gehen, radelt Linus r\u00fcber zu den Trainingspl\u00e4tzen. Neidisch auf seinen Sonderstundenplan sind die Klassenkameraden nicht mehr, seitdem sie einmal zuschauen durften, wie die Fu\u00dfballer 45 Minuten lang nur Koordinations\u00fcbungen gemacht haben \u2013 ohne dass ein Ball ins Spiel kam. Auch sie wissen inzwischen, dass Fu\u00dfballprofi-werden-Wollen harte Arbeit ist:<\/p>\n<p>Linus hat in der Woche drei \u00dcbungseinheiten am Vormittag. An vier Abenden in der Woche kommt das Vereinstraining hinzu. Das macht sieben Trainingseinheiten in der Woche, plus ein Meisterschaftsspiel am Wochenende. Damit trainiert Linus fast so viel wie die Profis. Allerdings m\u00fcssen die nur auf dem Fu\u00dfballplatz gut sein und nicht auch noch in der Schule. Durch das viele Training, durch Turniere oder durch Verletzungen verpasst Linus immer wieder Schulstoff . Den muss er nat\u00fcrlich nachholen. \u00bbDas ist ein straffes Programm. Manchmal ist es ganz sch\u00f6n stressig\u00ab, sagt Linus.<\/p>\n<p><img loading=\"lazy\" decoding=\"async\" src=\"https:\/\/blog.zeit.de\/kinderzeit\/files\/2012\/04\/Linus02-263x300.jpg\" alt=\"\" width=\"263\" height=\"300\" class=\"alignleft size-medium wp-image-12022\" srcset=\"https:\/\/blog.zeit.de\/kinderzeit\/files\/2012\/04\/Linus02-263x300.jpg 263w, https:\/\/blog.zeit.de\/kinderzeit\/files\/2012\/04\/Linus02.jpg 293w\" sizes=\"auto, (max-width: 263px) 100vw, 263px\" \/><\/p>\n<p>Wie anstrengend es f\u00fcr die jungen Spieler ist, immer H\u00f6chstleistungen bringen zu wollen, wei\u00df zum Beispiel Tomasz Waldoch. Er ist Trainer der U17 Mannschaft, in derLinus spielt. \u00bbDie Jungs machen sich am meisten Druck\u00ab, sagt der Trainer. Er ist selbst mehr als hundert Mal f\u00fcr Schalke in der Bundesliga aufgelaufen, seine Erfahrung sagt ihm: \u00bbNicht alle werden es bis ganz nach oben schaffen.\u00ab<\/p>\n<p>Zur f\u00fcnften Stunde sitzt Linus frisch geduscht im ItalienischUnterricht. Durch das Fenster kann er die Schalker Arena sehen. \u00bbCinque anni\u00ab, sagt der Lehrer zu Linus. Das bedeutet: f\u00fcnf Jahre. Das solle Linus sich sch\u00f6n merken. Das k\u00f6nne er gebrauchen, wenn er sp\u00e4ter mal mit einem italienischen Fu\u00dfballverein \u00fcber dieLaufzeit eines Vertrags verhandele. Nach der sechsten Stunde radelt Linus zur\u00fcck zur \u00bbVilla\u00ab, zieht die Schuhe aus und l\u00e4sst sich auf das Sofa im Wohnzimmer plumpsen. Ein paar Minuten kann er sich entspannen, bevor es um 13.30 Uhr Mittagessen gibt. <\/p>\n<p>Danach geht es aber direkt weiter: Bis 15.50 Uhr hat Linus noch zwei Stunden Unterricht, im Anschluss muss er Hausaufgaben machen oder vers\u00e4umte Unterrichtsstunden nacharbeiten. Wenn das erledigt ist, steigt er auch schon wieder in seine Fu\u00dfballklamotten. Denn um 17.45 Uhr beginnt das regul\u00e4re Mannschaftstraining bei Schalke 04. Dann sind auch die Spieler dabei, die nicht auf die \u00bbEliteschule des Fu\u00dfballs\u00ab gehen. Wenn Linus um 19.30 Uhr wieder zu Hause ist, sei er meist richtig platt, erz\u00e4hlt er. Um 21.30 Uhr knipst er h\u00e4ufig schon das Licht aus. Dann tr\u00e4umt er davon, dass er eines Tages der<br \/>\nneue \u00d6zil sein wird.<\/p>\n<p>Der Artikel stammt aus dem aktuellen ZEIT LEO. <a href=\"https:\/\/blog.zeit.de\/kinderzeit\/2012\/03\/28\/das-neue-zeit-leo-ist-da-2_11959\">Hier<\/a> k\u00f6nnt Ihr nachsehen, welche spannenden Artikel noch in der aktuellen Ausgabe stehen.<\/p>\n","protected":false},"excerpt":{"rendered":"<p>Training, Training, Training: Linus besucht das Fu\u00dfballinternat auf Schalke und arbeitet hart f\u00fcr seinen Traum. ZEIT LEO hat ihn einen Tag lang begleitet. Von Alex Westhoff mit Fotos von Dominik Asbach Wenn Linus morgens um 6.15 Uhr aufsteht, f\u00e4llt sein Blick zuerst auf einen Schal des Fu\u00dfballvereins Real Madrid. Der h\u00e4ngt in seinem Zimmer an [&hellip;]<\/p>\n","protected":false},"author":217,"featured_media":0,"comment_status":"open","ping_status":"closed","sticky":false,"template":"","format":"standard","meta":{"_jetpack_memberships_contains_paid_content":false,"footnotes":""},"categories":[12969,2108,893,391],"tags":[17038],"class_list":["post-12019","post","type-post","status-publish","format-standard","hentry","category-berufe","category-erlebnisse","category-freizeit-und-sport","category-kinder","tag-fusball-fusball-internat-fusball-profi-gelsenkirchen-schalke-arena-schalke-04"],"yoast_head":"<!-- This site is optimized with the Yoast SEO plugin v21.0 - https:\/\/yoast.com\/wordpress\/plugins\/seo\/ -->\n<title>&quot;Ich will Fu\u00dfball-Profi werden&quot; - KinderZEIT-Blog<\/title>\n<meta name=\"robots\" content=\"index, follow, max-snippet:-1, max-image-preview:large, max-video-preview:-1\" \/>\n<link rel=\"canonical\" href=\"https:\/\/blog.zeit.de\/kinderzeit\/2012\/04\/14\/ich-will-fusball-profi-werden_12019\" \/>\n<meta property=\"og:locale\" content=\"de_DE\" \/>\n<meta property=\"og:type\" content=\"article\" \/>\n<meta property=\"og:title\" content=\"&quot;Ich will Fu\u00dfball-Profi werden&quot; - KinderZEIT-Blog\" \/>\n<meta property=\"og:description\" content=\"Training, Training, Training: Linus besucht das Fu\u00dfballinternat auf Schalke und arbeitet hart f\u00fcr seinen Traum. ZEIT LEO hat ihn einen Tag lang begleitet. Von Alex Westhoff mit Fotos von Dominik Asbach Wenn Linus morgens um 6.15 Uhr aufsteht, f\u00e4llt sein Blick zuerst auf einen Schal des Fu\u00dfballvereins Real Madrid. Der h\u00e4ngt in seinem Zimmer an [&hellip;]\" \/>\n<meta property=\"og:url\" content=\"https:\/\/blog.zeit.de\/kinderzeit\/2012\/04\/14\/ich-will-fusball-profi-werden_12019\" \/>\n<meta property=\"og:site_name\" content=\"KinderZEIT-Blog\" \/>\n<meta property=\"article:published_time\" content=\"2012-04-14T08:00:10+00:00\" \/>\n<meta property=\"article:modified_time\" content=\"2012-04-13T10:01:23+00:00\" \/>\n<meta property=\"og:image\" content=\"https:\/\/blog.zeit.de\/kinderzeit\/files\/2012\/04\/Linus01-540x488.jpg\" \/>\n<meta name=\"author\" content=\"Redaktion KinderZEIT\" \/>\n<meta name=\"twitter:card\" content=\"summary_large_image\" \/>\n<meta name=\"twitter:label1\" content=\"Verfasst von\" \/>\n\t<meta name=\"twitter:data1\" content=\"Redaktion KinderZEIT\" \/>\n\t<meta name=\"twitter:label2\" content=\"Gesch\u00e4tzte Lesezeit\" \/>\n\t<meta name=\"twitter:data2\" content=\"6\u00a0Minuten\" \/>\n<script type=\"application\/ld+json\" class=\"yoast-schema-graph\">{\"@context\":\"https:\/\/schema.org\",\"@graph\":[{\"@type\":\"WebPage\",\"@id\":\"https:\/\/blog.zeit.de\/kinderzeit\/2012\/04\/14\/ich-will-fusball-profi-werden_12019\",\"url\":\"https:\/\/blog.zeit.de\/kinderzeit\/2012\/04\/14\/ich-will-fusball-profi-werden_12019\",\"name\":\"\\\"Ich will Fu\u00dfball-Profi werden\\\" - KinderZEIT-Blog\",\"isPartOf\":{\"@id\":\"https:\/\/blog.zeit.de\/kinderzeit\/#website\"},\"datePublished\":\"2012-04-14T08:00:10+00:00\",\"dateModified\":\"2012-04-13T10:01:23+00:00\",\"author\":{\"@id\":\"https:\/\/blog.zeit.de\/kinderzeit\/#\/schema\/person\/49470446f328463e8ea80b00b7d5da9c\"},\"breadcrumb\":{\"@id\":\"https:\/\/blog.zeit.de\/kinderzeit\/2012\/04\/14\/ich-will-fusball-profi-werden_12019#breadcrumb\"},\"inLanguage\":\"de\",\"potentialAction\":[{\"@type\":\"ReadAction\",\"target\":[\"https:\/\/blog.zeit.de\/kinderzeit\/2012\/04\/14\/ich-will-fusball-profi-werden_12019\"]}]},{\"@type\":\"BreadcrumbList\",\"@id\":\"https:\/\/blog.zeit.de\/kinderzeit\/2012\/04\/14\/ich-will-fusball-profi-werden_12019#breadcrumb\",\"itemListElement\":[{\"@type\":\"ListItem\",\"position\":1,\"name\":\"Startseite\",\"item\":\"https:\/\/blog.zeit.de\/kinderzeit\"},{\"@type\":\"ListItem\",\"position\":2,\"name\":\"&#8222;Ich will Fu\u00dfball-Profi werden&#8220;\"}]},{\"@type\":\"WebSite\",\"@id\":\"https:\/\/blog.zeit.de\/kinderzeit\/#website\",\"url\":\"https:\/\/blog.zeit.de\/kinderzeit\/\",\"name\":\"KinderZEIT-Blog\",\"description\":\"Politik, Kultur und R\u00e4tsel f\u00fcr junge Leser\",\"potentialAction\":[{\"@type\":\"SearchAction\",\"target\":{\"@type\":\"EntryPoint\",\"urlTemplate\":\"https:\/\/blog.zeit.de\/kinderzeit\/?s={search_term_string}\"},\"query-input\":\"required name=search_term_string\"}],\"inLanguage\":\"de\"},{\"@type\":\"Person\",\"@id\":\"https:\/\/blog.zeit.de\/kinderzeit\/#\/schema\/person\/49470446f328463e8ea80b00b7d5da9c\",\"name\":\"Redaktion KinderZEIT\",\"image\":{\"@type\":\"ImageObject\",\"inLanguage\":\"de\",\"@id\":\"https:\/\/blog.zeit.de\/kinderzeit\/#\/schema\/person\/image\/\",\"url\":\"https:\/\/secure.gravatar.com\/avatar\/e613a4a2ad2bd6413584eec4b8dd51cb549f6f87f7a858de5437c6df45ca1659?s=96&d=mm&r=g\",\"contentUrl\":\"https:\/\/secure.gravatar.com\/avatar\/e613a4a2ad2bd6413584eec4b8dd51cb549f6f87f7a858de5437c6df45ca1659?s=96&d=mm&r=g\",\"caption\":\"Redaktion KinderZEIT\"},\"url\":\"https:\/\/blog.zeit.de\/kinderzeit\/author\/sandra-valeska-bruhns\"}]}<\/script>\n<!-- \/ Yoast SEO plugin. -->","yoast_head_json":{"title":"\"Ich will Fu\u00dfball-Profi werden\" - KinderZEIT-Blog","robots":{"index":"index","follow":"follow","max-snippet":"max-snippet:-1","max-image-preview":"max-image-preview:large","max-video-preview":"max-video-preview:-1"},"canonical":"https:\/\/blog.zeit.de\/kinderzeit\/2012\/04\/14\/ich-will-fusball-profi-werden_12019","og_locale":"de_DE","og_type":"article","og_title":"\"Ich will Fu\u00dfball-Profi werden\" - KinderZEIT-Blog","og_description":"Training, Training, Training: Linus besucht das Fu\u00dfballinternat auf Schalke und arbeitet hart f\u00fcr seinen Traum. ZEIT LEO hat ihn einen Tag lang begleitet. Von Alex Westhoff mit Fotos von Dominik Asbach Wenn Linus morgens um 6.15 Uhr aufsteht, f\u00e4llt sein Blick zuerst auf einen Schal des Fu\u00dfballvereins Real Madrid. Der h\u00e4ngt in seinem Zimmer an [&hellip;]","og_url":"https:\/\/blog.zeit.de\/kinderzeit\/2012\/04\/14\/ich-will-fusball-profi-werden_12019","og_site_name":"KinderZEIT-Blog","article_published_time":"2012-04-14T08:00:10+00:00","article_modified_time":"2012-04-13T10:01:23+00:00","og_image":[{"url":"https:\/\/blog.zeit.de\/kinderzeit\/files\/2012\/04\/Linus01-540x488.jpg"}],"author":"Redaktion KinderZEIT","twitter_card":"summary_large_image","twitter_misc":{"Verfasst von":"Redaktion KinderZEIT","Gesch\u00e4tzte Lesezeit":"6\u00a0Minuten"},"schema":{"@context":"https:\/\/schema.org","@graph":[{"@type":"WebPage","@id":"https:\/\/blog.zeit.de\/kinderzeit\/2012\/04\/14\/ich-will-fusball-profi-werden_12019","url":"https:\/\/blog.zeit.de\/kinderzeit\/2012\/04\/14\/ich-will-fusball-profi-werden_12019","name":"\"Ich will Fu\u00dfball-Profi werden\" - KinderZEIT-Blog","isPartOf":{"@id":"https:\/\/blog.zeit.de\/kinderzeit\/#website"},"datePublished":"2012-04-14T08:00:10+00:00","dateModified":"2012-04-13T10:01:23+00:00","author":{"@id":"https:\/\/blog.zeit.de\/kinderzeit\/#\/schema\/person\/49470446f328463e8ea80b00b7d5da9c"},"breadcrumb":{"@id":"https:\/\/blog.zeit.de\/kinderzeit\/2012\/04\/14\/ich-will-fusball-profi-werden_12019#breadcrumb"},"inLanguage":"de","potentialAction":[{"@type":"ReadAction","target":["https:\/\/blog.zeit.de\/kinderzeit\/2012\/04\/14\/ich-will-fusball-profi-werden_12019"]}]},{"@type":"BreadcrumbList","@id":"https:\/\/blog.zeit.de\/kinderzeit\/2012\/04\/14\/ich-will-fusball-profi-werden_12019#breadcrumb","itemListElement":[{"@type":"ListItem","position":1,"name":"Startseite","item":"https:\/\/blog.zeit.de\/kinderzeit"},{"@type":"ListItem","position":2,"name":"&#8222;Ich will Fu\u00dfball-Profi werden&#8220;"}]},{"@type":"WebSite","@id":"https:\/\/blog.zeit.de\/kinderzeit\/#website","url":"https:\/\/blog.zeit.de\/kinderzeit\/","name":"KinderZEIT-Blog","description":"Politik, Kultur und R\u00e4tsel f\u00fcr junge Leser","potentialAction":[{"@type":"SearchAction","target":{"@type":"EntryPoint","urlTemplate":"https:\/\/blog.zeit.de\/kinderzeit\/?s={search_term_string}"},"query-input":"required name=search_term_string"}],"inLanguage":"de"},{"@type":"Person","@id":"https:\/\/blog.zeit.de\/kinderzeit\/#\/schema\/person\/49470446f328463e8ea80b00b7d5da9c","name":"Redaktion KinderZEIT","image":{"@type":"ImageObject","inLanguage":"de","@id":"https:\/\/blog.zeit.de\/kinderzeit\/#\/schema\/person\/image\/","url":"https:\/\/secure.gravatar.com\/avatar\/e613a4a2ad2bd6413584eec4b8dd51cb549f6f87f7a858de5437c6df45ca1659?s=96&d=mm&r=g","contentUrl":"https:\/\/secure.gravatar.com\/avatar\/e613a4a2ad2bd6413584eec4b8dd51cb549f6f87f7a858de5437c6df45ca1659?s=96&d=mm&r=g","caption":"Redaktion KinderZEIT"},"url":"https:\/\/blog.zeit.de\/kinderzeit\/author\/sandra-valeska-bruhns"}]}},"jetpack_featured_media_url":"","jetpack_sharing_enabled":true,"_links":{"self":[{"href":"https:\/\/blog.zeit.de\/kinderzeit\/wp-json\/wp\/v2\/posts\/12019","targetHints":{"allow":["GET"]}}],"collection":[{"href":"https:\/\/blog.zeit.de\/kinderzeit\/wp-json\/wp\/v2\/posts"}],"about":[{"href":"https:\/\/blog.zeit.de\/kinderzeit\/wp-json\/wp\/v2\/types\/post"}],"author":[{"embeddable":true,"href":"https:\/\/blog.zeit.de\/kinderzeit\/wp-json\/wp\/v2\/users\/217"}],"replies":[{"embeddable":true,"href":"https:\/\/blog.zeit.de\/kinderzeit\/wp-json\/wp\/v2\/comments?post=12019"}],"version-history":[{"count":10,"href":"https:\/\/blog.zeit.de\/kinderzeit\/wp-json\/wp\/v2\/posts\/12019\/revisions"}],"predecessor-version":[{"id":12032,"href":"https:\/\/blog.zeit.de\/kinderzeit\/wp-json\/wp\/v2\/posts\/12019\/revisions\/12032"}],"wp:attachment":[{"href":"https:\/\/blog.zeit.de\/kinderzeit\/wp-json\/wp\/v2\/media?parent=12019"}],"wp:term":[{"taxonomy":"category","embeddable":true,"href":"https:\/\/blog.zeit.de\/kinderzeit\/wp-json\/wp\/v2\/categories?post=12019"},{"taxonomy":"post_tag","embeddable":true,"href":"https:\/\/blog.zeit.de\/kinderzeit\/wp-json\/wp\/v2\/tags?post=12019"}],"curies":[{"name":"wp","href":"https:\/\/api.w.org\/{rel}","templated":true}]}}