{"id":12033,"date":"2012-04-18T10:22:45","date_gmt":"2012-04-18T08:22:45","guid":{"rendered":"http:\/\/blog.zeit.de\/kinderzeit\/?p=12033"},"modified":"2012-04-18T10:30:44","modified_gmt":"2012-04-18T08:30:44","slug":"welt-tag-des-buches","status":"publish","type":"post","link":"https:\/\/blog.zeit.de\/kinderzeit\/2012\/04\/18\/welt-tag-des-buches_12033","title":{"rendered":"(Welt-)Tag des Buches"},"content":{"rendered":"<p><figure id=\"attachment_12035\" aria-describedby=\"caption-attachment-12035\" style=\"width: 191px\" class=\"wp-caption alignright\"><img loading=\"lazy\" decoding=\"async\" src=\"https:\/\/blog.zeit.de\/kinderzeit\/files\/2012\/04\/potter_band7-191x300.jpg\" alt=\"\" width=\"191\" height=\"300\" class=\"size-medium wp-image-12035\" srcset=\"https:\/\/blog.zeit.de\/kinderzeit\/files\/2012\/04\/potter_band7-191x300.jpg 191w, https:\/\/blog.zeit.de\/kinderzeit\/files\/2012\/04\/potter_band7.jpg 319w\" sizes=\"auto, (max-width: 191px) 100vw, 191px\" \/><figcaption id=\"caption-attachment-12035\" class=\"wp-caption-text\">Nach dem siebten Band ist leider Schluss. Die Fans w\u00fcnschen sich noch viel mehr Harry Potter\/ \u00a9 Carlsen Verlag<\/figcaption><\/figure><\/p>\n<p>So ganz offiziell, weltweit, wird n\u00e4chste Woche am 23. April der Welttag des Buches gefeiert. Einige Schulen feiern die d\u00fcnnen Erstlesehefte und dicken W\u00e4lzer schon jetzt. Manche Klassen werden von Kinderbuchautoren besucht, die aus ihren B\u00fcchern vorlesen. Andere Schulen haben sich f\u00fcr ein bestimmtes Motto entschieden, z.B. Fu\u00dfball, Afrika oder auch &#8222;Kindheit fr\u00fcher&#8220;. Wir wollen von Euch wissen, was Ihr am liebsten lest. Eine schnelle Umfrage bei unseren Kindern und deren Freunden ergab, dass alle beinharte Harry Potter Fans sind. <!--more--><\/p>\n<p>Was danach kommt? Da m\u00fcssen sie tats\u00e4chlich lange \u00fcberlegen. Und entscheiden sich dann f\u00fcr die B\u00fccher von Astrid Lindgren. Die Geschichten von Pippi, Michel und Ronja R\u00e4ubertochter begeistern noch immer Kinder auf der ganzen Welt. Gr\u00f6\u00dfter Wunsch: Astrid Lindgren h\u00e4tte noch einen zweiten Band der Br\u00fcder L\u00f6wenherz schreiben sollen.<\/p>\n<p><figure id=\"attachment_12034\" aria-describedby=\"caption-attachment-12034\" style=\"width: 217px\" class=\"wp-caption alignleft\"><img loading=\"lazy\" decoding=\"async\" src=\"https:\/\/blog.zeit.de\/kinderzeit\/files\/2012\/04\/astridlindgren.jpg\" alt=\"\" width=\"217\" height=\"278\" class=\"size-full wp-image-12034\" \/><figcaption id=\"caption-attachment-12034\" class=\"wp-caption-text\">Astrid Lindgren: Ihre B\u00fccher sind noch immer beliebt\/ \u00a9 Oetinger<\/figcaption><\/figure><\/p>\n<p>Jetzt seid Ihr dran: Schreibt uns, was Ihr am liebsten lest. Von welchem Autor Ihr Euch noch viele spannende B\u00fccher w\u00fcnscht. Und f\u00fcr welche Geschichte Ihr Euch einen weiteren Teil gut vorstellen k\u00f6nntet. Nutzt einfach die Kommentarfunktion am Ende des Textes. Wir freuen uns auf Eure Zuschriften!<\/p>\n","protected":false},"excerpt":{"rendered":"<p>So ganz offiziell, weltweit, wird n\u00e4chste Woche am 23. April der Welttag des Buches gefeiert. Einige Schulen feiern die d\u00fcnnen Erstlesehefte und dicken W\u00e4lzer schon jetzt. Manche Klassen werden von Kinderbuchautoren besucht, die aus ihren B\u00fcchern vorlesen. Andere Schulen haben sich f\u00fcr ein bestimmtes Motto entschieden, z.B. Fu\u00dfball, Afrika oder auch &#8222;Kindheit fr\u00fcher&#8220;. Wir wollen [&hellip;]<\/p>\n","protected":false},"author":217,"featured_media":0,"comment_status":"open","ping_status":"closed","sticky":false,"template":"","format":"standard","meta":{"_jetpack_memberships_contains_paid_content":false,"footnotes":""},"categories":[1157,12265],"tags":[2257,12518,17039,17040,12141],"class_list":["post-12033","post","type-post","status-publish","format-standard","hentry","category-buchtipp-hortipp-filmtipp-fernsehtipp","category-was-soll-ich-lesen-2","tag-astrid-lindgren","tag-harry-potter","tag-tag-des-buches","tag-was-kinder-gerne-lesen","tag-welttag-des-buches"],"yoast_head":"<!-- This site is optimized with the Yoast SEO plugin v21.0 - https:\/\/yoast.com\/wordpress\/plugins\/seo\/ -->\n<title>(Welt-)Tag des Buches - KinderZEIT-Blog<\/title>\n<meta name=\"robots\" content=\"index, follow, max-snippet:-1, max-image-preview:large, max-video-preview:-1\" \/>\n<link rel=\"canonical\" href=\"https:\/\/blog.zeit.de\/kinderzeit\/2012\/04\/18\/welt-tag-des-buches_12033\" \/>\n<meta property=\"og:locale\" content=\"de_DE\" \/>\n<meta property=\"og:type\" content=\"article\" \/>\n<meta property=\"og:title\" content=\"(Welt-)Tag des Buches - KinderZEIT-Blog\" \/>\n<meta property=\"og:description\" content=\"So ganz offiziell, weltweit, wird n\u00e4chste Woche am 23. April der Welttag des Buches gefeiert. Einige Schulen feiern die d\u00fcnnen Erstlesehefte und dicken W\u00e4lzer schon jetzt. Manche Klassen werden von Kinderbuchautoren besucht, die aus ihren B\u00fcchern vorlesen. Andere Schulen haben sich f\u00fcr ein bestimmtes Motto entschieden, z.B. Fu\u00dfball, Afrika oder auch &#8222;Kindheit fr\u00fcher&#8220;. Wir wollen [&hellip;]\" \/>\n<meta property=\"og:url\" content=\"https:\/\/blog.zeit.de\/kinderzeit\/2012\/04\/18\/welt-tag-des-buches_12033\" \/>\n<meta property=\"og:site_name\" content=\"KinderZEIT-Blog\" \/>\n<meta property=\"article:published_time\" content=\"2012-04-18T08:22:45+00:00\" \/>\n<meta property=\"article:modified_time\" content=\"2012-04-18T08:30:44+00:00\" \/>\n<meta property=\"og:image\" content=\"https:\/\/blog.zeit.de\/kinderzeit\/files\/2012\/04\/potter_band7-191x300.jpg\" \/>\n<meta name=\"author\" content=\"Redaktion KinderZEIT\" \/>\n<meta name=\"twitter:card\" content=\"summary_large_image\" \/>\n<meta name=\"twitter:label1\" content=\"Verfasst von\" \/>\n\t<meta name=\"twitter:data1\" content=\"Redaktion KinderZEIT\" \/>\n\t<meta name=\"twitter:label2\" content=\"Gesch\u00e4tzte Lesezeit\" \/>\n\t<meta name=\"twitter:data2\" content=\"1\u00a0Minute\" \/>\n<script type=\"application\/ld+json\" class=\"yoast-schema-graph\">{\"@context\":\"https:\/\/schema.org\",\"@graph\":[{\"@type\":\"WebPage\",\"@id\":\"https:\/\/blog.zeit.de\/kinderzeit\/2012\/04\/18\/welt-tag-des-buches_12033\",\"url\":\"https:\/\/blog.zeit.de\/kinderzeit\/2012\/04\/18\/welt-tag-des-buches_12033\",\"name\":\"(Welt-)Tag des Buches - KinderZEIT-Blog\",\"isPartOf\":{\"@id\":\"https:\/\/blog.zeit.de\/kinderzeit\/#website\"},\"datePublished\":\"2012-04-18T08:22:45+00:00\",\"dateModified\":\"2012-04-18T08:30:44+00:00\",\"author\":{\"@id\":\"https:\/\/blog.zeit.de\/kinderzeit\/#\/schema\/person\/49470446f328463e8ea80b00b7d5da9c\"},\"breadcrumb\":{\"@id\":\"https:\/\/blog.zeit.de\/kinderzeit\/2012\/04\/18\/welt-tag-des-buches_12033#breadcrumb\"},\"inLanguage\":\"de\",\"potentialAction\":[{\"@type\":\"ReadAction\",\"target\":[\"https:\/\/blog.zeit.de\/kinderzeit\/2012\/04\/18\/welt-tag-des-buches_12033\"]}]},{\"@type\":\"BreadcrumbList\",\"@id\":\"https:\/\/blog.zeit.de\/kinderzeit\/2012\/04\/18\/welt-tag-des-buches_12033#breadcrumb\",\"itemListElement\":[{\"@type\":\"ListItem\",\"position\":1,\"name\":\"Startseite\",\"item\":\"https:\/\/blog.zeit.de\/kinderzeit\"},{\"@type\":\"ListItem\",\"position\":2,\"name\":\"(Welt-)Tag des Buches\"}]},{\"@type\":\"WebSite\",\"@id\":\"https:\/\/blog.zeit.de\/kinderzeit\/#website\",\"url\":\"https:\/\/blog.zeit.de\/kinderzeit\/\",\"name\":\"KinderZEIT-Blog\",\"description\":\"Politik, Kultur und R\u00e4tsel f\u00fcr junge Leser\",\"potentialAction\":[{\"@type\":\"SearchAction\",\"target\":{\"@type\":\"EntryPoint\",\"urlTemplate\":\"https:\/\/blog.zeit.de\/kinderzeit\/?s={search_term_string}\"},\"query-input\":\"required name=search_term_string\"}],\"inLanguage\":\"de\"},{\"@type\":\"Person\",\"@id\":\"https:\/\/blog.zeit.de\/kinderzeit\/#\/schema\/person\/49470446f328463e8ea80b00b7d5da9c\",\"name\":\"Redaktion KinderZEIT\",\"image\":{\"@type\":\"ImageObject\",\"inLanguage\":\"de\",\"@id\":\"https:\/\/blog.zeit.de\/kinderzeit\/#\/schema\/person\/image\/\",\"url\":\"https:\/\/secure.gravatar.com\/avatar\/e613a4a2ad2bd6413584eec4b8dd51cb549f6f87f7a858de5437c6df45ca1659?s=96&d=mm&r=g\",\"contentUrl\":\"https:\/\/secure.gravatar.com\/avatar\/e613a4a2ad2bd6413584eec4b8dd51cb549f6f87f7a858de5437c6df45ca1659?s=96&d=mm&r=g\",\"caption\":\"Redaktion KinderZEIT\"},\"url\":\"https:\/\/blog.zeit.de\/kinderzeit\/author\/sandra-valeska-bruhns\"}]}<\/script>\n<!-- \/ Yoast SEO plugin. -->","yoast_head_json":{"title":"(Welt-)Tag des Buches - KinderZEIT-Blog","robots":{"index":"index","follow":"follow","max-snippet":"max-snippet:-1","max-image-preview":"max-image-preview:large","max-video-preview":"max-video-preview:-1"},"canonical":"https:\/\/blog.zeit.de\/kinderzeit\/2012\/04\/18\/welt-tag-des-buches_12033","og_locale":"de_DE","og_type":"article","og_title":"(Welt-)Tag des Buches - KinderZEIT-Blog","og_description":"So ganz offiziell, weltweit, wird n\u00e4chste Woche am 23. April der Welttag des Buches gefeiert. Einige Schulen feiern die d\u00fcnnen Erstlesehefte und dicken W\u00e4lzer schon jetzt. Manche Klassen werden von Kinderbuchautoren besucht, die aus ihren B\u00fcchern vorlesen. Andere Schulen haben sich f\u00fcr ein bestimmtes Motto entschieden, z.B. Fu\u00dfball, Afrika oder auch &#8222;Kindheit fr\u00fcher&#8220;. Wir wollen [&hellip;]","og_url":"https:\/\/blog.zeit.de\/kinderzeit\/2012\/04\/18\/welt-tag-des-buches_12033","og_site_name":"KinderZEIT-Blog","article_published_time":"2012-04-18T08:22:45+00:00","article_modified_time":"2012-04-18T08:30:44+00:00","og_image":[{"url":"https:\/\/blog.zeit.de\/kinderzeit\/files\/2012\/04\/potter_band7-191x300.jpg"}],"author":"Redaktion KinderZEIT","twitter_card":"summary_large_image","twitter_misc":{"Verfasst von":"Redaktion KinderZEIT","Gesch\u00e4tzte Lesezeit":"1\u00a0Minute"},"schema":{"@context":"https:\/\/schema.org","@graph":[{"@type":"WebPage","@id":"https:\/\/blog.zeit.de\/kinderzeit\/2012\/04\/18\/welt-tag-des-buches_12033","url":"https:\/\/blog.zeit.de\/kinderzeit\/2012\/04\/18\/welt-tag-des-buches_12033","name":"(Welt-)Tag des Buches - KinderZEIT-Blog","isPartOf":{"@id":"https:\/\/blog.zeit.de\/kinderzeit\/#website"},"datePublished":"2012-04-18T08:22:45+00:00","dateModified":"2012-04-18T08:30:44+00:00","author":{"@id":"https:\/\/blog.zeit.de\/kinderzeit\/#\/schema\/person\/49470446f328463e8ea80b00b7d5da9c"},"breadcrumb":{"@id":"https:\/\/blog.zeit.de\/kinderzeit\/2012\/04\/18\/welt-tag-des-buches_12033#breadcrumb"},"inLanguage":"de","potentialAction":[{"@type":"ReadAction","target":["https:\/\/blog.zeit.de\/kinderzeit\/2012\/04\/18\/welt-tag-des-buches_12033"]}]},{"@type":"BreadcrumbList","@id":"https:\/\/blog.zeit.de\/kinderzeit\/2012\/04\/18\/welt-tag-des-buches_12033#breadcrumb","itemListElement":[{"@type":"ListItem","position":1,"name":"Startseite","item":"https:\/\/blog.zeit.de\/kinderzeit"},{"@type":"ListItem","position":2,"name":"(Welt-)Tag des Buches"}]},{"@type":"WebSite","@id":"https:\/\/blog.zeit.de\/kinderzeit\/#website","url":"https:\/\/blog.zeit.de\/kinderzeit\/","name":"KinderZEIT-Blog","description":"Politik, Kultur und R\u00e4tsel f\u00fcr junge Leser","potentialAction":[{"@type":"SearchAction","target":{"@type":"EntryPoint","urlTemplate":"https:\/\/blog.zeit.de\/kinderzeit\/?s={search_term_string}"},"query-input":"required name=search_term_string"}],"inLanguage":"de"},{"@type":"Person","@id":"https:\/\/blog.zeit.de\/kinderzeit\/#\/schema\/person\/49470446f328463e8ea80b00b7d5da9c","name":"Redaktion KinderZEIT","image":{"@type":"ImageObject","inLanguage":"de","@id":"https:\/\/blog.zeit.de\/kinderzeit\/#\/schema\/person\/image\/","url":"https:\/\/secure.gravatar.com\/avatar\/e613a4a2ad2bd6413584eec4b8dd51cb549f6f87f7a858de5437c6df45ca1659?s=96&d=mm&r=g","contentUrl":"https:\/\/secure.gravatar.com\/avatar\/e613a4a2ad2bd6413584eec4b8dd51cb549f6f87f7a858de5437c6df45ca1659?s=96&d=mm&r=g","caption":"Redaktion KinderZEIT"},"url":"https:\/\/blog.zeit.de\/kinderzeit\/author\/sandra-valeska-bruhns"}]}},"jetpack_featured_media_url":"","jetpack_sharing_enabled":true,"_links":{"self":[{"href":"https:\/\/blog.zeit.de\/kinderzeit\/wp-json\/wp\/v2\/posts\/12033","targetHints":{"allow":["GET"]}}],"collection":[{"href":"https:\/\/blog.zeit.de\/kinderzeit\/wp-json\/wp\/v2\/posts"}],"about":[{"href":"https:\/\/blog.zeit.de\/kinderzeit\/wp-json\/wp\/v2\/types\/post"}],"author":[{"embeddable":true,"href":"https:\/\/blog.zeit.de\/kinderzeit\/wp-json\/wp\/v2\/users\/217"}],"replies":[{"embeddable":true,"href":"https:\/\/blog.zeit.de\/kinderzeit\/wp-json\/wp\/v2\/comments?post=12033"}],"version-history":[{"count":6,"href":"https:\/\/blog.zeit.de\/kinderzeit\/wp-json\/wp\/v2\/posts\/12033\/revisions"}],"predecessor-version":[{"id":12041,"href":"https:\/\/blog.zeit.de\/kinderzeit\/wp-json\/wp\/v2\/posts\/12033\/revisions\/12041"}],"wp:attachment":[{"href":"https:\/\/blog.zeit.de\/kinderzeit\/wp-json\/wp\/v2\/media?parent=12033"}],"wp:term":[{"taxonomy":"category","embeddable":true,"href":"https:\/\/blog.zeit.de\/kinderzeit\/wp-json\/wp\/v2\/categories?post=12033"},{"taxonomy":"post_tag","embeddable":true,"href":"https:\/\/blog.zeit.de\/kinderzeit\/wp-json\/wp\/v2\/tags?post=12033"}],"curies":[{"name":"wp","href":"https:\/\/api.w.org\/{rel}","templated":true}]}}