{"id":12078,"date":"2012-04-19T10:00:10","date_gmt":"2012-04-19T08:00:10","guid":{"rendered":"http:\/\/blog.zeit.de\/kinderzeit\/?p=12078"},"modified":"2012-04-19T10:22:23","modified_gmt":"2012-04-19T08:22:23","slug":"die-zeit-edition-kinderfilme-aus-aller-welt-teil-5-reise-mit-raubvogel","status":"publish","type":"post","link":"https:\/\/blog.zeit.de\/kinderzeit\/2012\/04\/19\/die-zeit-edition-kinderfilme-aus-aller-welt-teil-5-reise-mit-raubvogel_12078","title":{"rendered":"Die ZEIT Edition &#8222;Kinderfilme aus aller Welt&#8220; &#8211; Teil 5: Reise mit Raubvogel"},"content":{"rendered":"<p><figure id=\"attachment_12081\" aria-describedby=\"caption-attachment-12081\" style=\"width: 540px\" class=\"wp-caption alignleft\"><img loading=\"lazy\" decoding=\"async\" src=\"https:\/\/blog.zeit.de\/kinderzeit\/files\/2012\/04\/stimmedesadlers-540x365.jpg\" alt=\"\" width=\"540\" height=\"365\" class=\"size-large wp-image-12081\" srcset=\"https:\/\/blog.zeit.de\/kinderzeit\/files\/2012\/04\/stimmedesadlers-540x365.jpg 540w, https:\/\/blog.zeit.de\/kinderzeit\/files\/2012\/04\/stimmedesadlers-300x203.jpg 300w, https:\/\/blog.zeit.de\/kinderzeit\/files\/2012\/04\/stimmedesadlers.jpg 638w\" sizes=\"auto, (max-width: 540px) 100vw, 540px\" \/><figcaption id=\"caption-attachment-12081\" class=\"wp-caption-text\">Gez\u00e4hmt, aber wild. Der Adler vertraut dem Jungen, l\u00e4sst sich aber nicht beherrschen\/ \u00a9 2009 movienet Film GmbH\/EuroVideo Bildprogramm GmbH<\/figcaption><\/figure><\/p>\n<p><strong>Weil Bazarbei kein \u00bbAdler-J\u00e4ger\u00ab werden will, l\u00e4uft er von zu Hause fort \u2013 und lernt, was wirklich z\u00e4hlt<\/strong><\/p>\n<p>Es gibt eine Szene in Die Stimme des Adlers , die dem Zuschauer den Atem nimmt. Sie ist nicht actiongeladen, es geht nicht um eine Flucht vor W\u00f6lfen oder Ganoven. Nein, ganz langsam, ganz nah, ganz konzentriert zeigt die Kamera das Gesicht des Nomadenjungen Bazarbei, der seinen Adler liebkost. Haarscharf an den Augen und an den Lippen des Zw\u00f6lfj\u00e4hrigen vorbei reibt der Raubvogel seinen messerscharfen Schnabel, und Bazarbei, v\u00f6llig unerschrocken, k\u00fcsst ihn auf den gefiederten Kopf.<!--more--><\/p>\n<p>Der Adler ist das zentrale Symbol dieses 2009 als schwedisch-deutsche Gemeinschaftsproduktion gedrehten Spielfilms. Der Vogel steht f\u00fcr die traditionelle Lebensweise der Mongolen, f\u00fcr ihre Jagdmethoden, Feste und Wettk\u00e4mpfe. Aber der Adler ist es auch, der einen Jungen, der sich eigentlich f\u00fcr den Traditionsbruch und die Moderne entschieden hat, wieder zur\u00fcck nach Hause bringt.<\/p>\n<p>Gleich zu Beginn der Geschichte muss Bazarbei eine herbe Entt\u00e4uschung verkraften: Sein Bruder Khan kehrt der Familie den R\u00fccken, er will die wilden Berggegenden verlassen und in die mongolische Hauptstadt Ulan-Bator ziehen, um dort in den Minen zu arbeiten oder vielleicht in der Industrie. Obwohl der Vater autorit\u00e4r und patriarchalisch auftritt, unternimmt er keinen Versuch, seinen \u00e4lteren Sohn zur\u00fcckzuhalten. Die Konsequenz trifft Bazarbei: Er kann nun eben nicht, wie er es lange gehofft hatte, in die Schule gehen, um lesen und schreiben zu lernen, sondern muss mithelfen, die bitterarme Familie zu ern\u00e4hren. Der Unabh\u00e4ngigkeitsdsrang des \u00c4lteren kettet den J\u00fcngeren umso fester an die Eltern und die Br\u00e4uche der Provinz. Und das Schlimmste: Bazarbei soll nun bei seinem Vater lernen, wie man mit dem Adler auf Jagd geht. \u00bbAdler-J\u00e4ger werde ich auf keinen Fall!\u00ab, schreit der Junge, und: \u00bbIch hasse ihn!\u00ab Gemeint ist nicht nur das Tier selbst, sondern vor allem das Leben, zu dem die Eltern ihn zwingen wollen.<\/p>\n<p>Den Vater l\u00e4sst die erbitterte Gegenwehr des j\u00fcngeren Kindes nicht unber\u00fchrt: \u00bbIch f\u00fcrchte, mit mir stirbt die Tradition in unserer Familie aus\u00ab, prophezeiht er d\u00fcster. Die Mutter tut, was Frauen fast immer tun: Sie beschwichtigt und bem\u00fcht sich, offenbar unvers\u00f6hnliche Positionen doch irgendwie in Einklang zu bringen.<\/p>\n<p>Bazarbei muss zun\u00e4chst eine Pr\u00fcfung bestehen, die ihn darauf vorbereitet, f\u00fcr sich selbst die richtigen Entscheidungen zu treffen \u2013 darin nimmt der Film klassische M\u00e4rchenstrukturen auf. Als der Junge den wertvollen Vogel seines Vaters verliert, weil er gedankenlos mit ihm f\u00fcr die Kamera eines Touristen posiert (ein wenig stolz ist er pl\u00f6tzlich doch auf das kostbare Tier), da flieht Bazarbei von zu Hause. Ihn treiben die Angst vor Strafe, aber auch die Abenteuerlust. Ulan-Bator ist sein Ziel, und er muss zu Fu\u00df dorthin gelangen, denn W\u00f6lfe haben sein Pferd gerissen.<\/p>\n<p>Ganz allein ist der Junge an diesem Punkt \u2013 in einer Natur, die von \u00fcberw\u00e4ltigender, karger Sch\u00f6nheit ist. Aber eben auch von gro\u00dfer Wildheit und Unbarmherzigkeit. In diese Einsamkeit, die einen Zw\u00f6lfj\u00e4hrigen sehr leicht zerbrechen k\u00f6nnte, schickt der strenge Vater ihm mit einer Geste gro\u00dfer Weisheit den zur\u00fcckgekehrten Adler hinterher: Es ist schlie\u00dflich sein Kind, das allein herumirrt, und dieses Kind braucht jetzt die Liebe seiner Eltern \u2013 egal, was vorgefallen ist. Eine solche Geste ist universell verst\u00e4ndlich, sie verlangt keinen kulturellen Kontext. Und Bazarbei versteht. Versteht, dass er seinen Weg nun fortsetzen darf, und zwar mit dem Segen seines Vaters.<\/p>\n<p>Dieses Wissen befl\u00fcgelt seine Schritte, und w\u00e4hrend der langen Wanderung fasst er Vertrauen zu dem Raubvogel \u2013 und dieser zu ihm. Trotzdem gibt es immer wieder R\u00fcckschl\u00e4ge: Der Adler macht dem Jungen unmissverst\u00e4ndlich klar, dass er lediglich kooperiert und nicht etwa beherrscht wird. Zudem ist er unterwegs immer wieder mit Anfechtungen konfrontiert: Bazarbei muss, mit der Hilfe eines M\u00e4dchens, das er in ihrem Lager kennenlernt, Dieben und Menschenh\u00e4ndlern entkommen; buddhistische M\u00f6nche beherbergen die beiden Kinder nach einer lebensgef\u00e4hrlichen Flucht; schlie\u00dflich versucht ein b\u00f6ser und verkommener Zirkusdirektor, Bazarbei zum Auftritt mit seinem Adler zu zwingen.<\/p>\n<p>Als er da steht, in der Manege, kost\u00fcmiert als trauriger Clown, und den stolzen Vogel einer gr\u00f6hlenden Menge zur Belustigung vorf\u00fchren soll, da wird dem jungen Nomaden klar, dass dieser Vogel und die Traditionen seiner Leute eine eigene W\u00fcrde haben. Und dass das \u00bbmoderne\u00ab Leben, von dem er tr\u00e4umte, zumindest eine h\u00e4ssliche R\u00fcckseite besitzt: die Bereitschaft, Menschen und Tiere zu konsumieren wie Dinge, sie zu Unterhaltungswaren oder \u00bbHumankapital\u00ab zu machen und lachend \u00fcber ihre Geschichte hinwegzutrampeln.<\/p>\n<p>An dieser Stelle kann man den Film ein wenig ideologisch finden, denn das primitivkapitalistische Zirkuselend spielt sich ab vor der dramatisch verfallenen Kulisse des postkommunistischen Ulan-Bator. Dies immerhin die Hauptstadt eines untergegangenen Systems, das seinerseits Ideologie und Planerf\u00fcllungsziele \u00fcber den Menschen stellte. Wie um die Botschaft noch einmal zu verst\u00e4rken, ist Bazarbeis Bruder Khan bei einem Ungl\u00fcck in den schlampig gef\u00fchrten Minen schwer verwundet worden: Seine Wahlfreiheit in puncto Lebensstil hat ihm also alles andere als Gl\u00fcck gebracht. Nach diesen Lektionen ist es nur folgerichtig, dass der j\u00fcngere Bruder Bazarbei \u2013 wenn vielleicht auch nur vor\u00fcbergehend \u2013 zu seiner Familie in die Berge zur\u00fcckkehrt.<\/p>\n<p>Freier und sinnvoller, selbstbestimmter und naturn\u00e4her als das, was er im Postkommunismus gesehen hat, kommt ihm deren Lebensweise jetzt allemal vor. Und wenn das Ideologie sein sollte, l\u00e4sst sich damit ganz gut leben. KinderZEIT empfiehlt den Film ab 9 Jahren.<\/p>\n<p>Die neue ZEIT Edition <strong>&#8222;Kinderfilme aus aller Welt&#8220;<\/strong> umfasst zehn preisgekr\u00f6nte Spielfilme, die zeigen, wie Kinder in verschiedenen L\u00e4ndern leben, wovon sie tr\u00e4umen, wof\u00fcr sie k\u00e4mpfen. F\u00fcr M\u00e4dchen und Jungen von 6 bis 12 Jahren. Alle Filmen zusammen kosten 89,95 Euro und k\u00f6nnen <a href=\"http:\/\/shop.zeit.de\/category\/779-Die-10-Kinderfilme\">hier<\/a> bestellt werden. Der Reinerl\u00f6s geht an das Kinderhilfswerk <a href=\"http:\/\/www.tdh.de\/\">terre des hommes<\/a>.<\/p>\n<p>1. Whale Rider<br \/>\n2. Tsatsiki \u2013 Tintenfisch und erste K\u00fcsse<br \/>\n3. Wintertochter<br \/>\n4. Ein Pferd f\u00fcr Winky<br \/>\n5. Die Stimme des Adlers<br \/>\n6. Billy Elliot \u2013 I will dance<br \/>\n7. Za\u00efna \u2013 K\u00f6nigin der Pferde<br \/>\n8. Soul Boy<br \/>\n9. Lippels Traum<br \/>\n10. Kinder des Himmels<\/p>\n","protected":false},"excerpt":{"rendered":"<p>Weil Bazarbei kein \u00bbAdler-J\u00e4ger\u00ab werden will, l\u00e4uft er von zu Hause fort \u2013 und lernt, was wirklich z\u00e4hlt Es gibt eine Szene in Die Stimme des Adlers , die dem Zuschauer den Atem nimmt. Sie ist nicht actiongeladen, es geht nicht um eine Flucht vor W\u00f6lfen oder Ganoven. Nein, ganz langsam, ganz nah, ganz konzentriert [&hellip;]<\/p>\n","protected":false},"author":217,"featured_media":0,"comment_status":"open","ping_status":"closed","sticky":false,"template":"","format":"standard","meta":{"_jetpack_memberships_contains_paid_content":false,"footnotes":""},"categories":[1157,16971,1431],"tags":[17064,9834,16762,17065,16972,17028],"class_list":["post-12078","post","type-post","status-publish","format-standard","hentry","category-buchtipp-hortipp-filmtipp-fernsehtipp","category-zeit-edition-kinderfilme-aus-aller-welt","category-zeit-kinderfilm-edition","tag-die-stimme-des-adlers","tag-dvd-fur-kinder","tag-filme-fur-kinder","tag-kinderfilm","tag-kinderfilme-aus-aller-welt","tag-zeit-kinderfilm-edition-2"],"yoast_head":"<!-- This site is optimized with the Yoast SEO plugin v21.0 - https:\/\/yoast.com\/wordpress\/plugins\/seo\/ -->\n<title>Die ZEIT Edition &quot;Kinderfilme aus aller Welt&quot; - Teil 5: Reise mit Raubvogel - KinderZEIT-Blog<\/title>\n<meta name=\"robots\" content=\"index, follow, max-snippet:-1, max-image-preview:large, max-video-preview:-1\" \/>\n<link rel=\"canonical\" href=\"https:\/\/blog.zeit.de\/kinderzeit\/2012\/04\/19\/die-zeit-edition-kinderfilme-aus-aller-welt-teil-5-reise-mit-raubvogel_12078\" \/>\n<meta property=\"og:locale\" content=\"de_DE\" \/>\n<meta property=\"og:type\" content=\"article\" \/>\n<meta property=\"og:title\" content=\"Die ZEIT Edition &quot;Kinderfilme aus aller Welt&quot; - Teil 5: Reise mit Raubvogel - KinderZEIT-Blog\" \/>\n<meta property=\"og:description\" content=\"Weil Bazarbei kein \u00bbAdler-J\u00e4ger\u00ab werden will, l\u00e4uft er von zu Hause fort \u2013 und lernt, was wirklich z\u00e4hlt Es gibt eine Szene in Die Stimme des Adlers , die dem Zuschauer den Atem nimmt. Sie ist nicht actiongeladen, es geht nicht um eine Flucht vor W\u00f6lfen oder Ganoven. Nein, ganz langsam, ganz nah, ganz konzentriert [&hellip;]\" \/>\n<meta property=\"og:url\" content=\"https:\/\/blog.zeit.de\/kinderzeit\/2012\/04\/19\/die-zeit-edition-kinderfilme-aus-aller-welt-teil-5-reise-mit-raubvogel_12078\" \/>\n<meta property=\"og:site_name\" content=\"KinderZEIT-Blog\" \/>\n<meta property=\"article:published_time\" content=\"2012-04-19T08:00:10+00:00\" \/>\n<meta property=\"article:modified_time\" content=\"2012-04-19T08:22:23+00:00\" \/>\n<meta property=\"og:image\" content=\"https:\/\/blog.zeit.de\/kinderzeit\/files\/2012\/04\/stimmedesadlers-540x365.jpg\" \/>\n<meta name=\"author\" content=\"Redaktion KinderZEIT\" \/>\n<meta name=\"twitter:card\" content=\"summary_large_image\" \/>\n<meta name=\"twitter:label1\" content=\"Verfasst von\" \/>\n\t<meta name=\"twitter:data1\" content=\"Redaktion KinderZEIT\" \/>\n\t<meta name=\"twitter:label2\" content=\"Gesch\u00e4tzte Lesezeit\" \/>\n\t<meta name=\"twitter:data2\" content=\"5\u00a0Minuten\" \/>\n<script type=\"application\/ld+json\" class=\"yoast-schema-graph\">{\"@context\":\"https:\/\/schema.org\",\"@graph\":[{\"@type\":\"WebPage\",\"@id\":\"https:\/\/blog.zeit.de\/kinderzeit\/2012\/04\/19\/die-zeit-edition-kinderfilme-aus-aller-welt-teil-5-reise-mit-raubvogel_12078\",\"url\":\"https:\/\/blog.zeit.de\/kinderzeit\/2012\/04\/19\/die-zeit-edition-kinderfilme-aus-aller-welt-teil-5-reise-mit-raubvogel_12078\",\"name\":\"Die ZEIT Edition \\\"Kinderfilme aus aller Welt\\\" - Teil 5: Reise mit Raubvogel - KinderZEIT-Blog\",\"isPartOf\":{\"@id\":\"https:\/\/blog.zeit.de\/kinderzeit\/#website\"},\"datePublished\":\"2012-04-19T08:00:10+00:00\",\"dateModified\":\"2012-04-19T08:22:23+00:00\",\"author\":{\"@id\":\"https:\/\/blog.zeit.de\/kinderzeit\/#\/schema\/person\/49470446f328463e8ea80b00b7d5da9c\"},\"breadcrumb\":{\"@id\":\"https:\/\/blog.zeit.de\/kinderzeit\/2012\/04\/19\/die-zeit-edition-kinderfilme-aus-aller-welt-teil-5-reise-mit-raubvogel_12078#breadcrumb\"},\"inLanguage\":\"de\",\"potentialAction\":[{\"@type\":\"ReadAction\",\"target\":[\"https:\/\/blog.zeit.de\/kinderzeit\/2012\/04\/19\/die-zeit-edition-kinderfilme-aus-aller-welt-teil-5-reise-mit-raubvogel_12078\"]}]},{\"@type\":\"BreadcrumbList\",\"@id\":\"https:\/\/blog.zeit.de\/kinderzeit\/2012\/04\/19\/die-zeit-edition-kinderfilme-aus-aller-welt-teil-5-reise-mit-raubvogel_12078#breadcrumb\",\"itemListElement\":[{\"@type\":\"ListItem\",\"position\":1,\"name\":\"Startseite\",\"item\":\"https:\/\/blog.zeit.de\/kinderzeit\"},{\"@type\":\"ListItem\",\"position\":2,\"name\":\"Die ZEIT Edition &#8222;Kinderfilme aus aller Welt&#8220; &#8211; Teil 5: Reise mit Raubvogel\"}]},{\"@type\":\"WebSite\",\"@id\":\"https:\/\/blog.zeit.de\/kinderzeit\/#website\",\"url\":\"https:\/\/blog.zeit.de\/kinderzeit\/\",\"name\":\"KinderZEIT-Blog\",\"description\":\"Politik, Kultur und R\u00e4tsel f\u00fcr junge Leser\",\"potentialAction\":[{\"@type\":\"SearchAction\",\"target\":{\"@type\":\"EntryPoint\",\"urlTemplate\":\"https:\/\/blog.zeit.de\/kinderzeit\/?s={search_term_string}\"},\"query-input\":\"required name=search_term_string\"}],\"inLanguage\":\"de\"},{\"@type\":\"Person\",\"@id\":\"https:\/\/blog.zeit.de\/kinderzeit\/#\/schema\/person\/49470446f328463e8ea80b00b7d5da9c\",\"name\":\"Redaktion KinderZEIT\",\"image\":{\"@type\":\"ImageObject\",\"inLanguage\":\"de\",\"@id\":\"https:\/\/blog.zeit.de\/kinderzeit\/#\/schema\/person\/image\/\",\"url\":\"https:\/\/secure.gravatar.com\/avatar\/e613a4a2ad2bd6413584eec4b8dd51cb549f6f87f7a858de5437c6df45ca1659?s=96&d=mm&r=g\",\"contentUrl\":\"https:\/\/secure.gravatar.com\/avatar\/e613a4a2ad2bd6413584eec4b8dd51cb549f6f87f7a858de5437c6df45ca1659?s=96&d=mm&r=g\",\"caption\":\"Redaktion KinderZEIT\"},\"url\":\"https:\/\/blog.zeit.de\/kinderzeit\/author\/sandra-valeska-bruhns\"}]}<\/script>\n<!-- \/ Yoast SEO plugin. -->","yoast_head_json":{"title":"Die ZEIT Edition \"Kinderfilme aus aller Welt\" - Teil 5: Reise mit Raubvogel - KinderZEIT-Blog","robots":{"index":"index","follow":"follow","max-snippet":"max-snippet:-1","max-image-preview":"max-image-preview:large","max-video-preview":"max-video-preview:-1"},"canonical":"https:\/\/blog.zeit.de\/kinderzeit\/2012\/04\/19\/die-zeit-edition-kinderfilme-aus-aller-welt-teil-5-reise-mit-raubvogel_12078","og_locale":"de_DE","og_type":"article","og_title":"Die ZEIT Edition \"Kinderfilme aus aller Welt\" - Teil 5: Reise mit Raubvogel - KinderZEIT-Blog","og_description":"Weil Bazarbei kein \u00bbAdler-J\u00e4ger\u00ab werden will, l\u00e4uft er von zu Hause fort \u2013 und lernt, was wirklich z\u00e4hlt Es gibt eine Szene in Die Stimme des Adlers , die dem Zuschauer den Atem nimmt. Sie ist nicht actiongeladen, es geht nicht um eine Flucht vor W\u00f6lfen oder Ganoven. Nein, ganz langsam, ganz nah, ganz konzentriert [&hellip;]","og_url":"https:\/\/blog.zeit.de\/kinderzeit\/2012\/04\/19\/die-zeit-edition-kinderfilme-aus-aller-welt-teil-5-reise-mit-raubvogel_12078","og_site_name":"KinderZEIT-Blog","article_published_time":"2012-04-19T08:00:10+00:00","article_modified_time":"2012-04-19T08:22:23+00:00","og_image":[{"url":"https:\/\/blog.zeit.de\/kinderzeit\/files\/2012\/04\/stimmedesadlers-540x365.jpg"}],"author":"Redaktion KinderZEIT","twitter_card":"summary_large_image","twitter_misc":{"Verfasst von":"Redaktion KinderZEIT","Gesch\u00e4tzte Lesezeit":"5\u00a0Minuten"},"schema":{"@context":"https:\/\/schema.org","@graph":[{"@type":"WebPage","@id":"https:\/\/blog.zeit.de\/kinderzeit\/2012\/04\/19\/die-zeit-edition-kinderfilme-aus-aller-welt-teil-5-reise-mit-raubvogel_12078","url":"https:\/\/blog.zeit.de\/kinderzeit\/2012\/04\/19\/die-zeit-edition-kinderfilme-aus-aller-welt-teil-5-reise-mit-raubvogel_12078","name":"Die ZEIT Edition \"Kinderfilme aus aller Welt\" - Teil 5: Reise mit Raubvogel - KinderZEIT-Blog","isPartOf":{"@id":"https:\/\/blog.zeit.de\/kinderzeit\/#website"},"datePublished":"2012-04-19T08:00:10+00:00","dateModified":"2012-04-19T08:22:23+00:00","author":{"@id":"https:\/\/blog.zeit.de\/kinderzeit\/#\/schema\/person\/49470446f328463e8ea80b00b7d5da9c"},"breadcrumb":{"@id":"https:\/\/blog.zeit.de\/kinderzeit\/2012\/04\/19\/die-zeit-edition-kinderfilme-aus-aller-welt-teil-5-reise-mit-raubvogel_12078#breadcrumb"},"inLanguage":"de","potentialAction":[{"@type":"ReadAction","target":["https:\/\/blog.zeit.de\/kinderzeit\/2012\/04\/19\/die-zeit-edition-kinderfilme-aus-aller-welt-teil-5-reise-mit-raubvogel_12078"]}]},{"@type":"BreadcrumbList","@id":"https:\/\/blog.zeit.de\/kinderzeit\/2012\/04\/19\/die-zeit-edition-kinderfilme-aus-aller-welt-teil-5-reise-mit-raubvogel_12078#breadcrumb","itemListElement":[{"@type":"ListItem","position":1,"name":"Startseite","item":"https:\/\/blog.zeit.de\/kinderzeit"},{"@type":"ListItem","position":2,"name":"Die ZEIT Edition &#8222;Kinderfilme aus aller Welt&#8220; &#8211; Teil 5: Reise mit Raubvogel"}]},{"@type":"WebSite","@id":"https:\/\/blog.zeit.de\/kinderzeit\/#website","url":"https:\/\/blog.zeit.de\/kinderzeit\/","name":"KinderZEIT-Blog","description":"Politik, Kultur und R\u00e4tsel f\u00fcr junge Leser","potentialAction":[{"@type":"SearchAction","target":{"@type":"EntryPoint","urlTemplate":"https:\/\/blog.zeit.de\/kinderzeit\/?s={search_term_string}"},"query-input":"required name=search_term_string"}],"inLanguage":"de"},{"@type":"Person","@id":"https:\/\/blog.zeit.de\/kinderzeit\/#\/schema\/person\/49470446f328463e8ea80b00b7d5da9c","name":"Redaktion KinderZEIT","image":{"@type":"ImageObject","inLanguage":"de","@id":"https:\/\/blog.zeit.de\/kinderzeit\/#\/schema\/person\/image\/","url":"https:\/\/secure.gravatar.com\/avatar\/e613a4a2ad2bd6413584eec4b8dd51cb549f6f87f7a858de5437c6df45ca1659?s=96&d=mm&r=g","contentUrl":"https:\/\/secure.gravatar.com\/avatar\/e613a4a2ad2bd6413584eec4b8dd51cb549f6f87f7a858de5437c6df45ca1659?s=96&d=mm&r=g","caption":"Redaktion KinderZEIT"},"url":"https:\/\/blog.zeit.de\/kinderzeit\/author\/sandra-valeska-bruhns"}]}},"jetpack_featured_media_url":"","jetpack_sharing_enabled":true,"_links":{"self":[{"href":"https:\/\/blog.zeit.de\/kinderzeit\/wp-json\/wp\/v2\/posts\/12078","targetHints":{"allow":["GET"]}}],"collection":[{"href":"https:\/\/blog.zeit.de\/kinderzeit\/wp-json\/wp\/v2\/posts"}],"about":[{"href":"https:\/\/blog.zeit.de\/kinderzeit\/wp-json\/wp\/v2\/types\/post"}],"author":[{"embeddable":true,"href":"https:\/\/blog.zeit.de\/kinderzeit\/wp-json\/wp\/v2\/users\/217"}],"replies":[{"embeddable":true,"href":"https:\/\/blog.zeit.de\/kinderzeit\/wp-json\/wp\/v2\/comments?post=12078"}],"version-history":[{"count":5,"href":"https:\/\/blog.zeit.de\/kinderzeit\/wp-json\/wp\/v2\/posts\/12078\/revisions"}],"predecessor-version":[{"id":12084,"href":"https:\/\/blog.zeit.de\/kinderzeit\/wp-json\/wp\/v2\/posts\/12078\/revisions\/12084"}],"wp:attachment":[{"href":"https:\/\/blog.zeit.de\/kinderzeit\/wp-json\/wp\/v2\/media?parent=12078"}],"wp:term":[{"taxonomy":"category","embeddable":true,"href":"https:\/\/blog.zeit.de\/kinderzeit\/wp-json\/wp\/v2\/categories?post=12078"},{"taxonomy":"post_tag","embeddable":true,"href":"https:\/\/blog.zeit.de\/kinderzeit\/wp-json\/wp\/v2\/tags?post=12078"}],"curies":[{"name":"wp","href":"https:\/\/api.w.org\/{rel}","templated":true}]}}