{"id":12130,"date":"2012-05-03T23:49:56","date_gmt":"2012-05-03T21:49:56","guid":{"rendered":"http:\/\/blog.zeit.de\/kinderzeit\/?p=12130"},"modified":"2012-05-03T23:51:20","modified_gmt":"2012-05-03T21:51:20","slug":"ein-ritt-fur-die-freiheit","status":"publish","type":"post","link":"https:\/\/blog.zeit.de\/kinderzeit\/2012\/05\/03\/ein-ritt-fur-die-freiheit_12130","title":{"rendered":"Die ZEIT Edition &#8222;Kinderfilme aus aller Welt&#8220; &#8211; Teil 7: Ein Ritt f\u00fcr die Freiheit"},"content":{"rendered":"<p><figure id=\"attachment_12131\" aria-describedby=\"caption-attachment-12131\" style=\"width: 540px\" class=\"wp-caption alignleft\"><img loading=\"lazy\" decoding=\"async\" src=\"https:\/\/blog.zeit.de\/kinderzeit\/files\/2012\/05\/zaira-540x359.jpg\" alt=\"\" width=\"540\" height=\"359\" class=\"size-large wp-image-12131\" srcset=\"https:\/\/blog.zeit.de\/kinderzeit\/files\/2012\/05\/zaira-540x359.jpg 540w, https:\/\/blog.zeit.de\/kinderzeit\/files\/2012\/05\/zaira-300x199.jpg 300w, https:\/\/blog.zeit.de\/kinderzeit\/files\/2012\/05\/zaira.jpg 1500w\" sizes=\"auto, (max-width: 540px) 100vw, 540px\" \/><figcaption id=\"caption-attachment-12131\" class=\"wp-caption-text\">\u00a9 2005 Rezo Productions\/Prokino Filmproduktion\/France 3 Cin\u00e9ma<\/figcaption><\/figure><\/p>\n<p><strong>Das M\u00e4dchen Za\u00efna lernt nach dem Tod der Mutter, seinen eigenen Weg zu gehen<\/strong><\/p>\n<p>Das Leben k\u00f6nnte f\u00fcr ein M\u00e4dchen wohl nicht trauriger verlaufen als f\u00fcr die Marokkanerin Za\u00efna: Ihre Mutter, eine Heilerin, die sich gut mit Kr\u00e4utern und Gew\u00fcrzen auskannte, ist gerade gestorben. Nun hat Za\u00efna niemanden mehr, sie ist ganz allein.<\/p>\n<p>Wem soll sie vertrauen? Wer besch\u00fctzt sie vor Omar, dem aufdringlichen Verehrer ihrer toten Mutter? Denn Omar hat es jetzt auf Za\u00efna abgesehen: Er will unbedingt, dass sie bei ihm bleibt, als Ersatz f\u00fcr ihre Mutter, die diesen Mann doch nie geliebt hat.<!--more--><\/p>\n<p>Um Omar zu entkommen, begleitet Za\u00efna ihren leiblichen Vater Mustafa in die gro\u00dfe Stadt Marrakesch. Mustafa ist der einzige Mann seines Stammes, der sich dort auskennt, und so ist es seine Aufgabe, eine Gruppe von Reitern aus seiner Sippe zu einem ber\u00fchmten Pferderennen in Marrakesch zu bringen.<\/p>\n<p>Das sch\u00f6nste seiner Pferde hei\u00dft Zingal. Es h\u00f6rt nur auf Mustafa \u2013 bald aber auch auf Za\u00efna, die Pferde ebenso liebt wie ihr Vater.<\/p>\n<p>Mustafa hat erst vor Kurzem \u00fcberhaupt erfahren, dass er eine Tochter hat. Za\u00efnas Mutter hatte er n\u00e4mlich lange vor ihrer Geburt versto\u00dfen, nicht weil er es wollte, sondern weil die \u00bbGesetze der W\u00fcste\u00ab dies so forderten: Die mutige und furchtlose Frau hatte an dem Pferderennen in Marrakesch teilgenommen, das nur M\u00e4nnern vorbehalten ist. Das missfiel dem Clan, so etwas macht man als Frau nicht \u2013 also musste Mustafa sie bestrafen.<\/p>\n<p>Anfangs mag Za\u00efna ihren Vater gar nicht, aber sie hat keine Wahl: Entweder muss sie bei Omar bleiben, den sie f\u00fcr den Tod ihrer Mutter verantwortlich macht, oder mit ihrem Vater gehen, der ihre Mutter vor Jahren einfach weggeschickt hatte. Es beginnt eine lange, harte und gef\u00e4hrliche Reise durch die raue Sch\u00f6nheit des Atlasgebirges.<\/p>\n<p>Ist dies ein M\u00e4rchen oder Realit\u00e4t? Sind wir im Hier und Jetzt \u2013 oder in einer Welt aus l\u00e4ngst vergangener Zeit? Das sind die Fragen, die man sich als Zuschauer von Za\u00efna \u2013 K\u00f6nigin der Pferde stellt. Denn der franz\u00f6sische Drehbuchautor und Regisseur Bourlem Guerdjou konnte sich offenbar nicht so recht entscheiden, ob er lieber ein M\u00e4rchen oder doch einen Abenteuerfilm drehen wollte.<\/p>\n<p>Um ein reines M\u00e4rchen zu sein, gibt es in diesem Film aber zu viele Dinge, die man aus der Realit\u00e4t einiger muslimischer L\u00e4nder kennt: dass Frauen und M\u00e4dchen nicht immer die gleichen Rechte haben oder nicht die gleichen Dinge tun und ausprobieren d\u00fcrfen wie M\u00e4nner und Jungen. Im Film ist es zum Beispiel das Recht, an einem Pferderennen teilzunehmen oder einen Mann zu verschm\u00e4hen, den man nicht mag, so wie Za\u00efnas Mutter es einst getan hat<\/p>\n<p>Doch es ist auch kein reiner Abenteuerfilm, den der Regisseur nach einem marokkanischen Mythos gedreht hat. Dazu gibt es dann doch zu viele Szenen, die an ein M\u00e4rchen aus Tausendundeiner Nacht erinnern: Etwa wenn arabische M\u00e4nner mit dunkler Haut und hellen Augen, sich in langen wei\u00dfen Gew\u00e4ndern vor der mythischen Kulisse des Atlasgebirges S\u00e4belduelle liefern \u2013 in denen es um Stolz und Ehre geht. Dies sind Szenen, bei denen man sich als Zuschauer unsicher ist, ob man sie nun kitschig oder doch sch\u00f6n finden soll. Diese Unentschiedenheit ist wohl die gr\u00f6\u00dfte Schw\u00e4che des Films.<\/p>\n<p>Aber er hat auch St\u00e4rken. Vor allem, dass darin zwei sehr wichtige und interessante Themen klar herausgearbeitet sind: Freiheit und Selbstbestimmung.<\/p>\n<p>Das ist verpackt in die Geschichte eines Kennenlernens. Za\u00efna und ihr Vater kommen sich w\u00e4hrend der Reise durch das Atlasgebirge ganz langsam n\u00e4her und fangen an, einander zu m\u00f6gen. Doch weil Omar nicht von Za\u00efna ablassen will, geht sie mit ihm eine Wette ein: Als Mann verkleidet, will sie an dem Pferderennen in Marrakesch teilnehmen. Za\u00efna tut, was einst schon ihre Mutter getan hatte und wof\u00fcr diese dann versto\u00dfen wurde.<\/p>\n<p>Die Wette zwischen Za\u00efna und Omar ist ganz einfach: Wenn Za\u00efna das Rennen gewinnt, ist sie frei und kann bei ihrem Vater bleiben \u2013 gewinnt Omar, der ebenfalls teilnimmt, muss sie mit ihm gehen.<\/p>\n<p>Bei dem Rennen passiert etwas sehr Bemerkenswertes \u2013 vielleicht ist es die interessanteste Szene im ganzen Film: Za\u00efna geht mit dem stolzen Pferd ihres Vaters, zu dem sie inzwischen auch eine besondere Beziehung hat, mit Zingal, an den Start. Sie hat ihre langen dunklen Locken und ihr Gesicht unter einem blauen Tuch versteckt. Sichtbar sind nur noch ihre dunklen Augen. Die Stimmung unter den Zuschauern ist angeheizt.<\/p>\n<p>Das Rennen geht los. Zwei gro\u00dfe Runden sind zu bestreiten. Nach der ersten Runde \u2013 Za\u00efna f\u00fchrt, aber Omar ist ihr dicht auf den Fersen \u2013 rei\u00dft Omar der verkleideten Reiterin das blaue Tuch vom Kopf.<\/p>\n<p>F\u00fcr einen kurzen Moment sind die Zuschauer still. Dann, als sie schlie\u00dflich verstehen, was los ist, reagieren die M\u00e4nner und die Frauen sehr unterschiedlich. Die M\u00e4nner zetern und schimpfen wie Waschweiber. Die Frauen freuen sich, stimmen Lobges\u00e4nge an, und sie klatschen noch lauter als zuvor, als sie begreifen: Ein junges M\u00e4dchen hat sich getraut, sich genau das gleiche Recht herauszunehmen wie die M\u00e4nner.<\/p>\n<p>Und Za\u00efna? Nach einem Moment des Schreckens, nun als M\u00e4dchen aufgeflogen zu sein, reitet sie. Sie reitet, so schnell sie nur kann. KinderZEIT empfiehlt den Film ab 9 Jahren.<\/p>\n<p>Die neue ZEIT Edition <strong>&#8222;Kinderfilme aus aller Welt&#8220;<\/strong> umfasst zehn preisgekr\u00f6nte Spielfilme, die zeigen, wie Kinder in verschiedenen L\u00e4ndern leben, wovon sie tr\u00e4umen, wof\u00fcr sie k\u00e4mpfen. F\u00fcr M\u00e4dchen und Jungen von 6 bis 12 Jahren. Alle Filmen zusammen kosten 89,95 Euro und k\u00f6nnen <a href=\"http:\/\/shop.zeit.de\/category\/779-Die-10-Kinderfilme\">hier<\/a> bestellt werden. Der Reinerl\u00f6s geht an das Kinderhilfswerk <a href=\"http:\/\/www.tdh.de\/\">terre des hommes<\/a>.<\/p>\n<p>1. Whale Rider<br \/>\n2. Tsatsiki \u2013 Tintenfisch und erste K\u00fcsse<br \/>\n3. Wintertochter<br \/>\n4. Ein Pferd f\u00fcr Winky<br \/>\n5. Die Stimme des Adlers<br \/>\n6. Billy Elliot \u2013 I will dance<br \/>\n<strong>7. Za\u00efna \u2013 K\u00f6nigin der Pferde<\/strong><br \/>\n8. Soul Boy<br \/>\n9. Lippels Traum<br \/>\n10. Kinder des Himmels<\/p>\n","protected":false},"excerpt":{"rendered":"<p>Das M\u00e4dchen Za\u00efna lernt nach dem Tod der Mutter, seinen eigenen Weg zu gehen Das Leben k\u00f6nnte f\u00fcr ein M\u00e4dchen wohl nicht trauriger verlaufen als f\u00fcr die Marokkanerin Za\u00efna: Ihre Mutter, eine Heilerin, die sich gut mit Kr\u00e4utern und Gew\u00fcrzen auskannte, ist gerade gestorben. Nun hat Za\u00efna niemanden mehr, sie ist ganz allein. Wem soll [&hellip;]<\/p>\n","protected":false},"author":217,"featured_media":0,"comment_status":"open","ping_status":"closed","sticky":false,"template":"","format":"standard","meta":{"_jetpack_memberships_contains_paid_content":false,"footnotes":""},"categories":[1157,16971,1431],"tags":[16762,16972,17092],"class_list":["post-12130","post","type-post","status-publish","format-standard","hentry","category-buchtipp-hortipp-filmtipp-fernsehtipp","category-zeit-edition-kinderfilme-aus-aller-welt","category-zeit-kinderfilm-edition","tag-filme-fur-kinder","tag-kinderfilme-aus-aller-welt","tag-zaina-konigin-der-pferde-kinderfilm-edition"],"yoast_head":"<!-- This site is optimized with the Yoast SEO plugin v21.0 - https:\/\/yoast.com\/wordpress\/plugins\/seo\/ -->\n<title>Die ZEIT Edition &quot;Kinderfilme aus aller Welt&quot; - Teil 7: Ein Ritt f\u00fcr die Freiheit - KinderZEIT-Blog<\/title>\n<meta name=\"robots\" content=\"index, follow, max-snippet:-1, max-image-preview:large, max-video-preview:-1\" \/>\n<link rel=\"canonical\" href=\"https:\/\/blog.zeit.de\/kinderzeit\/2012\/05\/03\/ein-ritt-fur-die-freiheit_12130\" \/>\n<meta property=\"og:locale\" content=\"de_DE\" \/>\n<meta property=\"og:type\" content=\"article\" \/>\n<meta property=\"og:title\" content=\"Die ZEIT Edition &quot;Kinderfilme aus aller Welt&quot; - Teil 7: Ein Ritt f\u00fcr die Freiheit - KinderZEIT-Blog\" \/>\n<meta property=\"og:description\" content=\"Das M\u00e4dchen Za\u00efna lernt nach dem Tod der Mutter, seinen eigenen Weg zu gehen Das Leben k\u00f6nnte f\u00fcr ein M\u00e4dchen wohl nicht trauriger verlaufen als f\u00fcr die Marokkanerin Za\u00efna: Ihre Mutter, eine Heilerin, die sich gut mit Kr\u00e4utern und Gew\u00fcrzen auskannte, ist gerade gestorben. Nun hat Za\u00efna niemanden mehr, sie ist ganz allein. Wem soll [&hellip;]\" \/>\n<meta property=\"og:url\" content=\"https:\/\/blog.zeit.de\/kinderzeit\/2012\/05\/03\/ein-ritt-fur-die-freiheit_12130\" \/>\n<meta property=\"og:site_name\" content=\"KinderZEIT-Blog\" \/>\n<meta property=\"article:published_time\" content=\"2012-05-03T21:49:56+00:00\" \/>\n<meta property=\"article:modified_time\" content=\"2012-05-03T21:51:20+00:00\" \/>\n<meta property=\"og:image\" content=\"https:\/\/blog.zeit.de\/kinderzeit\/files\/2012\/05\/zaira-540x359.jpg\" \/>\n<meta name=\"author\" content=\"Redaktion KinderZEIT\" \/>\n<meta name=\"twitter:card\" content=\"summary_large_image\" \/>\n<meta name=\"twitter:label1\" content=\"Verfasst von\" \/>\n\t<meta name=\"twitter:data1\" content=\"Redaktion KinderZEIT\" \/>\n\t<meta name=\"twitter:label2\" content=\"Gesch\u00e4tzte Lesezeit\" \/>\n\t<meta name=\"twitter:data2\" content=\"5\u00a0Minuten\" \/>\n<script type=\"application\/ld+json\" class=\"yoast-schema-graph\">{\"@context\":\"https:\/\/schema.org\",\"@graph\":[{\"@type\":\"WebPage\",\"@id\":\"https:\/\/blog.zeit.de\/kinderzeit\/2012\/05\/03\/ein-ritt-fur-die-freiheit_12130\",\"url\":\"https:\/\/blog.zeit.de\/kinderzeit\/2012\/05\/03\/ein-ritt-fur-die-freiheit_12130\",\"name\":\"Die ZEIT Edition \\\"Kinderfilme aus aller Welt\\\" - Teil 7: Ein Ritt f\u00fcr die Freiheit - KinderZEIT-Blog\",\"isPartOf\":{\"@id\":\"https:\/\/blog.zeit.de\/kinderzeit\/#website\"},\"datePublished\":\"2012-05-03T21:49:56+00:00\",\"dateModified\":\"2012-05-03T21:51:20+00:00\",\"author\":{\"@id\":\"https:\/\/blog.zeit.de\/kinderzeit\/#\/schema\/person\/49470446f328463e8ea80b00b7d5da9c\"},\"breadcrumb\":{\"@id\":\"https:\/\/blog.zeit.de\/kinderzeit\/2012\/05\/03\/ein-ritt-fur-die-freiheit_12130#breadcrumb\"},\"inLanguage\":\"de\",\"potentialAction\":[{\"@type\":\"ReadAction\",\"target\":[\"https:\/\/blog.zeit.de\/kinderzeit\/2012\/05\/03\/ein-ritt-fur-die-freiheit_12130\"]}]},{\"@type\":\"BreadcrumbList\",\"@id\":\"https:\/\/blog.zeit.de\/kinderzeit\/2012\/05\/03\/ein-ritt-fur-die-freiheit_12130#breadcrumb\",\"itemListElement\":[{\"@type\":\"ListItem\",\"position\":1,\"name\":\"Startseite\",\"item\":\"https:\/\/blog.zeit.de\/kinderzeit\"},{\"@type\":\"ListItem\",\"position\":2,\"name\":\"Die ZEIT Edition &#8222;Kinderfilme aus aller Welt&#8220; &#8211; Teil 7: Ein Ritt f\u00fcr die Freiheit\"}]},{\"@type\":\"WebSite\",\"@id\":\"https:\/\/blog.zeit.de\/kinderzeit\/#website\",\"url\":\"https:\/\/blog.zeit.de\/kinderzeit\/\",\"name\":\"KinderZEIT-Blog\",\"description\":\"Politik, Kultur und R\u00e4tsel f\u00fcr junge Leser\",\"potentialAction\":[{\"@type\":\"SearchAction\",\"target\":{\"@type\":\"EntryPoint\",\"urlTemplate\":\"https:\/\/blog.zeit.de\/kinderzeit\/?s={search_term_string}\"},\"query-input\":\"required name=search_term_string\"}],\"inLanguage\":\"de\"},{\"@type\":\"Person\",\"@id\":\"https:\/\/blog.zeit.de\/kinderzeit\/#\/schema\/person\/49470446f328463e8ea80b00b7d5da9c\",\"name\":\"Redaktion KinderZEIT\",\"image\":{\"@type\":\"ImageObject\",\"inLanguage\":\"de\",\"@id\":\"https:\/\/blog.zeit.de\/kinderzeit\/#\/schema\/person\/image\/\",\"url\":\"https:\/\/secure.gravatar.com\/avatar\/e613a4a2ad2bd6413584eec4b8dd51cb549f6f87f7a858de5437c6df45ca1659?s=96&d=mm&r=g\",\"contentUrl\":\"https:\/\/secure.gravatar.com\/avatar\/e613a4a2ad2bd6413584eec4b8dd51cb549f6f87f7a858de5437c6df45ca1659?s=96&d=mm&r=g\",\"caption\":\"Redaktion KinderZEIT\"},\"url\":\"https:\/\/blog.zeit.de\/kinderzeit\/author\/sandra-valeska-bruhns\"}]}<\/script>\n<!-- \/ Yoast SEO plugin. -->","yoast_head_json":{"title":"Die ZEIT Edition \"Kinderfilme aus aller Welt\" - Teil 7: Ein Ritt f\u00fcr die Freiheit - KinderZEIT-Blog","robots":{"index":"index","follow":"follow","max-snippet":"max-snippet:-1","max-image-preview":"max-image-preview:large","max-video-preview":"max-video-preview:-1"},"canonical":"https:\/\/blog.zeit.de\/kinderzeit\/2012\/05\/03\/ein-ritt-fur-die-freiheit_12130","og_locale":"de_DE","og_type":"article","og_title":"Die ZEIT Edition \"Kinderfilme aus aller Welt\" - Teil 7: Ein Ritt f\u00fcr die Freiheit - KinderZEIT-Blog","og_description":"Das M\u00e4dchen Za\u00efna lernt nach dem Tod der Mutter, seinen eigenen Weg zu gehen Das Leben k\u00f6nnte f\u00fcr ein M\u00e4dchen wohl nicht trauriger verlaufen als f\u00fcr die Marokkanerin Za\u00efna: Ihre Mutter, eine Heilerin, die sich gut mit Kr\u00e4utern und Gew\u00fcrzen auskannte, ist gerade gestorben. Nun hat Za\u00efna niemanden mehr, sie ist ganz allein. Wem soll [&hellip;]","og_url":"https:\/\/blog.zeit.de\/kinderzeit\/2012\/05\/03\/ein-ritt-fur-die-freiheit_12130","og_site_name":"KinderZEIT-Blog","article_published_time":"2012-05-03T21:49:56+00:00","article_modified_time":"2012-05-03T21:51:20+00:00","og_image":[{"url":"https:\/\/blog.zeit.de\/kinderzeit\/files\/2012\/05\/zaira-540x359.jpg"}],"author":"Redaktion KinderZEIT","twitter_card":"summary_large_image","twitter_misc":{"Verfasst von":"Redaktion KinderZEIT","Gesch\u00e4tzte Lesezeit":"5\u00a0Minuten"},"schema":{"@context":"https:\/\/schema.org","@graph":[{"@type":"WebPage","@id":"https:\/\/blog.zeit.de\/kinderzeit\/2012\/05\/03\/ein-ritt-fur-die-freiheit_12130","url":"https:\/\/blog.zeit.de\/kinderzeit\/2012\/05\/03\/ein-ritt-fur-die-freiheit_12130","name":"Die ZEIT Edition \"Kinderfilme aus aller Welt\" - Teil 7: Ein Ritt f\u00fcr die Freiheit - KinderZEIT-Blog","isPartOf":{"@id":"https:\/\/blog.zeit.de\/kinderzeit\/#website"},"datePublished":"2012-05-03T21:49:56+00:00","dateModified":"2012-05-03T21:51:20+00:00","author":{"@id":"https:\/\/blog.zeit.de\/kinderzeit\/#\/schema\/person\/49470446f328463e8ea80b00b7d5da9c"},"breadcrumb":{"@id":"https:\/\/blog.zeit.de\/kinderzeit\/2012\/05\/03\/ein-ritt-fur-die-freiheit_12130#breadcrumb"},"inLanguage":"de","potentialAction":[{"@type":"ReadAction","target":["https:\/\/blog.zeit.de\/kinderzeit\/2012\/05\/03\/ein-ritt-fur-die-freiheit_12130"]}]},{"@type":"BreadcrumbList","@id":"https:\/\/blog.zeit.de\/kinderzeit\/2012\/05\/03\/ein-ritt-fur-die-freiheit_12130#breadcrumb","itemListElement":[{"@type":"ListItem","position":1,"name":"Startseite","item":"https:\/\/blog.zeit.de\/kinderzeit"},{"@type":"ListItem","position":2,"name":"Die ZEIT Edition &#8222;Kinderfilme aus aller Welt&#8220; &#8211; Teil 7: Ein Ritt f\u00fcr die Freiheit"}]},{"@type":"WebSite","@id":"https:\/\/blog.zeit.de\/kinderzeit\/#website","url":"https:\/\/blog.zeit.de\/kinderzeit\/","name":"KinderZEIT-Blog","description":"Politik, Kultur und R\u00e4tsel f\u00fcr junge Leser","potentialAction":[{"@type":"SearchAction","target":{"@type":"EntryPoint","urlTemplate":"https:\/\/blog.zeit.de\/kinderzeit\/?s={search_term_string}"},"query-input":"required name=search_term_string"}],"inLanguage":"de"},{"@type":"Person","@id":"https:\/\/blog.zeit.de\/kinderzeit\/#\/schema\/person\/49470446f328463e8ea80b00b7d5da9c","name":"Redaktion KinderZEIT","image":{"@type":"ImageObject","inLanguage":"de","@id":"https:\/\/blog.zeit.de\/kinderzeit\/#\/schema\/person\/image\/","url":"https:\/\/secure.gravatar.com\/avatar\/e613a4a2ad2bd6413584eec4b8dd51cb549f6f87f7a858de5437c6df45ca1659?s=96&d=mm&r=g","contentUrl":"https:\/\/secure.gravatar.com\/avatar\/e613a4a2ad2bd6413584eec4b8dd51cb549f6f87f7a858de5437c6df45ca1659?s=96&d=mm&r=g","caption":"Redaktion KinderZEIT"},"url":"https:\/\/blog.zeit.de\/kinderzeit\/author\/sandra-valeska-bruhns"}]}},"jetpack_featured_media_url":"","jetpack_sharing_enabled":true,"_links":{"self":[{"href":"https:\/\/blog.zeit.de\/kinderzeit\/wp-json\/wp\/v2\/posts\/12130","targetHints":{"allow":["GET"]}}],"collection":[{"href":"https:\/\/blog.zeit.de\/kinderzeit\/wp-json\/wp\/v2\/posts"}],"about":[{"href":"https:\/\/blog.zeit.de\/kinderzeit\/wp-json\/wp\/v2\/types\/post"}],"author":[{"embeddable":true,"href":"https:\/\/blog.zeit.de\/kinderzeit\/wp-json\/wp\/v2\/users\/217"}],"replies":[{"embeddable":true,"href":"https:\/\/blog.zeit.de\/kinderzeit\/wp-json\/wp\/v2\/comments?post=12130"}],"version-history":[{"count":3,"href":"https:\/\/blog.zeit.de\/kinderzeit\/wp-json\/wp\/v2\/posts\/12130\/revisions"}],"predecessor-version":[{"id":12134,"href":"https:\/\/blog.zeit.de\/kinderzeit\/wp-json\/wp\/v2\/posts\/12130\/revisions\/12134"}],"wp:attachment":[{"href":"https:\/\/blog.zeit.de\/kinderzeit\/wp-json\/wp\/v2\/media?parent=12130"}],"wp:term":[{"taxonomy":"category","embeddable":true,"href":"https:\/\/blog.zeit.de\/kinderzeit\/wp-json\/wp\/v2\/categories?post=12130"},{"taxonomy":"post_tag","embeddable":true,"href":"https:\/\/blog.zeit.de\/kinderzeit\/wp-json\/wp\/v2\/tags?post=12130"}],"curies":[{"name":"wp","href":"https:\/\/api.w.org\/{rel}","templated":true}]}}