{"id":12139,"date":"2012-05-07T00:19:58","date_gmt":"2012-05-06T22:19:58","guid":{"rendered":"http:\/\/blog.zeit.de\/kinderzeit\/?p=12139"},"modified":"2012-05-07T00:19:58","modified_gmt":"2012-05-06T22:19:58","slug":"was-interessiert-uns-wer-in-frankreich-gewahlt-wird","status":"publish","type":"post","link":"https:\/\/blog.zeit.de\/kinderzeit\/2012\/05\/07\/was-interessiert-uns-wer-in-frankreich-gewahlt-wird_12139","title":{"rendered":"Was interessiert uns, wer in Frankreich gew\u00e4hlt wird?"},"content":{"rendered":"<p><figure id=\"attachment_12140\" aria-describedby=\"caption-attachment-12140\" style=\"width: 540px\" class=\"wp-caption alignleft\"><img loading=\"lazy\" decoding=\"async\" class=\"size-large wp-image-12140\" src=\"https:\/\/blog.zeit.de\/kinderzeit\/files\/2012\/05\/Hollande-540x350.jpg\" alt=\"\" width=\"540\" height=\"350\" srcset=\"https:\/\/blog.zeit.de\/kinderzeit\/files\/2012\/05\/Hollande-540x350.jpg 540w, https:\/\/blog.zeit.de\/kinderzeit\/files\/2012\/05\/Hollande-300x194.jpg 300w, https:\/\/blog.zeit.de\/kinderzeit\/files\/2012\/05\/Hollande.jpg 594w\" sizes=\"auto, (max-width: 540px) 100vw, 540px\" \/><figcaption id=\"caption-attachment-12140\" class=\"wp-caption-text\">Francois Hollande, der neue franz\u00f6sische Pr\u00e4sident\/ Getty Images<\/figcaption><\/figure><\/p>\n<p><strong>In Frankreich wurde gestern in einer Stichwahl, bei der es nur zwei Kandidaten gibt, ein neuer Pr\u00e4sident gew\u00e4hlt. Das Ergebnis steht nun fest: Der bisherige Pr\u00e4sident Nicolas Sarkozy muss aus dem Pr\u00e4sidentenpalast ausziehen.<\/strong><\/p>\n<p>Der Mann auf dem Foto, der wie in gl\u00fccklicher Gro\u00dfvater die Arme weit ausbreitet, ist der neue Pr\u00e4sident Frankreichs. Francois Hollande hei\u00dft er. Und das er nun der neue Pr\u00e4sident der Franzosen ist, ist eine echte Sensation f\u00fcr unser Nachbarland. Das letzte Mal, dass ein Kandidat aus der Sozialistischen Partei, zu der auch Hollande geh\u00f6rt, zum Pr\u00e4sidenten gew\u00e4hlt wurde, ist 24 Jahre her. Seitdem regierten immer die B\u00fcrgerlichen, die auch als Konservative bezeichnet werden.<!--more--><\/p>\n<p>Viele Franzosen erhoffen sich von ihrem neuen Pr\u00e4sidenten vor allem mehr Gerechtigkeit. Sie wollen, dass der Staat sich um die Belange aller Franzosen gut k\u00fcmmert und nicht nur an die Interessen der Reichen denkt. Das ist ein Vorwurf, den Nicolas Sarkozy immer wieder h\u00f6ren musste.<\/p>\n<p>Damit alle Kinder die gleichen Chancen haben, will Holland 60.000 neue Lehrer einstellen. Wer ganz wenig Geld verdient, soll f\u00fcr sein Gas, mit dem gekocht und geheizt wird, weniger bezahlen. Dazu sollen manche Franzosen nur noch bis zum 60. Lebensjahr arbeiten und alle, die nur kleine Firmen haben, deutlich weniger Steuern bezahlen m\u00fcssen.<\/p>\n<p>Das klingt alles ganz wunderbar und hat viele Menschen dazu gebracht, Hollande zu w\u00e4hlen. Das Geld f\u00fcr diese vielen Ver\u00e4nderungen will er den besser verdienenden Franzosen durch h\u00f6here Steuern abnehmen. Um f\u00fcr sich Werbung zu machen hat er sogar angek\u00fcndigt, dass er freiwillig auf einen Teil seines Pr\u00e4sidentengehaltes verzichten m\u00f6chte. Wahlversprechen nennt man so etwas. Ob sie gehalten werden k\u00f6nnen, muss sich erst zeigen.<\/p>\n<p>Doch auch wenn die gut verdienenden Franzosen mehr Steuern an die Allgemeinheit abgeben m\u00fcssen, wird das Geld f\u00fcr Hollands Pl\u00e4ne nicht reichen. Deshalb m\u00f6chte er, dass in Europa nicht mehr nur eisern gespart wird, sondern die Staaten wieder mehr Geld haben, um f\u00fcr die Menschen das Leben zu erleichtern.<\/p>\n<p>Das findet unsere Kanzlerin Angela Merkel gar nicht gut. Denn sie war sich mit Sarkozy einig, dass gespart werden muss. Ihr Plan: Wenn die Wirtschaft stark ist, ist auch genug Geld f\u00fcr die Menschen da. Die beiden haben in den letzten Monaten in Europa bestimmt, was gemacht wird. &#8222;Merkozy&#8220; haben manche schon zu dem politischen P\u00e4rchen gesagt.<\/p>\n<p>Nun muss Frau Merkel sich mit Francois Hollande anfreunden. Und in Deutschland aushalten, dass sich die Sozialdemokraten von der SPD schon jetzt durch den Namen der Partei als Freunde von Hollande f\u00fchlen. Denn in Deutschland wird n\u00e4chstes Jahr gew\u00e4hlt. Und da ist es schon jetzt f\u00fcr Politiker wichtig zu zeigen, wer mit wem besonders gut kann und die gleiche Meinung hat.<\/p>\n<p style=\"text-align: right\"><em>Sandra-Valeska Bruhns<\/em><\/p>\n","protected":false},"excerpt":{"rendered":"<p>In Frankreich wurde gestern in einer Stichwahl, bei der es nur zwei Kandidaten gibt, ein neuer Pr\u00e4sident gew\u00e4hlt. Das Ergebnis steht nun fest: Der bisherige Pr\u00e4sident Nicolas Sarkozy muss aus dem Pr\u00e4sidentenpalast ausziehen. Der Mann auf dem Foto, der wie in gl\u00fccklicher Gro\u00dfvater die Arme weit ausbreitet, ist der neue Pr\u00e4sident Frankreichs. Francois Hollande hei\u00dft [&hellip;]<\/p>\n","protected":false},"author":217,"featured_media":0,"comment_status":"open","ping_status":"closed","sticky":false,"template":"","format":"standard","meta":{"_jetpack_memberships_contains_paid_content":false,"footnotes":""},"categories":[12254,187,2531],"tags":[17095,17098,17099,17094,17096,17093,17097],"class_list":["post-12139","post","type-post","status-publish","format-standard","hentry","category-aktuell","category-politik","category-weltweit","tag-francois-holland","tag-franzosische-wahl","tag-franzosischer-prasident","tag-sarkozy-hollande","tag-sozialisten-in-frankreich","tag-wahl-in-frankreich","tag-wahl-in-paris"],"yoast_head":"<!-- This site is optimized with the Yoast SEO plugin v21.0 - https:\/\/yoast.com\/wordpress\/plugins\/seo\/ -->\n<title>Was interessiert uns, wer in Frankreich gew\u00e4hlt wird? - KinderZEIT-Blog<\/title>\n<meta name=\"robots\" content=\"index, follow, max-snippet:-1, max-image-preview:large, max-video-preview:-1\" \/>\n<link rel=\"canonical\" href=\"https:\/\/blog.zeit.de\/kinderzeit\/2012\/05\/07\/was-interessiert-uns-wer-in-frankreich-gewahlt-wird_12139\" \/>\n<meta property=\"og:locale\" content=\"de_DE\" \/>\n<meta property=\"og:type\" content=\"article\" \/>\n<meta property=\"og:title\" content=\"Was interessiert uns, wer in Frankreich gew\u00e4hlt wird? - KinderZEIT-Blog\" \/>\n<meta property=\"og:description\" content=\"In Frankreich wurde gestern in einer Stichwahl, bei der es nur zwei Kandidaten gibt, ein neuer Pr\u00e4sident gew\u00e4hlt. Das Ergebnis steht nun fest: Der bisherige Pr\u00e4sident Nicolas Sarkozy muss aus dem Pr\u00e4sidentenpalast ausziehen. Der Mann auf dem Foto, der wie in gl\u00fccklicher Gro\u00dfvater die Arme weit ausbreitet, ist der neue Pr\u00e4sident Frankreichs. Francois Hollande hei\u00dft [&hellip;]\" \/>\n<meta property=\"og:url\" content=\"https:\/\/blog.zeit.de\/kinderzeit\/2012\/05\/07\/was-interessiert-uns-wer-in-frankreich-gewahlt-wird_12139\" \/>\n<meta property=\"og:site_name\" content=\"KinderZEIT-Blog\" \/>\n<meta property=\"article:published_time\" content=\"2012-05-06T22:19:58+00:00\" \/>\n<meta property=\"og:image\" content=\"https:\/\/blog.zeit.de\/kinderzeit\/files\/2012\/05\/Hollande-540x350.jpg\" \/>\n<meta name=\"author\" content=\"Redaktion KinderZEIT\" \/>\n<meta name=\"twitter:card\" content=\"summary_large_image\" \/>\n<meta name=\"twitter:label1\" content=\"Verfasst von\" \/>\n\t<meta name=\"twitter:data1\" content=\"Redaktion KinderZEIT\" \/>\n\t<meta name=\"twitter:label2\" content=\"Gesch\u00e4tzte Lesezeit\" \/>\n\t<meta name=\"twitter:data2\" content=\"2\u00a0Minuten\" \/>\n<script type=\"application\/ld+json\" class=\"yoast-schema-graph\">{\"@context\":\"https:\/\/schema.org\",\"@graph\":[{\"@type\":\"WebPage\",\"@id\":\"https:\/\/blog.zeit.de\/kinderzeit\/2012\/05\/07\/was-interessiert-uns-wer-in-frankreich-gewahlt-wird_12139\",\"url\":\"https:\/\/blog.zeit.de\/kinderzeit\/2012\/05\/07\/was-interessiert-uns-wer-in-frankreich-gewahlt-wird_12139\",\"name\":\"Was interessiert uns, wer in Frankreich gew\u00e4hlt wird? - KinderZEIT-Blog\",\"isPartOf\":{\"@id\":\"https:\/\/blog.zeit.de\/kinderzeit\/#website\"},\"datePublished\":\"2012-05-06T22:19:58+00:00\",\"dateModified\":\"2012-05-06T22:19:58+00:00\",\"author\":{\"@id\":\"https:\/\/blog.zeit.de\/kinderzeit\/#\/schema\/person\/49470446f328463e8ea80b00b7d5da9c\"},\"breadcrumb\":{\"@id\":\"https:\/\/blog.zeit.de\/kinderzeit\/2012\/05\/07\/was-interessiert-uns-wer-in-frankreich-gewahlt-wird_12139#breadcrumb\"},\"inLanguage\":\"de\",\"potentialAction\":[{\"@type\":\"ReadAction\",\"target\":[\"https:\/\/blog.zeit.de\/kinderzeit\/2012\/05\/07\/was-interessiert-uns-wer-in-frankreich-gewahlt-wird_12139\"]}]},{\"@type\":\"BreadcrumbList\",\"@id\":\"https:\/\/blog.zeit.de\/kinderzeit\/2012\/05\/07\/was-interessiert-uns-wer-in-frankreich-gewahlt-wird_12139#breadcrumb\",\"itemListElement\":[{\"@type\":\"ListItem\",\"position\":1,\"name\":\"Startseite\",\"item\":\"https:\/\/blog.zeit.de\/kinderzeit\"},{\"@type\":\"ListItem\",\"position\":2,\"name\":\"Was interessiert uns, wer in Frankreich gew\u00e4hlt wird?\"}]},{\"@type\":\"WebSite\",\"@id\":\"https:\/\/blog.zeit.de\/kinderzeit\/#website\",\"url\":\"https:\/\/blog.zeit.de\/kinderzeit\/\",\"name\":\"KinderZEIT-Blog\",\"description\":\"Politik, Kultur und R\u00e4tsel f\u00fcr junge Leser\",\"potentialAction\":[{\"@type\":\"SearchAction\",\"target\":{\"@type\":\"EntryPoint\",\"urlTemplate\":\"https:\/\/blog.zeit.de\/kinderzeit\/?s={search_term_string}\"},\"query-input\":\"required name=search_term_string\"}],\"inLanguage\":\"de\"},{\"@type\":\"Person\",\"@id\":\"https:\/\/blog.zeit.de\/kinderzeit\/#\/schema\/person\/49470446f328463e8ea80b00b7d5da9c\",\"name\":\"Redaktion KinderZEIT\",\"image\":{\"@type\":\"ImageObject\",\"inLanguage\":\"de\",\"@id\":\"https:\/\/blog.zeit.de\/kinderzeit\/#\/schema\/person\/image\/\",\"url\":\"https:\/\/secure.gravatar.com\/avatar\/e613a4a2ad2bd6413584eec4b8dd51cb549f6f87f7a858de5437c6df45ca1659?s=96&d=mm&r=g\",\"contentUrl\":\"https:\/\/secure.gravatar.com\/avatar\/e613a4a2ad2bd6413584eec4b8dd51cb549f6f87f7a858de5437c6df45ca1659?s=96&d=mm&r=g\",\"caption\":\"Redaktion KinderZEIT\"},\"url\":\"https:\/\/blog.zeit.de\/kinderzeit\/author\/sandra-valeska-bruhns\"}]}<\/script>\n<!-- \/ Yoast SEO plugin. -->","yoast_head_json":{"title":"Was interessiert uns, wer in Frankreich gew\u00e4hlt wird? - KinderZEIT-Blog","robots":{"index":"index","follow":"follow","max-snippet":"max-snippet:-1","max-image-preview":"max-image-preview:large","max-video-preview":"max-video-preview:-1"},"canonical":"https:\/\/blog.zeit.de\/kinderzeit\/2012\/05\/07\/was-interessiert-uns-wer-in-frankreich-gewahlt-wird_12139","og_locale":"de_DE","og_type":"article","og_title":"Was interessiert uns, wer in Frankreich gew\u00e4hlt wird? - KinderZEIT-Blog","og_description":"In Frankreich wurde gestern in einer Stichwahl, bei der es nur zwei Kandidaten gibt, ein neuer Pr\u00e4sident gew\u00e4hlt. Das Ergebnis steht nun fest: Der bisherige Pr\u00e4sident Nicolas Sarkozy muss aus dem Pr\u00e4sidentenpalast ausziehen. Der Mann auf dem Foto, der wie in gl\u00fccklicher Gro\u00dfvater die Arme weit ausbreitet, ist der neue Pr\u00e4sident Frankreichs. Francois Hollande hei\u00dft [&hellip;]","og_url":"https:\/\/blog.zeit.de\/kinderzeit\/2012\/05\/07\/was-interessiert-uns-wer-in-frankreich-gewahlt-wird_12139","og_site_name":"KinderZEIT-Blog","article_published_time":"2012-05-06T22:19:58+00:00","og_image":[{"url":"https:\/\/blog.zeit.de\/kinderzeit\/files\/2012\/05\/Hollande-540x350.jpg"}],"author":"Redaktion KinderZEIT","twitter_card":"summary_large_image","twitter_misc":{"Verfasst von":"Redaktion KinderZEIT","Gesch\u00e4tzte Lesezeit":"2\u00a0Minuten"},"schema":{"@context":"https:\/\/schema.org","@graph":[{"@type":"WebPage","@id":"https:\/\/blog.zeit.de\/kinderzeit\/2012\/05\/07\/was-interessiert-uns-wer-in-frankreich-gewahlt-wird_12139","url":"https:\/\/blog.zeit.de\/kinderzeit\/2012\/05\/07\/was-interessiert-uns-wer-in-frankreich-gewahlt-wird_12139","name":"Was interessiert uns, wer in Frankreich gew\u00e4hlt wird? - KinderZEIT-Blog","isPartOf":{"@id":"https:\/\/blog.zeit.de\/kinderzeit\/#website"},"datePublished":"2012-05-06T22:19:58+00:00","dateModified":"2012-05-06T22:19:58+00:00","author":{"@id":"https:\/\/blog.zeit.de\/kinderzeit\/#\/schema\/person\/49470446f328463e8ea80b00b7d5da9c"},"breadcrumb":{"@id":"https:\/\/blog.zeit.de\/kinderzeit\/2012\/05\/07\/was-interessiert-uns-wer-in-frankreich-gewahlt-wird_12139#breadcrumb"},"inLanguage":"de","potentialAction":[{"@type":"ReadAction","target":["https:\/\/blog.zeit.de\/kinderzeit\/2012\/05\/07\/was-interessiert-uns-wer-in-frankreich-gewahlt-wird_12139"]}]},{"@type":"BreadcrumbList","@id":"https:\/\/blog.zeit.de\/kinderzeit\/2012\/05\/07\/was-interessiert-uns-wer-in-frankreich-gewahlt-wird_12139#breadcrumb","itemListElement":[{"@type":"ListItem","position":1,"name":"Startseite","item":"https:\/\/blog.zeit.de\/kinderzeit"},{"@type":"ListItem","position":2,"name":"Was interessiert uns, wer in Frankreich gew\u00e4hlt wird?"}]},{"@type":"WebSite","@id":"https:\/\/blog.zeit.de\/kinderzeit\/#website","url":"https:\/\/blog.zeit.de\/kinderzeit\/","name":"KinderZEIT-Blog","description":"Politik, Kultur und R\u00e4tsel f\u00fcr junge Leser","potentialAction":[{"@type":"SearchAction","target":{"@type":"EntryPoint","urlTemplate":"https:\/\/blog.zeit.de\/kinderzeit\/?s={search_term_string}"},"query-input":"required name=search_term_string"}],"inLanguage":"de"},{"@type":"Person","@id":"https:\/\/blog.zeit.de\/kinderzeit\/#\/schema\/person\/49470446f328463e8ea80b00b7d5da9c","name":"Redaktion KinderZEIT","image":{"@type":"ImageObject","inLanguage":"de","@id":"https:\/\/blog.zeit.de\/kinderzeit\/#\/schema\/person\/image\/","url":"https:\/\/secure.gravatar.com\/avatar\/e613a4a2ad2bd6413584eec4b8dd51cb549f6f87f7a858de5437c6df45ca1659?s=96&d=mm&r=g","contentUrl":"https:\/\/secure.gravatar.com\/avatar\/e613a4a2ad2bd6413584eec4b8dd51cb549f6f87f7a858de5437c6df45ca1659?s=96&d=mm&r=g","caption":"Redaktion KinderZEIT"},"url":"https:\/\/blog.zeit.de\/kinderzeit\/author\/sandra-valeska-bruhns"}]}},"jetpack_featured_media_url":"","jetpack_sharing_enabled":true,"_links":{"self":[{"href":"https:\/\/blog.zeit.de\/kinderzeit\/wp-json\/wp\/v2\/posts\/12139","targetHints":{"allow":["GET"]}}],"collection":[{"href":"https:\/\/blog.zeit.de\/kinderzeit\/wp-json\/wp\/v2\/posts"}],"about":[{"href":"https:\/\/blog.zeit.de\/kinderzeit\/wp-json\/wp\/v2\/types\/post"}],"author":[{"embeddable":true,"href":"https:\/\/blog.zeit.de\/kinderzeit\/wp-json\/wp\/v2\/users\/217"}],"replies":[{"embeddable":true,"href":"https:\/\/blog.zeit.de\/kinderzeit\/wp-json\/wp\/v2\/comments?post=12139"}],"version-history":[{"count":1,"href":"https:\/\/blog.zeit.de\/kinderzeit\/wp-json\/wp\/v2\/posts\/12139\/revisions"}],"predecessor-version":[{"id":12141,"href":"https:\/\/blog.zeit.de\/kinderzeit\/wp-json\/wp\/v2\/posts\/12139\/revisions\/12141"}],"wp:attachment":[{"href":"https:\/\/blog.zeit.de\/kinderzeit\/wp-json\/wp\/v2\/media?parent=12139"}],"wp:term":[{"taxonomy":"category","embeddable":true,"href":"https:\/\/blog.zeit.de\/kinderzeit\/wp-json\/wp\/v2\/categories?post=12139"},{"taxonomy":"post_tag","embeddable":true,"href":"https:\/\/blog.zeit.de\/kinderzeit\/wp-json\/wp\/v2\/tags?post=12139"}],"curies":[{"name":"wp","href":"https:\/\/api.w.org\/{rel}","templated":true}]}}