{"id":12143,"date":"2012-05-10T09:00:14","date_gmt":"2012-05-10T07:00:14","guid":{"rendered":"http:\/\/blog.zeit.de\/kinderzeit\/?p=12143"},"modified":"2012-05-09T23:23:49","modified_gmt":"2012-05-09T21:23:49","slug":"buchtipp-im-wilden-wald","status":"publish","type":"post","link":"https:\/\/blog.zeit.de\/kinderzeit\/2012\/05\/10\/buchtipp-im-wilden-wald_12143","title":{"rendered":"Buchtipp: Im wilden Wald"},"content":{"rendered":"<p><figure id=\"attachment_12144\" aria-describedby=\"caption-attachment-12144\" style=\"width: 116px\" class=\"wp-caption alignleft\"><img loading=\"lazy\" decoding=\"async\" src=\"https:\/\/blog.zeit.de\/kinderzeit\/files\/2012\/05\/floretta_ritterkind-9783423760423.jpg\" alt=\"\" width=\"116\" height=\"173\" class=\"size-full wp-image-12144\" \/><figcaption id=\"caption-attachment-12144\" class=\"wp-caption-text\">\u00a9 dtv Junior<\/figcaption><\/figure><\/p>\n<p>Als Kind unter Rittern auf einer Burg aufzuwachsen \u2013 das muss ziemlich aufregend sein. Oder ziemlich langweilig. Das findet jedenfalls Floretta. Sie w\u00fcrde so gern selbst Ritter werden und viele Abenteuer erleben. Doch ihr strenger und besorgter Papa, der Raubritter Oswald, verbietet beides. Floretta darf nicht einmal in den Wald vor der Burg \u2013 viel zu gef\u00e4hrlich! Und Ritter werden darf Floretta schon gar nicht \u2013 das ist nichts f\u00fcr M\u00e4dchen! Da kann nur der wei\u00dfe Hirsch helfen, denkt Floretta. Die Legende sagt, wer das Tier z\u00e4hme, dem w\u00fcrden drei W\u00fcnsche erf\u00fcllt. Also macht sich Floretta auf, den Hirsch zu suchen \u2013 und ger\u00e4t endlich in allerhand Abenteuer&#8230;<!--more--><\/p>\n<p>Matthias Morgenroth<br \/>\n<strong>Floretta Ritterkind<\/strong><br \/>\ndtv Junior 2012<br \/>\n14,95 Euro; ab 6 Jahren<\/p>\n","protected":false},"excerpt":{"rendered":"<p>Als Kind unter Rittern auf einer Burg aufzuwachsen \u2013 das muss ziemlich aufregend sein. Oder ziemlich langweilig. Das findet jedenfalls Floretta. Sie w\u00fcrde so gern selbst Ritter werden und viele Abenteuer erleben. Doch ihr strenger und besorgter Papa, der Raubritter Oswald, verbietet beides. Floretta darf nicht einmal in den Wald vor der Burg \u2013 viel [&hellip;]<\/p>\n","protected":false},"author":217,"featured_media":0,"comment_status":"open","ping_status":"closed","sticky":false,"template":"","format":"standard","meta":{"_jetpack_memberships_contains_paid_content":false,"footnotes":""},"categories":[1157,12265],"tags":[842,17102,17100,17101,2266],"class_list":["post-12143","post","type-post","status-publish","format-standard","hentry","category-buchtipp-hortipp-filmtipp-fernsehtipp","category-was-soll-ich-lesen-2","tag-buchtipp","tag-dtv-junior","tag-floretta-ritterkind","tag-matthias-morgenroth","tag-was-soll-ich-lesen"],"yoast_head":"<!-- This site is optimized with the Yoast SEO plugin v21.0 - https:\/\/yoast.com\/wordpress\/plugins\/seo\/ -->\n<title>Buchtipp: Im wilden Wald - KinderZEIT-Blog<\/title>\n<meta name=\"robots\" content=\"index, follow, max-snippet:-1, max-image-preview:large, max-video-preview:-1\" \/>\n<link rel=\"canonical\" href=\"https:\/\/blog.zeit.de\/kinderzeit\/2012\/05\/10\/buchtipp-im-wilden-wald_12143\" \/>\n<meta property=\"og:locale\" content=\"de_DE\" \/>\n<meta property=\"og:type\" content=\"article\" \/>\n<meta property=\"og:title\" content=\"Buchtipp: Im wilden Wald - KinderZEIT-Blog\" \/>\n<meta property=\"og:description\" content=\"Als Kind unter Rittern auf einer Burg aufzuwachsen \u2013 das muss ziemlich aufregend sein. Oder ziemlich langweilig. Das findet jedenfalls Floretta. Sie w\u00fcrde so gern selbst Ritter werden und viele Abenteuer erleben. Doch ihr strenger und besorgter Papa, der Raubritter Oswald, verbietet beides. Floretta darf nicht einmal in den Wald vor der Burg \u2013 viel [&hellip;]\" \/>\n<meta property=\"og:url\" content=\"https:\/\/blog.zeit.de\/kinderzeit\/2012\/05\/10\/buchtipp-im-wilden-wald_12143\" \/>\n<meta property=\"og:site_name\" content=\"KinderZEIT-Blog\" \/>\n<meta property=\"article:published_time\" content=\"2012-05-10T07:00:14+00:00\" \/>\n<meta property=\"article:modified_time\" content=\"2012-05-09T21:23:49+00:00\" \/>\n<meta property=\"og:image\" content=\"https:\/\/blog.zeit.de\/kinderzeit\/files\/2012\/05\/floretta_ritterkind-9783423760423.jpg\" \/>\n<meta name=\"author\" content=\"Redaktion KinderZEIT\" \/>\n<meta name=\"twitter:card\" content=\"summary_large_image\" \/>\n<meta name=\"twitter:label1\" content=\"Verfasst von\" \/>\n\t<meta name=\"twitter:data1\" content=\"Redaktion KinderZEIT\" \/>\n\t<meta name=\"twitter:label2\" content=\"Gesch\u00e4tzte Lesezeit\" \/>\n\t<meta name=\"twitter:data2\" content=\"1\u00a0Minute\" \/>\n<script type=\"application\/ld+json\" class=\"yoast-schema-graph\">{\"@context\":\"https:\/\/schema.org\",\"@graph\":[{\"@type\":\"WebPage\",\"@id\":\"https:\/\/blog.zeit.de\/kinderzeit\/2012\/05\/10\/buchtipp-im-wilden-wald_12143\",\"url\":\"https:\/\/blog.zeit.de\/kinderzeit\/2012\/05\/10\/buchtipp-im-wilden-wald_12143\",\"name\":\"Buchtipp: Im wilden Wald - KinderZEIT-Blog\",\"isPartOf\":{\"@id\":\"https:\/\/blog.zeit.de\/kinderzeit\/#website\"},\"datePublished\":\"2012-05-10T07:00:14+00:00\",\"dateModified\":\"2012-05-09T21:23:49+00:00\",\"author\":{\"@id\":\"https:\/\/blog.zeit.de\/kinderzeit\/#\/schema\/person\/49470446f328463e8ea80b00b7d5da9c\"},\"breadcrumb\":{\"@id\":\"https:\/\/blog.zeit.de\/kinderzeit\/2012\/05\/10\/buchtipp-im-wilden-wald_12143#breadcrumb\"},\"inLanguage\":\"de\",\"potentialAction\":[{\"@type\":\"ReadAction\",\"target\":[\"https:\/\/blog.zeit.de\/kinderzeit\/2012\/05\/10\/buchtipp-im-wilden-wald_12143\"]}]},{\"@type\":\"BreadcrumbList\",\"@id\":\"https:\/\/blog.zeit.de\/kinderzeit\/2012\/05\/10\/buchtipp-im-wilden-wald_12143#breadcrumb\",\"itemListElement\":[{\"@type\":\"ListItem\",\"position\":1,\"name\":\"Startseite\",\"item\":\"https:\/\/blog.zeit.de\/kinderzeit\"},{\"@type\":\"ListItem\",\"position\":2,\"name\":\"Buchtipp: Im wilden Wald\"}]},{\"@type\":\"WebSite\",\"@id\":\"https:\/\/blog.zeit.de\/kinderzeit\/#website\",\"url\":\"https:\/\/blog.zeit.de\/kinderzeit\/\",\"name\":\"KinderZEIT-Blog\",\"description\":\"Politik, Kultur und R\u00e4tsel f\u00fcr junge Leser\",\"potentialAction\":[{\"@type\":\"SearchAction\",\"target\":{\"@type\":\"EntryPoint\",\"urlTemplate\":\"https:\/\/blog.zeit.de\/kinderzeit\/?s={search_term_string}\"},\"query-input\":\"required name=search_term_string\"}],\"inLanguage\":\"de\"},{\"@type\":\"Person\",\"@id\":\"https:\/\/blog.zeit.de\/kinderzeit\/#\/schema\/person\/49470446f328463e8ea80b00b7d5da9c\",\"name\":\"Redaktion KinderZEIT\",\"image\":{\"@type\":\"ImageObject\",\"inLanguage\":\"de\",\"@id\":\"https:\/\/blog.zeit.de\/kinderzeit\/#\/schema\/person\/image\/\",\"url\":\"https:\/\/secure.gravatar.com\/avatar\/e613a4a2ad2bd6413584eec4b8dd51cb549f6f87f7a858de5437c6df45ca1659?s=96&d=mm&r=g\",\"contentUrl\":\"https:\/\/secure.gravatar.com\/avatar\/e613a4a2ad2bd6413584eec4b8dd51cb549f6f87f7a858de5437c6df45ca1659?s=96&d=mm&r=g\",\"caption\":\"Redaktion KinderZEIT\"},\"url\":\"https:\/\/blog.zeit.de\/kinderzeit\/author\/sandra-valeska-bruhns\"}]}<\/script>\n<!-- \/ Yoast SEO plugin. -->","yoast_head_json":{"title":"Buchtipp: Im wilden Wald - KinderZEIT-Blog","robots":{"index":"index","follow":"follow","max-snippet":"max-snippet:-1","max-image-preview":"max-image-preview:large","max-video-preview":"max-video-preview:-1"},"canonical":"https:\/\/blog.zeit.de\/kinderzeit\/2012\/05\/10\/buchtipp-im-wilden-wald_12143","og_locale":"de_DE","og_type":"article","og_title":"Buchtipp: Im wilden Wald - KinderZEIT-Blog","og_description":"Als Kind unter Rittern auf einer Burg aufzuwachsen \u2013 das muss ziemlich aufregend sein. Oder ziemlich langweilig. Das findet jedenfalls Floretta. Sie w\u00fcrde so gern selbst Ritter werden und viele Abenteuer erleben. Doch ihr strenger und besorgter Papa, der Raubritter Oswald, verbietet beides. Floretta darf nicht einmal in den Wald vor der Burg \u2013 viel [&hellip;]","og_url":"https:\/\/blog.zeit.de\/kinderzeit\/2012\/05\/10\/buchtipp-im-wilden-wald_12143","og_site_name":"KinderZEIT-Blog","article_published_time":"2012-05-10T07:00:14+00:00","article_modified_time":"2012-05-09T21:23:49+00:00","og_image":[{"url":"https:\/\/blog.zeit.de\/kinderzeit\/files\/2012\/05\/floretta_ritterkind-9783423760423.jpg"}],"author":"Redaktion KinderZEIT","twitter_card":"summary_large_image","twitter_misc":{"Verfasst von":"Redaktion KinderZEIT","Gesch\u00e4tzte Lesezeit":"1\u00a0Minute"},"schema":{"@context":"https:\/\/schema.org","@graph":[{"@type":"WebPage","@id":"https:\/\/blog.zeit.de\/kinderzeit\/2012\/05\/10\/buchtipp-im-wilden-wald_12143","url":"https:\/\/blog.zeit.de\/kinderzeit\/2012\/05\/10\/buchtipp-im-wilden-wald_12143","name":"Buchtipp: Im wilden Wald - KinderZEIT-Blog","isPartOf":{"@id":"https:\/\/blog.zeit.de\/kinderzeit\/#website"},"datePublished":"2012-05-10T07:00:14+00:00","dateModified":"2012-05-09T21:23:49+00:00","author":{"@id":"https:\/\/blog.zeit.de\/kinderzeit\/#\/schema\/person\/49470446f328463e8ea80b00b7d5da9c"},"breadcrumb":{"@id":"https:\/\/blog.zeit.de\/kinderzeit\/2012\/05\/10\/buchtipp-im-wilden-wald_12143#breadcrumb"},"inLanguage":"de","potentialAction":[{"@type":"ReadAction","target":["https:\/\/blog.zeit.de\/kinderzeit\/2012\/05\/10\/buchtipp-im-wilden-wald_12143"]}]},{"@type":"BreadcrumbList","@id":"https:\/\/blog.zeit.de\/kinderzeit\/2012\/05\/10\/buchtipp-im-wilden-wald_12143#breadcrumb","itemListElement":[{"@type":"ListItem","position":1,"name":"Startseite","item":"https:\/\/blog.zeit.de\/kinderzeit"},{"@type":"ListItem","position":2,"name":"Buchtipp: Im wilden Wald"}]},{"@type":"WebSite","@id":"https:\/\/blog.zeit.de\/kinderzeit\/#website","url":"https:\/\/blog.zeit.de\/kinderzeit\/","name":"KinderZEIT-Blog","description":"Politik, Kultur und R\u00e4tsel f\u00fcr junge Leser","potentialAction":[{"@type":"SearchAction","target":{"@type":"EntryPoint","urlTemplate":"https:\/\/blog.zeit.de\/kinderzeit\/?s={search_term_string}"},"query-input":"required name=search_term_string"}],"inLanguage":"de"},{"@type":"Person","@id":"https:\/\/blog.zeit.de\/kinderzeit\/#\/schema\/person\/49470446f328463e8ea80b00b7d5da9c","name":"Redaktion KinderZEIT","image":{"@type":"ImageObject","inLanguage":"de","@id":"https:\/\/blog.zeit.de\/kinderzeit\/#\/schema\/person\/image\/","url":"https:\/\/secure.gravatar.com\/avatar\/e613a4a2ad2bd6413584eec4b8dd51cb549f6f87f7a858de5437c6df45ca1659?s=96&d=mm&r=g","contentUrl":"https:\/\/secure.gravatar.com\/avatar\/e613a4a2ad2bd6413584eec4b8dd51cb549f6f87f7a858de5437c6df45ca1659?s=96&d=mm&r=g","caption":"Redaktion KinderZEIT"},"url":"https:\/\/blog.zeit.de\/kinderzeit\/author\/sandra-valeska-bruhns"}]}},"jetpack_featured_media_url":"","jetpack_sharing_enabled":true,"_links":{"self":[{"href":"https:\/\/blog.zeit.de\/kinderzeit\/wp-json\/wp\/v2\/posts\/12143","targetHints":{"allow":["GET"]}}],"collection":[{"href":"https:\/\/blog.zeit.de\/kinderzeit\/wp-json\/wp\/v2\/posts"}],"about":[{"href":"https:\/\/blog.zeit.de\/kinderzeit\/wp-json\/wp\/v2\/types\/post"}],"author":[{"embeddable":true,"href":"https:\/\/blog.zeit.de\/kinderzeit\/wp-json\/wp\/v2\/users\/217"}],"replies":[{"embeddable":true,"href":"https:\/\/blog.zeit.de\/kinderzeit\/wp-json\/wp\/v2\/comments?post=12143"}],"version-history":[{"count":3,"href":"https:\/\/blog.zeit.de\/kinderzeit\/wp-json\/wp\/v2\/posts\/12143\/revisions"}],"predecessor-version":[{"id":12147,"href":"https:\/\/blog.zeit.de\/kinderzeit\/wp-json\/wp\/v2\/posts\/12143\/revisions\/12147"}],"wp:attachment":[{"href":"https:\/\/blog.zeit.de\/kinderzeit\/wp-json\/wp\/v2\/media?parent=12143"}],"wp:term":[{"taxonomy":"category","embeddable":true,"href":"https:\/\/blog.zeit.de\/kinderzeit\/wp-json\/wp\/v2\/categories?post=12143"},{"taxonomy":"post_tag","embeddable":true,"href":"https:\/\/blog.zeit.de\/kinderzeit\/wp-json\/wp\/v2\/tags?post=12143"}],"curies":[{"name":"wp","href":"https:\/\/api.w.org\/{rel}","templated":true}]}}