{"id":12360,"date":"2012-06-20T00:03:18","date_gmt":"2012-06-19T22:03:18","guid":{"rendered":"http:\/\/blog.zeit.de\/kinderzeit\/?p=12360"},"modified":"2012-06-20T09:54:59","modified_gmt":"2012-06-20T07:54:59","slug":"sommerferienlesefutter-der-schatz-auf-pagensand","status":"publish","type":"post","link":"https:\/\/blog.zeit.de\/kinderzeit\/2012\/06\/20\/sommerferienlesefutter-der-schatz-auf-pagensand_12360","title":{"rendered":"Sommerferienlesefutter: Der Schatz auf Pagensand"},"content":{"rendered":"<p><figure id=\"attachment_12361\" aria-describedby=\"caption-attachment-12361\" style=\"width: 163px\" class=\"wp-caption alignleft\"><img loading=\"lazy\" decoding=\"async\" src=\"https:\/\/blog.zeit.de\/kinderzeit\/files\/2012\/06\/der_schatz_auf_pagensand-9783423705936.jpg\" alt=\"\" width=\"163\" height=\"255\" class=\"size-full wp-image-12361\" \/><figcaption id=\"caption-attachment-12361\" class=\"wp-caption-text\">\u00a9 dtv Junior<\/figcaption><\/figure><\/p>\n<p>Ihr kennt die Geschichten von Rennschwein Rudi R\u00fcssel? Die hat sich Autor Uwe Timm ausgedacht. Doch er hat noch viel mehr geschrieben. F\u00fcr die Ferien m\u00f6chten wir Euch ein Buch empfehlen, das nicht nur f\u00fcr alle, die Hamburg und die Elbe lieben, ungeheuer spannend und aufregend ist. Bei der Suche nach dem Schatz des ber\u00fchmten Piratenkapit\u00e4ns St\u00f6rtebeker m\u00fcssen Benno, Georg, Jan und Jutta zur Elbinsel Pagensand segeln: <strong>Der Schatz auf Pagensand<\/strong> soll endlich gefunden werden. <!--more--><\/p>\n<p>Doch erst muss ein alter Jollenkreuzer wieder flott gemacht werden, denn mit der Jolle von Jan, dessen Vater Elblotse ist, k\u00f6nnen nicht vier Personen gleichzeitig segeln. Nach dem Stapellauf m\u00fcssen sie ganz heimlich auslaufen, damit es keiner merkt. Mit dem alten Segelboot erleiden sie aber vor der Insel Schiffbruch und m\u00fcssen v\u00f6llig auf sich allein gestellt um ihr \u00dcberleben k\u00e4mpfen. Und als ob das noch nicht aufregend genug w\u00e4re, kommt noch ein Autrag des K\u00f6nigs von Albanien dazu, au\u00dferdem wird scharf geschossen.<\/p>\n<p>Nat\u00fcrlich ist das Buch nicht mehr neu. Seit Jahrzehnten lesen es Kinder und Jugendliche, viele sogar im Deutschunterricht in der Schule. Aber es ist noch immer spannend. Auch wenn Benno vom Gymnasium zur Volkschule wechseln muss, einer Schulform, die es heute nicht mehr gibt. Komisch bleibt nur, damals wie heute, dass sich die Eltern der vier Schatzsucher so gar keine Gedanken machen, als ihre Kinder seit Tagen verschollen sind.<\/p>\n<p>Uwe Timm<br \/>\n<strong>Der Schatz auf Pagensand<\/strong><br \/>\ndtv junior;<br \/>\nAb 12 Jahren, 5,95 Euro<\/p>\n","protected":false},"excerpt":{"rendered":"<p>Ihr kennt die Geschichten von Rennschwein Rudi R\u00fcssel? Die hat sich Autor Uwe Timm ausgedacht. Doch er hat noch viel mehr geschrieben. F\u00fcr die Ferien m\u00f6chten wir Euch ein Buch empfehlen, das nicht nur f\u00fcr alle, die Hamburg und die Elbe lieben, ungeheuer spannend und aufregend ist. Bei der Suche nach dem Schatz des ber\u00fchmten [&hellip;]<\/p>\n","protected":false},"author":217,"featured_media":0,"comment_status":"open","ping_status":"closed","sticky":false,"template":"","format":"standard","meta":{"_jetpack_memberships_contains_paid_content":false,"footnotes":""},"categories":[1157,12265],"tags":[9922,18874,18880,18876,18878,1329,18881,18877,16914,18883,18882,15467,18886,18875,18879,18843,18884,18873],"class_list":["post-12360","post","type-post","status-publish","format-standard","hentry","category-buchtipp-hortipp-filmtipp-fernsehtipp","category-was-soll-ich-lesen-2","tag-buchtipp-fur-kinder","tag-der-schatz-auf-pagensand","tag-elbe","tag-elbgeschichten-fur-kinder","tag-elbinsel","tag-hamburg","tag-inseln-auf-der-elbe","tag-pagensand","tag-pirat","tag-piratenschatz","tag-schatz-von-stortebeker","tag-schatzsuche","tag-schiffbruch","tag-segelbuch-von-der-elbe","tag-segeln-auf-der-elbe","tag-sommerferienlesefutter","tag-stortebeker","tag-uwe-timm"],"yoast_head":"<!-- This site is optimized with the Yoast SEO plugin v21.0 - https:\/\/yoast.com\/wordpress\/plugins\/seo\/ -->\n<title>Sommerferienlesefutter: Der Schatz auf Pagensand - KinderZEIT-Blog<\/title>\n<meta name=\"robots\" content=\"index, follow, max-snippet:-1, max-image-preview:large, max-video-preview:-1\" \/>\n<link rel=\"canonical\" href=\"https:\/\/blog.zeit.de\/kinderzeit\/2012\/06\/20\/sommerferienlesefutter-der-schatz-auf-pagensand_12360\" \/>\n<meta property=\"og:locale\" content=\"de_DE\" \/>\n<meta property=\"og:type\" content=\"article\" \/>\n<meta property=\"og:title\" content=\"Sommerferienlesefutter: Der Schatz auf Pagensand - KinderZEIT-Blog\" \/>\n<meta property=\"og:description\" content=\"Ihr kennt die Geschichten von Rennschwein Rudi R\u00fcssel? Die hat sich Autor Uwe Timm ausgedacht. Doch er hat noch viel mehr geschrieben. F\u00fcr die Ferien m\u00f6chten wir Euch ein Buch empfehlen, das nicht nur f\u00fcr alle, die Hamburg und die Elbe lieben, ungeheuer spannend und aufregend ist. Bei der Suche nach dem Schatz des ber\u00fchmten [&hellip;]\" \/>\n<meta property=\"og:url\" content=\"https:\/\/blog.zeit.de\/kinderzeit\/2012\/06\/20\/sommerferienlesefutter-der-schatz-auf-pagensand_12360\" \/>\n<meta property=\"og:site_name\" content=\"KinderZEIT-Blog\" \/>\n<meta property=\"article:published_time\" content=\"2012-06-19T22:03:18+00:00\" \/>\n<meta property=\"article:modified_time\" content=\"2012-06-20T07:54:59+00:00\" \/>\n<meta property=\"og:image\" content=\"https:\/\/blog.zeit.de\/kinderzeit\/files\/2012\/06\/der_schatz_auf_pagensand-9783423705936.jpg\" \/>\n<meta name=\"author\" content=\"Redaktion KinderZEIT\" \/>\n<meta name=\"twitter:card\" content=\"summary_large_image\" \/>\n<meta name=\"twitter:label1\" content=\"Verfasst von\" \/>\n\t<meta name=\"twitter:data1\" content=\"Redaktion KinderZEIT\" \/>\n\t<meta name=\"twitter:label2\" content=\"Gesch\u00e4tzte Lesezeit\" \/>\n\t<meta name=\"twitter:data2\" content=\"1\u00a0Minute\" \/>\n<script type=\"application\/ld+json\" class=\"yoast-schema-graph\">{\"@context\":\"https:\/\/schema.org\",\"@graph\":[{\"@type\":\"WebPage\",\"@id\":\"https:\/\/blog.zeit.de\/kinderzeit\/2012\/06\/20\/sommerferienlesefutter-der-schatz-auf-pagensand_12360\",\"url\":\"https:\/\/blog.zeit.de\/kinderzeit\/2012\/06\/20\/sommerferienlesefutter-der-schatz-auf-pagensand_12360\",\"name\":\"Sommerferienlesefutter: Der Schatz auf Pagensand - KinderZEIT-Blog\",\"isPartOf\":{\"@id\":\"https:\/\/blog.zeit.de\/kinderzeit\/#website\"},\"datePublished\":\"2012-06-19T22:03:18+00:00\",\"dateModified\":\"2012-06-20T07:54:59+00:00\",\"author\":{\"@id\":\"https:\/\/blog.zeit.de\/kinderzeit\/#\/schema\/person\/49470446f328463e8ea80b00b7d5da9c\"},\"breadcrumb\":{\"@id\":\"https:\/\/blog.zeit.de\/kinderzeit\/2012\/06\/20\/sommerferienlesefutter-der-schatz-auf-pagensand_12360#breadcrumb\"},\"inLanguage\":\"de\",\"potentialAction\":[{\"@type\":\"ReadAction\",\"target\":[\"https:\/\/blog.zeit.de\/kinderzeit\/2012\/06\/20\/sommerferienlesefutter-der-schatz-auf-pagensand_12360\"]}]},{\"@type\":\"BreadcrumbList\",\"@id\":\"https:\/\/blog.zeit.de\/kinderzeit\/2012\/06\/20\/sommerferienlesefutter-der-schatz-auf-pagensand_12360#breadcrumb\",\"itemListElement\":[{\"@type\":\"ListItem\",\"position\":1,\"name\":\"Startseite\",\"item\":\"https:\/\/blog.zeit.de\/kinderzeit\"},{\"@type\":\"ListItem\",\"position\":2,\"name\":\"Sommerferienlesefutter: Der Schatz auf Pagensand\"}]},{\"@type\":\"WebSite\",\"@id\":\"https:\/\/blog.zeit.de\/kinderzeit\/#website\",\"url\":\"https:\/\/blog.zeit.de\/kinderzeit\/\",\"name\":\"KinderZEIT-Blog\",\"description\":\"Politik, Kultur und R\u00e4tsel f\u00fcr junge Leser\",\"potentialAction\":[{\"@type\":\"SearchAction\",\"target\":{\"@type\":\"EntryPoint\",\"urlTemplate\":\"https:\/\/blog.zeit.de\/kinderzeit\/?s={search_term_string}\"},\"query-input\":\"required name=search_term_string\"}],\"inLanguage\":\"de\"},{\"@type\":\"Person\",\"@id\":\"https:\/\/blog.zeit.de\/kinderzeit\/#\/schema\/person\/49470446f328463e8ea80b00b7d5da9c\",\"name\":\"Redaktion KinderZEIT\",\"image\":{\"@type\":\"ImageObject\",\"inLanguage\":\"de\",\"@id\":\"https:\/\/blog.zeit.de\/kinderzeit\/#\/schema\/person\/image\/\",\"url\":\"https:\/\/secure.gravatar.com\/avatar\/e613a4a2ad2bd6413584eec4b8dd51cb549f6f87f7a858de5437c6df45ca1659?s=96&d=mm&r=g\",\"contentUrl\":\"https:\/\/secure.gravatar.com\/avatar\/e613a4a2ad2bd6413584eec4b8dd51cb549f6f87f7a858de5437c6df45ca1659?s=96&d=mm&r=g\",\"caption\":\"Redaktion KinderZEIT\"},\"url\":\"https:\/\/blog.zeit.de\/kinderzeit\/author\/sandra-valeska-bruhns\"}]}<\/script>\n<!-- \/ Yoast SEO plugin. -->","yoast_head_json":{"title":"Sommerferienlesefutter: Der Schatz auf Pagensand - KinderZEIT-Blog","robots":{"index":"index","follow":"follow","max-snippet":"max-snippet:-1","max-image-preview":"max-image-preview:large","max-video-preview":"max-video-preview:-1"},"canonical":"https:\/\/blog.zeit.de\/kinderzeit\/2012\/06\/20\/sommerferienlesefutter-der-schatz-auf-pagensand_12360","og_locale":"de_DE","og_type":"article","og_title":"Sommerferienlesefutter: Der Schatz auf Pagensand - KinderZEIT-Blog","og_description":"Ihr kennt die Geschichten von Rennschwein Rudi R\u00fcssel? Die hat sich Autor Uwe Timm ausgedacht. Doch er hat noch viel mehr geschrieben. F\u00fcr die Ferien m\u00f6chten wir Euch ein Buch empfehlen, das nicht nur f\u00fcr alle, die Hamburg und die Elbe lieben, ungeheuer spannend und aufregend ist. Bei der Suche nach dem Schatz des ber\u00fchmten [&hellip;]","og_url":"https:\/\/blog.zeit.de\/kinderzeit\/2012\/06\/20\/sommerferienlesefutter-der-schatz-auf-pagensand_12360","og_site_name":"KinderZEIT-Blog","article_published_time":"2012-06-19T22:03:18+00:00","article_modified_time":"2012-06-20T07:54:59+00:00","og_image":[{"url":"https:\/\/blog.zeit.de\/kinderzeit\/files\/2012\/06\/der_schatz_auf_pagensand-9783423705936.jpg"}],"author":"Redaktion KinderZEIT","twitter_card":"summary_large_image","twitter_misc":{"Verfasst von":"Redaktion KinderZEIT","Gesch\u00e4tzte Lesezeit":"1\u00a0Minute"},"schema":{"@context":"https:\/\/schema.org","@graph":[{"@type":"WebPage","@id":"https:\/\/blog.zeit.de\/kinderzeit\/2012\/06\/20\/sommerferienlesefutter-der-schatz-auf-pagensand_12360","url":"https:\/\/blog.zeit.de\/kinderzeit\/2012\/06\/20\/sommerferienlesefutter-der-schatz-auf-pagensand_12360","name":"Sommerferienlesefutter: Der Schatz auf Pagensand - KinderZEIT-Blog","isPartOf":{"@id":"https:\/\/blog.zeit.de\/kinderzeit\/#website"},"datePublished":"2012-06-19T22:03:18+00:00","dateModified":"2012-06-20T07:54:59+00:00","author":{"@id":"https:\/\/blog.zeit.de\/kinderzeit\/#\/schema\/person\/49470446f328463e8ea80b00b7d5da9c"},"breadcrumb":{"@id":"https:\/\/blog.zeit.de\/kinderzeit\/2012\/06\/20\/sommerferienlesefutter-der-schatz-auf-pagensand_12360#breadcrumb"},"inLanguage":"de","potentialAction":[{"@type":"ReadAction","target":["https:\/\/blog.zeit.de\/kinderzeit\/2012\/06\/20\/sommerferienlesefutter-der-schatz-auf-pagensand_12360"]}]},{"@type":"BreadcrumbList","@id":"https:\/\/blog.zeit.de\/kinderzeit\/2012\/06\/20\/sommerferienlesefutter-der-schatz-auf-pagensand_12360#breadcrumb","itemListElement":[{"@type":"ListItem","position":1,"name":"Startseite","item":"https:\/\/blog.zeit.de\/kinderzeit"},{"@type":"ListItem","position":2,"name":"Sommerferienlesefutter: Der Schatz auf Pagensand"}]},{"@type":"WebSite","@id":"https:\/\/blog.zeit.de\/kinderzeit\/#website","url":"https:\/\/blog.zeit.de\/kinderzeit\/","name":"KinderZEIT-Blog","description":"Politik, Kultur und R\u00e4tsel f\u00fcr junge Leser","potentialAction":[{"@type":"SearchAction","target":{"@type":"EntryPoint","urlTemplate":"https:\/\/blog.zeit.de\/kinderzeit\/?s={search_term_string}"},"query-input":"required name=search_term_string"}],"inLanguage":"de"},{"@type":"Person","@id":"https:\/\/blog.zeit.de\/kinderzeit\/#\/schema\/person\/49470446f328463e8ea80b00b7d5da9c","name":"Redaktion KinderZEIT","image":{"@type":"ImageObject","inLanguage":"de","@id":"https:\/\/blog.zeit.de\/kinderzeit\/#\/schema\/person\/image\/","url":"https:\/\/secure.gravatar.com\/avatar\/e613a4a2ad2bd6413584eec4b8dd51cb549f6f87f7a858de5437c6df45ca1659?s=96&d=mm&r=g","contentUrl":"https:\/\/secure.gravatar.com\/avatar\/e613a4a2ad2bd6413584eec4b8dd51cb549f6f87f7a858de5437c6df45ca1659?s=96&d=mm&r=g","caption":"Redaktion KinderZEIT"},"url":"https:\/\/blog.zeit.de\/kinderzeit\/author\/sandra-valeska-bruhns"}]}},"jetpack_featured_media_url":"","jetpack_sharing_enabled":true,"_links":{"self":[{"href":"https:\/\/blog.zeit.de\/kinderzeit\/wp-json\/wp\/v2\/posts\/12360","targetHints":{"allow":["GET"]}}],"collection":[{"href":"https:\/\/blog.zeit.de\/kinderzeit\/wp-json\/wp\/v2\/posts"}],"about":[{"href":"https:\/\/blog.zeit.de\/kinderzeit\/wp-json\/wp\/v2\/types\/post"}],"author":[{"embeddable":true,"href":"https:\/\/blog.zeit.de\/kinderzeit\/wp-json\/wp\/v2\/users\/217"}],"replies":[{"embeddable":true,"href":"https:\/\/blog.zeit.de\/kinderzeit\/wp-json\/wp\/v2\/comments?post=12360"}],"version-history":[{"count":6,"href":"https:\/\/blog.zeit.de\/kinderzeit\/wp-json\/wp\/v2\/posts\/12360\/revisions"}],"predecessor-version":[{"id":12364,"href":"https:\/\/blog.zeit.de\/kinderzeit\/wp-json\/wp\/v2\/posts\/12360\/revisions\/12364"}],"wp:attachment":[{"href":"https:\/\/blog.zeit.de\/kinderzeit\/wp-json\/wp\/v2\/media?parent=12360"}],"wp:term":[{"taxonomy":"category","embeddable":true,"href":"https:\/\/blog.zeit.de\/kinderzeit\/wp-json\/wp\/v2\/categories?post=12360"},{"taxonomy":"post_tag","embeddable":true,"href":"https:\/\/blog.zeit.de\/kinderzeit\/wp-json\/wp\/v2\/tags?post=12360"}],"curies":[{"name":"wp","href":"https:\/\/api.w.org\/{rel}","templated":true}]}}