{"id":12412,"date":"2012-07-24T10:00:41","date_gmt":"2012-07-24T08:00:41","guid":{"rendered":"http:\/\/blog.zeit.de\/kinderzeit\/?p=12412"},"modified":"2012-06-28T16:54:37","modified_gmt":"2012-06-28T14:54:37","slug":"sommerferienlesefutter-madchenzeit-im-dritten-reich","status":"publish","type":"post","link":"https:\/\/blog.zeit.de\/kinderzeit\/2012\/07\/24\/sommerferienlesefutter-madchenzeit-im-dritten-reich_12412","title":{"rendered":"Sommerferienlesefutter: M\u00e4dchenzeit im Dritten Reich"},"content":{"rendered":"<p><figure id=\"attachment_12473\" aria-describedby=\"caption-attachment-12473\" style=\"width: 180px\" class=\"wp-caption alignleft\"><img loading=\"lazy\" decoding=\"async\" src=\"https:\/\/blog.zeit.de\/kinderzeit\/files\/2012\/06\/deutschesMaedel.jpg\" alt=\"\" width=\"180\" height=\"294\" class=\"size-full wp-image-12473\" \/><figcaption id=\"caption-attachment-12473\" class=\"wp-caption-text\">\u00a9 Fischer Schatzinsel<\/figcaption><\/figure><\/p>\n<p>Habt Ihr mal Eure Urgro\u00dfeltern gefragt, wie es war, im Dritten Reich, dem Deutschland Hitlers, gro\u00df zu werden? Oder Eure Gro\u00dfeltern? Ob Euer Urgro\u00dfvater in der Hitlerjugend war? Als Teil des Volkssturms am Ende des Krieges noch k\u00e4mpfen musste? Und Eure Gro\u00dfm\u00fctter: Erz\u00e4hlen sie davon, dass sieoder ihre M\u00fctter  &#8211; wie viele M\u00e4dchen auch &#8211; im Bund Deutscher M\u00e4del (BDM) aktiv waren und bedingungslos daran glaubten, dass Adolf Hitler ein gro\u00dfartiger Mann ist, den man verehren muss? <!--more--><\/p>\n<p>Viele Deutsche waren im Dritten Reich mehr oder weniger einverstanden mit dem, was Hitler und seine Parteigenossen taten und planten. Auch mit den Gesetzen gegen die Juden in der deutschen Bev\u00f6lkerung. Und viele haben ihre Kinder genau in diesem Bewusstsein erzogen, dass Deutsche etwas Besseres sind als andere V\u00f6lker. Das Buch &#8222;Vaters Befehl oder ein deutsches M\u00e4del&#8220; erz\u00e4hlt sehr anschaulich vom Leben der 15-j\u00e4hrigen Paula in M\u00fcnster. Der Vater ist strenger Parteigenosse, seine Kinder selbstverst\u00e4ndlich im BDM und der Hitlerjugend. Und Paula ist ehrgeizig, steigt in der Hierarchie des BDM auf. Ganz zum Stolz des Vaters und der Mutter, die das gesamte Familienleben den Vorstellungen der Nationalsozialisten unterworfen haben.<\/p>\n<p>Paula schw\u00e4rmt f\u00fcr alles was Hitler sagt und plant und ist gro\u00dfe Verfechterin seiner Politik. Dass Schulkameradinnen nicht mehr in die Schule kommen, weil sie J\u00fcdinnen sind, findet sich nicht falsch. Auch als ihre Familie von einem kleinen Haus in eine pr\u00e4chtige Villa umziehen kann, aus der die Vorbesitzer noch nicht einmal ihre M\u00f6bel mitgenommen haben, kommen ihre keine Zweifel. Erst als ihre enge Freundin Mathilda verschwindet,  beginnt sie abseits des Erlaubten nachzudenken. Als sie herausfindet, dass ihr geliebter Vater ma\u00dfgeblich an der Deportation von Juden beteiligt ist, ger\u00e4t ihr Weltbild endg\u00fcltig ins Wanken. Wie kann einer, der zu der eigenen Familie so lieb und f\u00fcrsorglich ist, zu anderen so grausam sein?<\/p>\n<p>Das Buch ist gut, weil es sich so selbstverst\u00e4ndlich und leicht &#8211; vor allem in den ersten Kapiteln  &#8211; liest. Und es beantwortet viele Fragen, die Ihr vielleicht Euren Ur-Gro\u00dfeltern nicht mehr stellen k\u00f6nnt oder auf die Ihr keine Antwort bekommen werdet. Keine leichte Kost f\u00fcr die gro\u00dfen Ferien, aber als wichtiger Teil der deutschen Geschichte sehr lesenswert.<\/p>\n<p>Elisabeth Z\u00f6ller<br \/>\n<strong>Vaters Befehl oder ein deutsches M\u00e4del<\/strong><br \/>\nFischer Schatzinsel<br \/>\n12,99 Euro, ab 12 Jahren<\/p>\n","protected":false},"excerpt":{"rendered":"<p>Habt Ihr mal Eure Urgro\u00dfeltern gefragt, wie es war, im Dritten Reich, dem Deutschland Hitlers, gro\u00df zu werden? Oder Eure Gro\u00dfeltern? Ob Euer Urgro\u00dfvater in der Hitlerjugend war? Als Teil des Volkssturms am Ende des Krieges noch k\u00e4mpfen musste? Und Eure Gro\u00dfm\u00fctter: Erz\u00e4hlen sie davon, dass sieoder ihre M\u00fctter &#8211; wie viele M\u00e4dchen auch &#8211; [&hellip;]<\/p>\n","protected":false},"author":217,"featured_media":0,"comment_status":"open","ping_status":"closed","sticky":false,"template":"","format":"standard","meta":{"_jetpack_memberships_contains_paid_content":false,"footnotes":""},"categories":[1157,1583,12265],"tags":[20990,20995,20992,9100,20991,20993,20994,20989],"class_list":["post-12412","post","type-post","status-publish","format-standard","hentry","category-buchtipp-hortipp-filmtipp-fernsehtipp","category-geschichte","category-was-soll-ich-lesen-2","tag-bdm","tag-dem-fuhrer-treu-ergeben","tag-elisabeth-zoller","tag-fischer-schatzinsel","tag-hitlerjugend","tag-kindheit-im-dritten-reich","tag-munster-im-dritten-reich","tag-vaters-befehl-oder-ein-deutsches-madel"],"yoast_head":"<!-- This site is optimized with the Yoast SEO plugin v21.0 - https:\/\/yoast.com\/wordpress\/plugins\/seo\/ -->\n<title>Sommerferienlesefutter: M\u00e4dchenzeit im Dritten Reich - KinderZEIT-Blog<\/title>\n<meta name=\"robots\" content=\"index, follow, max-snippet:-1, max-image-preview:large, max-video-preview:-1\" \/>\n<link rel=\"canonical\" href=\"https:\/\/blog.zeit.de\/kinderzeit\/2012\/07\/24\/sommerferienlesefutter-madchenzeit-im-dritten-reich_12412\" \/>\n<meta property=\"og:locale\" content=\"de_DE\" \/>\n<meta property=\"og:type\" content=\"article\" \/>\n<meta property=\"og:title\" content=\"Sommerferienlesefutter: M\u00e4dchenzeit im Dritten Reich - KinderZEIT-Blog\" \/>\n<meta property=\"og:description\" content=\"Habt Ihr mal Eure Urgro\u00dfeltern gefragt, wie es war, im Dritten Reich, dem Deutschland Hitlers, gro\u00df zu werden? Oder Eure Gro\u00dfeltern? Ob Euer Urgro\u00dfvater in der Hitlerjugend war? Als Teil des Volkssturms am Ende des Krieges noch k\u00e4mpfen musste? Und Eure Gro\u00dfm\u00fctter: Erz\u00e4hlen sie davon, dass sieoder ihre M\u00fctter &#8211; wie viele M\u00e4dchen auch &#8211; [&hellip;]\" \/>\n<meta property=\"og:url\" content=\"https:\/\/blog.zeit.de\/kinderzeit\/2012\/07\/24\/sommerferienlesefutter-madchenzeit-im-dritten-reich_12412\" \/>\n<meta property=\"og:site_name\" content=\"KinderZEIT-Blog\" \/>\n<meta property=\"article:published_time\" content=\"2012-07-24T08:00:41+00:00\" \/>\n<meta property=\"article:modified_time\" content=\"2012-06-28T14:54:37+00:00\" \/>\n<meta property=\"og:image\" content=\"https:\/\/blog.zeit.de\/kinderzeit\/files\/2012\/06\/deutschesMaedel.jpg\" \/>\n<meta name=\"author\" content=\"Redaktion KinderZEIT\" \/>\n<meta name=\"twitter:card\" content=\"summary_large_image\" \/>\n<meta name=\"twitter:label1\" content=\"Verfasst von\" \/>\n\t<meta name=\"twitter:data1\" content=\"Redaktion KinderZEIT\" \/>\n\t<meta name=\"twitter:label2\" content=\"Gesch\u00e4tzte Lesezeit\" \/>\n\t<meta name=\"twitter:data2\" content=\"2\u00a0Minuten\" \/>\n<script type=\"application\/ld+json\" class=\"yoast-schema-graph\">{\"@context\":\"https:\/\/schema.org\",\"@graph\":[{\"@type\":\"WebPage\",\"@id\":\"https:\/\/blog.zeit.de\/kinderzeit\/2012\/07\/24\/sommerferienlesefutter-madchenzeit-im-dritten-reich_12412\",\"url\":\"https:\/\/blog.zeit.de\/kinderzeit\/2012\/07\/24\/sommerferienlesefutter-madchenzeit-im-dritten-reich_12412\",\"name\":\"Sommerferienlesefutter: M\u00e4dchenzeit im Dritten Reich - KinderZEIT-Blog\",\"isPartOf\":{\"@id\":\"https:\/\/blog.zeit.de\/kinderzeit\/#website\"},\"datePublished\":\"2012-07-24T08:00:41+00:00\",\"dateModified\":\"2012-06-28T14:54:37+00:00\",\"author\":{\"@id\":\"https:\/\/blog.zeit.de\/kinderzeit\/#\/schema\/person\/49470446f328463e8ea80b00b7d5da9c\"},\"breadcrumb\":{\"@id\":\"https:\/\/blog.zeit.de\/kinderzeit\/2012\/07\/24\/sommerferienlesefutter-madchenzeit-im-dritten-reich_12412#breadcrumb\"},\"inLanguage\":\"de\",\"potentialAction\":[{\"@type\":\"ReadAction\",\"target\":[\"https:\/\/blog.zeit.de\/kinderzeit\/2012\/07\/24\/sommerferienlesefutter-madchenzeit-im-dritten-reich_12412\"]}]},{\"@type\":\"BreadcrumbList\",\"@id\":\"https:\/\/blog.zeit.de\/kinderzeit\/2012\/07\/24\/sommerferienlesefutter-madchenzeit-im-dritten-reich_12412#breadcrumb\",\"itemListElement\":[{\"@type\":\"ListItem\",\"position\":1,\"name\":\"Startseite\",\"item\":\"https:\/\/blog.zeit.de\/kinderzeit\"},{\"@type\":\"ListItem\",\"position\":2,\"name\":\"Sommerferienlesefutter: M\u00e4dchenzeit im Dritten Reich\"}]},{\"@type\":\"WebSite\",\"@id\":\"https:\/\/blog.zeit.de\/kinderzeit\/#website\",\"url\":\"https:\/\/blog.zeit.de\/kinderzeit\/\",\"name\":\"KinderZEIT-Blog\",\"description\":\"Politik, Kultur und R\u00e4tsel f\u00fcr junge Leser\",\"potentialAction\":[{\"@type\":\"SearchAction\",\"target\":{\"@type\":\"EntryPoint\",\"urlTemplate\":\"https:\/\/blog.zeit.de\/kinderzeit\/?s={search_term_string}\"},\"query-input\":\"required name=search_term_string\"}],\"inLanguage\":\"de\"},{\"@type\":\"Person\",\"@id\":\"https:\/\/blog.zeit.de\/kinderzeit\/#\/schema\/person\/49470446f328463e8ea80b00b7d5da9c\",\"name\":\"Redaktion KinderZEIT\",\"image\":{\"@type\":\"ImageObject\",\"inLanguage\":\"de\",\"@id\":\"https:\/\/blog.zeit.de\/kinderzeit\/#\/schema\/person\/image\/\",\"url\":\"https:\/\/secure.gravatar.com\/avatar\/e613a4a2ad2bd6413584eec4b8dd51cb549f6f87f7a858de5437c6df45ca1659?s=96&d=mm&r=g\",\"contentUrl\":\"https:\/\/secure.gravatar.com\/avatar\/e613a4a2ad2bd6413584eec4b8dd51cb549f6f87f7a858de5437c6df45ca1659?s=96&d=mm&r=g\",\"caption\":\"Redaktion KinderZEIT\"},\"url\":\"https:\/\/blog.zeit.de\/kinderzeit\/author\/sandra-valeska-bruhns\"}]}<\/script>\n<!-- \/ Yoast SEO plugin. -->","yoast_head_json":{"title":"Sommerferienlesefutter: M\u00e4dchenzeit im Dritten Reich - KinderZEIT-Blog","robots":{"index":"index","follow":"follow","max-snippet":"max-snippet:-1","max-image-preview":"max-image-preview:large","max-video-preview":"max-video-preview:-1"},"canonical":"https:\/\/blog.zeit.de\/kinderzeit\/2012\/07\/24\/sommerferienlesefutter-madchenzeit-im-dritten-reich_12412","og_locale":"de_DE","og_type":"article","og_title":"Sommerferienlesefutter: M\u00e4dchenzeit im Dritten Reich - KinderZEIT-Blog","og_description":"Habt Ihr mal Eure Urgro\u00dfeltern gefragt, wie es war, im Dritten Reich, dem Deutschland Hitlers, gro\u00df zu werden? Oder Eure Gro\u00dfeltern? Ob Euer Urgro\u00dfvater in der Hitlerjugend war? Als Teil des Volkssturms am Ende des Krieges noch k\u00e4mpfen musste? Und Eure Gro\u00dfm\u00fctter: Erz\u00e4hlen sie davon, dass sieoder ihre M\u00fctter &#8211; wie viele M\u00e4dchen auch &#8211; [&hellip;]","og_url":"https:\/\/blog.zeit.de\/kinderzeit\/2012\/07\/24\/sommerferienlesefutter-madchenzeit-im-dritten-reich_12412","og_site_name":"KinderZEIT-Blog","article_published_time":"2012-07-24T08:00:41+00:00","article_modified_time":"2012-06-28T14:54:37+00:00","og_image":[{"url":"https:\/\/blog.zeit.de\/kinderzeit\/files\/2012\/06\/deutschesMaedel.jpg"}],"author":"Redaktion KinderZEIT","twitter_card":"summary_large_image","twitter_misc":{"Verfasst von":"Redaktion KinderZEIT","Gesch\u00e4tzte Lesezeit":"2\u00a0Minuten"},"schema":{"@context":"https:\/\/schema.org","@graph":[{"@type":"WebPage","@id":"https:\/\/blog.zeit.de\/kinderzeit\/2012\/07\/24\/sommerferienlesefutter-madchenzeit-im-dritten-reich_12412","url":"https:\/\/blog.zeit.de\/kinderzeit\/2012\/07\/24\/sommerferienlesefutter-madchenzeit-im-dritten-reich_12412","name":"Sommerferienlesefutter: M\u00e4dchenzeit im Dritten Reich - KinderZEIT-Blog","isPartOf":{"@id":"https:\/\/blog.zeit.de\/kinderzeit\/#website"},"datePublished":"2012-07-24T08:00:41+00:00","dateModified":"2012-06-28T14:54:37+00:00","author":{"@id":"https:\/\/blog.zeit.de\/kinderzeit\/#\/schema\/person\/49470446f328463e8ea80b00b7d5da9c"},"breadcrumb":{"@id":"https:\/\/blog.zeit.de\/kinderzeit\/2012\/07\/24\/sommerferienlesefutter-madchenzeit-im-dritten-reich_12412#breadcrumb"},"inLanguage":"de","potentialAction":[{"@type":"ReadAction","target":["https:\/\/blog.zeit.de\/kinderzeit\/2012\/07\/24\/sommerferienlesefutter-madchenzeit-im-dritten-reich_12412"]}]},{"@type":"BreadcrumbList","@id":"https:\/\/blog.zeit.de\/kinderzeit\/2012\/07\/24\/sommerferienlesefutter-madchenzeit-im-dritten-reich_12412#breadcrumb","itemListElement":[{"@type":"ListItem","position":1,"name":"Startseite","item":"https:\/\/blog.zeit.de\/kinderzeit"},{"@type":"ListItem","position":2,"name":"Sommerferienlesefutter: M\u00e4dchenzeit im Dritten Reich"}]},{"@type":"WebSite","@id":"https:\/\/blog.zeit.de\/kinderzeit\/#website","url":"https:\/\/blog.zeit.de\/kinderzeit\/","name":"KinderZEIT-Blog","description":"Politik, Kultur und R\u00e4tsel f\u00fcr junge Leser","potentialAction":[{"@type":"SearchAction","target":{"@type":"EntryPoint","urlTemplate":"https:\/\/blog.zeit.de\/kinderzeit\/?s={search_term_string}"},"query-input":"required name=search_term_string"}],"inLanguage":"de"},{"@type":"Person","@id":"https:\/\/blog.zeit.de\/kinderzeit\/#\/schema\/person\/49470446f328463e8ea80b00b7d5da9c","name":"Redaktion KinderZEIT","image":{"@type":"ImageObject","inLanguage":"de","@id":"https:\/\/blog.zeit.de\/kinderzeit\/#\/schema\/person\/image\/","url":"https:\/\/secure.gravatar.com\/avatar\/e613a4a2ad2bd6413584eec4b8dd51cb549f6f87f7a858de5437c6df45ca1659?s=96&d=mm&r=g","contentUrl":"https:\/\/secure.gravatar.com\/avatar\/e613a4a2ad2bd6413584eec4b8dd51cb549f6f87f7a858de5437c6df45ca1659?s=96&d=mm&r=g","caption":"Redaktion KinderZEIT"},"url":"https:\/\/blog.zeit.de\/kinderzeit\/author\/sandra-valeska-bruhns"}]}},"jetpack_featured_media_url":"","jetpack_sharing_enabled":true,"_links":{"self":[{"href":"https:\/\/blog.zeit.de\/kinderzeit\/wp-json\/wp\/v2\/posts\/12412","targetHints":{"allow":["GET"]}}],"collection":[{"href":"https:\/\/blog.zeit.de\/kinderzeit\/wp-json\/wp\/v2\/posts"}],"about":[{"href":"https:\/\/blog.zeit.de\/kinderzeit\/wp-json\/wp\/v2\/types\/post"}],"author":[{"embeddable":true,"href":"https:\/\/blog.zeit.de\/kinderzeit\/wp-json\/wp\/v2\/users\/217"}],"replies":[{"embeddable":true,"href":"https:\/\/blog.zeit.de\/kinderzeit\/wp-json\/wp\/v2\/comments?post=12412"}],"version-history":[{"count":6,"href":"https:\/\/blog.zeit.de\/kinderzeit\/wp-json\/wp\/v2\/posts\/12412\/revisions"}],"predecessor-version":[{"id":12476,"href":"https:\/\/blog.zeit.de\/kinderzeit\/wp-json\/wp\/v2\/posts\/12412\/revisions\/12476"}],"wp:attachment":[{"href":"https:\/\/blog.zeit.de\/kinderzeit\/wp-json\/wp\/v2\/media?parent=12412"}],"wp:term":[{"taxonomy":"category","embeddable":true,"href":"https:\/\/blog.zeit.de\/kinderzeit\/wp-json\/wp\/v2\/categories?post=12412"},{"taxonomy":"post_tag","embeddable":true,"href":"https:\/\/blog.zeit.de\/kinderzeit\/wp-json\/wp\/v2\/tags?post=12412"}],"curies":[{"name":"wp","href":"https:\/\/api.w.org\/{rel}","templated":true}]}}