{"id":12414,"date":"2012-07-31T10:00:26","date_gmt":"2012-07-31T08:00:26","guid":{"rendered":"http:\/\/blog.zeit.de\/kinderzeit\/?p=12414"},"modified":"2012-06-29T10:31:35","modified_gmt":"2012-06-29T08:31:35","slug":"sommerferienlesefutter-mehr-vom-jungen-im-gestreiften-pyjama","status":"publish","type":"post","link":"https:\/\/blog.zeit.de\/kinderzeit\/2012\/07\/31\/sommerferienlesefutter-mehr-vom-jungen-im-gestreiften-pyjama_12414","title":{"rendered":"Sommerferienlesefutter: Die Kunst und der Trost des Erz\u00e4hlens"},"content":{"rendered":"<p><figure id=\"attachment_12480\" aria-describedby=\"caption-attachment-12480\" style=\"width: 178px\" class=\"wp-caption alignleft\"><img loading=\"lazy\" decoding=\"async\" src=\"https:\/\/blog.zeit.de\/kinderzeit\/files\/2012\/07\/herzausholz.jpg\" alt=\"\" width=\"178\" height=\"279\" class=\"size-full wp-image-12480\" \/><figcaption id=\"caption-attachment-12480\" class=\"wp-caption-text\">\u00a9 Fischer Verlag<\/figcaption><\/figure><\/p>\n<p>Eines Morgens l\u00e4uft Noah von zu Hause fort. Mit dem Ziel, nie wieder zur\u00fcckzukommen. Obwohl er eigentlich ein ganz toller Kerl ist. Noah geht, weil er vor seiner Angst fliehen m\u00f6chte, die ihm schwer auf der Seele lastet. \u00dcber einen einsamen Waldweg gelangt er zu einem sonderbaren Spielwarengsch\u00e4ft voller Zauber und Magie. Hier lernt der Junge einen sehr alten, ungew\u00f6hnlichen Spielzeugmacher kennen. Der alte Mann hat viel zu erz\u00e4hlen. Noah l\u00e4sst sich von der Geschichte seines Lebens einspinnen.<!--more--><\/p>\n<p>Die Geschichte seines Lebens, an der der alte Mann Noah teilhaben l\u00e4sst, ver\u00e4ndert Noahs Leben und die Art, wie er die Welt, sich und seine Freunde betrachtet. Ein bisschen Philosophie geh\u00f6rt genauso dazu wie kluge Lebensweisheiten, Erfahrung und die gro\u00dfe Gelassenheit, die nur alte Menschen ausstrahlen k\u00f6nnen, die einen Gro\u00dfteil ihres Lebens bereits gelebt haben. Am Ende der Geschichte, wenn sich alle F\u00e4den der Erz\u00e4hlung wieder verkn\u00fcpfen, kehrt Noah \u00fcbrigens wieder nach Hause zur\u00fcck.<\/p>\n<p>Dieses wunderbare Buch wurde von John Boyne geschrieben, der zuvor mit seinem Jugendroman &#8222;Der Junge im gestreiften Pyjama&#8220; weltber\u00fchmt wurde. <\/p>\n<p>John Boyne<br \/>\n<strong>Der Junge mit dem Herz aus Holz<\/strong><br \/>\nFischer Verlag<br \/>\n13,99 Euro, ab 10 Jahren<\/p>\n","protected":false},"excerpt":{"rendered":"<p>Eines Morgens l\u00e4uft Noah von zu Hause fort. Mit dem Ziel, nie wieder zur\u00fcckzukommen. Obwohl er eigentlich ein ganz toller Kerl ist. Noah geht, weil er vor seiner Angst fliehen m\u00f6chte, die ihm schwer auf der Seele lastet. \u00dcber einen einsamen Waldweg gelangt er zu einem sonderbaren Spielwarengsch\u00e4ft voller Zauber und Magie. Hier lernt der [&hellip;]<\/p>\n","protected":false},"author":217,"featured_media":0,"comment_status":"open","ping_status":"closed","sticky":false,"template":"","format":"standard","meta":{"_jetpack_memberships_contains_paid_content":false,"footnotes":""},"categories":[1,1157,12265],"tags":[9922,20997,20996,13000,9882,2673,18843,2266],"class_list":["post-12414","post","type-post","status-publish","format-standard","hentry","category-allgemein","category-buchtipp-hortipp-filmtipp-fernsehtipp","category-was-soll-ich-lesen-2","tag-buchtipp-fur-kinder","tag-der-junge-im-gestreiften-pyjama","tag-der-junge-mit-dem-herz-aus-holz","tag-fischer-verlag","tag-john-boyne","tag-lesetipp-fur-kinder","tag-sommerferienlesefutter","tag-was-soll-ich-lesen"],"yoast_head":"<!-- This site is optimized with the Yoast SEO plugin v21.0 - https:\/\/yoast.com\/wordpress\/plugins\/seo\/ -->\n<title>Sommerferienlesefutter: Die Kunst und der Trost des Erz\u00e4hlens - KinderZEIT-Blog<\/title>\n<meta name=\"robots\" content=\"index, follow, max-snippet:-1, max-image-preview:large, max-video-preview:-1\" \/>\n<link rel=\"canonical\" href=\"https:\/\/blog.zeit.de\/kinderzeit\/2012\/07\/31\/sommerferienlesefutter-mehr-vom-jungen-im-gestreiften-pyjama_12414\" \/>\n<meta property=\"og:locale\" content=\"de_DE\" \/>\n<meta property=\"og:type\" content=\"article\" \/>\n<meta property=\"og:title\" content=\"Sommerferienlesefutter: Die Kunst und der Trost des Erz\u00e4hlens - KinderZEIT-Blog\" \/>\n<meta property=\"og:description\" content=\"Eines Morgens l\u00e4uft Noah von zu Hause fort. Mit dem Ziel, nie wieder zur\u00fcckzukommen. Obwohl er eigentlich ein ganz toller Kerl ist. Noah geht, weil er vor seiner Angst fliehen m\u00f6chte, die ihm schwer auf der Seele lastet. \u00dcber einen einsamen Waldweg gelangt er zu einem sonderbaren Spielwarengsch\u00e4ft voller Zauber und Magie. Hier lernt der [&hellip;]\" \/>\n<meta property=\"og:url\" content=\"https:\/\/blog.zeit.de\/kinderzeit\/2012\/07\/31\/sommerferienlesefutter-mehr-vom-jungen-im-gestreiften-pyjama_12414\" \/>\n<meta property=\"og:site_name\" content=\"KinderZEIT-Blog\" \/>\n<meta property=\"article:published_time\" content=\"2012-07-31T08:00:26+00:00\" \/>\n<meta property=\"article:modified_time\" content=\"2012-06-29T08:31:35+00:00\" \/>\n<meta property=\"og:image\" content=\"https:\/\/blog.zeit.de\/kinderzeit\/files\/2012\/07\/herzausholz.jpg\" \/>\n<meta name=\"author\" content=\"Redaktion KinderZEIT\" \/>\n<meta name=\"twitter:card\" content=\"summary_large_image\" \/>\n<meta name=\"twitter:label1\" content=\"Verfasst von\" \/>\n\t<meta name=\"twitter:data1\" content=\"Redaktion KinderZEIT\" \/>\n\t<meta name=\"twitter:label2\" content=\"Gesch\u00e4tzte Lesezeit\" \/>\n\t<meta name=\"twitter:data2\" content=\"1\u00a0Minute\" \/>\n<script type=\"application\/ld+json\" class=\"yoast-schema-graph\">{\"@context\":\"https:\/\/schema.org\",\"@graph\":[{\"@type\":\"WebPage\",\"@id\":\"https:\/\/blog.zeit.de\/kinderzeit\/2012\/07\/31\/sommerferienlesefutter-mehr-vom-jungen-im-gestreiften-pyjama_12414\",\"url\":\"https:\/\/blog.zeit.de\/kinderzeit\/2012\/07\/31\/sommerferienlesefutter-mehr-vom-jungen-im-gestreiften-pyjama_12414\",\"name\":\"Sommerferienlesefutter: Die Kunst und der Trost des Erz\u00e4hlens - KinderZEIT-Blog\",\"isPartOf\":{\"@id\":\"https:\/\/blog.zeit.de\/kinderzeit\/#website\"},\"datePublished\":\"2012-07-31T08:00:26+00:00\",\"dateModified\":\"2012-06-29T08:31:35+00:00\",\"author\":{\"@id\":\"https:\/\/blog.zeit.de\/kinderzeit\/#\/schema\/person\/49470446f328463e8ea80b00b7d5da9c\"},\"breadcrumb\":{\"@id\":\"https:\/\/blog.zeit.de\/kinderzeit\/2012\/07\/31\/sommerferienlesefutter-mehr-vom-jungen-im-gestreiften-pyjama_12414#breadcrumb\"},\"inLanguage\":\"de\",\"potentialAction\":[{\"@type\":\"ReadAction\",\"target\":[\"https:\/\/blog.zeit.de\/kinderzeit\/2012\/07\/31\/sommerferienlesefutter-mehr-vom-jungen-im-gestreiften-pyjama_12414\"]}]},{\"@type\":\"BreadcrumbList\",\"@id\":\"https:\/\/blog.zeit.de\/kinderzeit\/2012\/07\/31\/sommerferienlesefutter-mehr-vom-jungen-im-gestreiften-pyjama_12414#breadcrumb\",\"itemListElement\":[{\"@type\":\"ListItem\",\"position\":1,\"name\":\"Startseite\",\"item\":\"https:\/\/blog.zeit.de\/kinderzeit\"},{\"@type\":\"ListItem\",\"position\":2,\"name\":\"Sommerferienlesefutter: Die Kunst und der Trost des Erz\u00e4hlens\"}]},{\"@type\":\"WebSite\",\"@id\":\"https:\/\/blog.zeit.de\/kinderzeit\/#website\",\"url\":\"https:\/\/blog.zeit.de\/kinderzeit\/\",\"name\":\"KinderZEIT-Blog\",\"description\":\"Politik, Kultur und R\u00e4tsel f\u00fcr junge Leser\",\"potentialAction\":[{\"@type\":\"SearchAction\",\"target\":{\"@type\":\"EntryPoint\",\"urlTemplate\":\"https:\/\/blog.zeit.de\/kinderzeit\/?s={search_term_string}\"},\"query-input\":\"required name=search_term_string\"}],\"inLanguage\":\"de\"},{\"@type\":\"Person\",\"@id\":\"https:\/\/blog.zeit.de\/kinderzeit\/#\/schema\/person\/49470446f328463e8ea80b00b7d5da9c\",\"name\":\"Redaktion KinderZEIT\",\"image\":{\"@type\":\"ImageObject\",\"inLanguage\":\"de\",\"@id\":\"https:\/\/blog.zeit.de\/kinderzeit\/#\/schema\/person\/image\/\",\"url\":\"https:\/\/secure.gravatar.com\/avatar\/e613a4a2ad2bd6413584eec4b8dd51cb549f6f87f7a858de5437c6df45ca1659?s=96&d=mm&r=g\",\"contentUrl\":\"https:\/\/secure.gravatar.com\/avatar\/e613a4a2ad2bd6413584eec4b8dd51cb549f6f87f7a858de5437c6df45ca1659?s=96&d=mm&r=g\",\"caption\":\"Redaktion KinderZEIT\"},\"url\":\"https:\/\/blog.zeit.de\/kinderzeit\/author\/sandra-valeska-bruhns\"}]}<\/script>\n<!-- \/ Yoast SEO plugin. -->","yoast_head_json":{"title":"Sommerferienlesefutter: Die Kunst und der Trost des Erz\u00e4hlens - KinderZEIT-Blog","robots":{"index":"index","follow":"follow","max-snippet":"max-snippet:-1","max-image-preview":"max-image-preview:large","max-video-preview":"max-video-preview:-1"},"canonical":"https:\/\/blog.zeit.de\/kinderzeit\/2012\/07\/31\/sommerferienlesefutter-mehr-vom-jungen-im-gestreiften-pyjama_12414","og_locale":"de_DE","og_type":"article","og_title":"Sommerferienlesefutter: Die Kunst und der Trost des Erz\u00e4hlens - KinderZEIT-Blog","og_description":"Eines Morgens l\u00e4uft Noah von zu Hause fort. Mit dem Ziel, nie wieder zur\u00fcckzukommen. Obwohl er eigentlich ein ganz toller Kerl ist. Noah geht, weil er vor seiner Angst fliehen m\u00f6chte, die ihm schwer auf der Seele lastet. \u00dcber einen einsamen Waldweg gelangt er zu einem sonderbaren Spielwarengsch\u00e4ft voller Zauber und Magie. Hier lernt der [&hellip;]","og_url":"https:\/\/blog.zeit.de\/kinderzeit\/2012\/07\/31\/sommerferienlesefutter-mehr-vom-jungen-im-gestreiften-pyjama_12414","og_site_name":"KinderZEIT-Blog","article_published_time":"2012-07-31T08:00:26+00:00","article_modified_time":"2012-06-29T08:31:35+00:00","og_image":[{"url":"https:\/\/blog.zeit.de\/kinderzeit\/files\/2012\/07\/herzausholz.jpg"}],"author":"Redaktion KinderZEIT","twitter_card":"summary_large_image","twitter_misc":{"Verfasst von":"Redaktion KinderZEIT","Gesch\u00e4tzte Lesezeit":"1\u00a0Minute"},"schema":{"@context":"https:\/\/schema.org","@graph":[{"@type":"WebPage","@id":"https:\/\/blog.zeit.de\/kinderzeit\/2012\/07\/31\/sommerferienlesefutter-mehr-vom-jungen-im-gestreiften-pyjama_12414","url":"https:\/\/blog.zeit.de\/kinderzeit\/2012\/07\/31\/sommerferienlesefutter-mehr-vom-jungen-im-gestreiften-pyjama_12414","name":"Sommerferienlesefutter: Die Kunst und der Trost des Erz\u00e4hlens - KinderZEIT-Blog","isPartOf":{"@id":"https:\/\/blog.zeit.de\/kinderzeit\/#website"},"datePublished":"2012-07-31T08:00:26+00:00","dateModified":"2012-06-29T08:31:35+00:00","author":{"@id":"https:\/\/blog.zeit.de\/kinderzeit\/#\/schema\/person\/49470446f328463e8ea80b00b7d5da9c"},"breadcrumb":{"@id":"https:\/\/blog.zeit.de\/kinderzeit\/2012\/07\/31\/sommerferienlesefutter-mehr-vom-jungen-im-gestreiften-pyjama_12414#breadcrumb"},"inLanguage":"de","potentialAction":[{"@type":"ReadAction","target":["https:\/\/blog.zeit.de\/kinderzeit\/2012\/07\/31\/sommerferienlesefutter-mehr-vom-jungen-im-gestreiften-pyjama_12414"]}]},{"@type":"BreadcrumbList","@id":"https:\/\/blog.zeit.de\/kinderzeit\/2012\/07\/31\/sommerferienlesefutter-mehr-vom-jungen-im-gestreiften-pyjama_12414#breadcrumb","itemListElement":[{"@type":"ListItem","position":1,"name":"Startseite","item":"https:\/\/blog.zeit.de\/kinderzeit"},{"@type":"ListItem","position":2,"name":"Sommerferienlesefutter: Die Kunst und der Trost des Erz\u00e4hlens"}]},{"@type":"WebSite","@id":"https:\/\/blog.zeit.de\/kinderzeit\/#website","url":"https:\/\/blog.zeit.de\/kinderzeit\/","name":"KinderZEIT-Blog","description":"Politik, Kultur und R\u00e4tsel f\u00fcr junge Leser","potentialAction":[{"@type":"SearchAction","target":{"@type":"EntryPoint","urlTemplate":"https:\/\/blog.zeit.de\/kinderzeit\/?s={search_term_string}"},"query-input":"required name=search_term_string"}],"inLanguage":"de"},{"@type":"Person","@id":"https:\/\/blog.zeit.de\/kinderzeit\/#\/schema\/person\/49470446f328463e8ea80b00b7d5da9c","name":"Redaktion KinderZEIT","image":{"@type":"ImageObject","inLanguage":"de","@id":"https:\/\/blog.zeit.de\/kinderzeit\/#\/schema\/person\/image\/","url":"https:\/\/secure.gravatar.com\/avatar\/e613a4a2ad2bd6413584eec4b8dd51cb549f6f87f7a858de5437c6df45ca1659?s=96&d=mm&r=g","contentUrl":"https:\/\/secure.gravatar.com\/avatar\/e613a4a2ad2bd6413584eec4b8dd51cb549f6f87f7a858de5437c6df45ca1659?s=96&d=mm&r=g","caption":"Redaktion KinderZEIT"},"url":"https:\/\/blog.zeit.de\/kinderzeit\/author\/sandra-valeska-bruhns"}]}},"jetpack_featured_media_url":"","jetpack_sharing_enabled":true,"_links":{"self":[{"href":"https:\/\/blog.zeit.de\/kinderzeit\/wp-json\/wp\/v2\/posts\/12414","targetHints":{"allow":["GET"]}}],"collection":[{"href":"https:\/\/blog.zeit.de\/kinderzeit\/wp-json\/wp\/v2\/posts"}],"about":[{"href":"https:\/\/blog.zeit.de\/kinderzeit\/wp-json\/wp\/v2\/types\/post"}],"author":[{"embeddable":true,"href":"https:\/\/blog.zeit.de\/kinderzeit\/wp-json\/wp\/v2\/users\/217"}],"replies":[{"embeddable":true,"href":"https:\/\/blog.zeit.de\/kinderzeit\/wp-json\/wp\/v2\/comments?post=12414"}],"version-history":[{"count":6,"href":"https:\/\/blog.zeit.de\/kinderzeit\/wp-json\/wp\/v2\/posts\/12414\/revisions"}],"predecessor-version":[{"id":12479,"href":"https:\/\/blog.zeit.de\/kinderzeit\/wp-json\/wp\/v2\/posts\/12414\/revisions\/12479"}],"wp:attachment":[{"href":"https:\/\/blog.zeit.de\/kinderzeit\/wp-json\/wp\/v2\/media?parent=12414"}],"wp:term":[{"taxonomy":"category","embeddable":true,"href":"https:\/\/blog.zeit.de\/kinderzeit\/wp-json\/wp\/v2\/categories?post=12414"},{"taxonomy":"post_tag","embeddable":true,"href":"https:\/\/blog.zeit.de\/kinderzeit\/wp-json\/wp\/v2\/tags?post=12414"}],"curies":[{"name":"wp","href":"https:\/\/api.w.org\/{rel}","templated":true}]}}