{"id":12416,"date":"2012-07-17T10:00:58","date_gmt":"2012-07-17T08:00:58","guid":{"rendered":"http:\/\/blog.zeit.de\/kinderzeit\/?p=12416"},"modified":"2012-06-28T16:20:56","modified_gmt":"2012-06-28T14:20:56","slug":"sommerferienlesefutter-kastner-als-comic","status":"publish","type":"post","link":"https:\/\/blog.zeit.de\/kinderzeit\/2012\/07\/17\/sommerferienlesefutter-kastner-als-comic_12416","title":{"rendered":"Sommerferienlesefutter: K\u00e4stner als Comic"},"content":{"rendered":"<p><figure id=\"attachment_12470\" aria-describedby=\"caption-attachment-12470\" style=\"width: 299px\" class=\"wp-caption alignleft\"><img loading=\"lazy\" decoding=\"async\" src=\"https:\/\/blog.zeit.de\/kinderzeit\/files\/2012\/07\/emil_comic.jpg\" alt=\"\" width=\"299\" height=\"447\" class=\"size-full wp-image-12470\" srcset=\"https:\/\/blog.zeit.de\/kinderzeit\/files\/2012\/07\/emil_comic.jpg 299w, https:\/\/blog.zeit.de\/kinderzeit\/files\/2012\/07\/emil_comic-200x300.jpg 200w\" sizes=\"auto, (max-width: 299px) 100vw, 299px\" \/><figcaption id=\"caption-attachment-12470\" class=\"wp-caption-text\">Einfach nur toll: Emil und die Detektive als Comic\/ Illustration: Isabel Kreitz\/ \u00a9 Dressler Verlag<\/figcaption><\/figure><\/p>\n<p>Ab in den Sommerferien nach Berlin. Cool. Hauptstadt-Flair. Geschichte zum Anfassen. Jede Menge Kultur und Museen. Und Berliner mit der bekannten frechen &#8222;Schnauze&#8220; und dem putzigen Dialekt. So was dachte sich auch Emil Tischbein, als ihn seine Mutter in den Zug nach Berlin setzte. Doch dann wird der arme Emil in der Bahn leergezockt, der Briefumschlag mit dem Geld, das er seiner Oma geben sollte, ist pl\u00f6tzlich weg!<!--more--><\/p>\n<p>So beginnt die Geschichte von Erich K\u00e4stner, von der wohl jeder von Euch schon geh\u00f6rt hat. &#8222;Emil und die Detektive&#8220; ist einer der ganz gro\u00dfen Klassiker der Kinderliteratur. Klarer Fall von &#8222;muss&#8220; man gelesen haben. Nun gibt es die rasante Detektivgeschichte, die im Berlin der 20er Jahre des letzten Jahrhunderts spielt, als l\u00e4ssigen Comic. Zeichnerin Isabel Kreitz hat die Geschichte auf 111 munteren Seiten in tollen Bildern zusammengefasst. Genau richtig als Zuglekt\u00fcre f\u00fcr eine Bahnfahrt nach Berlin. Aber vorsicht, nicht klauen lassen!<\/p>\n<p>Erich K\u00e4stner<br \/>\n<strong>Emil und die Detektive &#8211; als Comic!<\/strong><br \/>\nMit Zeichnungen von Isabel Kreitz<br \/>\nDressler Verlag<br \/>\n17,95 Euro, ab 6 Jahren<\/p>\n","protected":false},"excerpt":{"rendered":"<p>Ab in den Sommerferien nach Berlin. Cool. Hauptstadt-Flair. Geschichte zum Anfassen. Jede Menge Kultur und Museen. Und Berliner mit der bekannten frechen &#8222;Schnauze&#8220; und dem putzigen Dialekt. So was dachte sich auch Emil Tischbein, als ihn seine Mutter in den Zug nach Berlin setzte. Doch dann wird der arme Emil in der Bahn leergezockt, der [&hellip;]<\/p>\n","protected":false},"author":217,"featured_media":0,"comment_status":"open","ping_status":"closed","sticky":false,"template":"","format":"standard","meta":{"_jetpack_memberships_contains_paid_content":false,"footnotes":""},"categories":[1157,391,892,12265],"tags":[20987,273,16917,20983,20984,20981,20985,20982,2400,20988],"class_list":["post-12416","post","type-post","status-publish","format-standard","hentry","category-buchtipp-hortipp-filmtipp-fernsehtipp","category-kinder","category-spielen-basteln-ratseln","category-was-soll-ich-lesen-2","tag-beruhmte-bucher-als-comic","tag-comic","tag-dressler-verlag","tag-emil","tag-emil-als-comic","tag-emil-und-die-detektive","tag-emil-und-die-detektive-als-comic","tag-emil-und-die-drei-fragezeichen","tag-erich-kastner","tag-isabel-kreitz"],"yoast_head":"<!-- This site is optimized with the Yoast SEO plugin v21.0 - https:\/\/yoast.com\/wordpress\/plugins\/seo\/ -->\n<title>Sommerferienlesefutter: K\u00e4stner als Comic - KinderZEIT-Blog<\/title>\n<meta name=\"robots\" content=\"index, follow, max-snippet:-1, max-image-preview:large, max-video-preview:-1\" \/>\n<link rel=\"canonical\" href=\"https:\/\/blog.zeit.de\/kinderzeit\/2012\/07\/17\/sommerferienlesefutter-kastner-als-comic_12416\" \/>\n<meta property=\"og:locale\" content=\"de_DE\" \/>\n<meta property=\"og:type\" content=\"article\" \/>\n<meta property=\"og:title\" content=\"Sommerferienlesefutter: K\u00e4stner als Comic - KinderZEIT-Blog\" \/>\n<meta property=\"og:description\" content=\"Ab in den Sommerferien nach Berlin. Cool. Hauptstadt-Flair. Geschichte zum Anfassen. Jede Menge Kultur und Museen. Und Berliner mit der bekannten frechen &#8222;Schnauze&#8220; und dem putzigen Dialekt. So was dachte sich auch Emil Tischbein, als ihn seine Mutter in den Zug nach Berlin setzte. Doch dann wird der arme Emil in der Bahn leergezockt, der [&hellip;]\" \/>\n<meta property=\"og:url\" content=\"https:\/\/blog.zeit.de\/kinderzeit\/2012\/07\/17\/sommerferienlesefutter-kastner-als-comic_12416\" \/>\n<meta property=\"og:site_name\" content=\"KinderZEIT-Blog\" \/>\n<meta property=\"article:published_time\" content=\"2012-07-17T08:00:58+00:00\" \/>\n<meta property=\"article:modified_time\" content=\"2012-06-28T14:20:56+00:00\" \/>\n<meta property=\"og:image\" content=\"https:\/\/blog.zeit.de\/kinderzeit\/files\/2012\/07\/emil_comic.jpg\" \/>\n<meta name=\"author\" content=\"Redaktion KinderZEIT\" \/>\n<meta name=\"twitter:card\" content=\"summary_large_image\" \/>\n<meta name=\"twitter:label1\" content=\"Verfasst von\" \/>\n\t<meta name=\"twitter:data1\" content=\"Redaktion KinderZEIT\" \/>\n\t<meta name=\"twitter:label2\" content=\"Gesch\u00e4tzte Lesezeit\" \/>\n\t<meta name=\"twitter:data2\" content=\"1\u00a0Minute\" \/>\n<script type=\"application\/ld+json\" class=\"yoast-schema-graph\">{\"@context\":\"https:\/\/schema.org\",\"@graph\":[{\"@type\":\"WebPage\",\"@id\":\"https:\/\/blog.zeit.de\/kinderzeit\/2012\/07\/17\/sommerferienlesefutter-kastner-als-comic_12416\",\"url\":\"https:\/\/blog.zeit.de\/kinderzeit\/2012\/07\/17\/sommerferienlesefutter-kastner-als-comic_12416\",\"name\":\"Sommerferienlesefutter: K\u00e4stner als Comic - KinderZEIT-Blog\",\"isPartOf\":{\"@id\":\"https:\/\/blog.zeit.de\/kinderzeit\/#website\"},\"datePublished\":\"2012-07-17T08:00:58+00:00\",\"dateModified\":\"2012-06-28T14:20:56+00:00\",\"author\":{\"@id\":\"https:\/\/blog.zeit.de\/kinderzeit\/#\/schema\/person\/49470446f328463e8ea80b00b7d5da9c\"},\"breadcrumb\":{\"@id\":\"https:\/\/blog.zeit.de\/kinderzeit\/2012\/07\/17\/sommerferienlesefutter-kastner-als-comic_12416#breadcrumb\"},\"inLanguage\":\"de\",\"potentialAction\":[{\"@type\":\"ReadAction\",\"target\":[\"https:\/\/blog.zeit.de\/kinderzeit\/2012\/07\/17\/sommerferienlesefutter-kastner-als-comic_12416\"]}]},{\"@type\":\"BreadcrumbList\",\"@id\":\"https:\/\/blog.zeit.de\/kinderzeit\/2012\/07\/17\/sommerferienlesefutter-kastner-als-comic_12416#breadcrumb\",\"itemListElement\":[{\"@type\":\"ListItem\",\"position\":1,\"name\":\"Startseite\",\"item\":\"https:\/\/blog.zeit.de\/kinderzeit\"},{\"@type\":\"ListItem\",\"position\":2,\"name\":\"Sommerferienlesefutter: K\u00e4stner als Comic\"}]},{\"@type\":\"WebSite\",\"@id\":\"https:\/\/blog.zeit.de\/kinderzeit\/#website\",\"url\":\"https:\/\/blog.zeit.de\/kinderzeit\/\",\"name\":\"KinderZEIT-Blog\",\"description\":\"Politik, Kultur und R\u00e4tsel f\u00fcr junge Leser\",\"potentialAction\":[{\"@type\":\"SearchAction\",\"target\":{\"@type\":\"EntryPoint\",\"urlTemplate\":\"https:\/\/blog.zeit.de\/kinderzeit\/?s={search_term_string}\"},\"query-input\":\"required name=search_term_string\"}],\"inLanguage\":\"de\"},{\"@type\":\"Person\",\"@id\":\"https:\/\/blog.zeit.de\/kinderzeit\/#\/schema\/person\/49470446f328463e8ea80b00b7d5da9c\",\"name\":\"Redaktion KinderZEIT\",\"image\":{\"@type\":\"ImageObject\",\"inLanguage\":\"de\",\"@id\":\"https:\/\/blog.zeit.de\/kinderzeit\/#\/schema\/person\/image\/\",\"url\":\"https:\/\/secure.gravatar.com\/avatar\/e613a4a2ad2bd6413584eec4b8dd51cb549f6f87f7a858de5437c6df45ca1659?s=96&d=mm&r=g\",\"contentUrl\":\"https:\/\/secure.gravatar.com\/avatar\/e613a4a2ad2bd6413584eec4b8dd51cb549f6f87f7a858de5437c6df45ca1659?s=96&d=mm&r=g\",\"caption\":\"Redaktion KinderZEIT\"},\"url\":\"https:\/\/blog.zeit.de\/kinderzeit\/author\/sandra-valeska-bruhns\"}]}<\/script>\n<!-- \/ Yoast SEO plugin. -->","yoast_head_json":{"title":"Sommerferienlesefutter: K\u00e4stner als Comic - KinderZEIT-Blog","robots":{"index":"index","follow":"follow","max-snippet":"max-snippet:-1","max-image-preview":"max-image-preview:large","max-video-preview":"max-video-preview:-1"},"canonical":"https:\/\/blog.zeit.de\/kinderzeit\/2012\/07\/17\/sommerferienlesefutter-kastner-als-comic_12416","og_locale":"de_DE","og_type":"article","og_title":"Sommerferienlesefutter: K\u00e4stner als Comic - KinderZEIT-Blog","og_description":"Ab in den Sommerferien nach Berlin. Cool. Hauptstadt-Flair. Geschichte zum Anfassen. Jede Menge Kultur und Museen. Und Berliner mit der bekannten frechen &#8222;Schnauze&#8220; und dem putzigen Dialekt. So was dachte sich auch Emil Tischbein, als ihn seine Mutter in den Zug nach Berlin setzte. Doch dann wird der arme Emil in der Bahn leergezockt, der [&hellip;]","og_url":"https:\/\/blog.zeit.de\/kinderzeit\/2012\/07\/17\/sommerferienlesefutter-kastner-als-comic_12416","og_site_name":"KinderZEIT-Blog","article_published_time":"2012-07-17T08:00:58+00:00","article_modified_time":"2012-06-28T14:20:56+00:00","og_image":[{"url":"https:\/\/blog.zeit.de\/kinderzeit\/files\/2012\/07\/emil_comic.jpg"}],"author":"Redaktion KinderZEIT","twitter_card":"summary_large_image","twitter_misc":{"Verfasst von":"Redaktion KinderZEIT","Gesch\u00e4tzte Lesezeit":"1\u00a0Minute"},"schema":{"@context":"https:\/\/schema.org","@graph":[{"@type":"WebPage","@id":"https:\/\/blog.zeit.de\/kinderzeit\/2012\/07\/17\/sommerferienlesefutter-kastner-als-comic_12416","url":"https:\/\/blog.zeit.de\/kinderzeit\/2012\/07\/17\/sommerferienlesefutter-kastner-als-comic_12416","name":"Sommerferienlesefutter: K\u00e4stner als Comic - KinderZEIT-Blog","isPartOf":{"@id":"https:\/\/blog.zeit.de\/kinderzeit\/#website"},"datePublished":"2012-07-17T08:00:58+00:00","dateModified":"2012-06-28T14:20:56+00:00","author":{"@id":"https:\/\/blog.zeit.de\/kinderzeit\/#\/schema\/person\/49470446f328463e8ea80b00b7d5da9c"},"breadcrumb":{"@id":"https:\/\/blog.zeit.de\/kinderzeit\/2012\/07\/17\/sommerferienlesefutter-kastner-als-comic_12416#breadcrumb"},"inLanguage":"de","potentialAction":[{"@type":"ReadAction","target":["https:\/\/blog.zeit.de\/kinderzeit\/2012\/07\/17\/sommerferienlesefutter-kastner-als-comic_12416"]}]},{"@type":"BreadcrumbList","@id":"https:\/\/blog.zeit.de\/kinderzeit\/2012\/07\/17\/sommerferienlesefutter-kastner-als-comic_12416#breadcrumb","itemListElement":[{"@type":"ListItem","position":1,"name":"Startseite","item":"https:\/\/blog.zeit.de\/kinderzeit"},{"@type":"ListItem","position":2,"name":"Sommerferienlesefutter: K\u00e4stner als Comic"}]},{"@type":"WebSite","@id":"https:\/\/blog.zeit.de\/kinderzeit\/#website","url":"https:\/\/blog.zeit.de\/kinderzeit\/","name":"KinderZEIT-Blog","description":"Politik, Kultur und R\u00e4tsel f\u00fcr junge Leser","potentialAction":[{"@type":"SearchAction","target":{"@type":"EntryPoint","urlTemplate":"https:\/\/blog.zeit.de\/kinderzeit\/?s={search_term_string}"},"query-input":"required name=search_term_string"}],"inLanguage":"de"},{"@type":"Person","@id":"https:\/\/blog.zeit.de\/kinderzeit\/#\/schema\/person\/49470446f328463e8ea80b00b7d5da9c","name":"Redaktion KinderZEIT","image":{"@type":"ImageObject","inLanguage":"de","@id":"https:\/\/blog.zeit.de\/kinderzeit\/#\/schema\/person\/image\/","url":"https:\/\/secure.gravatar.com\/avatar\/e613a4a2ad2bd6413584eec4b8dd51cb549f6f87f7a858de5437c6df45ca1659?s=96&d=mm&r=g","contentUrl":"https:\/\/secure.gravatar.com\/avatar\/e613a4a2ad2bd6413584eec4b8dd51cb549f6f87f7a858de5437c6df45ca1659?s=96&d=mm&r=g","caption":"Redaktion KinderZEIT"},"url":"https:\/\/blog.zeit.de\/kinderzeit\/author\/sandra-valeska-bruhns"}]}},"jetpack_featured_media_url":"","jetpack_sharing_enabled":true,"_links":{"self":[{"href":"https:\/\/blog.zeit.de\/kinderzeit\/wp-json\/wp\/v2\/posts\/12416","targetHints":{"allow":["GET"]}}],"collection":[{"href":"https:\/\/blog.zeit.de\/kinderzeit\/wp-json\/wp\/v2\/posts"}],"about":[{"href":"https:\/\/blog.zeit.de\/kinderzeit\/wp-json\/wp\/v2\/types\/post"}],"author":[{"embeddable":true,"href":"https:\/\/blog.zeit.de\/kinderzeit\/wp-json\/wp\/v2\/users\/217"}],"replies":[{"embeddable":true,"href":"https:\/\/blog.zeit.de\/kinderzeit\/wp-json\/wp\/v2\/comments?post=12416"}],"version-history":[{"count":14,"href":"https:\/\/blog.zeit.de\/kinderzeit\/wp-json\/wp\/v2\/posts\/12416\/revisions"}],"predecessor-version":[{"id":12471,"href":"https:\/\/blog.zeit.de\/kinderzeit\/wp-json\/wp\/v2\/posts\/12416\/revisions\/12471"}],"wp:attachment":[{"href":"https:\/\/blog.zeit.de\/kinderzeit\/wp-json\/wp\/v2\/media?parent=12416"}],"wp:term":[{"taxonomy":"category","embeddable":true,"href":"https:\/\/blog.zeit.de\/kinderzeit\/wp-json\/wp\/v2\/categories?post=12416"},{"taxonomy":"post_tag","embeddable":true,"href":"https:\/\/blog.zeit.de\/kinderzeit\/wp-json\/wp\/v2\/tags?post=12416"}],"curies":[{"name":"wp","href":"https:\/\/api.w.org\/{rel}","templated":true}]}}