{"id":12419,"date":"2012-07-03T10:00:36","date_gmt":"2012-07-03T08:00:36","guid":{"rendered":"http:\/\/blog.zeit.de\/kinderzeit\/?p=12419"},"modified":"2012-06-28T11:00:27","modified_gmt":"2012-06-28T09:00:27","slug":"sommerferienlesefutter-wolfskinder","status":"publish","type":"post","link":"https:\/\/blog.zeit.de\/kinderzeit\/2012\/07\/03\/sommerferienlesefutter-wolfskinder_12419","title":{"rendered":"Sommerferienlesefutter: Wolfskinder"},"content":{"rendered":"<p><figure id=\"attachment_12422\" aria-describedby=\"caption-attachment-12422\" style=\"width: 191px\" class=\"wp-caption alignleft\"><a href=\"https:\/\/blog.zeit.de\/kinderzeit\/2012\/07\/03\/sommerferienlesefutter-wolfskinder_12419\/wolfskinder\" rel=\"attachment wp-att-12422\"><img loading=\"lazy\" decoding=\"async\" src=\"https:\/\/blog.zeit.de\/kinderzeit\/files\/2012\/06\/wolfskinder-191x300.jpg\" alt=\"\" width=\"191\" height=\"300\" class=\"size-medium wp-image-12422\" srcset=\"https:\/\/blog.zeit.de\/kinderzeit\/files\/2012\/06\/wolfskinder-191x300.jpg 191w, https:\/\/blog.zeit.de\/kinderzeit\/files\/2012\/06\/wolfskinder-344x540.jpg 344w, https:\/\/blog.zeit.de\/kinderzeit\/files\/2012\/06\/wolfskinder.jpg 399w\" sizes=\"auto, (max-width: 191px) 100vw, 191px\" \/><\/a><figcaption id=\"caption-attachment-12422\" class=\"wp-caption-text\">\u00a9 Carlsen Verlag<\/figcaption><\/figure><\/p>\n<p>Stellt Euch mal vor, es ist Krieg. Eure Wohnungen und H\u00e4user sind zerst\u00f6rt. Eure Eltern verschwunden, verloren gegangen oder umgebracht worden. Alles, was Ihr wisst, ist, dass Ihr nicht da bleiben k\u00f6nnt, wo Ihr jetzt seid.  Es gibt kein zu Hause mehr, Ihr m\u00fcsst fliehen. \u00dcber eine Grenze in ein Land, wo Ihr in Sicherheit seid. Doch den Weg dorthin m\u00fcsst Ihr alleine schaffen. Vielleicht zeigt Euch ein ebenfalls fl\u00fcchtender Erwachsener den Weg, vielleicht gibt Euch jemand zu essen. Aber alles andere m\u00fcsst Ihr alleine schaffen. Zusammen mit ein paar anderen Kindern, die in einer genauso schrecklichen Situation sind wie Ihr.<!--more--><\/p>\n<p>Nach Ende des Zweiten Weltkriegs irrten durch Europa mehrere Tausend Kinder ohne Begleitung eines Erwachsenen durch L\u00e4nder und St\u00e4dte, die vom Krieg zerst\u00f6rt waren. Landesgrenzen verschoben sich, Sprachgrenzen ver\u00e4nderten sich. Weite Teile des Kontinents waren ein Chaos, fast jeder k\u00fcmmerte sich erst einmal um sich selbst und seine Familie. An die elternlosen Kinder dachten nur wenige. &#8222;Wolfskinder&#8220; wurden diese Kinder genannt, die sich oft in kleinen Gruppen zusammen fanden, weil es zusammen leichter ist. Weil es gut tut, nicht ganz allein zu sein. Und weil es hilft, zusammen zu \u00fcberlegen, wo das Ziel der langen Wanderung sein k\u00f6nnte.<\/p>\n<p>Autorin Linde von Keyserlingk, die viele Jahre als Therapeutin gearbeitet und viele Wolfskinder psychologisch betreut hat, hat sich einen Roman \u00fcber eine Gruppe von Wolfskindern ausgedacht. Ambromow, Ismael und zwei lettische M\u00e4dchen mit ihrer Ziege erreichen den Strand der Ostsee und m\u00fcssen von dort aus immer weiter nach Westen. Das Buch ist zuweilen sehr traurig, aber auch spannend. Auf ihrem Zug nach Westen begegnen die Kinder hilfsbereiten Menschen, Menschen, die ihnen das bisschen, was sie noch haben, auch noch wegnehmen und immer wieder anderen Kindern, die ein \u00e4hnliches Schicksal haben wie sie. Zuletzt bilden sie eine Gruppe von acht Kindern, die gemeinsam den Weg nach Westen &#8211; weg von der Roten Armee &#8211; schaffen.<\/p>\n<p>Was den Kindern in Europa 1945 geschah, wiederholt sich heute in Syrien. Nach Sch\u00e4tzungen des <a href=\"http:\/\/www.unhcr.de\/\">UN-Fl\u00fcchtlingswerks<\/a> sind \u00fcber Tausend syrische Kinder, die keine Eltern mehr haben, auf der Flucht und auf der Suche nach einem neuen zu Hause. Viele versuchen bis in den Libanon oder die T\u00fcrkei zu fliehen, in der Hoffnung,  da Hilfe zu finden.<\/p>\n<p>Das Buch &#8222;Sie nannten sie Wolfskinder&#8220; ist keine leichte, fr\u00f6hliche Ferienlekt\u00fcre, sondern macht nachdenklich. Aber nicht nur f\u00fcr alle, die an der Ostsee, in Polen, Lettland oder Litauen Urlaub machen, ein gutes Buch, das ein Bewusstsein daf\u00fcr weckt, was vor fast 70 Jahren in Europa los war.<\/p>\n<p>Linde von Keyserlingk<br \/>\n<strong>Sie nannten sie Wolfskinder<\/strong><br \/>\nCarlsen Verlag, Taschenbuch<br \/>\nab 12 Jahren, 8,20 Euro<\/p>\n","protected":false},"excerpt":{"rendered":"<p>Stellt Euch mal vor, es ist Krieg. Eure Wohnungen und H\u00e4user sind zerst\u00f6rt. Eure Eltern verschwunden, verloren gegangen oder umgebracht worden. Alles, was Ihr wisst, ist, dass Ihr nicht da bleiben k\u00f6nnt, wo Ihr jetzt seid. Es gibt kein zu Hause mehr, Ihr m\u00fcsst fliehen. \u00dcber eine Grenze in ein Land, wo Ihr in Sicherheit [&hellip;]<\/p>\n","protected":false},"author":217,"featured_media":0,"comment_status":"open","ping_status":"closed","sticky":false,"template":"","format":"standard","meta":{"_jetpack_memberships_contains_paid_content":false,"footnotes":""},"categories":[1157,2108,1583,391,12265],"tags":[842,7936,7938,2673,18907,18906,2266,18905],"class_list":["post-12419","post","type-post","status-publish","format-standard","hentry","category-buchtipp-hortipp-filmtipp-fernsehtipp","category-erlebnisse","category-geschichte","category-kinder","category-was-soll-ich-lesen-2","tag-buchtipp","tag-carlsen-verlag","tag-lesetipp","tag-lesetipp-fur-kinder","tag-linde-von-keyserlingk","tag-sie-nannten-sie-wolfskinder","tag-was-soll-ich-lesen","tag-wolfskinder"],"yoast_head":"<!-- This site is optimized with the Yoast SEO plugin v21.0 - https:\/\/yoast.com\/wordpress\/plugins\/seo\/ -->\n<title>Sommerferienlesefutter: Wolfskinder - KinderZEIT-Blog<\/title>\n<meta name=\"robots\" content=\"index, follow, max-snippet:-1, max-image-preview:large, max-video-preview:-1\" \/>\n<link rel=\"canonical\" href=\"https:\/\/blog.zeit.de\/kinderzeit\/2012\/07\/03\/sommerferienlesefutter-wolfskinder_12419\" \/>\n<meta property=\"og:locale\" content=\"de_DE\" \/>\n<meta property=\"og:type\" content=\"article\" \/>\n<meta property=\"og:title\" content=\"Sommerferienlesefutter: Wolfskinder - KinderZEIT-Blog\" \/>\n<meta property=\"og:description\" content=\"Stellt Euch mal vor, es ist Krieg. Eure Wohnungen und H\u00e4user sind zerst\u00f6rt. Eure Eltern verschwunden, verloren gegangen oder umgebracht worden. Alles, was Ihr wisst, ist, dass Ihr nicht da bleiben k\u00f6nnt, wo Ihr jetzt seid. Es gibt kein zu Hause mehr, Ihr m\u00fcsst fliehen. \u00dcber eine Grenze in ein Land, wo Ihr in Sicherheit [&hellip;]\" \/>\n<meta property=\"og:url\" content=\"https:\/\/blog.zeit.de\/kinderzeit\/2012\/07\/03\/sommerferienlesefutter-wolfskinder_12419\" \/>\n<meta property=\"og:site_name\" content=\"KinderZEIT-Blog\" \/>\n<meta property=\"article:published_time\" content=\"2012-07-03T08:00:36+00:00\" \/>\n<meta property=\"article:modified_time\" content=\"2012-06-28T09:00:27+00:00\" \/>\n<meta property=\"og:image\" content=\"https:\/\/blog.zeit.de\/kinderzeit\/files\/2012\/06\/wolfskinder-191x300.jpg\" \/>\n<meta name=\"author\" content=\"Redaktion KinderZEIT\" \/>\n<meta name=\"twitter:card\" content=\"summary_large_image\" \/>\n<meta name=\"twitter:label1\" content=\"Verfasst von\" \/>\n\t<meta name=\"twitter:data1\" content=\"Redaktion KinderZEIT\" \/>\n\t<meta name=\"twitter:label2\" content=\"Gesch\u00e4tzte Lesezeit\" \/>\n\t<meta name=\"twitter:data2\" content=\"2\u00a0Minuten\" \/>\n<script type=\"application\/ld+json\" class=\"yoast-schema-graph\">{\"@context\":\"https:\/\/schema.org\",\"@graph\":[{\"@type\":\"WebPage\",\"@id\":\"https:\/\/blog.zeit.de\/kinderzeit\/2012\/07\/03\/sommerferienlesefutter-wolfskinder_12419\",\"url\":\"https:\/\/blog.zeit.de\/kinderzeit\/2012\/07\/03\/sommerferienlesefutter-wolfskinder_12419\",\"name\":\"Sommerferienlesefutter: Wolfskinder - KinderZEIT-Blog\",\"isPartOf\":{\"@id\":\"https:\/\/blog.zeit.de\/kinderzeit\/#website\"},\"datePublished\":\"2012-07-03T08:00:36+00:00\",\"dateModified\":\"2012-06-28T09:00:27+00:00\",\"author\":{\"@id\":\"https:\/\/blog.zeit.de\/kinderzeit\/#\/schema\/person\/49470446f328463e8ea80b00b7d5da9c\"},\"breadcrumb\":{\"@id\":\"https:\/\/blog.zeit.de\/kinderzeit\/2012\/07\/03\/sommerferienlesefutter-wolfskinder_12419#breadcrumb\"},\"inLanguage\":\"de\",\"potentialAction\":[{\"@type\":\"ReadAction\",\"target\":[\"https:\/\/blog.zeit.de\/kinderzeit\/2012\/07\/03\/sommerferienlesefutter-wolfskinder_12419\"]}]},{\"@type\":\"BreadcrumbList\",\"@id\":\"https:\/\/blog.zeit.de\/kinderzeit\/2012\/07\/03\/sommerferienlesefutter-wolfskinder_12419#breadcrumb\",\"itemListElement\":[{\"@type\":\"ListItem\",\"position\":1,\"name\":\"Startseite\",\"item\":\"https:\/\/blog.zeit.de\/kinderzeit\"},{\"@type\":\"ListItem\",\"position\":2,\"name\":\"Sommerferienlesefutter: Wolfskinder\"}]},{\"@type\":\"WebSite\",\"@id\":\"https:\/\/blog.zeit.de\/kinderzeit\/#website\",\"url\":\"https:\/\/blog.zeit.de\/kinderzeit\/\",\"name\":\"KinderZEIT-Blog\",\"description\":\"Politik, Kultur und R\u00e4tsel f\u00fcr junge Leser\",\"potentialAction\":[{\"@type\":\"SearchAction\",\"target\":{\"@type\":\"EntryPoint\",\"urlTemplate\":\"https:\/\/blog.zeit.de\/kinderzeit\/?s={search_term_string}\"},\"query-input\":\"required name=search_term_string\"}],\"inLanguage\":\"de\"},{\"@type\":\"Person\",\"@id\":\"https:\/\/blog.zeit.de\/kinderzeit\/#\/schema\/person\/49470446f328463e8ea80b00b7d5da9c\",\"name\":\"Redaktion KinderZEIT\",\"image\":{\"@type\":\"ImageObject\",\"inLanguage\":\"de\",\"@id\":\"https:\/\/blog.zeit.de\/kinderzeit\/#\/schema\/person\/image\/\",\"url\":\"https:\/\/secure.gravatar.com\/avatar\/e613a4a2ad2bd6413584eec4b8dd51cb549f6f87f7a858de5437c6df45ca1659?s=96&d=mm&r=g\",\"contentUrl\":\"https:\/\/secure.gravatar.com\/avatar\/e613a4a2ad2bd6413584eec4b8dd51cb549f6f87f7a858de5437c6df45ca1659?s=96&d=mm&r=g\",\"caption\":\"Redaktion KinderZEIT\"},\"url\":\"https:\/\/blog.zeit.de\/kinderzeit\/author\/sandra-valeska-bruhns\"}]}<\/script>\n<!-- \/ Yoast SEO plugin. -->","yoast_head_json":{"title":"Sommerferienlesefutter: Wolfskinder - KinderZEIT-Blog","robots":{"index":"index","follow":"follow","max-snippet":"max-snippet:-1","max-image-preview":"max-image-preview:large","max-video-preview":"max-video-preview:-1"},"canonical":"https:\/\/blog.zeit.de\/kinderzeit\/2012\/07\/03\/sommerferienlesefutter-wolfskinder_12419","og_locale":"de_DE","og_type":"article","og_title":"Sommerferienlesefutter: Wolfskinder - KinderZEIT-Blog","og_description":"Stellt Euch mal vor, es ist Krieg. Eure Wohnungen und H\u00e4user sind zerst\u00f6rt. Eure Eltern verschwunden, verloren gegangen oder umgebracht worden. Alles, was Ihr wisst, ist, dass Ihr nicht da bleiben k\u00f6nnt, wo Ihr jetzt seid. Es gibt kein zu Hause mehr, Ihr m\u00fcsst fliehen. \u00dcber eine Grenze in ein Land, wo Ihr in Sicherheit [&hellip;]","og_url":"https:\/\/blog.zeit.de\/kinderzeit\/2012\/07\/03\/sommerferienlesefutter-wolfskinder_12419","og_site_name":"KinderZEIT-Blog","article_published_time":"2012-07-03T08:00:36+00:00","article_modified_time":"2012-06-28T09:00:27+00:00","og_image":[{"url":"https:\/\/blog.zeit.de\/kinderzeit\/files\/2012\/06\/wolfskinder-191x300.jpg"}],"author":"Redaktion KinderZEIT","twitter_card":"summary_large_image","twitter_misc":{"Verfasst von":"Redaktion KinderZEIT","Gesch\u00e4tzte Lesezeit":"2\u00a0Minuten"},"schema":{"@context":"https:\/\/schema.org","@graph":[{"@type":"WebPage","@id":"https:\/\/blog.zeit.de\/kinderzeit\/2012\/07\/03\/sommerferienlesefutter-wolfskinder_12419","url":"https:\/\/blog.zeit.de\/kinderzeit\/2012\/07\/03\/sommerferienlesefutter-wolfskinder_12419","name":"Sommerferienlesefutter: Wolfskinder - KinderZEIT-Blog","isPartOf":{"@id":"https:\/\/blog.zeit.de\/kinderzeit\/#website"},"datePublished":"2012-07-03T08:00:36+00:00","dateModified":"2012-06-28T09:00:27+00:00","author":{"@id":"https:\/\/blog.zeit.de\/kinderzeit\/#\/schema\/person\/49470446f328463e8ea80b00b7d5da9c"},"breadcrumb":{"@id":"https:\/\/blog.zeit.de\/kinderzeit\/2012\/07\/03\/sommerferienlesefutter-wolfskinder_12419#breadcrumb"},"inLanguage":"de","potentialAction":[{"@type":"ReadAction","target":["https:\/\/blog.zeit.de\/kinderzeit\/2012\/07\/03\/sommerferienlesefutter-wolfskinder_12419"]}]},{"@type":"BreadcrumbList","@id":"https:\/\/blog.zeit.de\/kinderzeit\/2012\/07\/03\/sommerferienlesefutter-wolfskinder_12419#breadcrumb","itemListElement":[{"@type":"ListItem","position":1,"name":"Startseite","item":"https:\/\/blog.zeit.de\/kinderzeit"},{"@type":"ListItem","position":2,"name":"Sommerferienlesefutter: Wolfskinder"}]},{"@type":"WebSite","@id":"https:\/\/blog.zeit.de\/kinderzeit\/#website","url":"https:\/\/blog.zeit.de\/kinderzeit\/","name":"KinderZEIT-Blog","description":"Politik, Kultur und R\u00e4tsel f\u00fcr junge Leser","potentialAction":[{"@type":"SearchAction","target":{"@type":"EntryPoint","urlTemplate":"https:\/\/blog.zeit.de\/kinderzeit\/?s={search_term_string}"},"query-input":"required name=search_term_string"}],"inLanguage":"de"},{"@type":"Person","@id":"https:\/\/blog.zeit.de\/kinderzeit\/#\/schema\/person\/49470446f328463e8ea80b00b7d5da9c","name":"Redaktion KinderZEIT","image":{"@type":"ImageObject","inLanguage":"de","@id":"https:\/\/blog.zeit.de\/kinderzeit\/#\/schema\/person\/image\/","url":"https:\/\/secure.gravatar.com\/avatar\/e613a4a2ad2bd6413584eec4b8dd51cb549f6f87f7a858de5437c6df45ca1659?s=96&d=mm&r=g","contentUrl":"https:\/\/secure.gravatar.com\/avatar\/e613a4a2ad2bd6413584eec4b8dd51cb549f6f87f7a858de5437c6df45ca1659?s=96&d=mm&r=g","caption":"Redaktion KinderZEIT"},"url":"https:\/\/blog.zeit.de\/kinderzeit\/author\/sandra-valeska-bruhns"}]}},"jetpack_featured_media_url":"","jetpack_sharing_enabled":true,"_links":{"self":[{"href":"https:\/\/blog.zeit.de\/kinderzeit\/wp-json\/wp\/v2\/posts\/12419","targetHints":{"allow":["GET"]}}],"collection":[{"href":"https:\/\/blog.zeit.de\/kinderzeit\/wp-json\/wp\/v2\/posts"}],"about":[{"href":"https:\/\/blog.zeit.de\/kinderzeit\/wp-json\/wp\/v2\/types\/post"}],"author":[{"embeddable":true,"href":"https:\/\/blog.zeit.de\/kinderzeit\/wp-json\/wp\/v2\/users\/217"}],"replies":[{"embeddable":true,"href":"https:\/\/blog.zeit.de\/kinderzeit\/wp-json\/wp\/v2\/comments?post=12419"}],"version-history":[{"count":12,"href":"https:\/\/blog.zeit.de\/kinderzeit\/wp-json\/wp\/v2\/posts\/12419\/revisions"}],"predecessor-version":[{"id":12432,"href":"https:\/\/blog.zeit.de\/kinderzeit\/wp-json\/wp\/v2\/posts\/12419\/revisions\/12432"}],"wp:attachment":[{"href":"https:\/\/blog.zeit.de\/kinderzeit\/wp-json\/wp\/v2\/media?parent=12419"}],"wp:term":[{"taxonomy":"category","embeddable":true,"href":"https:\/\/blog.zeit.de\/kinderzeit\/wp-json\/wp\/v2\/categories?post=12419"},{"taxonomy":"post_tag","embeddable":true,"href":"https:\/\/blog.zeit.de\/kinderzeit\/wp-json\/wp\/v2\/tags?post=12419"}],"curies":[{"name":"wp","href":"https:\/\/api.w.org\/{rel}","templated":true}]}}