{"id":12663,"date":"2012-08-23T23:19:58","date_gmt":"2012-08-23T21:19:58","guid":{"rendered":"http:\/\/blog.zeit.de\/kinderzeit\/?p=12663"},"modified":"2012-08-23T23:19:58","modified_gmt":"2012-08-23T21:19:58","slug":"ein-besonderer-prasident","status":"publish","type":"post","link":"https:\/\/blog.zeit.de\/kinderzeit\/2012\/08\/23\/ein-besonderer-prasident_12663","title":{"rendered":"Ein besonderer Pr\u00e4sident"},"content":{"rendered":"<p><figure id=\"attachment_12664\" aria-describedby=\"caption-attachment-12664\" style=\"width: 540px\" class=\"wp-caption alignleft\"><img loading=\"lazy\" decoding=\"async\" src=\"https:\/\/blog.zeit.de\/kinderzeit\/files\/2012\/08\/obama-540x415.jpg\" alt=\"\" width=\"540\" height=\"415\" class=\"size-large wp-image-12664\" srcset=\"https:\/\/blog.zeit.de\/kinderzeit\/files\/2012\/08\/obama-540x415.jpg 540w, https:\/\/blog.zeit.de\/kinderzeit\/files\/2012\/08\/obama-300x231.jpg 300w, https:\/\/blog.zeit.de\/kinderzeit\/files\/2012\/08\/obama.jpg 644w\" sizes=\"auto, (max-width: 540px) 100vw, 540px\" \/><figcaption id=\"caption-attachment-12664\" class=\"wp-caption-text\">Ein Junge wollte wissen, wie sich Obamas Haare anf\u00fchlen. Er solle sie doch einfach anfassen, sagte der Pr\u00e4sident \/\u00a9 The New York Times<\/figcaption><\/figure><\/p>\n<p><strong>Barack Obama ist anders als alle amerikanischen Staatschefs vor ihm, denn er hat dunkle Haut. Jetzt m\u00f6chte er wiedergew\u00e4hlt werden<\/strong><\/p>\n<p><em>Von Catriona McLaughlin<\/em><\/p>\n<p>Was ist denn das? Wieso verbeugt sich Barack Obama, der Pr\u00e4sident der USA, vor einem kleinen Jungen? Ein Foto aus dem Jahr 2009 zeigt, dass genau das passiert ist. Und die Geschichte hinter dem Foto geht so: Der Junge hei\u00dft Jacob, und sein Vater hatte im Wei\u00dfen Haus, also dem Dienstort des Pr\u00e4sidenten, gearbeitet. Zu seiner Verabschiedung w\u00fcnschte der Vater sich ein Familienfoto mit Barack Obama. Als sie so zusammenstanden, nutzte der kleine Jacob die Gelegenheit und fragte den Pr\u00e4sidenten, was er ihn schon immer fragen wollte: ob sich Obamas Haare genauso anf\u00fchlten wie seine eigenen. Der Pr\u00e4sident beugte sich zu Jacob herab und sagte: \u00bbFass sie an, Mann.\u00ab<!--more--><\/p>\n<p>Der Fotograf dr\u00fcckte genau in diesem Moment auf den Ausl\u00f6ser. Seitdem ist das Foto in Amerika ein Symbol f\u00fcr das, was an Barack Obama anders ist als an allen Pr\u00e4sidenten vor ihm. Obama hat krause Haare, weil er schwarz ist. Er ist der erste Pr\u00e4sident der USA, der dunkle Haut hat.<\/p>\n<p>Dass Barack Obama 2008 gew\u00e4hlt wurde, lie\u00df viele Schwarze in den USA jubeln \u2013 und hoffen. F\u00fcr sie bedeutete es, dass auch schwarze Amerikaner inzwischen alles erreichen k\u00f6nnen. Klar, warum auch nicht, denkst Du vielleicht: Warum sollte ein Schwarzer nicht ein genauso guter Pr\u00e4sident sein k\u00f6nnen wie ein wei\u00dfer? Um zu verstehen, warum Obamas Wahl so wichtig war, muss man eine kleine Zeitreise in die Vergangenheit unternehmen.<\/p>\n<p>Vor fast 400 Jahren wurden die ersten Schwarzen als Sklaven aus Afrika nach Nordamerika verschleppt. Sie mussten dann zum Beispiel auf Farmen von reichen Wei\u00dfen schuften, ihre wei\u00dfen \u00bbHerren\u00ab behandelten sie fast wie Tiere. Die Vorfahren von Barack Obamas Frau Michelle waren auch Sklaven.<\/p>\n<p>Die Menschen in den USA einigten sich sp\u00e4ter eigentlich in ihrer Verfassung darauf, dass alle B\u00fcrger gleich viel wert sind und die gleichen Rechte haben, doch Schwarze galten lange Zeit eben nicht als B\u00fcrger. Die Sklaverei wurde erst vor rund 150 Jahren verboten, und bis 1954 durften Schwarze nicht die gleichen Schulen besuchen wie Wei\u00dfe. Inzwischen haben auch die Schwarzen alle B\u00fcrgerrechte, doch das hei\u00dft immer noch nicht, dass sie auch genau die gleichen M\u00f6glichkeiten haben: Sie wohnen oft in \u00e4rmeren Stadtvierteln und haben sp\u00e4ter h\u00e4ufiger keine Arbeit als Wei\u00dfe. Schwarze sind insgesamt \u00e4rmer als Wei\u00dfe in Amerika.<\/p>\n<p>Und es gibt noch immer Menschen, die glauben, dass Schwarze weniger wert sind als andere. Sie erz\u00e4hlen absurde Dinge, zum Beispiel dass Schwarze gef\u00e4hrlich und gewaltt\u00e4tig sind. Wegen solcher Vorurteile geschehen manchmal schreckliche Dinge. Im Februar starb in den USA ein 17-j\u00e4hriger schwarzer Junge. Er hie\u00df Trayvon und trug einen Kapuzenpullover. Trayvon starb wegen seines Aussehens. Ein Mann erschoss ihn, weil er offenbar dachte: Ein schwarzer Jugendlicher mit Kapuzenpulli muss ein Gangster sein. Als die Tat bekannt wurde, konnten es viele Menschen in den USA und auch \u00fcberall auf der Welt nicht fassen. Auch Pr\u00e4sident Barack Obama war ersch\u00fcttert und sagte: \u00bbWenn ich einen Sohn h\u00e4tte, w\u00fcrde er aussehen wie Trayvon.\u00ab<\/p>\n<p>Als Barack Obama 2008 Pr\u00e4sident wurde, hatten viele Schwarze gehofft, dass sie durch ihn bald bessere Chancen haben w\u00fcrden. Fast alle Schwarzen, die vor vier Jahren zur Wahl gingen, stimmten f\u00fcr Obama. Zwei Millionen Schwarze, die noch nie vorher gew\u00e4hlt hatten, taten es seinetwegen zum ersten Mal.<\/p>\n<p>Und wie ist es nun nach fast vier Jahren? Hat Obama die Erwartungen erf\u00fcllen k\u00f6nnen? Wenn man an die Geschichte des erschossenen Jungen denkt, m\u00f6chte man antworten: Nein, er hat es wohl nicht geschafft. In Umfragen kommt heraus, dass es immer noch viele Vorurteile gegen\u00fcber Schwarzen gibt, Schwarze sind auch immer noch \u00e4rmer als Wei\u00dfe. Und trotzdem finden es auch heute fast alle Schwarzen gut, dass endlich jemand mit dunkler Haut die Vereinigten Staaten regiert. Die meisten hatten sowieso nicht gedacht, dass Obama innerhalb von vier Jahren alles wiedergutmachen kann, was in 400 Jahren schiefgelaufen ist.<\/p>\n<p>Ob er es weiter versuchen darf, das entscheiden die B\u00fcrger der USA in drei Monaten. Am 6. November sind die Wahlen, bei denen Obama zum zweiten Mal gew\u00e4hlt werden k\u00f6nnte.<\/p>\n<p><strong>Wahl in den USA<\/strong><br \/>\nDie Vereinigten Staaten von Amerika, kurz USA, sind ein riesiges Land mit gut 300 Millionen Einwohnern. Viele sagen, Amerika ist eine \u00bbSupermacht\u00ab \u2013 das bedeutet, dass eine Entscheidung, die der Pr\u00e4sident der USA trifft, f\u00fcr alle anderen Staaten der Welt auch wichtig ist. Deshalb wird die Pr\u00e4sidentenwahl genau beobachtet. Die Wahl wird zwischen den Kandidaten der beiden gr\u00f6\u00dften Parteien entschieden, der Demokraten und der Republikaner. Gegen Barack Obama von den Demokraten tritt der Republikaner Mitt Romney an.<\/p>\n","protected":false},"excerpt":{"rendered":"<p>Barack Obama ist anders als alle amerikanischen Staatschefs vor ihm, denn er hat dunkle Haut. Jetzt m\u00f6chte er wiedergew\u00e4hlt werden Von Catriona McLaughlin Was ist denn das? Wieso verbeugt sich Barack Obama, der Pr\u00e4sident der USA, vor einem kleinen Jungen? Ein Foto aus dem Jahr 2009 zeigt, dass genau das passiert ist. Und die Geschichte [&hellip;]<\/p>\n","protected":false},"author":217,"featured_media":0,"comment_status":"open","ping_status":"closed","sticky":false,"template":"","format":"standard","meta":{"_jetpack_memberships_contains_paid_content":false,"footnotes":""},"categories":[12254,187,2531],"tags":[21561,9006,9012,21062,21064,93,21066,2290,21061,21067,21560,125,21060,21562,21065,9013,21063],"class_list":["post-12663","post","type-post","status-publish","format-standard","hentry","category-aktuell","category-politik","category-weltweit","tag-6-november-2012","tag-barack-obama","tag-demokraten","tag-erster-farbiger-prasident-der-usa","tag-michelle-obama","tag-obama","tag-regierung-usa","tag-republikaner","tag-romney","tag-supermacht-usa","tag-tea-party","tag-usa","tag-wahlen-in-den-usa","tag-wahlen-usa","tag-washigton","tag-weises-haus","tag-wiederwahl-obama"],"yoast_head":"<!-- This site is optimized with the Yoast SEO plugin v21.0 - https:\/\/yoast.com\/wordpress\/plugins\/seo\/ -->\n<title>Ein besonderer Pr\u00e4sident - KinderZEIT-Blog<\/title>\n<meta name=\"robots\" content=\"index, follow, max-snippet:-1, max-image-preview:large, max-video-preview:-1\" \/>\n<link rel=\"canonical\" href=\"https:\/\/blog.zeit.de\/kinderzeit\/2012\/08\/23\/ein-besonderer-prasident_12663\" \/>\n<meta property=\"og:locale\" content=\"de_DE\" \/>\n<meta property=\"og:type\" content=\"article\" \/>\n<meta property=\"og:title\" content=\"Ein besonderer Pr\u00e4sident - KinderZEIT-Blog\" \/>\n<meta property=\"og:description\" content=\"Barack Obama ist anders als alle amerikanischen Staatschefs vor ihm, denn er hat dunkle Haut. Jetzt m\u00f6chte er wiedergew\u00e4hlt werden Von Catriona McLaughlin Was ist denn das? Wieso verbeugt sich Barack Obama, der Pr\u00e4sident der USA, vor einem kleinen Jungen? Ein Foto aus dem Jahr 2009 zeigt, dass genau das passiert ist. Und die Geschichte [&hellip;]\" \/>\n<meta property=\"og:url\" content=\"https:\/\/blog.zeit.de\/kinderzeit\/2012\/08\/23\/ein-besonderer-prasident_12663\" \/>\n<meta property=\"og:site_name\" content=\"KinderZEIT-Blog\" \/>\n<meta property=\"article:published_time\" content=\"2012-08-23T21:19:58+00:00\" \/>\n<meta property=\"og:image\" content=\"https:\/\/blog.zeit.de\/kinderzeit\/files\/2012\/08\/obama-540x415.jpg\" \/>\n<meta name=\"author\" content=\"Redaktion KinderZEIT\" \/>\n<meta name=\"twitter:card\" content=\"summary_large_image\" \/>\n<meta name=\"twitter:label1\" content=\"Verfasst von\" \/>\n\t<meta name=\"twitter:data1\" content=\"Redaktion KinderZEIT\" \/>\n\t<meta name=\"twitter:label2\" content=\"Gesch\u00e4tzte Lesezeit\" \/>\n\t<meta name=\"twitter:data2\" content=\"4\u00a0Minuten\" \/>\n<script type=\"application\/ld+json\" class=\"yoast-schema-graph\">{\"@context\":\"https:\/\/schema.org\",\"@graph\":[{\"@type\":\"WebPage\",\"@id\":\"https:\/\/blog.zeit.de\/kinderzeit\/2012\/08\/23\/ein-besonderer-prasident_12663\",\"url\":\"https:\/\/blog.zeit.de\/kinderzeit\/2012\/08\/23\/ein-besonderer-prasident_12663\",\"name\":\"Ein besonderer Pr\u00e4sident - KinderZEIT-Blog\",\"isPartOf\":{\"@id\":\"https:\/\/blog.zeit.de\/kinderzeit\/#website\"},\"datePublished\":\"2012-08-23T21:19:58+00:00\",\"dateModified\":\"2012-08-23T21:19:58+00:00\",\"author\":{\"@id\":\"https:\/\/blog.zeit.de\/kinderzeit\/#\/schema\/person\/49470446f328463e8ea80b00b7d5da9c\"},\"breadcrumb\":{\"@id\":\"https:\/\/blog.zeit.de\/kinderzeit\/2012\/08\/23\/ein-besonderer-prasident_12663#breadcrumb\"},\"inLanguage\":\"de\",\"potentialAction\":[{\"@type\":\"ReadAction\",\"target\":[\"https:\/\/blog.zeit.de\/kinderzeit\/2012\/08\/23\/ein-besonderer-prasident_12663\"]}]},{\"@type\":\"BreadcrumbList\",\"@id\":\"https:\/\/blog.zeit.de\/kinderzeit\/2012\/08\/23\/ein-besonderer-prasident_12663#breadcrumb\",\"itemListElement\":[{\"@type\":\"ListItem\",\"position\":1,\"name\":\"Startseite\",\"item\":\"https:\/\/blog.zeit.de\/kinderzeit\"},{\"@type\":\"ListItem\",\"position\":2,\"name\":\"Ein besonderer Pr\u00e4sident\"}]},{\"@type\":\"WebSite\",\"@id\":\"https:\/\/blog.zeit.de\/kinderzeit\/#website\",\"url\":\"https:\/\/blog.zeit.de\/kinderzeit\/\",\"name\":\"KinderZEIT-Blog\",\"description\":\"Politik, Kultur und R\u00e4tsel f\u00fcr junge Leser\",\"potentialAction\":[{\"@type\":\"SearchAction\",\"target\":{\"@type\":\"EntryPoint\",\"urlTemplate\":\"https:\/\/blog.zeit.de\/kinderzeit\/?s={search_term_string}\"},\"query-input\":\"required name=search_term_string\"}],\"inLanguage\":\"de\"},{\"@type\":\"Person\",\"@id\":\"https:\/\/blog.zeit.de\/kinderzeit\/#\/schema\/person\/49470446f328463e8ea80b00b7d5da9c\",\"name\":\"Redaktion KinderZEIT\",\"image\":{\"@type\":\"ImageObject\",\"inLanguage\":\"de\",\"@id\":\"https:\/\/blog.zeit.de\/kinderzeit\/#\/schema\/person\/image\/\",\"url\":\"https:\/\/secure.gravatar.com\/avatar\/e613a4a2ad2bd6413584eec4b8dd51cb549f6f87f7a858de5437c6df45ca1659?s=96&d=mm&r=g\",\"contentUrl\":\"https:\/\/secure.gravatar.com\/avatar\/e613a4a2ad2bd6413584eec4b8dd51cb549f6f87f7a858de5437c6df45ca1659?s=96&d=mm&r=g\",\"caption\":\"Redaktion KinderZEIT\"},\"url\":\"https:\/\/blog.zeit.de\/kinderzeit\/author\/sandra-valeska-bruhns\"}]}<\/script>\n<!-- \/ Yoast SEO plugin. -->","yoast_head_json":{"title":"Ein besonderer Pr\u00e4sident - KinderZEIT-Blog","robots":{"index":"index","follow":"follow","max-snippet":"max-snippet:-1","max-image-preview":"max-image-preview:large","max-video-preview":"max-video-preview:-1"},"canonical":"https:\/\/blog.zeit.de\/kinderzeit\/2012\/08\/23\/ein-besonderer-prasident_12663","og_locale":"de_DE","og_type":"article","og_title":"Ein besonderer Pr\u00e4sident - KinderZEIT-Blog","og_description":"Barack Obama ist anders als alle amerikanischen Staatschefs vor ihm, denn er hat dunkle Haut. Jetzt m\u00f6chte er wiedergew\u00e4hlt werden Von Catriona McLaughlin Was ist denn das? Wieso verbeugt sich Barack Obama, der Pr\u00e4sident der USA, vor einem kleinen Jungen? Ein Foto aus dem Jahr 2009 zeigt, dass genau das passiert ist. Und die Geschichte [&hellip;]","og_url":"https:\/\/blog.zeit.de\/kinderzeit\/2012\/08\/23\/ein-besonderer-prasident_12663","og_site_name":"KinderZEIT-Blog","article_published_time":"2012-08-23T21:19:58+00:00","og_image":[{"url":"https:\/\/blog.zeit.de\/kinderzeit\/files\/2012\/08\/obama-540x415.jpg"}],"author":"Redaktion KinderZEIT","twitter_card":"summary_large_image","twitter_misc":{"Verfasst von":"Redaktion KinderZEIT","Gesch\u00e4tzte Lesezeit":"4\u00a0Minuten"},"schema":{"@context":"https:\/\/schema.org","@graph":[{"@type":"WebPage","@id":"https:\/\/blog.zeit.de\/kinderzeit\/2012\/08\/23\/ein-besonderer-prasident_12663","url":"https:\/\/blog.zeit.de\/kinderzeit\/2012\/08\/23\/ein-besonderer-prasident_12663","name":"Ein besonderer Pr\u00e4sident - KinderZEIT-Blog","isPartOf":{"@id":"https:\/\/blog.zeit.de\/kinderzeit\/#website"},"datePublished":"2012-08-23T21:19:58+00:00","dateModified":"2012-08-23T21:19:58+00:00","author":{"@id":"https:\/\/blog.zeit.de\/kinderzeit\/#\/schema\/person\/49470446f328463e8ea80b00b7d5da9c"},"breadcrumb":{"@id":"https:\/\/blog.zeit.de\/kinderzeit\/2012\/08\/23\/ein-besonderer-prasident_12663#breadcrumb"},"inLanguage":"de","potentialAction":[{"@type":"ReadAction","target":["https:\/\/blog.zeit.de\/kinderzeit\/2012\/08\/23\/ein-besonderer-prasident_12663"]}]},{"@type":"BreadcrumbList","@id":"https:\/\/blog.zeit.de\/kinderzeit\/2012\/08\/23\/ein-besonderer-prasident_12663#breadcrumb","itemListElement":[{"@type":"ListItem","position":1,"name":"Startseite","item":"https:\/\/blog.zeit.de\/kinderzeit"},{"@type":"ListItem","position":2,"name":"Ein besonderer Pr\u00e4sident"}]},{"@type":"WebSite","@id":"https:\/\/blog.zeit.de\/kinderzeit\/#website","url":"https:\/\/blog.zeit.de\/kinderzeit\/","name":"KinderZEIT-Blog","description":"Politik, Kultur und R\u00e4tsel f\u00fcr junge Leser","potentialAction":[{"@type":"SearchAction","target":{"@type":"EntryPoint","urlTemplate":"https:\/\/blog.zeit.de\/kinderzeit\/?s={search_term_string}"},"query-input":"required name=search_term_string"}],"inLanguage":"de"},{"@type":"Person","@id":"https:\/\/blog.zeit.de\/kinderzeit\/#\/schema\/person\/49470446f328463e8ea80b00b7d5da9c","name":"Redaktion KinderZEIT","image":{"@type":"ImageObject","inLanguage":"de","@id":"https:\/\/blog.zeit.de\/kinderzeit\/#\/schema\/person\/image\/","url":"https:\/\/secure.gravatar.com\/avatar\/e613a4a2ad2bd6413584eec4b8dd51cb549f6f87f7a858de5437c6df45ca1659?s=96&d=mm&r=g","contentUrl":"https:\/\/secure.gravatar.com\/avatar\/e613a4a2ad2bd6413584eec4b8dd51cb549f6f87f7a858de5437c6df45ca1659?s=96&d=mm&r=g","caption":"Redaktion KinderZEIT"},"url":"https:\/\/blog.zeit.de\/kinderzeit\/author\/sandra-valeska-bruhns"}]}},"jetpack_featured_media_url":"","jetpack_sharing_enabled":true,"_links":{"self":[{"href":"https:\/\/blog.zeit.de\/kinderzeit\/wp-json\/wp\/v2\/posts\/12663","targetHints":{"allow":["GET"]}}],"collection":[{"href":"https:\/\/blog.zeit.de\/kinderzeit\/wp-json\/wp\/v2\/posts"}],"about":[{"href":"https:\/\/blog.zeit.de\/kinderzeit\/wp-json\/wp\/v2\/types\/post"}],"author":[{"embeddable":true,"href":"https:\/\/blog.zeit.de\/kinderzeit\/wp-json\/wp\/v2\/users\/217"}],"replies":[{"embeddable":true,"href":"https:\/\/blog.zeit.de\/kinderzeit\/wp-json\/wp\/v2\/comments?post=12663"}],"version-history":[{"count":3,"href":"https:\/\/blog.zeit.de\/kinderzeit\/wp-json\/wp\/v2\/posts\/12663\/revisions"}],"predecessor-version":[{"id":12667,"href":"https:\/\/blog.zeit.de\/kinderzeit\/wp-json\/wp\/v2\/posts\/12663\/revisions\/12667"}],"wp:attachment":[{"href":"https:\/\/blog.zeit.de\/kinderzeit\/wp-json\/wp\/v2\/media?parent=12663"}],"wp:term":[{"taxonomy":"category","embeddable":true,"href":"https:\/\/blog.zeit.de\/kinderzeit\/wp-json\/wp\/v2\/categories?post=12663"},{"taxonomy":"post_tag","embeddable":true,"href":"https:\/\/blog.zeit.de\/kinderzeit\/wp-json\/wp\/v2\/tags?post=12663"}],"curies":[{"name":"wp","href":"https:\/\/api.w.org\/{rel}","templated":true}]}}