{"id":12673,"date":"2012-08-30T09:39:53","date_gmt":"2012-08-30T07:39:53","guid":{"rendered":"http:\/\/blog.zeit.de\/kinderzeit\/?p=12673"},"modified":"2012-08-30T09:40:41","modified_gmt":"2012-08-30T07:40:41","slug":"buch-tipp-treppe-ins-nichts","status":"publish","type":"post","link":"https:\/\/blog.zeit.de\/kinderzeit\/2012\/08\/30\/buch-tipp-treppe-ins-nichts_12673","title":{"rendered":"Buch-Tipp: Treppe ins Nichts"},"content":{"rendered":"<p><figure id=\"attachment_12675\" aria-describedby=\"caption-attachment-12675\" style=\"width: 150px\" class=\"wp-caption alignleft\"><a href=\"https:\/\/blog.zeit.de\/kinderzeit\/2012\/08\/30\/buch-tipp-treppe-ins-nichts_12673\/miethaie\" rel=\"attachment wp-att-12675\"><img loading=\"lazy\" decoding=\"async\" src=\"https:\/\/blog.zeit.de\/kinderzeit\/files\/2012\/08\/miethaie.jpg\" alt=\"\" width=\"150\" height=\"212\" class=\"size-full wp-image-12675\" \/><\/a><figcaption id=\"caption-attachment-12675\" class=\"wp-caption-text\">\u00a9 Beltz Verlag<\/figcaption><\/figure><\/p>\n<p>Immer wieder legt Oma Briefe zur Seite, die wichtig aussehen. Ihre Enkelin Salila ist besorgt \u2013 und deshalb liest sie sie heimlich. Zum Gl\u00fcck, denn so erf\u00e4hrt das M\u00e4dchen, dass ihr Haus verkauft wurde und alle Mieter ausziehen sollen. Der neue Besitzer will renovieren, um die Wohnungen danach f\u00fcr viel Geld an reiche Leute zu vermieten. Doch Oma tut nichts. <!--more--><\/p>\n<p>Selbst dann nicht, als sich das Haus in eine Baustelle verwandelt und schon die Treppe zur Wohnung halb abgerissen ist. Dieses Buch erz\u00e4hlt von dem, was in vielen gro\u00dfen St\u00e4dten geschieht: wie sich Viertel ver\u00e4ndern. Es ist aber auch eine Geschichte \u00fcber Vertrauen und Scham, denn Salilas Oma hat ein gro\u00dfes Geheimnis&#8230;<\/p>\n<p>Tanya Lieske<br \/>\n<strong>Oma, die Miethaie und ich<\/strong><br \/>\nBeltz &amp; Gelberg 2012<br \/>\n12,95 Euro; ab 9 Jahren<\/p>\n","protected":false},"excerpt":{"rendered":"<p>Immer wieder legt Oma Briefe zur Seite, die wichtig aussehen. Ihre Enkelin Salila ist besorgt \u2013 und deshalb liest sie sie heimlich. Zum Gl\u00fcck, denn so erf\u00e4hrt das M\u00e4dchen, dass ihr Haus verkauft wurde und alle Mieter ausziehen sollen. Der neue Besitzer will renovieren, um die Wohnungen danach f\u00fcr viel Geld an reiche Leute zu [&hellip;]<\/p>\n","protected":false},"author":217,"featured_media":0,"comment_status":"open","ping_status":"closed","sticky":false,"template":"","format":"standard","meta":{"_jetpack_memberships_contains_paid_content":false,"footnotes":""},"categories":[1157,986,12265],"tags":[21564,21563],"class_list":["post-12673","post","type-post","status-publish","format-standard","hentry","category-buchtipp-hortipp-filmtipp-fernsehtipp","category-vorlesegeschichten","category-was-soll-ich-lesen-2","tag-die-miethaie-und-ich-tanya-lieske-beltz-gelberg-buchtipp","tag-oma"],"yoast_head":"<!-- This site is optimized with the Yoast SEO plugin v21.0 - https:\/\/yoast.com\/wordpress\/plugins\/seo\/ -->\n<title>Buch-Tipp: Treppe ins Nichts - KinderZEIT-Blog<\/title>\n<meta name=\"robots\" content=\"index, follow, max-snippet:-1, max-image-preview:large, max-video-preview:-1\" \/>\n<link rel=\"canonical\" href=\"https:\/\/blog.zeit.de\/kinderzeit\/2012\/08\/30\/buch-tipp-treppe-ins-nichts_12673\" \/>\n<meta property=\"og:locale\" content=\"de_DE\" \/>\n<meta property=\"og:type\" content=\"article\" \/>\n<meta property=\"og:title\" content=\"Buch-Tipp: Treppe ins Nichts - KinderZEIT-Blog\" \/>\n<meta property=\"og:description\" content=\"Immer wieder legt Oma Briefe zur Seite, die wichtig aussehen. Ihre Enkelin Salila ist besorgt \u2013 und deshalb liest sie sie heimlich. Zum Gl\u00fcck, denn so erf\u00e4hrt das M\u00e4dchen, dass ihr Haus verkauft wurde und alle Mieter ausziehen sollen. Der neue Besitzer will renovieren, um die Wohnungen danach f\u00fcr viel Geld an reiche Leute zu [&hellip;]\" \/>\n<meta property=\"og:url\" content=\"https:\/\/blog.zeit.de\/kinderzeit\/2012\/08\/30\/buch-tipp-treppe-ins-nichts_12673\" \/>\n<meta property=\"og:site_name\" content=\"KinderZEIT-Blog\" \/>\n<meta property=\"article:published_time\" content=\"2012-08-30T07:39:53+00:00\" \/>\n<meta property=\"article:modified_time\" content=\"2012-08-30T07:40:41+00:00\" \/>\n<meta property=\"og:image\" content=\"https:\/\/blog.zeit.de\/kinderzeit\/files\/2012\/08\/miethaie.jpg\" \/>\n<meta name=\"author\" content=\"Redaktion KinderZEIT\" \/>\n<meta name=\"twitter:card\" content=\"summary_large_image\" \/>\n<meta name=\"twitter:label1\" content=\"Verfasst von\" \/>\n\t<meta name=\"twitter:data1\" content=\"Redaktion KinderZEIT\" \/>\n\t<meta name=\"twitter:label2\" content=\"Gesch\u00e4tzte Lesezeit\" \/>\n\t<meta name=\"twitter:data2\" content=\"1\u00a0Minute\" \/>\n<script type=\"application\/ld+json\" class=\"yoast-schema-graph\">{\"@context\":\"https:\/\/schema.org\",\"@graph\":[{\"@type\":\"WebPage\",\"@id\":\"https:\/\/blog.zeit.de\/kinderzeit\/2012\/08\/30\/buch-tipp-treppe-ins-nichts_12673\",\"url\":\"https:\/\/blog.zeit.de\/kinderzeit\/2012\/08\/30\/buch-tipp-treppe-ins-nichts_12673\",\"name\":\"Buch-Tipp: Treppe ins Nichts - KinderZEIT-Blog\",\"isPartOf\":{\"@id\":\"https:\/\/blog.zeit.de\/kinderzeit\/#website\"},\"datePublished\":\"2012-08-30T07:39:53+00:00\",\"dateModified\":\"2012-08-30T07:40:41+00:00\",\"author\":{\"@id\":\"https:\/\/blog.zeit.de\/kinderzeit\/#\/schema\/person\/49470446f328463e8ea80b00b7d5da9c\"},\"breadcrumb\":{\"@id\":\"https:\/\/blog.zeit.de\/kinderzeit\/2012\/08\/30\/buch-tipp-treppe-ins-nichts_12673#breadcrumb\"},\"inLanguage\":\"de\",\"potentialAction\":[{\"@type\":\"ReadAction\",\"target\":[\"https:\/\/blog.zeit.de\/kinderzeit\/2012\/08\/30\/buch-tipp-treppe-ins-nichts_12673\"]}]},{\"@type\":\"BreadcrumbList\",\"@id\":\"https:\/\/blog.zeit.de\/kinderzeit\/2012\/08\/30\/buch-tipp-treppe-ins-nichts_12673#breadcrumb\",\"itemListElement\":[{\"@type\":\"ListItem\",\"position\":1,\"name\":\"Startseite\",\"item\":\"https:\/\/blog.zeit.de\/kinderzeit\"},{\"@type\":\"ListItem\",\"position\":2,\"name\":\"Buch-Tipp: Treppe ins Nichts\"}]},{\"@type\":\"WebSite\",\"@id\":\"https:\/\/blog.zeit.de\/kinderzeit\/#website\",\"url\":\"https:\/\/blog.zeit.de\/kinderzeit\/\",\"name\":\"KinderZEIT-Blog\",\"description\":\"Politik, Kultur und R\u00e4tsel f\u00fcr junge Leser\",\"potentialAction\":[{\"@type\":\"SearchAction\",\"target\":{\"@type\":\"EntryPoint\",\"urlTemplate\":\"https:\/\/blog.zeit.de\/kinderzeit\/?s={search_term_string}\"},\"query-input\":\"required name=search_term_string\"}],\"inLanguage\":\"de\"},{\"@type\":\"Person\",\"@id\":\"https:\/\/blog.zeit.de\/kinderzeit\/#\/schema\/person\/49470446f328463e8ea80b00b7d5da9c\",\"name\":\"Redaktion KinderZEIT\",\"image\":{\"@type\":\"ImageObject\",\"inLanguage\":\"de\",\"@id\":\"https:\/\/blog.zeit.de\/kinderzeit\/#\/schema\/person\/image\/\",\"url\":\"https:\/\/secure.gravatar.com\/avatar\/e613a4a2ad2bd6413584eec4b8dd51cb549f6f87f7a858de5437c6df45ca1659?s=96&d=mm&r=g\",\"contentUrl\":\"https:\/\/secure.gravatar.com\/avatar\/e613a4a2ad2bd6413584eec4b8dd51cb549f6f87f7a858de5437c6df45ca1659?s=96&d=mm&r=g\",\"caption\":\"Redaktion KinderZEIT\"},\"url\":\"https:\/\/blog.zeit.de\/kinderzeit\/author\/sandra-valeska-bruhns\"}]}<\/script>\n<!-- \/ Yoast SEO plugin. -->","yoast_head_json":{"title":"Buch-Tipp: Treppe ins Nichts - KinderZEIT-Blog","robots":{"index":"index","follow":"follow","max-snippet":"max-snippet:-1","max-image-preview":"max-image-preview:large","max-video-preview":"max-video-preview:-1"},"canonical":"https:\/\/blog.zeit.de\/kinderzeit\/2012\/08\/30\/buch-tipp-treppe-ins-nichts_12673","og_locale":"de_DE","og_type":"article","og_title":"Buch-Tipp: Treppe ins Nichts - KinderZEIT-Blog","og_description":"Immer wieder legt Oma Briefe zur Seite, die wichtig aussehen. Ihre Enkelin Salila ist besorgt \u2013 und deshalb liest sie sie heimlich. Zum Gl\u00fcck, denn so erf\u00e4hrt das M\u00e4dchen, dass ihr Haus verkauft wurde und alle Mieter ausziehen sollen. Der neue Besitzer will renovieren, um die Wohnungen danach f\u00fcr viel Geld an reiche Leute zu [&hellip;]","og_url":"https:\/\/blog.zeit.de\/kinderzeit\/2012\/08\/30\/buch-tipp-treppe-ins-nichts_12673","og_site_name":"KinderZEIT-Blog","article_published_time":"2012-08-30T07:39:53+00:00","article_modified_time":"2012-08-30T07:40:41+00:00","og_image":[{"url":"https:\/\/blog.zeit.de\/kinderzeit\/files\/2012\/08\/miethaie.jpg"}],"author":"Redaktion KinderZEIT","twitter_card":"summary_large_image","twitter_misc":{"Verfasst von":"Redaktion KinderZEIT","Gesch\u00e4tzte Lesezeit":"1\u00a0Minute"},"schema":{"@context":"https:\/\/schema.org","@graph":[{"@type":"WebPage","@id":"https:\/\/blog.zeit.de\/kinderzeit\/2012\/08\/30\/buch-tipp-treppe-ins-nichts_12673","url":"https:\/\/blog.zeit.de\/kinderzeit\/2012\/08\/30\/buch-tipp-treppe-ins-nichts_12673","name":"Buch-Tipp: Treppe ins Nichts - KinderZEIT-Blog","isPartOf":{"@id":"https:\/\/blog.zeit.de\/kinderzeit\/#website"},"datePublished":"2012-08-30T07:39:53+00:00","dateModified":"2012-08-30T07:40:41+00:00","author":{"@id":"https:\/\/blog.zeit.de\/kinderzeit\/#\/schema\/person\/49470446f328463e8ea80b00b7d5da9c"},"breadcrumb":{"@id":"https:\/\/blog.zeit.de\/kinderzeit\/2012\/08\/30\/buch-tipp-treppe-ins-nichts_12673#breadcrumb"},"inLanguage":"de","potentialAction":[{"@type":"ReadAction","target":["https:\/\/blog.zeit.de\/kinderzeit\/2012\/08\/30\/buch-tipp-treppe-ins-nichts_12673"]}]},{"@type":"BreadcrumbList","@id":"https:\/\/blog.zeit.de\/kinderzeit\/2012\/08\/30\/buch-tipp-treppe-ins-nichts_12673#breadcrumb","itemListElement":[{"@type":"ListItem","position":1,"name":"Startseite","item":"https:\/\/blog.zeit.de\/kinderzeit"},{"@type":"ListItem","position":2,"name":"Buch-Tipp: Treppe ins Nichts"}]},{"@type":"WebSite","@id":"https:\/\/blog.zeit.de\/kinderzeit\/#website","url":"https:\/\/blog.zeit.de\/kinderzeit\/","name":"KinderZEIT-Blog","description":"Politik, Kultur und R\u00e4tsel f\u00fcr junge Leser","potentialAction":[{"@type":"SearchAction","target":{"@type":"EntryPoint","urlTemplate":"https:\/\/blog.zeit.de\/kinderzeit\/?s={search_term_string}"},"query-input":"required name=search_term_string"}],"inLanguage":"de"},{"@type":"Person","@id":"https:\/\/blog.zeit.de\/kinderzeit\/#\/schema\/person\/49470446f328463e8ea80b00b7d5da9c","name":"Redaktion KinderZEIT","image":{"@type":"ImageObject","inLanguage":"de","@id":"https:\/\/blog.zeit.de\/kinderzeit\/#\/schema\/person\/image\/","url":"https:\/\/secure.gravatar.com\/avatar\/e613a4a2ad2bd6413584eec4b8dd51cb549f6f87f7a858de5437c6df45ca1659?s=96&d=mm&r=g","contentUrl":"https:\/\/secure.gravatar.com\/avatar\/e613a4a2ad2bd6413584eec4b8dd51cb549f6f87f7a858de5437c6df45ca1659?s=96&d=mm&r=g","caption":"Redaktion KinderZEIT"},"url":"https:\/\/blog.zeit.de\/kinderzeit\/author\/sandra-valeska-bruhns"}]}},"jetpack_featured_media_url":"","jetpack_sharing_enabled":true,"_links":{"self":[{"href":"https:\/\/blog.zeit.de\/kinderzeit\/wp-json\/wp\/v2\/posts\/12673","targetHints":{"allow":["GET"]}}],"collection":[{"href":"https:\/\/blog.zeit.de\/kinderzeit\/wp-json\/wp\/v2\/posts"}],"about":[{"href":"https:\/\/blog.zeit.de\/kinderzeit\/wp-json\/wp\/v2\/types\/post"}],"author":[{"embeddable":true,"href":"https:\/\/blog.zeit.de\/kinderzeit\/wp-json\/wp\/v2\/users\/217"}],"replies":[{"embeddable":true,"href":"https:\/\/blog.zeit.de\/kinderzeit\/wp-json\/wp\/v2\/comments?post=12673"}],"version-history":[{"count":7,"href":"https:\/\/blog.zeit.de\/kinderzeit\/wp-json\/wp\/v2\/posts\/12673\/revisions"}],"predecessor-version":[{"id":12681,"href":"https:\/\/blog.zeit.de\/kinderzeit\/wp-json\/wp\/v2\/posts\/12673\/revisions\/12681"}],"wp:attachment":[{"href":"https:\/\/blog.zeit.de\/kinderzeit\/wp-json\/wp\/v2\/media?parent=12673"}],"wp:term":[{"taxonomy":"category","embeddable":true,"href":"https:\/\/blog.zeit.de\/kinderzeit\/wp-json\/wp\/v2\/categories?post=12673"},{"taxonomy":"post_tag","embeddable":true,"href":"https:\/\/blog.zeit.de\/kinderzeit\/wp-json\/wp\/v2\/tags?post=12673"}],"curies":[{"name":"wp","href":"https:\/\/api.w.org\/{rel}","templated":true}]}}