{"id":12813,"date":"2012-09-27T10:00:17","date_gmt":"2012-09-27T08:00:17","guid":{"rendered":"http:\/\/blog.zeit.de\/kinderzeit\/?p=12813"},"modified":"2013-01-08T11:39:05","modified_gmt":"2013-01-08T10:39:05","slug":"verruckte-viecher-23-papageientaucher","status":"publish","type":"post","link":"https:\/\/blog.zeit.de\/kinderzeit\/2012\/09\/27\/verruckte-viecher-23-papageientaucher_12813","title":{"rendered":"Verr\u00fcckte Viecher (23): Papageientaucher"},"content":{"rendered":"<p><figure id=\"attachment_12815\" aria-describedby=\"caption-attachment-12815\" style=\"width: 200px\" class=\"wp-caption alignleft\"><img loading=\"lazy\" decoding=\"async\" src=\"https:\/\/blog.zeit.de\/kinderzeit\/files\/2012\/09\/papageientaucher-200x300.jpg\" alt=\"\" width=\"200\" height=\"300\" class=\"size-medium wp-image-12815\" srcset=\"https:\/\/blog.zeit.de\/kinderzeit\/files\/2012\/09\/papageientaucher-200x300.jpg 200w, https:\/\/blog.zeit.de\/kinderzeit\/files\/2012\/09\/papageientaucher-360x540.jpg 360w, https:\/\/blog.zeit.de\/kinderzeit\/files\/2012\/09\/papageientaucher.jpg 400w\" sizes=\"auto, (max-width: 200px) 100vw, 200px\" \/><figcaption id=\"caption-attachment-12815\" class=\"wp-caption-text\">Auff\u00e4llig: Der knallrote Schnabel\/ \u00a9 Andreas Trepte; www.photo-natur.de<\/figcaption><\/figure><\/p>\n<p>Mit seinem bunten Schnabel, dem schwarz-wei\u00dfen K\u00f6rper und dem tollpatschigen Watschelgang sieht der Papageientaucher aus wie ein Clown im Frack \u2013 wenn man das Gl\u00fcck hat, ihm zu begegnen. Die meiste Zeit des Jahres verbringt er auf dem offenen Meer, Tag und Nacht. Das Wasser ist sein Element. Selbst im Winter trotzt er dort drau\u00dfen K\u00e4lte und St\u00fcrmen. Mit seinen kurzen Fl\u00fcgeln kann er hervorragend schwimmen und mehr als 50 Meter tief tauchen. Er ern\u00e4hrt sich von kleinen Fischen und Krebstieren. <!--more--><\/p>\n<p>Nur zum Br\u00fcten kommen Papageientaucher an Land. Hoch oben auf felsigen Klippen bauen die V\u00f6gel ihre Nester. Die Weibchen legen nur ein einziges Ei, um das sich die Eltern gemeinsam k\u00fcmmern. Zwischen April und August kann man die Tiere auf Island, an der K\u00fcste Norwegens oder auf den felsigen Inseln vor England beobachten. Danach sind sie f\u00fcr den Rest des Jahres vom Erdboden verschwunden.<\/p>\n<p>Die Geschichte \u00fcber den Papageientaucher h\u00f6rt Ihr am Sonntag um 8.05 Uhr in der Sendung  <em>Mikado &#8211; Radio f\u00fcr Kinder <\/em>auf NDR Info oder im <a href=\"http:\/\/www.ndr.de\/mikado\">Internet<\/a>.<\/p>\n","protected":false},"excerpt":{"rendered":"<p>Mit seinem bunten Schnabel, dem schwarz-wei\u00dfen K\u00f6rper und dem tollpatschigen Watschelgang sieht der Papageientaucher aus wie ein Clown im Frack \u2013 wenn man das Gl\u00fcck hat, ihm zu begegnen. Die meiste Zeit des Jahres verbringt er auf dem offenen Meer, Tag und Nacht. Das Wasser ist sein Element. Selbst im Winter trotzt er dort drau\u00dfen [&hellip;]<\/p>\n","protected":false},"author":217,"featured_media":0,"comment_status":"open","ping_status":"closed","sticky":false,"template":"","format":"standard","meta":{"_jetpack_memberships_contains_paid_content":false,"footnotes":""},"categories":[548,8108],"tags":[21641,12134,1710,12181,21640,12136,30144,30168,21642],"class_list":["post-12813","post","type-post","status-publish","format-standard","hentry","category-tiere","category-verruckte-viecher","tag-besondere-tiere","tag-mikado","tag-ndr","tag-ndr-info","tag-papageientaucher","tag-radio-fur-kinder","tag-tiere","tag-verruckte-viecher","tag-wasservogel"],"yoast_head":"<!-- This site is optimized with the Yoast SEO plugin v21.0 - https:\/\/yoast.com\/wordpress\/plugins\/seo\/ -->\n<title>Verr\u00fcckte Viecher (23): Papageientaucher - KinderZEIT-Blog<\/title>\n<meta name=\"robots\" content=\"index, follow, max-snippet:-1, max-image-preview:large, max-video-preview:-1\" \/>\n<link rel=\"canonical\" href=\"https:\/\/blog.zeit.de\/kinderzeit\/2012\/09\/27\/verruckte-viecher-23-papageientaucher_12813\" \/>\n<meta property=\"og:locale\" content=\"de_DE\" \/>\n<meta property=\"og:type\" content=\"article\" \/>\n<meta property=\"og:title\" content=\"Verr\u00fcckte Viecher (23): Papageientaucher - KinderZEIT-Blog\" \/>\n<meta property=\"og:description\" content=\"Mit seinem bunten Schnabel, dem schwarz-wei\u00dfen K\u00f6rper und dem tollpatschigen Watschelgang sieht der Papageientaucher aus wie ein Clown im Frack \u2013 wenn man das Gl\u00fcck hat, ihm zu begegnen. Die meiste Zeit des Jahres verbringt er auf dem offenen Meer, Tag und Nacht. Das Wasser ist sein Element. Selbst im Winter trotzt er dort drau\u00dfen [&hellip;]\" \/>\n<meta property=\"og:url\" content=\"https:\/\/blog.zeit.de\/kinderzeit\/2012\/09\/27\/verruckte-viecher-23-papageientaucher_12813\" \/>\n<meta property=\"og:site_name\" content=\"KinderZEIT-Blog\" \/>\n<meta property=\"article:published_time\" content=\"2012-09-27T08:00:17+00:00\" \/>\n<meta property=\"article:modified_time\" content=\"2013-01-08T10:39:05+00:00\" \/>\n<meta property=\"og:image\" content=\"https:\/\/blog.zeit.de\/kinderzeit\/files\/2012\/09\/papageientaucher-200x300.jpg\" \/>\n<meta name=\"author\" content=\"Redaktion KinderZEIT\" \/>\n<meta name=\"twitter:card\" content=\"summary_large_image\" \/>\n<meta name=\"twitter:label1\" content=\"Verfasst von\" \/>\n\t<meta name=\"twitter:data1\" content=\"Redaktion KinderZEIT\" \/>\n\t<meta name=\"twitter:label2\" content=\"Gesch\u00e4tzte Lesezeit\" \/>\n\t<meta name=\"twitter:data2\" content=\"1\u00a0Minute\" \/>\n<script type=\"application\/ld+json\" class=\"yoast-schema-graph\">{\"@context\":\"https:\/\/schema.org\",\"@graph\":[{\"@type\":\"WebPage\",\"@id\":\"https:\/\/blog.zeit.de\/kinderzeit\/2012\/09\/27\/verruckte-viecher-23-papageientaucher_12813\",\"url\":\"https:\/\/blog.zeit.de\/kinderzeit\/2012\/09\/27\/verruckte-viecher-23-papageientaucher_12813\",\"name\":\"Verr\u00fcckte Viecher (23): Papageientaucher - KinderZEIT-Blog\",\"isPartOf\":{\"@id\":\"https:\/\/blog.zeit.de\/kinderzeit\/#website\"},\"datePublished\":\"2012-09-27T08:00:17+00:00\",\"dateModified\":\"2013-01-08T10:39:05+00:00\",\"author\":{\"@id\":\"https:\/\/blog.zeit.de\/kinderzeit\/#\/schema\/person\/49470446f328463e8ea80b00b7d5da9c\"},\"breadcrumb\":{\"@id\":\"https:\/\/blog.zeit.de\/kinderzeit\/2012\/09\/27\/verruckte-viecher-23-papageientaucher_12813#breadcrumb\"},\"inLanguage\":\"de\",\"potentialAction\":[{\"@type\":\"ReadAction\",\"target\":[\"https:\/\/blog.zeit.de\/kinderzeit\/2012\/09\/27\/verruckte-viecher-23-papageientaucher_12813\"]}]},{\"@type\":\"BreadcrumbList\",\"@id\":\"https:\/\/blog.zeit.de\/kinderzeit\/2012\/09\/27\/verruckte-viecher-23-papageientaucher_12813#breadcrumb\",\"itemListElement\":[{\"@type\":\"ListItem\",\"position\":1,\"name\":\"Startseite\",\"item\":\"https:\/\/blog.zeit.de\/kinderzeit\"},{\"@type\":\"ListItem\",\"position\":2,\"name\":\"Verr\u00fcckte Viecher (23): Papageientaucher\"}]},{\"@type\":\"WebSite\",\"@id\":\"https:\/\/blog.zeit.de\/kinderzeit\/#website\",\"url\":\"https:\/\/blog.zeit.de\/kinderzeit\/\",\"name\":\"KinderZEIT-Blog\",\"description\":\"Politik, Kultur und R\u00e4tsel f\u00fcr junge Leser\",\"potentialAction\":[{\"@type\":\"SearchAction\",\"target\":{\"@type\":\"EntryPoint\",\"urlTemplate\":\"https:\/\/blog.zeit.de\/kinderzeit\/?s={search_term_string}\"},\"query-input\":\"required name=search_term_string\"}],\"inLanguage\":\"de\"},{\"@type\":\"Person\",\"@id\":\"https:\/\/blog.zeit.de\/kinderzeit\/#\/schema\/person\/49470446f328463e8ea80b00b7d5da9c\",\"name\":\"Redaktion KinderZEIT\",\"image\":{\"@type\":\"ImageObject\",\"inLanguage\":\"de\",\"@id\":\"https:\/\/blog.zeit.de\/kinderzeit\/#\/schema\/person\/image\/\",\"url\":\"https:\/\/secure.gravatar.com\/avatar\/e613a4a2ad2bd6413584eec4b8dd51cb549f6f87f7a858de5437c6df45ca1659?s=96&d=mm&r=g\",\"contentUrl\":\"https:\/\/secure.gravatar.com\/avatar\/e613a4a2ad2bd6413584eec4b8dd51cb549f6f87f7a858de5437c6df45ca1659?s=96&d=mm&r=g\",\"caption\":\"Redaktion KinderZEIT\"},\"url\":\"https:\/\/blog.zeit.de\/kinderzeit\/author\/sandra-valeska-bruhns\"}]}<\/script>\n<!-- \/ Yoast SEO plugin. -->","yoast_head_json":{"title":"Verr\u00fcckte Viecher (23): Papageientaucher - KinderZEIT-Blog","robots":{"index":"index","follow":"follow","max-snippet":"max-snippet:-1","max-image-preview":"max-image-preview:large","max-video-preview":"max-video-preview:-1"},"canonical":"https:\/\/blog.zeit.de\/kinderzeit\/2012\/09\/27\/verruckte-viecher-23-papageientaucher_12813","og_locale":"de_DE","og_type":"article","og_title":"Verr\u00fcckte Viecher (23): Papageientaucher - KinderZEIT-Blog","og_description":"Mit seinem bunten Schnabel, dem schwarz-wei\u00dfen K\u00f6rper und dem tollpatschigen Watschelgang sieht der Papageientaucher aus wie ein Clown im Frack \u2013 wenn man das Gl\u00fcck hat, ihm zu begegnen. Die meiste Zeit des Jahres verbringt er auf dem offenen Meer, Tag und Nacht. Das Wasser ist sein Element. Selbst im Winter trotzt er dort drau\u00dfen [&hellip;]","og_url":"https:\/\/blog.zeit.de\/kinderzeit\/2012\/09\/27\/verruckte-viecher-23-papageientaucher_12813","og_site_name":"KinderZEIT-Blog","article_published_time":"2012-09-27T08:00:17+00:00","article_modified_time":"2013-01-08T10:39:05+00:00","og_image":[{"url":"https:\/\/blog.zeit.de\/kinderzeit\/files\/2012\/09\/papageientaucher-200x300.jpg"}],"author":"Redaktion KinderZEIT","twitter_card":"summary_large_image","twitter_misc":{"Verfasst von":"Redaktion KinderZEIT","Gesch\u00e4tzte Lesezeit":"1\u00a0Minute"},"schema":{"@context":"https:\/\/schema.org","@graph":[{"@type":"WebPage","@id":"https:\/\/blog.zeit.de\/kinderzeit\/2012\/09\/27\/verruckte-viecher-23-papageientaucher_12813","url":"https:\/\/blog.zeit.de\/kinderzeit\/2012\/09\/27\/verruckte-viecher-23-papageientaucher_12813","name":"Verr\u00fcckte Viecher (23): Papageientaucher - KinderZEIT-Blog","isPartOf":{"@id":"https:\/\/blog.zeit.de\/kinderzeit\/#website"},"datePublished":"2012-09-27T08:00:17+00:00","dateModified":"2013-01-08T10:39:05+00:00","author":{"@id":"https:\/\/blog.zeit.de\/kinderzeit\/#\/schema\/person\/49470446f328463e8ea80b00b7d5da9c"},"breadcrumb":{"@id":"https:\/\/blog.zeit.de\/kinderzeit\/2012\/09\/27\/verruckte-viecher-23-papageientaucher_12813#breadcrumb"},"inLanguage":"de","potentialAction":[{"@type":"ReadAction","target":["https:\/\/blog.zeit.de\/kinderzeit\/2012\/09\/27\/verruckte-viecher-23-papageientaucher_12813"]}]},{"@type":"BreadcrumbList","@id":"https:\/\/blog.zeit.de\/kinderzeit\/2012\/09\/27\/verruckte-viecher-23-papageientaucher_12813#breadcrumb","itemListElement":[{"@type":"ListItem","position":1,"name":"Startseite","item":"https:\/\/blog.zeit.de\/kinderzeit"},{"@type":"ListItem","position":2,"name":"Verr\u00fcckte Viecher (23): Papageientaucher"}]},{"@type":"WebSite","@id":"https:\/\/blog.zeit.de\/kinderzeit\/#website","url":"https:\/\/blog.zeit.de\/kinderzeit\/","name":"KinderZEIT-Blog","description":"Politik, Kultur und R\u00e4tsel f\u00fcr junge Leser","potentialAction":[{"@type":"SearchAction","target":{"@type":"EntryPoint","urlTemplate":"https:\/\/blog.zeit.de\/kinderzeit\/?s={search_term_string}"},"query-input":"required name=search_term_string"}],"inLanguage":"de"},{"@type":"Person","@id":"https:\/\/blog.zeit.de\/kinderzeit\/#\/schema\/person\/49470446f328463e8ea80b00b7d5da9c","name":"Redaktion KinderZEIT","image":{"@type":"ImageObject","inLanguage":"de","@id":"https:\/\/blog.zeit.de\/kinderzeit\/#\/schema\/person\/image\/","url":"https:\/\/secure.gravatar.com\/avatar\/e613a4a2ad2bd6413584eec4b8dd51cb549f6f87f7a858de5437c6df45ca1659?s=96&d=mm&r=g","contentUrl":"https:\/\/secure.gravatar.com\/avatar\/e613a4a2ad2bd6413584eec4b8dd51cb549f6f87f7a858de5437c6df45ca1659?s=96&d=mm&r=g","caption":"Redaktion KinderZEIT"},"url":"https:\/\/blog.zeit.de\/kinderzeit\/author\/sandra-valeska-bruhns"}]}},"jetpack_featured_media_url":"","jetpack_sharing_enabled":true,"_links":{"self":[{"href":"https:\/\/blog.zeit.de\/kinderzeit\/wp-json\/wp\/v2\/posts\/12813","targetHints":{"allow":["GET"]}}],"collection":[{"href":"https:\/\/blog.zeit.de\/kinderzeit\/wp-json\/wp\/v2\/posts"}],"about":[{"href":"https:\/\/blog.zeit.de\/kinderzeit\/wp-json\/wp\/v2\/types\/post"}],"author":[{"embeddable":true,"href":"https:\/\/blog.zeit.de\/kinderzeit\/wp-json\/wp\/v2\/users\/217"}],"replies":[{"embeddable":true,"href":"https:\/\/blog.zeit.de\/kinderzeit\/wp-json\/wp\/v2\/comments?post=12813"}],"version-history":[{"count":4,"href":"https:\/\/blog.zeit.de\/kinderzeit\/wp-json\/wp\/v2\/posts\/12813\/revisions"}],"predecessor-version":[{"id":13311,"href":"https:\/\/blog.zeit.de\/kinderzeit\/wp-json\/wp\/v2\/posts\/12813\/revisions\/13311"}],"wp:attachment":[{"href":"https:\/\/blog.zeit.de\/kinderzeit\/wp-json\/wp\/v2\/media?parent=12813"}],"wp:term":[{"taxonomy":"category","embeddable":true,"href":"https:\/\/blog.zeit.de\/kinderzeit\/wp-json\/wp\/v2\/categories?post=12813"},{"taxonomy":"post_tag","embeddable":true,"href":"https:\/\/blog.zeit.de\/kinderzeit\/wp-json\/wp\/v2\/tags?post=12813"}],"curies":[{"name":"wp","href":"https:\/\/api.w.org\/{rel}","templated":true}]}}