{"id":12865,"date":"2012-10-11T21:13:00","date_gmt":"2012-10-11T19:13:00","guid":{"rendered":"http:\/\/blog.zeit.de\/kinderzeit\/?p=12865"},"modified":"2012-10-11T21:13:00","modified_gmt":"2012-10-11T19:13:00","slug":"buchtipp-atome-auf-der-flucht","status":"publish","type":"post","link":"https:\/\/blog.zeit.de\/kinderzeit\/2012\/10\/11\/buchtipp-atome-auf-der-flucht_12865","title":{"rendered":"Buchtipp: Atome auf der Flucht"},"content":{"rendered":"<p><figure id=\"attachment_12866\" aria-describedby=\"caption-attachment-12866\" style=\"width: 200px\" class=\"wp-caption alignleft\"><img loading=\"lazy\" decoding=\"async\" src=\"https:\/\/blog.zeit.de\/kinderzeit\/files\/2012\/10\/eco-200x300.jpg\" alt=\"\" width=\"200\" height=\"300\" class=\"size-medium wp-image-12866\" srcset=\"https:\/\/blog.zeit.de\/kinderzeit\/files\/2012\/10\/eco-200x300.jpg 200w, https:\/\/blog.zeit.de\/kinderzeit\/files\/2012\/10\/eco-360x540.jpg 360w, https:\/\/blog.zeit.de\/kinderzeit\/files\/2012\/10\/eco.jpg 433w\" sizes=\"auto, (max-width: 200px) 100vw, 200px\" \/><figcaption id=\"caption-attachment-12866\" class=\"wp-caption-text\">\u00a9 Hanser Verlag<\/figcaption><\/figure><\/p>\n<p>Die Atome sind ersch\u00fcttert. Ihretwegen wird es eine Katastrophe geben! Denn ein schrecklicher General will einen Krieg anfangen und dabei Atombomben benutzen. Doch die winzigen Atome machen da nicht mit. Sie laufen davon und verstecken sich. So explodieren die Bomben nicht, als der General sie abwirft. Alles noch mal gut gegangen! Ausgedacht hat sich diese und zwei weitere Geschichten der ber\u00fchmte italienische Schriftsteller Umberto Eco. In seinem neuen Kinderbuch erz\u00e4hlt er von Atomen, von Hunden in Raketen und den klugen Gnomen von Gnu. Verr\u00fcckt, fantastisch und spannend!<!--more--><\/p>\n<p>Umberto Eco<br \/>\n<strong>Geschichten f\u00fcr aufgeweckte Kinder<\/strong><br \/>\nHanser Verlag 2012<br \/>\n14,90 Euro; ab 8 Jahren<\/p>\n","protected":false},"excerpt":{"rendered":"<p>Die Atome sind ersch\u00fcttert. Ihretwegen wird es eine Katastrophe geben! Denn ein schrecklicher General will einen Krieg anfangen und dabei Atombomben benutzen. Doch die winzigen Atome machen da nicht mit. Sie laufen davon und verstecken sich. So explodieren die Bomben nicht, als der General sie abwirft. Alles noch mal gut gegangen! Ausgedacht hat sich diese [&hellip;]<\/p>\n","protected":false},"author":217,"featured_media":0,"comment_status":"open","ping_status":"closed","sticky":false,"template":"","format":"standard","meta":{"_jetpack_memberships_contains_paid_content":false,"footnotes":""},"categories":[1157,12265],"tags":[22471,842,9922,22470,2675,22469,2266],"class_list":["post-12865","post","type-post","status-publish","format-standard","hentry","category-buchtipp-hortipp-filmtipp-fernsehtipp","category-was-soll-ich-lesen-2","tag-atome-auf-der-flucht","tag-buchtipp","tag-buchtipp-fur-kinder","tag-geschichten-fur-aufgeweckte-kinder","tag-hanser-verlag","tag-umberto-eco","tag-was-soll-ich-lesen"],"yoast_head":"<!-- This site is optimized with the Yoast SEO plugin v21.0 - https:\/\/yoast.com\/wordpress\/plugins\/seo\/ -->\n<title>Buchtipp: Atome auf der Flucht - KinderZEIT-Blog<\/title>\n<meta name=\"robots\" content=\"index, follow, max-snippet:-1, max-image-preview:large, max-video-preview:-1\" \/>\n<link rel=\"canonical\" href=\"https:\/\/blog.zeit.de\/kinderzeit\/2012\/10\/11\/buchtipp-atome-auf-der-flucht_12865\" \/>\n<meta property=\"og:locale\" content=\"de_DE\" \/>\n<meta property=\"og:type\" content=\"article\" \/>\n<meta property=\"og:title\" content=\"Buchtipp: Atome auf der Flucht - KinderZEIT-Blog\" \/>\n<meta property=\"og:description\" content=\"Die Atome sind ersch\u00fcttert. Ihretwegen wird es eine Katastrophe geben! Denn ein schrecklicher General will einen Krieg anfangen und dabei Atombomben benutzen. Doch die winzigen Atome machen da nicht mit. Sie laufen davon und verstecken sich. So explodieren die Bomben nicht, als der General sie abwirft. Alles noch mal gut gegangen! Ausgedacht hat sich diese [&hellip;]\" \/>\n<meta property=\"og:url\" content=\"https:\/\/blog.zeit.de\/kinderzeit\/2012\/10\/11\/buchtipp-atome-auf-der-flucht_12865\" \/>\n<meta property=\"og:site_name\" content=\"KinderZEIT-Blog\" \/>\n<meta property=\"article:published_time\" content=\"2012-10-11T19:13:00+00:00\" \/>\n<meta property=\"og:image\" content=\"https:\/\/blog.zeit.de\/kinderzeit\/files\/2012\/10\/eco-200x300.jpg\" \/>\n<meta name=\"author\" content=\"Redaktion KinderZEIT\" \/>\n<meta name=\"twitter:card\" content=\"summary_large_image\" \/>\n<meta name=\"twitter:label1\" content=\"Verfasst von\" \/>\n\t<meta name=\"twitter:data1\" content=\"Redaktion KinderZEIT\" \/>\n\t<meta name=\"twitter:label2\" content=\"Gesch\u00e4tzte Lesezeit\" \/>\n\t<meta name=\"twitter:data2\" content=\"1\u00a0Minute\" \/>\n<script type=\"application\/ld+json\" class=\"yoast-schema-graph\">{\"@context\":\"https:\/\/schema.org\",\"@graph\":[{\"@type\":\"WebPage\",\"@id\":\"https:\/\/blog.zeit.de\/kinderzeit\/2012\/10\/11\/buchtipp-atome-auf-der-flucht_12865\",\"url\":\"https:\/\/blog.zeit.de\/kinderzeit\/2012\/10\/11\/buchtipp-atome-auf-der-flucht_12865\",\"name\":\"Buchtipp: Atome auf der Flucht - KinderZEIT-Blog\",\"isPartOf\":{\"@id\":\"https:\/\/blog.zeit.de\/kinderzeit\/#website\"},\"datePublished\":\"2012-10-11T19:13:00+00:00\",\"dateModified\":\"2012-10-11T19:13:00+00:00\",\"author\":{\"@id\":\"https:\/\/blog.zeit.de\/kinderzeit\/#\/schema\/person\/49470446f328463e8ea80b00b7d5da9c\"},\"breadcrumb\":{\"@id\":\"https:\/\/blog.zeit.de\/kinderzeit\/2012\/10\/11\/buchtipp-atome-auf-der-flucht_12865#breadcrumb\"},\"inLanguage\":\"de\",\"potentialAction\":[{\"@type\":\"ReadAction\",\"target\":[\"https:\/\/blog.zeit.de\/kinderzeit\/2012\/10\/11\/buchtipp-atome-auf-der-flucht_12865\"]}]},{\"@type\":\"BreadcrumbList\",\"@id\":\"https:\/\/blog.zeit.de\/kinderzeit\/2012\/10\/11\/buchtipp-atome-auf-der-flucht_12865#breadcrumb\",\"itemListElement\":[{\"@type\":\"ListItem\",\"position\":1,\"name\":\"Startseite\",\"item\":\"https:\/\/blog.zeit.de\/kinderzeit\"},{\"@type\":\"ListItem\",\"position\":2,\"name\":\"Buchtipp: Atome auf der Flucht\"}]},{\"@type\":\"WebSite\",\"@id\":\"https:\/\/blog.zeit.de\/kinderzeit\/#website\",\"url\":\"https:\/\/blog.zeit.de\/kinderzeit\/\",\"name\":\"KinderZEIT-Blog\",\"description\":\"Politik, Kultur und R\u00e4tsel f\u00fcr junge Leser\",\"potentialAction\":[{\"@type\":\"SearchAction\",\"target\":{\"@type\":\"EntryPoint\",\"urlTemplate\":\"https:\/\/blog.zeit.de\/kinderzeit\/?s={search_term_string}\"},\"query-input\":\"required name=search_term_string\"}],\"inLanguage\":\"de\"},{\"@type\":\"Person\",\"@id\":\"https:\/\/blog.zeit.de\/kinderzeit\/#\/schema\/person\/49470446f328463e8ea80b00b7d5da9c\",\"name\":\"Redaktion KinderZEIT\",\"image\":{\"@type\":\"ImageObject\",\"inLanguage\":\"de\",\"@id\":\"https:\/\/blog.zeit.de\/kinderzeit\/#\/schema\/person\/image\/\",\"url\":\"https:\/\/secure.gravatar.com\/avatar\/e613a4a2ad2bd6413584eec4b8dd51cb549f6f87f7a858de5437c6df45ca1659?s=96&d=mm&r=g\",\"contentUrl\":\"https:\/\/secure.gravatar.com\/avatar\/e613a4a2ad2bd6413584eec4b8dd51cb549f6f87f7a858de5437c6df45ca1659?s=96&d=mm&r=g\",\"caption\":\"Redaktion KinderZEIT\"},\"url\":\"https:\/\/blog.zeit.de\/kinderzeit\/author\/sandra-valeska-bruhns\"}]}<\/script>\n<!-- \/ Yoast SEO plugin. -->","yoast_head_json":{"title":"Buchtipp: Atome auf der Flucht - KinderZEIT-Blog","robots":{"index":"index","follow":"follow","max-snippet":"max-snippet:-1","max-image-preview":"max-image-preview:large","max-video-preview":"max-video-preview:-1"},"canonical":"https:\/\/blog.zeit.de\/kinderzeit\/2012\/10\/11\/buchtipp-atome-auf-der-flucht_12865","og_locale":"de_DE","og_type":"article","og_title":"Buchtipp: Atome auf der Flucht - KinderZEIT-Blog","og_description":"Die Atome sind ersch\u00fcttert. Ihretwegen wird es eine Katastrophe geben! Denn ein schrecklicher General will einen Krieg anfangen und dabei Atombomben benutzen. Doch die winzigen Atome machen da nicht mit. Sie laufen davon und verstecken sich. So explodieren die Bomben nicht, als der General sie abwirft. Alles noch mal gut gegangen! Ausgedacht hat sich diese [&hellip;]","og_url":"https:\/\/blog.zeit.de\/kinderzeit\/2012\/10\/11\/buchtipp-atome-auf-der-flucht_12865","og_site_name":"KinderZEIT-Blog","article_published_time":"2012-10-11T19:13:00+00:00","og_image":[{"url":"https:\/\/blog.zeit.de\/kinderzeit\/files\/2012\/10\/eco-200x300.jpg"}],"author":"Redaktion KinderZEIT","twitter_card":"summary_large_image","twitter_misc":{"Verfasst von":"Redaktion KinderZEIT","Gesch\u00e4tzte Lesezeit":"1\u00a0Minute"},"schema":{"@context":"https:\/\/schema.org","@graph":[{"@type":"WebPage","@id":"https:\/\/blog.zeit.de\/kinderzeit\/2012\/10\/11\/buchtipp-atome-auf-der-flucht_12865","url":"https:\/\/blog.zeit.de\/kinderzeit\/2012\/10\/11\/buchtipp-atome-auf-der-flucht_12865","name":"Buchtipp: Atome auf der Flucht - KinderZEIT-Blog","isPartOf":{"@id":"https:\/\/blog.zeit.de\/kinderzeit\/#website"},"datePublished":"2012-10-11T19:13:00+00:00","dateModified":"2012-10-11T19:13:00+00:00","author":{"@id":"https:\/\/blog.zeit.de\/kinderzeit\/#\/schema\/person\/49470446f328463e8ea80b00b7d5da9c"},"breadcrumb":{"@id":"https:\/\/blog.zeit.de\/kinderzeit\/2012\/10\/11\/buchtipp-atome-auf-der-flucht_12865#breadcrumb"},"inLanguage":"de","potentialAction":[{"@type":"ReadAction","target":["https:\/\/blog.zeit.de\/kinderzeit\/2012\/10\/11\/buchtipp-atome-auf-der-flucht_12865"]}]},{"@type":"BreadcrumbList","@id":"https:\/\/blog.zeit.de\/kinderzeit\/2012\/10\/11\/buchtipp-atome-auf-der-flucht_12865#breadcrumb","itemListElement":[{"@type":"ListItem","position":1,"name":"Startseite","item":"https:\/\/blog.zeit.de\/kinderzeit"},{"@type":"ListItem","position":2,"name":"Buchtipp: Atome auf der Flucht"}]},{"@type":"WebSite","@id":"https:\/\/blog.zeit.de\/kinderzeit\/#website","url":"https:\/\/blog.zeit.de\/kinderzeit\/","name":"KinderZEIT-Blog","description":"Politik, Kultur und R\u00e4tsel f\u00fcr junge Leser","potentialAction":[{"@type":"SearchAction","target":{"@type":"EntryPoint","urlTemplate":"https:\/\/blog.zeit.de\/kinderzeit\/?s={search_term_string}"},"query-input":"required name=search_term_string"}],"inLanguage":"de"},{"@type":"Person","@id":"https:\/\/blog.zeit.de\/kinderzeit\/#\/schema\/person\/49470446f328463e8ea80b00b7d5da9c","name":"Redaktion KinderZEIT","image":{"@type":"ImageObject","inLanguage":"de","@id":"https:\/\/blog.zeit.de\/kinderzeit\/#\/schema\/person\/image\/","url":"https:\/\/secure.gravatar.com\/avatar\/e613a4a2ad2bd6413584eec4b8dd51cb549f6f87f7a858de5437c6df45ca1659?s=96&d=mm&r=g","contentUrl":"https:\/\/secure.gravatar.com\/avatar\/e613a4a2ad2bd6413584eec4b8dd51cb549f6f87f7a858de5437c6df45ca1659?s=96&d=mm&r=g","caption":"Redaktion KinderZEIT"},"url":"https:\/\/blog.zeit.de\/kinderzeit\/author\/sandra-valeska-bruhns"}]}},"jetpack_featured_media_url":"","jetpack_sharing_enabled":true,"_links":{"self":[{"href":"https:\/\/blog.zeit.de\/kinderzeit\/wp-json\/wp\/v2\/posts\/12865","targetHints":{"allow":["GET"]}}],"collection":[{"href":"https:\/\/blog.zeit.de\/kinderzeit\/wp-json\/wp\/v2\/posts"}],"about":[{"href":"https:\/\/blog.zeit.de\/kinderzeit\/wp-json\/wp\/v2\/types\/post"}],"author":[{"embeddable":true,"href":"https:\/\/blog.zeit.de\/kinderzeit\/wp-json\/wp\/v2\/users\/217"}],"replies":[{"embeddable":true,"href":"https:\/\/blog.zeit.de\/kinderzeit\/wp-json\/wp\/v2\/comments?post=12865"}],"version-history":[{"count":3,"href":"https:\/\/blog.zeit.de\/kinderzeit\/wp-json\/wp\/v2\/posts\/12865\/revisions"}],"predecessor-version":[{"id":12869,"href":"https:\/\/blog.zeit.de\/kinderzeit\/wp-json\/wp\/v2\/posts\/12865\/revisions\/12869"}],"wp:attachment":[{"href":"https:\/\/blog.zeit.de\/kinderzeit\/wp-json\/wp\/v2\/media?parent=12865"}],"wp:term":[{"taxonomy":"category","embeddable":true,"href":"https:\/\/blog.zeit.de\/kinderzeit\/wp-json\/wp\/v2\/categories?post=12865"},{"taxonomy":"post_tag","embeddable":true,"href":"https:\/\/blog.zeit.de\/kinderzeit\/wp-json\/wp\/v2\/tags?post=12865"}],"curies":[{"name":"wp","href":"https:\/\/api.w.org\/{rel}","templated":true}]}}