{"id":12906,"date":"2012-10-18T09:00:28","date_gmt":"2012-10-18T07:00:28","guid":{"rendered":"http:\/\/blog.zeit.de\/kinderzeit\/?p=12906"},"modified":"2012-10-17T11:03:39","modified_gmt":"2012-10-17T09:03:39","slug":"verruckte-viecher-26-vampirtintenfisch","status":"publish","type":"post","link":"https:\/\/blog.zeit.de\/kinderzeit\/2012\/10\/18\/verruckte-viecher-26-vampirtintenfisch_12906","title":{"rendered":"Verr\u00fcckte Viecher (26): Vampirtintenfisch"},"content":{"rendered":"<p><figure id=\"attachment_12907\" aria-describedby=\"caption-attachment-12907\" style=\"width: 300px\" class=\"wp-caption alignleft\"><img loading=\"lazy\" decoding=\"async\" src=\"https:\/\/blog.zeit.de\/kinderzeit\/files\/2012\/10\/Vampire_des_abysses-300x202.jpg\" alt=\"\" width=\"300\" height=\"202\" class=\"size-medium wp-image-12907\" srcset=\"https:\/\/blog.zeit.de\/kinderzeit\/files\/2012\/10\/Vampire_des_abysses-300x202.jpg 300w, https:\/\/blog.zeit.de\/kinderzeit\/files\/2012\/10\/Vampire_des_abysses-540x363.jpg 540w, https:\/\/blog.zeit.de\/kinderzeit\/files\/2012\/10\/Vampire_des_abysses.jpg 600w\" sizes=\"auto, (max-width: 300px) 100vw, 300px\" \/><figcaption id=\"caption-attachment-12907\" class=\"wp-caption-text\">Muss sich f\u00fcr Halloween nicht verkleiden: Der Vampirtintenfisch\/ \u00a9 Citron<\/figcaption><\/figure><\/p>\n<p>Als deutsche Tiefseeforscher dieses Tier im Jahr 1889 entdeckten, gaben sie ihm den Namen Vampyroteuthis infernalis. \u00dcbersetzt hei\u00dft das \u00bbVampirtintenfisch aus der H\u00f6lle\u00ab. Das klingt ganz sch\u00f6n bedrohlich, und tats\u00e4chlich sieht das Tier recht unheimlich aus: Es ist feuerrot, und seine Haut ist mit kleinen Leuchtorganen besetzt, die in der Dunkelheit der Tiefsee funkeln. <!--more--><\/p>\n<p>Zwischen seinen acht Armen kann dieser Tintenfisch eine Haut aufspannen, die einem Vampirumhang \u00e4hnlich sieht. Daher kommt auch sein Name. Blut saugt der Vampirtintenfisch den anderen Meeresbewohnern nicht aus dem K\u00f6rper. Im Gegenteil, er ist der einzige Tintenfisch, der keine Jagd auf lebende Beute macht. Stattdessen frisst er den sogenannten Meeresschnee, also kleinste Partikel, die im Wasser schweben.<\/p>\n<p>Die Geschichte \u00fcber den Vampirtintenfisch h\u00f6rt Ihr am Sonntag um 8.05 Uhr in der Sendung  <em>Mikado &#8211; Radio f\u00fcr Kinder <\/em>auf NDR Info oder im <a href=\"http:\/\/www.ndr.de\/mikado\">Internet<\/a>.<\/p>\n","protected":false},"excerpt":{"rendered":"<p>Als deutsche Tiefseeforscher dieses Tier im Jahr 1889 entdeckten, gaben sie ihm den Namen Vampyroteuthis infernalis. \u00dcbersetzt hei\u00dft das \u00bbVampirtintenfisch aus der H\u00f6lle\u00ab. Das klingt ganz sch\u00f6n bedrohlich, und tats\u00e4chlich sieht das Tier recht unheimlich aus: Es ist feuerrot, und seine Haut ist mit kleinen Leuchtorganen besetzt, die in der Dunkelheit der Tiefsee funkeln.<\/p>\n","protected":false},"author":217,"featured_media":0,"comment_status":"open","ping_status":"closed","sticky":false,"template":"","format":"standard","meta":{"_jetpack_memberships_contains_paid_content":false,"footnotes":""},"categories":[548,8108,889],"tags":[22498,12181,22500,21003,30144,22497,22496,22499,30168],"class_list":["post-12906","post","type-post","status-publish","format-standard","hentry","category-tiere","category-verruckte-viecher","category-wissen","tag-fisch-aus-der-holle","tag-ndr-info","tag-radio-fur-kinder-mikado","tag-sonderbare-tiere","tag-tiere","tag-tintenfisch","tag-vampirtintenfisch","tag-vampyroteuthis-infernalis","tag-verruckte-viecher"],"yoast_head":"<!-- This site is optimized with the Yoast SEO plugin v21.0 - https:\/\/yoast.com\/wordpress\/plugins\/seo\/ -->\n<title>Verr\u00fcckte Viecher (26): Vampirtintenfisch - KinderZEIT-Blog<\/title>\n<meta name=\"robots\" content=\"index, follow, max-snippet:-1, max-image-preview:large, max-video-preview:-1\" \/>\n<link rel=\"canonical\" href=\"https:\/\/blog.zeit.de\/kinderzeit\/2012\/10\/18\/verruckte-viecher-26-vampirtintenfisch_12906\" \/>\n<meta property=\"og:locale\" content=\"de_DE\" \/>\n<meta property=\"og:type\" content=\"article\" \/>\n<meta property=\"og:title\" content=\"Verr\u00fcckte Viecher (26): Vampirtintenfisch - KinderZEIT-Blog\" \/>\n<meta property=\"og:description\" content=\"Als deutsche Tiefseeforscher dieses Tier im Jahr 1889 entdeckten, gaben sie ihm den Namen Vampyroteuthis infernalis. \u00dcbersetzt hei\u00dft das \u00bbVampirtintenfisch aus der H\u00f6lle\u00ab. Das klingt ganz sch\u00f6n bedrohlich, und tats\u00e4chlich sieht das Tier recht unheimlich aus: Es ist feuerrot, und seine Haut ist mit kleinen Leuchtorganen besetzt, die in der Dunkelheit der Tiefsee funkeln.\" \/>\n<meta property=\"og:url\" content=\"https:\/\/blog.zeit.de\/kinderzeit\/2012\/10\/18\/verruckte-viecher-26-vampirtintenfisch_12906\" \/>\n<meta property=\"og:site_name\" content=\"KinderZEIT-Blog\" \/>\n<meta property=\"article:published_time\" content=\"2012-10-18T07:00:28+00:00\" \/>\n<meta property=\"article:modified_time\" content=\"2012-10-17T09:03:39+00:00\" \/>\n<meta property=\"og:image\" content=\"https:\/\/blog.zeit.de\/kinderzeit\/files\/2012\/10\/Vampire_des_abysses-300x202.jpg\" \/>\n<meta name=\"author\" content=\"Redaktion KinderZEIT\" \/>\n<meta name=\"twitter:card\" content=\"summary_large_image\" \/>\n<meta name=\"twitter:label1\" content=\"Verfasst von\" \/>\n\t<meta name=\"twitter:data1\" content=\"Redaktion KinderZEIT\" \/>\n\t<meta name=\"twitter:label2\" content=\"Gesch\u00e4tzte Lesezeit\" \/>\n\t<meta name=\"twitter:data2\" content=\"1\u00a0Minute\" \/>\n<script type=\"application\/ld+json\" class=\"yoast-schema-graph\">{\"@context\":\"https:\/\/schema.org\",\"@graph\":[{\"@type\":\"WebPage\",\"@id\":\"https:\/\/blog.zeit.de\/kinderzeit\/2012\/10\/18\/verruckte-viecher-26-vampirtintenfisch_12906\",\"url\":\"https:\/\/blog.zeit.de\/kinderzeit\/2012\/10\/18\/verruckte-viecher-26-vampirtintenfisch_12906\",\"name\":\"Verr\u00fcckte Viecher (26): Vampirtintenfisch - KinderZEIT-Blog\",\"isPartOf\":{\"@id\":\"https:\/\/blog.zeit.de\/kinderzeit\/#website\"},\"datePublished\":\"2012-10-18T07:00:28+00:00\",\"dateModified\":\"2012-10-17T09:03:39+00:00\",\"author\":{\"@id\":\"https:\/\/blog.zeit.de\/kinderzeit\/#\/schema\/person\/49470446f328463e8ea80b00b7d5da9c\"},\"breadcrumb\":{\"@id\":\"https:\/\/blog.zeit.de\/kinderzeit\/2012\/10\/18\/verruckte-viecher-26-vampirtintenfisch_12906#breadcrumb\"},\"inLanguage\":\"de\",\"potentialAction\":[{\"@type\":\"ReadAction\",\"target\":[\"https:\/\/blog.zeit.de\/kinderzeit\/2012\/10\/18\/verruckte-viecher-26-vampirtintenfisch_12906\"]}]},{\"@type\":\"BreadcrumbList\",\"@id\":\"https:\/\/blog.zeit.de\/kinderzeit\/2012\/10\/18\/verruckte-viecher-26-vampirtintenfisch_12906#breadcrumb\",\"itemListElement\":[{\"@type\":\"ListItem\",\"position\":1,\"name\":\"Startseite\",\"item\":\"https:\/\/blog.zeit.de\/kinderzeit\"},{\"@type\":\"ListItem\",\"position\":2,\"name\":\"Verr\u00fcckte Viecher (26): Vampirtintenfisch\"}]},{\"@type\":\"WebSite\",\"@id\":\"https:\/\/blog.zeit.de\/kinderzeit\/#website\",\"url\":\"https:\/\/blog.zeit.de\/kinderzeit\/\",\"name\":\"KinderZEIT-Blog\",\"description\":\"Politik, Kultur und R\u00e4tsel f\u00fcr junge Leser\",\"potentialAction\":[{\"@type\":\"SearchAction\",\"target\":{\"@type\":\"EntryPoint\",\"urlTemplate\":\"https:\/\/blog.zeit.de\/kinderzeit\/?s={search_term_string}\"},\"query-input\":\"required name=search_term_string\"}],\"inLanguage\":\"de\"},{\"@type\":\"Person\",\"@id\":\"https:\/\/blog.zeit.de\/kinderzeit\/#\/schema\/person\/49470446f328463e8ea80b00b7d5da9c\",\"name\":\"Redaktion KinderZEIT\",\"image\":{\"@type\":\"ImageObject\",\"inLanguage\":\"de\",\"@id\":\"https:\/\/blog.zeit.de\/kinderzeit\/#\/schema\/person\/image\/\",\"url\":\"https:\/\/secure.gravatar.com\/avatar\/e613a4a2ad2bd6413584eec4b8dd51cb549f6f87f7a858de5437c6df45ca1659?s=96&d=mm&r=g\",\"contentUrl\":\"https:\/\/secure.gravatar.com\/avatar\/e613a4a2ad2bd6413584eec4b8dd51cb549f6f87f7a858de5437c6df45ca1659?s=96&d=mm&r=g\",\"caption\":\"Redaktion KinderZEIT\"},\"url\":\"https:\/\/blog.zeit.de\/kinderzeit\/author\/sandra-valeska-bruhns\"}]}<\/script>\n<!-- \/ Yoast SEO plugin. -->","yoast_head_json":{"title":"Verr\u00fcckte Viecher (26): Vampirtintenfisch - KinderZEIT-Blog","robots":{"index":"index","follow":"follow","max-snippet":"max-snippet:-1","max-image-preview":"max-image-preview:large","max-video-preview":"max-video-preview:-1"},"canonical":"https:\/\/blog.zeit.de\/kinderzeit\/2012\/10\/18\/verruckte-viecher-26-vampirtintenfisch_12906","og_locale":"de_DE","og_type":"article","og_title":"Verr\u00fcckte Viecher (26): Vampirtintenfisch - KinderZEIT-Blog","og_description":"Als deutsche Tiefseeforscher dieses Tier im Jahr 1889 entdeckten, gaben sie ihm den Namen Vampyroteuthis infernalis. \u00dcbersetzt hei\u00dft das \u00bbVampirtintenfisch aus der H\u00f6lle\u00ab. Das klingt ganz sch\u00f6n bedrohlich, und tats\u00e4chlich sieht das Tier recht unheimlich aus: Es ist feuerrot, und seine Haut ist mit kleinen Leuchtorganen besetzt, die in der Dunkelheit der Tiefsee funkeln.","og_url":"https:\/\/blog.zeit.de\/kinderzeit\/2012\/10\/18\/verruckte-viecher-26-vampirtintenfisch_12906","og_site_name":"KinderZEIT-Blog","article_published_time":"2012-10-18T07:00:28+00:00","article_modified_time":"2012-10-17T09:03:39+00:00","og_image":[{"url":"https:\/\/blog.zeit.de\/kinderzeit\/files\/2012\/10\/Vampire_des_abysses-300x202.jpg"}],"author":"Redaktion KinderZEIT","twitter_card":"summary_large_image","twitter_misc":{"Verfasst von":"Redaktion KinderZEIT","Gesch\u00e4tzte Lesezeit":"1\u00a0Minute"},"schema":{"@context":"https:\/\/schema.org","@graph":[{"@type":"WebPage","@id":"https:\/\/blog.zeit.de\/kinderzeit\/2012\/10\/18\/verruckte-viecher-26-vampirtintenfisch_12906","url":"https:\/\/blog.zeit.de\/kinderzeit\/2012\/10\/18\/verruckte-viecher-26-vampirtintenfisch_12906","name":"Verr\u00fcckte Viecher (26): Vampirtintenfisch - KinderZEIT-Blog","isPartOf":{"@id":"https:\/\/blog.zeit.de\/kinderzeit\/#website"},"datePublished":"2012-10-18T07:00:28+00:00","dateModified":"2012-10-17T09:03:39+00:00","author":{"@id":"https:\/\/blog.zeit.de\/kinderzeit\/#\/schema\/person\/49470446f328463e8ea80b00b7d5da9c"},"breadcrumb":{"@id":"https:\/\/blog.zeit.de\/kinderzeit\/2012\/10\/18\/verruckte-viecher-26-vampirtintenfisch_12906#breadcrumb"},"inLanguage":"de","potentialAction":[{"@type":"ReadAction","target":["https:\/\/blog.zeit.de\/kinderzeit\/2012\/10\/18\/verruckte-viecher-26-vampirtintenfisch_12906"]}]},{"@type":"BreadcrumbList","@id":"https:\/\/blog.zeit.de\/kinderzeit\/2012\/10\/18\/verruckte-viecher-26-vampirtintenfisch_12906#breadcrumb","itemListElement":[{"@type":"ListItem","position":1,"name":"Startseite","item":"https:\/\/blog.zeit.de\/kinderzeit"},{"@type":"ListItem","position":2,"name":"Verr\u00fcckte Viecher (26): Vampirtintenfisch"}]},{"@type":"WebSite","@id":"https:\/\/blog.zeit.de\/kinderzeit\/#website","url":"https:\/\/blog.zeit.de\/kinderzeit\/","name":"KinderZEIT-Blog","description":"Politik, Kultur und R\u00e4tsel f\u00fcr junge Leser","potentialAction":[{"@type":"SearchAction","target":{"@type":"EntryPoint","urlTemplate":"https:\/\/blog.zeit.de\/kinderzeit\/?s={search_term_string}"},"query-input":"required name=search_term_string"}],"inLanguage":"de"},{"@type":"Person","@id":"https:\/\/blog.zeit.de\/kinderzeit\/#\/schema\/person\/49470446f328463e8ea80b00b7d5da9c","name":"Redaktion KinderZEIT","image":{"@type":"ImageObject","inLanguage":"de","@id":"https:\/\/blog.zeit.de\/kinderzeit\/#\/schema\/person\/image\/","url":"https:\/\/secure.gravatar.com\/avatar\/e613a4a2ad2bd6413584eec4b8dd51cb549f6f87f7a858de5437c6df45ca1659?s=96&d=mm&r=g","contentUrl":"https:\/\/secure.gravatar.com\/avatar\/e613a4a2ad2bd6413584eec4b8dd51cb549f6f87f7a858de5437c6df45ca1659?s=96&d=mm&r=g","caption":"Redaktion KinderZEIT"},"url":"https:\/\/blog.zeit.de\/kinderzeit\/author\/sandra-valeska-bruhns"}]}},"jetpack_featured_media_url":"","jetpack_sharing_enabled":true,"_links":{"self":[{"href":"https:\/\/blog.zeit.de\/kinderzeit\/wp-json\/wp\/v2\/posts\/12906","targetHints":{"allow":["GET"]}}],"collection":[{"href":"https:\/\/blog.zeit.de\/kinderzeit\/wp-json\/wp\/v2\/posts"}],"about":[{"href":"https:\/\/blog.zeit.de\/kinderzeit\/wp-json\/wp\/v2\/types\/post"}],"author":[{"embeddable":true,"href":"https:\/\/blog.zeit.de\/kinderzeit\/wp-json\/wp\/v2\/users\/217"}],"replies":[{"embeddable":true,"href":"https:\/\/blog.zeit.de\/kinderzeit\/wp-json\/wp\/v2\/comments?post=12906"}],"version-history":[{"count":4,"href":"https:\/\/blog.zeit.de\/kinderzeit\/wp-json\/wp\/v2\/posts\/12906\/revisions"}],"predecessor-version":[{"id":12911,"href":"https:\/\/blog.zeit.de\/kinderzeit\/wp-json\/wp\/v2\/posts\/12906\/revisions\/12911"}],"wp:attachment":[{"href":"https:\/\/blog.zeit.de\/kinderzeit\/wp-json\/wp\/v2\/media?parent=12906"}],"wp:term":[{"taxonomy":"category","embeddable":true,"href":"https:\/\/blog.zeit.de\/kinderzeit\/wp-json\/wp\/v2\/categories?post=12906"},{"taxonomy":"post_tag","embeddable":true,"href":"https:\/\/blog.zeit.de\/kinderzeit\/wp-json\/wp\/v2\/tags?post=12906"}],"curies":[{"name":"wp","href":"https:\/\/api.w.org\/{rel}","templated":true}]}}