{"id":12920,"date":"2012-10-17T12:43:28","date_gmt":"2012-10-17T10:43:28","guid":{"rendered":"http:\/\/blog.zeit.de\/kinderzeit\/?p=12920"},"modified":"2012-10-17T16:10:52","modified_gmt":"2012-10-17T14:10:52","slug":"auch-im-achten-buch-richtig-gut-lola","status":"publish","type":"post","link":"https:\/\/blog.zeit.de\/kinderzeit\/2012\/10\/17\/auch-im-achten-buch-richtig-gut-lola_12920","title":{"rendered":"Auch im achten Buch richtig gut: Lola"},"content":{"rendered":"<p><figure id=\"attachment_12921\" aria-describedby=\"caption-attachment-12921\" style=\"width: 192px\" class=\"wp-caption alignright\"><img loading=\"lazy\" decoding=\"async\" src=\"https:\/\/blog.zeit.de\/kinderzeit\/files\/2012\/10\/lola_achterBand.jpg\" alt=\"\" width=\"192\" height=\"270\" class=\"size-full wp-image-12921\" \/><figcaption id=\"caption-attachment-12921\" class=\"wp-caption-text\">\u00a9 Loewe Verlag<\/figcaption><\/figure><\/p>\n<p>Harry Potter Erfinderin und Autorin Joanne K. Rowling ging nach dem siebten Band die Puste aus, Lola-Erfinderin Isabel Abedi kann noch und denkt sich immer wieder neue, aufregende Erlebnisse f\u00fcr ihre Figur aus. Nun ist der 8. Band &#8222;5 Sterne f\u00fcr Lola&#8220; fertig, den wir f\u00fcr Euch schon gelesen haben. F\u00fcr den Fall, dass Ihr nicht wisst, wer Lola ist: Sie ist elfdreiviertel Jahre alt, wohnt in der Hamburger Bismarckstra\u00dfe (die gibt es wirklich), geht in die 5. Klasse und hat in dem neuen Buch als erstes eine Identit\u00e4tskrise.<!--more--><\/p>\n<p>Solche Krisen haben eigentlich nur Erwachsene, oder M\u00e4dchen, die ganz schlimm von der Pubert\u00e4t befallen sind. Lolas Krise ist auch sehr besonders, denn sie wei\u00df zwar sehr genau wer sie ist, nichts aber, was sie nachts sein soll. Das ist ein Problem, auf dass nur sehr wenige Menschen eine Antwort haben, denn eigentlich schlafen sie nachts und \u00fcberlasssen ihren Tr\u00e4umen die Sache mit der neuen Pers\u00f6nlichkeit f\u00fcr ein paar Stunden. Doch Lola hat eine Idee gegen n\u00e4chstliche Langeweile und wird zur hochgelobten Sternek\u00f6chin (gute Restaurants werden immer mit Sternen ausgezeichnet) Cocada Delicada.<\/p>\n<p>Doch das ist nicht alles, Lolas ganzes Leben poltert munter durcheinander, auf Krisen folgen Katastr\u00f6pchen oder auch kleine Probleme &#8211; so wild und lustig wie Lolas blonde Kringellocken. Lola-B\u00fccher sind toll f\u00fcr alle M\u00e4dchen, die es aufregend und fantastisch m\u00f6gen, die in einer ganz normalen Familie leben und einen ganz normalen Alltag haben. Und den kennt Lola-Erfinderin Isabel Abedi ganz genau, denn sie hat auch zwei T\u00f6chter, die nun \u00fcber das Lola-Alter hinausgewachsen sind, ihre Mama aber immer noch mit tollen Ideen unterst\u00fctzen.<\/p>\n<p>Mehr \u00fcber Lola gibt es \u00fcbrigens im Lola Club. Da findet Ihr auch die sonderbar-coolen magischen Worte, die Lola erfindet und eifrig benutzt. Und Ihr k\u00f6nnt selber magische Worte aufschreiben. Zum Beispiel Zieselwietz. Was das ist? M\u00fcsst Ihr selbst herausfinden.<\/p>\n<p>Isabel Abedi<br \/>\nLola, Band 8<br \/>\n<strong>5 Sterne f\u00fcr Lola<\/strong><br \/>\nab 9 Jahren, 12,95 Euro<\/p>\n","protected":false},"excerpt":{"rendered":"<p>Harry Potter Erfinderin und Autorin Joanne K. Rowling ging nach dem siebten Band die Puste aus, Lola-Erfinderin Isabel Abedi kann noch und denkt sich immer wieder neue, aufregende Erlebnisse f\u00fcr ihre Figur aus. Nun ist der 8. Band &#8222;5 Sterne f\u00fcr Lola&#8220; fertig, den wir f\u00fcr Euch schon gelesen haben. F\u00fcr den Fall, dass Ihr [&hellip;]<\/p>\n","protected":false},"author":217,"featured_media":0,"comment_status":"open","ping_status":"closed","sticky":false,"template":"","format":"standard","meta":{"_jetpack_memberships_contains_paid_content":false,"footnotes":""},"categories":[1157,12265],"tags":[22502,22505,22503,22507,22506,18857,22501,22504],"class_list":["post-12920","post","type-post","status-publish","format-standard","hentry","category-buchtipp-hortipp-filmtipp-fernsehtipp","category-was-soll-ich-lesen-2","tag-5-sterne-fur-lola","tag-achter-band-lola","tag-alle-lieben-lola","tag-buchtipp-fur-madchen","tag-isabel-abedi","tag-loewe-verlag","tag-lola","tag-lola-buchreihe"],"yoast_head":"<!-- This site is optimized with the Yoast SEO plugin v21.0 - https:\/\/yoast.com\/wordpress\/plugins\/seo\/ -->\n<title>Auch im achten Buch richtig gut: Lola - KinderZEIT-Blog<\/title>\n<meta name=\"robots\" content=\"index, follow, max-snippet:-1, max-image-preview:large, max-video-preview:-1\" \/>\n<link rel=\"canonical\" href=\"https:\/\/blog.zeit.de\/kinderzeit\/2012\/10\/17\/auch-im-achten-buch-richtig-gut-lola_12920\" \/>\n<meta property=\"og:locale\" content=\"de_DE\" \/>\n<meta property=\"og:type\" content=\"article\" \/>\n<meta property=\"og:title\" content=\"Auch im achten Buch richtig gut: Lola - KinderZEIT-Blog\" \/>\n<meta property=\"og:description\" content=\"Harry Potter Erfinderin und Autorin Joanne K. Rowling ging nach dem siebten Band die Puste aus, Lola-Erfinderin Isabel Abedi kann noch und denkt sich immer wieder neue, aufregende Erlebnisse f\u00fcr ihre Figur aus. Nun ist der 8. Band &#8222;5 Sterne f\u00fcr Lola&#8220; fertig, den wir f\u00fcr Euch schon gelesen haben. F\u00fcr den Fall, dass Ihr [&hellip;]\" \/>\n<meta property=\"og:url\" content=\"https:\/\/blog.zeit.de\/kinderzeit\/2012\/10\/17\/auch-im-achten-buch-richtig-gut-lola_12920\" \/>\n<meta property=\"og:site_name\" content=\"KinderZEIT-Blog\" \/>\n<meta property=\"article:published_time\" content=\"2012-10-17T10:43:28+00:00\" \/>\n<meta property=\"article:modified_time\" content=\"2012-10-17T14:10:52+00:00\" \/>\n<meta property=\"og:image\" content=\"https:\/\/blog.zeit.de\/kinderzeit\/files\/2012\/10\/lola_achterBand.jpg\" \/>\n<meta name=\"author\" content=\"Redaktion KinderZEIT\" \/>\n<meta name=\"twitter:card\" content=\"summary_large_image\" \/>\n<meta name=\"twitter:label1\" content=\"Verfasst von\" \/>\n\t<meta name=\"twitter:data1\" content=\"Redaktion KinderZEIT\" \/>\n\t<meta name=\"twitter:label2\" content=\"Gesch\u00e4tzte Lesezeit\" \/>\n\t<meta name=\"twitter:data2\" content=\"2\u00a0Minuten\" \/>\n<script type=\"application\/ld+json\" class=\"yoast-schema-graph\">{\"@context\":\"https:\/\/schema.org\",\"@graph\":[{\"@type\":\"WebPage\",\"@id\":\"https:\/\/blog.zeit.de\/kinderzeit\/2012\/10\/17\/auch-im-achten-buch-richtig-gut-lola_12920\",\"url\":\"https:\/\/blog.zeit.de\/kinderzeit\/2012\/10\/17\/auch-im-achten-buch-richtig-gut-lola_12920\",\"name\":\"Auch im achten Buch richtig gut: Lola - KinderZEIT-Blog\",\"isPartOf\":{\"@id\":\"https:\/\/blog.zeit.de\/kinderzeit\/#website\"},\"datePublished\":\"2012-10-17T10:43:28+00:00\",\"dateModified\":\"2012-10-17T14:10:52+00:00\",\"author\":{\"@id\":\"https:\/\/blog.zeit.de\/kinderzeit\/#\/schema\/person\/49470446f328463e8ea80b00b7d5da9c\"},\"breadcrumb\":{\"@id\":\"https:\/\/blog.zeit.de\/kinderzeit\/2012\/10\/17\/auch-im-achten-buch-richtig-gut-lola_12920#breadcrumb\"},\"inLanguage\":\"de\",\"potentialAction\":[{\"@type\":\"ReadAction\",\"target\":[\"https:\/\/blog.zeit.de\/kinderzeit\/2012\/10\/17\/auch-im-achten-buch-richtig-gut-lola_12920\"]}]},{\"@type\":\"BreadcrumbList\",\"@id\":\"https:\/\/blog.zeit.de\/kinderzeit\/2012\/10\/17\/auch-im-achten-buch-richtig-gut-lola_12920#breadcrumb\",\"itemListElement\":[{\"@type\":\"ListItem\",\"position\":1,\"name\":\"Startseite\",\"item\":\"https:\/\/blog.zeit.de\/kinderzeit\"},{\"@type\":\"ListItem\",\"position\":2,\"name\":\"Auch im achten Buch richtig gut: Lola\"}]},{\"@type\":\"WebSite\",\"@id\":\"https:\/\/blog.zeit.de\/kinderzeit\/#website\",\"url\":\"https:\/\/blog.zeit.de\/kinderzeit\/\",\"name\":\"KinderZEIT-Blog\",\"description\":\"Politik, Kultur und R\u00e4tsel f\u00fcr junge Leser\",\"potentialAction\":[{\"@type\":\"SearchAction\",\"target\":{\"@type\":\"EntryPoint\",\"urlTemplate\":\"https:\/\/blog.zeit.de\/kinderzeit\/?s={search_term_string}\"},\"query-input\":\"required name=search_term_string\"}],\"inLanguage\":\"de\"},{\"@type\":\"Person\",\"@id\":\"https:\/\/blog.zeit.de\/kinderzeit\/#\/schema\/person\/49470446f328463e8ea80b00b7d5da9c\",\"name\":\"Redaktion KinderZEIT\",\"image\":{\"@type\":\"ImageObject\",\"inLanguage\":\"de\",\"@id\":\"https:\/\/blog.zeit.de\/kinderzeit\/#\/schema\/person\/image\/\",\"url\":\"https:\/\/secure.gravatar.com\/avatar\/e613a4a2ad2bd6413584eec4b8dd51cb549f6f87f7a858de5437c6df45ca1659?s=96&d=mm&r=g\",\"contentUrl\":\"https:\/\/secure.gravatar.com\/avatar\/e613a4a2ad2bd6413584eec4b8dd51cb549f6f87f7a858de5437c6df45ca1659?s=96&d=mm&r=g\",\"caption\":\"Redaktion KinderZEIT\"},\"url\":\"https:\/\/blog.zeit.de\/kinderzeit\/author\/sandra-valeska-bruhns\"}]}<\/script>\n<!-- \/ Yoast SEO plugin. -->","yoast_head_json":{"title":"Auch im achten Buch richtig gut: Lola - KinderZEIT-Blog","robots":{"index":"index","follow":"follow","max-snippet":"max-snippet:-1","max-image-preview":"max-image-preview:large","max-video-preview":"max-video-preview:-1"},"canonical":"https:\/\/blog.zeit.de\/kinderzeit\/2012\/10\/17\/auch-im-achten-buch-richtig-gut-lola_12920","og_locale":"de_DE","og_type":"article","og_title":"Auch im achten Buch richtig gut: Lola - KinderZEIT-Blog","og_description":"Harry Potter Erfinderin und Autorin Joanne K. Rowling ging nach dem siebten Band die Puste aus, Lola-Erfinderin Isabel Abedi kann noch und denkt sich immer wieder neue, aufregende Erlebnisse f\u00fcr ihre Figur aus. Nun ist der 8. Band &#8222;5 Sterne f\u00fcr Lola&#8220; fertig, den wir f\u00fcr Euch schon gelesen haben. F\u00fcr den Fall, dass Ihr [&hellip;]","og_url":"https:\/\/blog.zeit.de\/kinderzeit\/2012\/10\/17\/auch-im-achten-buch-richtig-gut-lola_12920","og_site_name":"KinderZEIT-Blog","article_published_time":"2012-10-17T10:43:28+00:00","article_modified_time":"2012-10-17T14:10:52+00:00","og_image":[{"url":"https:\/\/blog.zeit.de\/kinderzeit\/files\/2012\/10\/lola_achterBand.jpg"}],"author":"Redaktion KinderZEIT","twitter_card":"summary_large_image","twitter_misc":{"Verfasst von":"Redaktion KinderZEIT","Gesch\u00e4tzte Lesezeit":"2\u00a0Minuten"},"schema":{"@context":"https:\/\/schema.org","@graph":[{"@type":"WebPage","@id":"https:\/\/blog.zeit.de\/kinderzeit\/2012\/10\/17\/auch-im-achten-buch-richtig-gut-lola_12920","url":"https:\/\/blog.zeit.de\/kinderzeit\/2012\/10\/17\/auch-im-achten-buch-richtig-gut-lola_12920","name":"Auch im achten Buch richtig gut: Lola - KinderZEIT-Blog","isPartOf":{"@id":"https:\/\/blog.zeit.de\/kinderzeit\/#website"},"datePublished":"2012-10-17T10:43:28+00:00","dateModified":"2012-10-17T14:10:52+00:00","author":{"@id":"https:\/\/blog.zeit.de\/kinderzeit\/#\/schema\/person\/49470446f328463e8ea80b00b7d5da9c"},"breadcrumb":{"@id":"https:\/\/blog.zeit.de\/kinderzeit\/2012\/10\/17\/auch-im-achten-buch-richtig-gut-lola_12920#breadcrumb"},"inLanguage":"de","potentialAction":[{"@type":"ReadAction","target":["https:\/\/blog.zeit.de\/kinderzeit\/2012\/10\/17\/auch-im-achten-buch-richtig-gut-lola_12920"]}]},{"@type":"BreadcrumbList","@id":"https:\/\/blog.zeit.de\/kinderzeit\/2012\/10\/17\/auch-im-achten-buch-richtig-gut-lola_12920#breadcrumb","itemListElement":[{"@type":"ListItem","position":1,"name":"Startseite","item":"https:\/\/blog.zeit.de\/kinderzeit"},{"@type":"ListItem","position":2,"name":"Auch im achten Buch richtig gut: Lola"}]},{"@type":"WebSite","@id":"https:\/\/blog.zeit.de\/kinderzeit\/#website","url":"https:\/\/blog.zeit.de\/kinderzeit\/","name":"KinderZEIT-Blog","description":"Politik, Kultur und R\u00e4tsel f\u00fcr junge Leser","potentialAction":[{"@type":"SearchAction","target":{"@type":"EntryPoint","urlTemplate":"https:\/\/blog.zeit.de\/kinderzeit\/?s={search_term_string}"},"query-input":"required name=search_term_string"}],"inLanguage":"de"},{"@type":"Person","@id":"https:\/\/blog.zeit.de\/kinderzeit\/#\/schema\/person\/49470446f328463e8ea80b00b7d5da9c","name":"Redaktion KinderZEIT","image":{"@type":"ImageObject","inLanguage":"de","@id":"https:\/\/blog.zeit.de\/kinderzeit\/#\/schema\/person\/image\/","url":"https:\/\/secure.gravatar.com\/avatar\/e613a4a2ad2bd6413584eec4b8dd51cb549f6f87f7a858de5437c6df45ca1659?s=96&d=mm&r=g","contentUrl":"https:\/\/secure.gravatar.com\/avatar\/e613a4a2ad2bd6413584eec4b8dd51cb549f6f87f7a858de5437c6df45ca1659?s=96&d=mm&r=g","caption":"Redaktion KinderZEIT"},"url":"https:\/\/blog.zeit.de\/kinderzeit\/author\/sandra-valeska-bruhns"}]}},"jetpack_featured_media_url":"","jetpack_sharing_enabled":true,"_links":{"self":[{"href":"https:\/\/blog.zeit.de\/kinderzeit\/wp-json\/wp\/v2\/posts\/12920","targetHints":{"allow":["GET"]}}],"collection":[{"href":"https:\/\/blog.zeit.de\/kinderzeit\/wp-json\/wp\/v2\/posts"}],"about":[{"href":"https:\/\/blog.zeit.de\/kinderzeit\/wp-json\/wp\/v2\/types\/post"}],"author":[{"embeddable":true,"href":"https:\/\/blog.zeit.de\/kinderzeit\/wp-json\/wp\/v2\/users\/217"}],"replies":[{"embeddable":true,"href":"https:\/\/blog.zeit.de\/kinderzeit\/wp-json\/wp\/v2\/comments?post=12920"}],"version-history":[{"count":5,"href":"https:\/\/blog.zeit.de\/kinderzeit\/wp-json\/wp\/v2\/posts\/12920\/revisions"}],"predecessor-version":[{"id":12926,"href":"https:\/\/blog.zeit.de\/kinderzeit\/wp-json\/wp\/v2\/posts\/12920\/revisions\/12926"}],"wp:attachment":[{"href":"https:\/\/blog.zeit.de\/kinderzeit\/wp-json\/wp\/v2\/media?parent=12920"}],"wp:term":[{"taxonomy":"category","embeddable":true,"href":"https:\/\/blog.zeit.de\/kinderzeit\/wp-json\/wp\/v2\/categories?post=12920"},{"taxonomy":"post_tag","embeddable":true,"href":"https:\/\/blog.zeit.de\/kinderzeit\/wp-json\/wp\/v2\/tags?post=12920"}],"curies":[{"name":"wp","href":"https:\/\/api.w.org\/{rel}","templated":true}]}}