{"id":12986,"date":"2012-10-31T09:00:32","date_gmt":"2012-10-31T08:00:32","guid":{"rendered":"http:\/\/blog.zeit.de\/kinderzeit\/?p=12986"},"modified":"2012-10-31T12:14:21","modified_gmt":"2012-10-31T11:14:21","slug":"hortipp-flunker-sagen-aus-dem-orient","status":"publish","type":"post","link":"https:\/\/blog.zeit.de\/kinderzeit\/2012\/10\/31\/hortipp-flunker-sagen-aus-dem-orient_12986","title":{"rendered":"H\u00f6rtipp: Flunker-Sagen aus dem Orient"},"content":{"rendered":"<p><figure id=\"attachment_12988\" aria-describedby=\"caption-attachment-12988\" style=\"width: 300px\" class=\"wp-caption alignleft\"><img loading=\"lazy\" decoding=\"async\" src=\"https:\/\/blog.zeit.de\/kinderzeit\/files\/2012\/10\/Das_fliegende_Kamel_Hoerbuch.jpg\" alt=\"\" width=\"300\" height=\"264\" class=\"size-full wp-image-12988\" \/><figcaption id=\"caption-attachment-12988\" class=\"wp-caption-text\">\u00a9 Oetinger Verlag<\/figcaption><\/figure><\/p>\n<p>Der Orient, also die islamische Welt, ist bekannt f\u00fcr seine Sagen. Paul Maar, der Autor der Sams-B\u00fccher, hat die fantasievollen Geschichten gesammelt. In dem H\u00f6rbuch Das fliegende Kamel erz\u00e4hlt er die Abenteuer von Nasredd\u00edn Hodscha. Der war ein Hochstapler und Philosoph, der gerne flunkerte. Maar hat einige Geschichten ver\u00e4ndert. Die CD kannst Du Dir auf Deutsch und auf T\u00fcrkisch anh\u00f6ren, mit Musik aus dem Orient. <!--more--><\/p>\n<p>Paul Maar<br \/>\n<strong>Das fliegende Kamel<\/strong><br \/>\nOetinger Verlag 2012<br \/>\n19,95 Euro; ab 10 Jahren<\/p>\n","protected":false},"excerpt":{"rendered":"<p>Der Orient, also die islamische Welt, ist bekannt f\u00fcr seine Sagen. Paul Maar, der Autor der Sams-B\u00fccher, hat die fantasievollen Geschichten gesammelt. In dem H\u00f6rbuch Das fliegende Kamel erz\u00e4hlt er die Abenteuer von Nasredd\u00edn Hodscha. Der war ein Hochstapler und Philosoph, der gerne flunkerte. Maar hat einige Geschichten ver\u00e4ndert. Die CD kannst Du Dir auf [&hellip;]<\/p>\n","protected":false},"author":217,"featured_media":0,"comment_status":"open","ping_status":"closed","sticky":false,"template":"","format":"standard","meta":{"_jetpack_memberships_contains_paid_content":false,"footnotes":""},"categories":[1157,986,12265],"tags":[842,22534,2645,22533,2266],"class_list":["post-12986","post","type-post","status-publish","format-standard","hentry","category-buchtipp-hortipp-filmtipp-fernsehtipp","category-vorlesegeschichten","category-was-soll-ich-lesen-2","tag-buchtipp","tag-das-fliegende-kamel","tag-oetinger-verlag","tag-paul-maar","tag-was-soll-ich-lesen"],"yoast_head":"<!-- This site is optimized with the Yoast SEO plugin v21.0 - https:\/\/yoast.com\/wordpress\/plugins\/seo\/ -->\n<title>H\u00f6rtipp: Flunker-Sagen aus dem Orient - KinderZEIT-Blog<\/title>\n<meta name=\"robots\" content=\"index, follow, max-snippet:-1, max-image-preview:large, max-video-preview:-1\" \/>\n<link rel=\"canonical\" href=\"https:\/\/blog.zeit.de\/kinderzeit\/2012\/10\/31\/hortipp-flunker-sagen-aus-dem-orient_12986\" \/>\n<meta property=\"og:locale\" content=\"de_DE\" \/>\n<meta property=\"og:type\" content=\"article\" \/>\n<meta property=\"og:title\" content=\"H\u00f6rtipp: Flunker-Sagen aus dem Orient - KinderZEIT-Blog\" \/>\n<meta property=\"og:description\" content=\"Der Orient, also die islamische Welt, ist bekannt f\u00fcr seine Sagen. Paul Maar, der Autor der Sams-B\u00fccher, hat die fantasievollen Geschichten gesammelt. In dem H\u00f6rbuch Das fliegende Kamel erz\u00e4hlt er die Abenteuer von Nasredd\u00edn Hodscha. Der war ein Hochstapler und Philosoph, der gerne flunkerte. Maar hat einige Geschichten ver\u00e4ndert. Die CD kannst Du Dir auf [&hellip;]\" \/>\n<meta property=\"og:url\" content=\"https:\/\/blog.zeit.de\/kinderzeit\/2012\/10\/31\/hortipp-flunker-sagen-aus-dem-orient_12986\" \/>\n<meta property=\"og:site_name\" content=\"KinderZEIT-Blog\" \/>\n<meta property=\"article:published_time\" content=\"2012-10-31T08:00:32+00:00\" \/>\n<meta property=\"article:modified_time\" content=\"2012-10-31T11:14:21+00:00\" \/>\n<meta property=\"og:image\" content=\"https:\/\/blog.zeit.de\/kinderzeit\/files\/2012\/10\/Das_fliegende_Kamel_Hoerbuch.jpg\" \/>\n<meta name=\"author\" content=\"Redaktion KinderZEIT\" \/>\n<meta name=\"twitter:card\" content=\"summary_large_image\" \/>\n<meta name=\"twitter:label1\" content=\"Verfasst von\" \/>\n\t<meta name=\"twitter:data1\" content=\"Redaktion KinderZEIT\" \/>\n<script type=\"application\/ld+json\" class=\"yoast-schema-graph\">{\"@context\":\"https:\/\/schema.org\",\"@graph\":[{\"@type\":\"WebPage\",\"@id\":\"https:\/\/blog.zeit.de\/kinderzeit\/2012\/10\/31\/hortipp-flunker-sagen-aus-dem-orient_12986\",\"url\":\"https:\/\/blog.zeit.de\/kinderzeit\/2012\/10\/31\/hortipp-flunker-sagen-aus-dem-orient_12986\",\"name\":\"H\u00f6rtipp: Flunker-Sagen aus dem Orient - KinderZEIT-Blog\",\"isPartOf\":{\"@id\":\"https:\/\/blog.zeit.de\/kinderzeit\/#website\"},\"datePublished\":\"2012-10-31T08:00:32+00:00\",\"dateModified\":\"2012-10-31T11:14:21+00:00\",\"author\":{\"@id\":\"https:\/\/blog.zeit.de\/kinderzeit\/#\/schema\/person\/49470446f328463e8ea80b00b7d5da9c\"},\"breadcrumb\":{\"@id\":\"https:\/\/blog.zeit.de\/kinderzeit\/2012\/10\/31\/hortipp-flunker-sagen-aus-dem-orient_12986#breadcrumb\"},\"inLanguage\":\"de\",\"potentialAction\":[{\"@type\":\"ReadAction\",\"target\":[\"https:\/\/blog.zeit.de\/kinderzeit\/2012\/10\/31\/hortipp-flunker-sagen-aus-dem-orient_12986\"]}]},{\"@type\":\"BreadcrumbList\",\"@id\":\"https:\/\/blog.zeit.de\/kinderzeit\/2012\/10\/31\/hortipp-flunker-sagen-aus-dem-orient_12986#breadcrumb\",\"itemListElement\":[{\"@type\":\"ListItem\",\"position\":1,\"name\":\"Startseite\",\"item\":\"https:\/\/blog.zeit.de\/kinderzeit\"},{\"@type\":\"ListItem\",\"position\":2,\"name\":\"H\u00f6rtipp: Flunker-Sagen aus dem Orient\"}]},{\"@type\":\"WebSite\",\"@id\":\"https:\/\/blog.zeit.de\/kinderzeit\/#website\",\"url\":\"https:\/\/blog.zeit.de\/kinderzeit\/\",\"name\":\"KinderZEIT-Blog\",\"description\":\"Politik, Kultur und R\u00e4tsel f\u00fcr junge Leser\",\"potentialAction\":[{\"@type\":\"SearchAction\",\"target\":{\"@type\":\"EntryPoint\",\"urlTemplate\":\"https:\/\/blog.zeit.de\/kinderzeit\/?s={search_term_string}\"},\"query-input\":\"required name=search_term_string\"}],\"inLanguage\":\"de\"},{\"@type\":\"Person\",\"@id\":\"https:\/\/blog.zeit.de\/kinderzeit\/#\/schema\/person\/49470446f328463e8ea80b00b7d5da9c\",\"name\":\"Redaktion KinderZEIT\",\"image\":{\"@type\":\"ImageObject\",\"inLanguage\":\"de\",\"@id\":\"https:\/\/blog.zeit.de\/kinderzeit\/#\/schema\/person\/image\/\",\"url\":\"https:\/\/secure.gravatar.com\/avatar\/e613a4a2ad2bd6413584eec4b8dd51cb549f6f87f7a858de5437c6df45ca1659?s=96&d=mm&r=g\",\"contentUrl\":\"https:\/\/secure.gravatar.com\/avatar\/e613a4a2ad2bd6413584eec4b8dd51cb549f6f87f7a858de5437c6df45ca1659?s=96&d=mm&r=g\",\"caption\":\"Redaktion KinderZEIT\"},\"url\":\"https:\/\/blog.zeit.de\/kinderzeit\/author\/sandra-valeska-bruhns\"}]}<\/script>\n<!-- \/ Yoast SEO plugin. -->","yoast_head_json":{"title":"H\u00f6rtipp: Flunker-Sagen aus dem Orient - KinderZEIT-Blog","robots":{"index":"index","follow":"follow","max-snippet":"max-snippet:-1","max-image-preview":"max-image-preview:large","max-video-preview":"max-video-preview:-1"},"canonical":"https:\/\/blog.zeit.de\/kinderzeit\/2012\/10\/31\/hortipp-flunker-sagen-aus-dem-orient_12986","og_locale":"de_DE","og_type":"article","og_title":"H\u00f6rtipp: Flunker-Sagen aus dem Orient - KinderZEIT-Blog","og_description":"Der Orient, also die islamische Welt, ist bekannt f\u00fcr seine Sagen. Paul Maar, der Autor der Sams-B\u00fccher, hat die fantasievollen Geschichten gesammelt. In dem H\u00f6rbuch Das fliegende Kamel erz\u00e4hlt er die Abenteuer von Nasredd\u00edn Hodscha. Der war ein Hochstapler und Philosoph, der gerne flunkerte. Maar hat einige Geschichten ver\u00e4ndert. Die CD kannst Du Dir auf [&hellip;]","og_url":"https:\/\/blog.zeit.de\/kinderzeit\/2012\/10\/31\/hortipp-flunker-sagen-aus-dem-orient_12986","og_site_name":"KinderZEIT-Blog","article_published_time":"2012-10-31T08:00:32+00:00","article_modified_time":"2012-10-31T11:14:21+00:00","og_image":[{"url":"https:\/\/blog.zeit.de\/kinderzeit\/files\/2012\/10\/Das_fliegende_Kamel_Hoerbuch.jpg"}],"author":"Redaktion KinderZEIT","twitter_card":"summary_large_image","twitter_misc":{"Verfasst von":"Redaktion KinderZEIT"},"schema":{"@context":"https:\/\/schema.org","@graph":[{"@type":"WebPage","@id":"https:\/\/blog.zeit.de\/kinderzeit\/2012\/10\/31\/hortipp-flunker-sagen-aus-dem-orient_12986","url":"https:\/\/blog.zeit.de\/kinderzeit\/2012\/10\/31\/hortipp-flunker-sagen-aus-dem-orient_12986","name":"H\u00f6rtipp: Flunker-Sagen aus dem Orient - KinderZEIT-Blog","isPartOf":{"@id":"https:\/\/blog.zeit.de\/kinderzeit\/#website"},"datePublished":"2012-10-31T08:00:32+00:00","dateModified":"2012-10-31T11:14:21+00:00","author":{"@id":"https:\/\/blog.zeit.de\/kinderzeit\/#\/schema\/person\/49470446f328463e8ea80b00b7d5da9c"},"breadcrumb":{"@id":"https:\/\/blog.zeit.de\/kinderzeit\/2012\/10\/31\/hortipp-flunker-sagen-aus-dem-orient_12986#breadcrumb"},"inLanguage":"de","potentialAction":[{"@type":"ReadAction","target":["https:\/\/blog.zeit.de\/kinderzeit\/2012\/10\/31\/hortipp-flunker-sagen-aus-dem-orient_12986"]}]},{"@type":"BreadcrumbList","@id":"https:\/\/blog.zeit.de\/kinderzeit\/2012\/10\/31\/hortipp-flunker-sagen-aus-dem-orient_12986#breadcrumb","itemListElement":[{"@type":"ListItem","position":1,"name":"Startseite","item":"https:\/\/blog.zeit.de\/kinderzeit"},{"@type":"ListItem","position":2,"name":"H\u00f6rtipp: Flunker-Sagen aus dem Orient"}]},{"@type":"WebSite","@id":"https:\/\/blog.zeit.de\/kinderzeit\/#website","url":"https:\/\/blog.zeit.de\/kinderzeit\/","name":"KinderZEIT-Blog","description":"Politik, Kultur und R\u00e4tsel f\u00fcr junge Leser","potentialAction":[{"@type":"SearchAction","target":{"@type":"EntryPoint","urlTemplate":"https:\/\/blog.zeit.de\/kinderzeit\/?s={search_term_string}"},"query-input":"required name=search_term_string"}],"inLanguage":"de"},{"@type":"Person","@id":"https:\/\/blog.zeit.de\/kinderzeit\/#\/schema\/person\/49470446f328463e8ea80b00b7d5da9c","name":"Redaktion KinderZEIT","image":{"@type":"ImageObject","inLanguage":"de","@id":"https:\/\/blog.zeit.de\/kinderzeit\/#\/schema\/person\/image\/","url":"https:\/\/secure.gravatar.com\/avatar\/e613a4a2ad2bd6413584eec4b8dd51cb549f6f87f7a858de5437c6df45ca1659?s=96&d=mm&r=g","contentUrl":"https:\/\/secure.gravatar.com\/avatar\/e613a4a2ad2bd6413584eec4b8dd51cb549f6f87f7a858de5437c6df45ca1659?s=96&d=mm&r=g","caption":"Redaktion KinderZEIT"},"url":"https:\/\/blog.zeit.de\/kinderzeit\/author\/sandra-valeska-bruhns"}]}},"jetpack_featured_media_url":"","jetpack_sharing_enabled":true,"_links":{"self":[{"href":"https:\/\/blog.zeit.de\/kinderzeit\/wp-json\/wp\/v2\/posts\/12986","targetHints":{"allow":["GET"]}}],"collection":[{"href":"https:\/\/blog.zeit.de\/kinderzeit\/wp-json\/wp\/v2\/posts"}],"about":[{"href":"https:\/\/blog.zeit.de\/kinderzeit\/wp-json\/wp\/v2\/types\/post"}],"author":[{"embeddable":true,"href":"https:\/\/blog.zeit.de\/kinderzeit\/wp-json\/wp\/v2\/users\/217"}],"replies":[{"embeddable":true,"href":"https:\/\/blog.zeit.de\/kinderzeit\/wp-json\/wp\/v2\/comments?post=12986"}],"version-history":[{"count":8,"href":"https:\/\/blog.zeit.de\/kinderzeit\/wp-json\/wp\/v2\/posts\/12986\/revisions"}],"predecessor-version":[{"id":13015,"href":"https:\/\/blog.zeit.de\/kinderzeit\/wp-json\/wp\/v2\/posts\/12986\/revisions\/13015"}],"wp:attachment":[{"href":"https:\/\/blog.zeit.de\/kinderzeit\/wp-json\/wp\/v2\/media?parent=12986"}],"wp:term":[{"taxonomy":"category","embeddable":true,"href":"https:\/\/blog.zeit.de\/kinderzeit\/wp-json\/wp\/v2\/categories?post=12986"},{"taxonomy":"post_tag","embeddable":true,"href":"https:\/\/blog.zeit.de\/kinderzeit\/wp-json\/wp\/v2\/tags?post=12986"}],"curies":[{"name":"wp","href":"https:\/\/api.w.org\/{rel}","templated":true}]}}