{"id":12995,"date":"2012-10-31T10:00:54","date_gmt":"2012-10-31T09:00:54","guid":{"rendered":"http:\/\/blog.zeit.de\/kinderzeit\/?p=12995"},"modified":"2012-10-31T12:14:42","modified_gmt":"2012-10-31T11:14:42","slug":"verruckte-viecher-27-oryx-antilope","status":"publish","type":"post","link":"https:\/\/blog.zeit.de\/kinderzeit\/2012\/10\/31\/verruckte-viecher-27-oryx-antilope_12995","title":{"rendered":"Verr\u00fcckte Viecher (27): Oryx-Antilope"},"content":{"rendered":"<p><figure id=\"attachment_12999\" aria-describedby=\"caption-attachment-12999\" style=\"width: 300px\" class=\"wp-caption alignleft\"><img loading=\"lazy\" decoding=\"async\" src=\"https:\/\/blog.zeit.de\/kinderzeit\/files\/2012\/10\/oryxantilope-300x225.jpg\" alt=\"\" width=\"300\" height=\"225\" class=\"size-medium wp-image-12999\" srcset=\"https:\/\/blog.zeit.de\/kinderzeit\/files\/2012\/10\/oryxantilope-300x225.jpg 300w, https:\/\/blog.zeit.de\/kinderzeit\/files\/2012\/10\/oryxantilope-540x405.jpg 540w, https:\/\/blog.zeit.de\/kinderzeit\/files\/2012\/10\/oryxantilope.jpg 800w\" sizes=\"auto, (max-width: 300px) 100vw, 300px\" \/><figcaption id=\"caption-attachment-12999\" class=\"wp-caption-text\">\u00a9 Panneria<\/figcaption><\/figure><\/p>\n<p>Glaubst Du an Einh\u00f6rner? Diese Zauberwesen, die in kitschigen Filmen und B\u00fcchern umhergaloppieren? Quatsch, diese M\u00e4rchentiere gab es nie, sagst Du vielleicht. Es gibt allerdings Forscher, die glauben, dass Einh\u00f6rner fr\u00fcher mal gelebt haben. Denn seit mehr als 2000 Jahren wurde das Einhorn von verschiedenen Menschen immer wieder sehr genau beschrieben: Es sei so gro\u00df wie ein Pferd, habe aber gespaltene Hufe.<!--more--> <\/p>\n<p>Es sei sehr schnell und scheu und habe milchwei\u00dfes Fell. Und mit seinem langen gedrehten Horn auf dem Kopf k\u00f6nne es sogar wilde L\u00f6wen in die Flucht schlagen. Tats\u00e4chlich gibt es ein Tier, das all diese Merkmale erf\u00fcllt: die Oryx-Antilope. Allerdings hat sie zwei H\u00f6rner! Die stehen aber sehr dicht nebeneinander und wenn man das Tier von der Seite anschaut, wird das hintere Horn vom vorderen verdeckt. Gut m\u00f6glich also, dass das Einhorn eigentlich immer schon eine Oryx-Antilope war. Die gibt es auch heute noch.<\/p>\n<p>Die Geschichte \u00fcber die Oryx-Antilope h\u00f6rt Ihr am Sonntag um 8.05 Uhr in der Sendung  <em>Mikado &#8211; Radio f\u00fcr Kinder <\/em>auf NDR Info oder im <a href=\"http:\/\/www.ndr.de\/mikado\">Internet<\/a>.<\/p>\n","protected":false},"excerpt":{"rendered":"<p>Glaubst Du an Einh\u00f6rner? Diese Zauberwesen, die in kitschigen Filmen und B\u00fcchern umhergaloppieren? Quatsch, diese M\u00e4rchentiere gab es nie, sagst Du vielleicht. Es gibt allerdings Forscher, die glauben, dass Einh\u00f6rner fr\u00fcher mal gelebt haben. Denn seit mehr als 2000 Jahren wurde das Einhorn von verschiedenen Menschen immer wieder sehr genau beschrieben: Es sei so gro\u00df [&hellip;]<\/p>\n","protected":false},"author":217,"featured_media":0,"comment_status":"open","ping_status":"closed","sticky":false,"template":"","format":"standard","meta":{"_jetpack_memberships_contains_paid_content":false,"footnotes":""},"categories":[548,8108],"tags":[22536,12134,1710,12181,22535,22537,30144,30168],"class_list":["post-12995","post","type-post","status-publish","format-standard","hentry","category-tiere","category-verruckte-viecher","tag-antilope","tag-mikado","tag-ndr","tag-ndr-info","tag-oryx-antilope","tag-tier-mit-einem-horn","tag-tiere","tag-verruckte-viecher"],"yoast_head":"<!-- This site is optimized with the Yoast SEO plugin v21.0 - https:\/\/yoast.com\/wordpress\/plugins\/seo\/ -->\n<title>Verr\u00fcckte Viecher (27): Oryx-Antilope  - KinderZEIT-Blog<\/title>\n<meta name=\"robots\" content=\"index, follow, max-snippet:-1, max-image-preview:large, max-video-preview:-1\" \/>\n<link rel=\"canonical\" href=\"https:\/\/blog.zeit.de\/kinderzeit\/2012\/10\/31\/verruckte-viecher-27-oryx-antilope_12995\" \/>\n<meta property=\"og:locale\" content=\"de_DE\" \/>\n<meta property=\"og:type\" content=\"article\" \/>\n<meta property=\"og:title\" content=\"Verr\u00fcckte Viecher (27): Oryx-Antilope  - KinderZEIT-Blog\" \/>\n<meta property=\"og:description\" content=\"Glaubst Du an Einh\u00f6rner? Diese Zauberwesen, die in kitschigen Filmen und B\u00fcchern umhergaloppieren? Quatsch, diese M\u00e4rchentiere gab es nie, sagst Du vielleicht. Es gibt allerdings Forscher, die glauben, dass Einh\u00f6rner fr\u00fcher mal gelebt haben. Denn seit mehr als 2000 Jahren wurde das Einhorn von verschiedenen Menschen immer wieder sehr genau beschrieben: Es sei so gro\u00df [&hellip;]\" \/>\n<meta property=\"og:url\" content=\"https:\/\/blog.zeit.de\/kinderzeit\/2012\/10\/31\/verruckte-viecher-27-oryx-antilope_12995\" \/>\n<meta property=\"og:site_name\" content=\"KinderZEIT-Blog\" \/>\n<meta property=\"article:published_time\" content=\"2012-10-31T09:00:54+00:00\" \/>\n<meta property=\"article:modified_time\" content=\"2012-10-31T11:14:42+00:00\" \/>\n<meta property=\"og:image\" content=\"https:\/\/blog.zeit.de\/kinderzeit\/files\/2012\/10\/oryxantilope-300x225.jpg\" \/>\n<meta name=\"author\" content=\"Redaktion KinderZEIT\" \/>\n<meta name=\"twitter:card\" content=\"summary_large_image\" \/>\n<meta name=\"twitter:label1\" content=\"Verfasst von\" \/>\n\t<meta name=\"twitter:data1\" content=\"Redaktion KinderZEIT\" \/>\n\t<meta name=\"twitter:label2\" content=\"Gesch\u00e4tzte Lesezeit\" \/>\n\t<meta name=\"twitter:data2\" content=\"1\u00a0Minute\" \/>\n<script type=\"application\/ld+json\" class=\"yoast-schema-graph\">{\"@context\":\"https:\/\/schema.org\",\"@graph\":[{\"@type\":\"WebPage\",\"@id\":\"https:\/\/blog.zeit.de\/kinderzeit\/2012\/10\/31\/verruckte-viecher-27-oryx-antilope_12995\",\"url\":\"https:\/\/blog.zeit.de\/kinderzeit\/2012\/10\/31\/verruckte-viecher-27-oryx-antilope_12995\",\"name\":\"Verr\u00fcckte Viecher (27): Oryx-Antilope - KinderZEIT-Blog\",\"isPartOf\":{\"@id\":\"https:\/\/blog.zeit.de\/kinderzeit\/#website\"},\"datePublished\":\"2012-10-31T09:00:54+00:00\",\"dateModified\":\"2012-10-31T11:14:42+00:00\",\"author\":{\"@id\":\"https:\/\/blog.zeit.de\/kinderzeit\/#\/schema\/person\/49470446f328463e8ea80b00b7d5da9c\"},\"breadcrumb\":{\"@id\":\"https:\/\/blog.zeit.de\/kinderzeit\/2012\/10\/31\/verruckte-viecher-27-oryx-antilope_12995#breadcrumb\"},\"inLanguage\":\"de\",\"potentialAction\":[{\"@type\":\"ReadAction\",\"target\":[\"https:\/\/blog.zeit.de\/kinderzeit\/2012\/10\/31\/verruckte-viecher-27-oryx-antilope_12995\"]}]},{\"@type\":\"BreadcrumbList\",\"@id\":\"https:\/\/blog.zeit.de\/kinderzeit\/2012\/10\/31\/verruckte-viecher-27-oryx-antilope_12995#breadcrumb\",\"itemListElement\":[{\"@type\":\"ListItem\",\"position\":1,\"name\":\"Startseite\",\"item\":\"https:\/\/blog.zeit.de\/kinderzeit\"},{\"@type\":\"ListItem\",\"position\":2,\"name\":\"Verr\u00fcckte Viecher (27): Oryx-Antilope\"}]},{\"@type\":\"WebSite\",\"@id\":\"https:\/\/blog.zeit.de\/kinderzeit\/#website\",\"url\":\"https:\/\/blog.zeit.de\/kinderzeit\/\",\"name\":\"KinderZEIT-Blog\",\"description\":\"Politik, Kultur und R\u00e4tsel f\u00fcr junge Leser\",\"potentialAction\":[{\"@type\":\"SearchAction\",\"target\":{\"@type\":\"EntryPoint\",\"urlTemplate\":\"https:\/\/blog.zeit.de\/kinderzeit\/?s={search_term_string}\"},\"query-input\":\"required name=search_term_string\"}],\"inLanguage\":\"de\"},{\"@type\":\"Person\",\"@id\":\"https:\/\/blog.zeit.de\/kinderzeit\/#\/schema\/person\/49470446f328463e8ea80b00b7d5da9c\",\"name\":\"Redaktion KinderZEIT\",\"image\":{\"@type\":\"ImageObject\",\"inLanguage\":\"de\",\"@id\":\"https:\/\/blog.zeit.de\/kinderzeit\/#\/schema\/person\/image\/\",\"url\":\"https:\/\/secure.gravatar.com\/avatar\/e613a4a2ad2bd6413584eec4b8dd51cb549f6f87f7a858de5437c6df45ca1659?s=96&d=mm&r=g\",\"contentUrl\":\"https:\/\/secure.gravatar.com\/avatar\/e613a4a2ad2bd6413584eec4b8dd51cb549f6f87f7a858de5437c6df45ca1659?s=96&d=mm&r=g\",\"caption\":\"Redaktion KinderZEIT\"},\"url\":\"https:\/\/blog.zeit.de\/kinderzeit\/author\/sandra-valeska-bruhns\"}]}<\/script>\n<!-- \/ Yoast SEO plugin. -->","yoast_head_json":{"title":"Verr\u00fcckte Viecher (27): Oryx-Antilope  - KinderZEIT-Blog","robots":{"index":"index","follow":"follow","max-snippet":"max-snippet:-1","max-image-preview":"max-image-preview:large","max-video-preview":"max-video-preview:-1"},"canonical":"https:\/\/blog.zeit.de\/kinderzeit\/2012\/10\/31\/verruckte-viecher-27-oryx-antilope_12995","og_locale":"de_DE","og_type":"article","og_title":"Verr\u00fcckte Viecher (27): Oryx-Antilope  - KinderZEIT-Blog","og_description":"Glaubst Du an Einh\u00f6rner? Diese Zauberwesen, die in kitschigen Filmen und B\u00fcchern umhergaloppieren? Quatsch, diese M\u00e4rchentiere gab es nie, sagst Du vielleicht. Es gibt allerdings Forscher, die glauben, dass Einh\u00f6rner fr\u00fcher mal gelebt haben. Denn seit mehr als 2000 Jahren wurde das Einhorn von verschiedenen Menschen immer wieder sehr genau beschrieben: Es sei so gro\u00df [&hellip;]","og_url":"https:\/\/blog.zeit.de\/kinderzeit\/2012\/10\/31\/verruckte-viecher-27-oryx-antilope_12995","og_site_name":"KinderZEIT-Blog","article_published_time":"2012-10-31T09:00:54+00:00","article_modified_time":"2012-10-31T11:14:42+00:00","og_image":[{"url":"https:\/\/blog.zeit.de\/kinderzeit\/files\/2012\/10\/oryxantilope-300x225.jpg"}],"author":"Redaktion KinderZEIT","twitter_card":"summary_large_image","twitter_misc":{"Verfasst von":"Redaktion KinderZEIT","Gesch\u00e4tzte Lesezeit":"1\u00a0Minute"},"schema":{"@context":"https:\/\/schema.org","@graph":[{"@type":"WebPage","@id":"https:\/\/blog.zeit.de\/kinderzeit\/2012\/10\/31\/verruckte-viecher-27-oryx-antilope_12995","url":"https:\/\/blog.zeit.de\/kinderzeit\/2012\/10\/31\/verruckte-viecher-27-oryx-antilope_12995","name":"Verr\u00fcckte Viecher (27): Oryx-Antilope - KinderZEIT-Blog","isPartOf":{"@id":"https:\/\/blog.zeit.de\/kinderzeit\/#website"},"datePublished":"2012-10-31T09:00:54+00:00","dateModified":"2012-10-31T11:14:42+00:00","author":{"@id":"https:\/\/blog.zeit.de\/kinderzeit\/#\/schema\/person\/49470446f328463e8ea80b00b7d5da9c"},"breadcrumb":{"@id":"https:\/\/blog.zeit.de\/kinderzeit\/2012\/10\/31\/verruckte-viecher-27-oryx-antilope_12995#breadcrumb"},"inLanguage":"de","potentialAction":[{"@type":"ReadAction","target":["https:\/\/blog.zeit.de\/kinderzeit\/2012\/10\/31\/verruckte-viecher-27-oryx-antilope_12995"]}]},{"@type":"BreadcrumbList","@id":"https:\/\/blog.zeit.de\/kinderzeit\/2012\/10\/31\/verruckte-viecher-27-oryx-antilope_12995#breadcrumb","itemListElement":[{"@type":"ListItem","position":1,"name":"Startseite","item":"https:\/\/blog.zeit.de\/kinderzeit"},{"@type":"ListItem","position":2,"name":"Verr\u00fcckte Viecher (27): Oryx-Antilope"}]},{"@type":"WebSite","@id":"https:\/\/blog.zeit.de\/kinderzeit\/#website","url":"https:\/\/blog.zeit.de\/kinderzeit\/","name":"KinderZEIT-Blog","description":"Politik, Kultur und R\u00e4tsel f\u00fcr junge Leser","potentialAction":[{"@type":"SearchAction","target":{"@type":"EntryPoint","urlTemplate":"https:\/\/blog.zeit.de\/kinderzeit\/?s={search_term_string}"},"query-input":"required name=search_term_string"}],"inLanguage":"de"},{"@type":"Person","@id":"https:\/\/blog.zeit.de\/kinderzeit\/#\/schema\/person\/49470446f328463e8ea80b00b7d5da9c","name":"Redaktion KinderZEIT","image":{"@type":"ImageObject","inLanguage":"de","@id":"https:\/\/blog.zeit.de\/kinderzeit\/#\/schema\/person\/image\/","url":"https:\/\/secure.gravatar.com\/avatar\/e613a4a2ad2bd6413584eec4b8dd51cb549f6f87f7a858de5437c6df45ca1659?s=96&d=mm&r=g","contentUrl":"https:\/\/secure.gravatar.com\/avatar\/e613a4a2ad2bd6413584eec4b8dd51cb549f6f87f7a858de5437c6df45ca1659?s=96&d=mm&r=g","caption":"Redaktion KinderZEIT"},"url":"https:\/\/blog.zeit.de\/kinderzeit\/author\/sandra-valeska-bruhns"}]}},"jetpack_featured_media_url":"","jetpack_sharing_enabled":true,"_links":{"self":[{"href":"https:\/\/blog.zeit.de\/kinderzeit\/wp-json\/wp\/v2\/posts\/12995","targetHints":{"allow":["GET"]}}],"collection":[{"href":"https:\/\/blog.zeit.de\/kinderzeit\/wp-json\/wp\/v2\/posts"}],"about":[{"href":"https:\/\/blog.zeit.de\/kinderzeit\/wp-json\/wp\/v2\/types\/post"}],"author":[{"embeddable":true,"href":"https:\/\/blog.zeit.de\/kinderzeit\/wp-json\/wp\/v2\/users\/217"}],"replies":[{"embeddable":true,"href":"https:\/\/blog.zeit.de\/kinderzeit\/wp-json\/wp\/v2\/comments?post=12995"}],"version-history":[{"count":9,"href":"https:\/\/blog.zeit.de\/kinderzeit\/wp-json\/wp\/v2\/posts\/12995\/revisions"}],"predecessor-version":[{"id":13016,"href":"https:\/\/blog.zeit.de\/kinderzeit\/wp-json\/wp\/v2\/posts\/12995\/revisions\/13016"}],"wp:attachment":[{"href":"https:\/\/blog.zeit.de\/kinderzeit\/wp-json\/wp\/v2\/media?parent=12995"}],"wp:term":[{"taxonomy":"category","embeddable":true,"href":"https:\/\/blog.zeit.de\/kinderzeit\/wp-json\/wp\/v2\/categories?post=12995"},{"taxonomy":"post_tag","embeddable":true,"href":"https:\/\/blog.zeit.de\/kinderzeit\/wp-json\/wp\/v2\/tags?post=12995"}],"curies":[{"name":"wp","href":"https:\/\/api.w.org\/{rel}","templated":true}]}}