{"id":13121,"date":"2012-11-22T20:42:42","date_gmt":"2012-11-22T19:42:42","guid":{"rendered":"http:\/\/blog.zeit.de\/kinderzeit\/?p=13121"},"modified":"2012-11-22T20:42:42","modified_gmt":"2012-11-22T19:42:42","slug":"sind-menschen-wie-baren","status":"publish","type":"post","link":"https:\/\/blog.zeit.de\/kinderzeit\/2012\/11\/22\/sind-menschen-wie-baren_13121","title":{"rendered":"Sind Menschen wie B\u00e4ren?"},"content":{"rendered":"<p><figure id=\"attachment_13122\" aria-describedby=\"caption-attachment-13122\" style=\"width: 540px\" class=\"wp-caption alignleft\"><img loading=\"lazy\" decoding=\"async\" src=\"https:\/\/blog.zeit.de\/kinderzeit\/files\/2012\/11\/baer-540x353.jpg\" alt=\"\" width=\"540\" height=\"353\" class=\"size-large wp-image-13122\" srcset=\"https:\/\/blog.zeit.de\/kinderzeit\/files\/2012\/11\/baer-540x353.jpg 540w, https:\/\/blog.zeit.de\/kinderzeit\/files\/2012\/11\/baer-300x196.jpg 300w, https:\/\/blog.zeit.de\/kinderzeit\/files\/2012\/11\/baer.jpg 862w\" sizes=\"auto, (max-width: 540px) 100vw, 540px\" \/><figcaption id=\"caption-attachment-13122\" class=\"wp-caption-text\">Dieser B\u00e4r tut nur so, als ob er ein B\u00e4r ist und schl\u00e4ft\/ \u00a9 Silke Weinsheimer<\/figcaption><\/figure><\/p>\n<p><strong><em>Viele Tiere ziehen sich in der kalten Jahreszeit zur\u00fcck. K\u00f6nnen Menschen auch Winterschlaf halten? Und kann man eigentlich vorschlafen? F\u00fcr die KinderZEIT hat Hauke Friederichs einen Schlafforscher gefragt<\/em><\/strong><\/p>\n<p><em>KinderZEIT: Der Winter kommt, es wird abends fr\u00fcher dunkel und morgens sp\u00e4ter hell. Viele Menschen klagen nun \u00fcber M\u00fcdigkeit. Woher kommt das?<\/em><\/p>\n<p>J\u00fcrgen Zulley: Im Winter brauchen wir tats\u00e4chlich mehr Schlaf als im Sommer. Das h\u00e4ngt damit zusammen, dass es weniger Tageslicht gibt. Im Winter fr\u00fcher ins Bett zu gehen hat eine lange Tradition: Als die Menschen ohne elektrisches Licht lebten, gingen sie in der dunklen Jahreszeit einige Stunden fr\u00fcher schlafen als im Sommer und schliefen l\u00e4nger. Was soll man ohne Licht schon machen?<!--more--><\/p>\n<p><figure id=\"attachment_13123\" aria-describedby=\"caption-attachment-13123\" style=\"width: 168px\" class=\"wp-caption alignleft\"><img loading=\"lazy\" decoding=\"async\" src=\"https:\/\/blog.zeit.de\/kinderzeit\/files\/2012\/11\/zulley.jpg\" alt=\"\" width=\"168\" height=\"127\" class=\"size-full wp-image-13123\" \/><figcaption id=\"caption-attachment-13123\" class=\"wp-caption-text\">J\u00fcrgen Zulley erforscht seit mehr als 35 Jahren den Schlaf. Er war Professor an der Universit\u00e4t Regensburg und hat dort unter anderem das Schlaflabor geleitet<\/figcaption><\/figure><\/p>\n<p><em>KinderZEIT: Tiere legen ja manchmal einen echten Schlafmarathon hin. Warum halten sie Winterschlaf?<\/em><\/p>\n<p>Zulley: Tiere passen sich mit dem Winterschlaf an die K\u00e4lte an. Wenn es friert, finden viele kaum noch Nahrung, deswegen ist es f\u00fcr sie besser, in einer H\u00f6hle oder einem Bau zu schlafen und auf w\u00e4rmere Zeiten zu warten.<br \/>\n<em><br \/>\nKinderZEIT: Schlafen die Tiere denn wirklich wochenlang durch?<\/em><\/p>\n<p>Zulley: Die meisten Winterschl\u00e4fer schlafen nicht richtig: Sie senken ihre K\u00f6rpertemperatur, ruhen und sparen dadurch Energie. Vorher fressen sie sich eine Speckschicht an und brauchen dann kaum Futter. Der Winterschlaf f\u00e4llt aber bei jeder Art unterschiedlich aus. Der Siebenschl\u00e4fer macht seinem Namen alle Ehre und scheint richtig zu schlafen. Der B\u00e4r hingegen ruht und steht zwischendurch auch mal auf, um zu fressen und zu trinken. Andere Tiere fallen manchmal vom Winterschlaf in einen richtigen Tiefschlaf.<\/p>\n<p><em>KinderZEIT: K\u00f6nnen wir Mensch auch Winterschlaf halten?<\/em><\/p>\n<p>Zulley: Nein! Wir k\u00f6nnen unsere K\u00f6rpertemperatur nicht einfach so deutlich absinken lassen. Und wir k\u00f6nnen uns auch keinen Winterspeck zulegen, der f\u00fcr Monate reicht: Wir m\u00fcssen t\u00e4glich essen. Winterschlaf ist etwas anderes als der Schlaf, den wir jede Nacht brauchen. Der Winterschlaf ist passiv, beim normalen Schlaf hingegen ist das Gehirn genauso aktiv wie am Tag. Wie der B\u00e4r braucht der Mensch aber im Winter l\u00e4ngere Ruhephasen als im Sommer, ist nicht so fit, und auch wir senken unsere K\u00f6rpertemperatur etwas. Also, ein wenig Winterruhe halten wir auch.<\/p>\n<p><em>KinderZEIT: Warum schlafen Menschen?<\/em><\/p>\n<p>Zulley: Wir ben\u00f6tigen den Schlaf, um die Dinge, die wir am Tag erlebt und gelernt haben, richtig im Ged\u00e4chtnis abspeichern zu k\u00f6nnen. W\u00e4hrend wir schlafen, arbeitet das Gehirn, legt wichtige Informationen ab und l\u00f6scht die Erinnerungen, die wir nicht brauchen. Das kann man sich wie in einer Fabrik vorstellen: Nachts stehen die Maschinen still, aber dann kommt das Putzteam, r\u00e4umt auf und schmei\u00dft unn\u00fctzes Zeug weg. Au\u00dferdem erholt sich der K\u00f6rper im Schlaf. Wunden heilen dann besser. Kinder wachsen, w\u00e4hrend sie schlafen. Schlaf ist \u00fcberlebenswichtig.<\/p>\n<p><em>KinderZEIT: Kinder m\u00fcssen meistens fr\u00fcher ins Bett gehen als Erwachsene. Brauchen sie mehr Schlaf?<\/em><\/p>\n<p>Zulley: Kinder schlafen viel mehr als Erwachsene. Ein S\u00e4ugling braucht ungef\u00e4hr 17 Stunden Schlaf, ein Vierj\u00e4hriger rund zw\u00f6lf Stunden, ein Zehnj\u00e4hriger etwa zehn Stunden. In der Pubert\u00e4t nimmt der Schlafbedarf dann wieder zu, auf bis zu 14 Stunden. Das kommt, weil die meisten Jugendlichen noch mal ordentlich wachsen. Erwachsene kommen mit sieben Stunden Schlaf gut aus.<\/p>\n<p><em>KinderZEIT: Wie lange kann ein Mensch denn wach bleiben?<\/em><\/p>\n<p>Zulley: Der Weltrekord im Wachbleiben soll bei mehr als elf Tagen liegen. Der Versuch fand allerdings in einer Kneipe statt und wird von Wissenschaftlern nicht anerkannt. Ich war einmal bei einem Experiment f\u00fcr das Fernsehen dabei, als vier Moderatoren vier Tage und N\u00e4chte lang ohne Schlaf auskommen wollten. Drei haben das geschafft, einer ist eingeschlafen. Da es f\u00fcr Menschen ungesund ist, so lange nicht zu schlafen, machen Forscher keine Aufbleib-Versuche im Schlaflabor.<\/p>\n<p><em>KinderZEIT: Was passiert, wenn man nicht schl\u00e4ft?<\/em><\/p>\n<p>Zulley: Wenn man mal ein paar Tage wenig schl\u00e4ft, kann der K\u00f6rper das wegstecken. Man ist am n\u00e4chsten Tag dann aber nicht so fit, kann sich schlechter konzentrieren, und man hat schlechtere Laune. Auf Dauer ist es gef\u00e4hrlich, zu wenig zu schlafen: Das kann dick, dumm und krank machen.<\/p>\n<p><em><br \/>\nKinderZEIT: Kann ich vorschlafen, also Donnerstag ganz lange schlafen, wenn ich Freitag l\u00e4nger aufbleiben will?<\/em><\/p>\n<p>Zulley: Vorschlafen geht f\u00fcr eine Nacht. Wenn man lange aufbleiben will, dann sollte man aber am Nachmittag vorschlafen \u2013 nicht am Tag vorher. Mit einem langen Mittagsschlaf wird man am Abend sp\u00e4ter m\u00fcde, weil der K\u00f6rper schon eine ordentliche Portion Schlaf bekommen hat. <\/p>\n","protected":false},"excerpt":{"rendered":"<p>Viele Tiere ziehen sich in der kalten Jahreszeit zur\u00fcck. K\u00f6nnen Menschen auch Winterschlaf halten? Und kann man eigentlich vorschlafen? F\u00fcr die KinderZEIT hat Hauke Friederichs einen Schlafforscher gefragt KinderZEIT: Der Winter kommt, es wird abends fr\u00fcher dunkel und morgens sp\u00e4ter hell. Viele Menschen klagen nun \u00fcber M\u00fcdigkeit. Woher kommt das? J\u00fcrgen Zulley: Im Winter brauchen [&hellip;]<\/p>\n","protected":false},"author":217,"featured_media":0,"comment_status":"open","ping_status":"closed","sticky":false,"template":"","format":"standard","meta":{"_jetpack_memberships_contains_paid_content":false,"footnotes":""},"categories":[12254,12969,2508,548,48,2531,889],"tags":[22577,22576,22575,22573,22572,22574],"class_list":["post-13121","post","type-post","status-publish","format-standard","hentry","category-aktuell","category-berufe","category-gesundheit","category-tiere","category-umwelt","category-weltweit","category-wissen","tag-dunkle-jahreszeit","tag-jurgen-zulley","tag-schlafforscher","tag-winterruhe","tag-winterschlaf","tag-winterstarre"],"yoast_head":"<!-- This site is optimized with the Yoast SEO plugin v21.0 - https:\/\/yoast.com\/wordpress\/plugins\/seo\/ -->\n<title>Sind Menschen wie B\u00e4ren? - KinderZEIT-Blog<\/title>\n<meta name=\"robots\" content=\"index, follow, max-snippet:-1, max-image-preview:large, max-video-preview:-1\" \/>\n<link rel=\"canonical\" href=\"https:\/\/blog.zeit.de\/kinderzeit\/2012\/11\/22\/sind-menschen-wie-baren_13121\" \/>\n<meta property=\"og:locale\" content=\"de_DE\" \/>\n<meta property=\"og:type\" content=\"article\" \/>\n<meta property=\"og:title\" content=\"Sind Menschen wie B\u00e4ren? - KinderZEIT-Blog\" \/>\n<meta property=\"og:description\" content=\"Viele Tiere ziehen sich in der kalten Jahreszeit zur\u00fcck. K\u00f6nnen Menschen auch Winterschlaf halten? Und kann man eigentlich vorschlafen? F\u00fcr die KinderZEIT hat Hauke Friederichs einen Schlafforscher gefragt KinderZEIT: Der Winter kommt, es wird abends fr\u00fcher dunkel und morgens sp\u00e4ter hell. Viele Menschen klagen nun \u00fcber M\u00fcdigkeit. Woher kommt das? J\u00fcrgen Zulley: Im Winter brauchen [&hellip;]\" \/>\n<meta property=\"og:url\" content=\"https:\/\/blog.zeit.de\/kinderzeit\/2012\/11\/22\/sind-menschen-wie-baren_13121\" \/>\n<meta property=\"og:site_name\" content=\"KinderZEIT-Blog\" \/>\n<meta property=\"article:published_time\" content=\"2012-11-22T19:42:42+00:00\" \/>\n<meta property=\"og:image\" content=\"https:\/\/blog.zeit.de\/kinderzeit\/files\/2012\/11\/baer-540x353.jpg\" \/>\n<meta name=\"author\" content=\"Redaktion KinderZEIT\" \/>\n<meta name=\"twitter:card\" content=\"summary_large_image\" \/>\n<meta name=\"twitter:label1\" content=\"Verfasst von\" \/>\n\t<meta name=\"twitter:data1\" content=\"Redaktion KinderZEIT\" \/>\n\t<meta name=\"twitter:label2\" content=\"Gesch\u00e4tzte Lesezeit\" \/>\n\t<meta name=\"twitter:data2\" content=\"4\u00a0Minuten\" \/>\n<script type=\"application\/ld+json\" class=\"yoast-schema-graph\">{\"@context\":\"https:\/\/schema.org\",\"@graph\":[{\"@type\":\"WebPage\",\"@id\":\"https:\/\/blog.zeit.de\/kinderzeit\/2012\/11\/22\/sind-menschen-wie-baren_13121\",\"url\":\"https:\/\/blog.zeit.de\/kinderzeit\/2012\/11\/22\/sind-menschen-wie-baren_13121\",\"name\":\"Sind Menschen wie B\u00e4ren? - KinderZEIT-Blog\",\"isPartOf\":{\"@id\":\"https:\/\/blog.zeit.de\/kinderzeit\/#website\"},\"datePublished\":\"2012-11-22T19:42:42+00:00\",\"dateModified\":\"2012-11-22T19:42:42+00:00\",\"author\":{\"@id\":\"https:\/\/blog.zeit.de\/kinderzeit\/#\/schema\/person\/49470446f328463e8ea80b00b7d5da9c\"},\"breadcrumb\":{\"@id\":\"https:\/\/blog.zeit.de\/kinderzeit\/2012\/11\/22\/sind-menschen-wie-baren_13121#breadcrumb\"},\"inLanguage\":\"de\",\"potentialAction\":[{\"@type\":\"ReadAction\",\"target\":[\"https:\/\/blog.zeit.de\/kinderzeit\/2012\/11\/22\/sind-menschen-wie-baren_13121\"]}]},{\"@type\":\"BreadcrumbList\",\"@id\":\"https:\/\/blog.zeit.de\/kinderzeit\/2012\/11\/22\/sind-menschen-wie-baren_13121#breadcrumb\",\"itemListElement\":[{\"@type\":\"ListItem\",\"position\":1,\"name\":\"Startseite\",\"item\":\"https:\/\/blog.zeit.de\/kinderzeit\"},{\"@type\":\"ListItem\",\"position\":2,\"name\":\"Sind Menschen wie B\u00e4ren?\"}]},{\"@type\":\"WebSite\",\"@id\":\"https:\/\/blog.zeit.de\/kinderzeit\/#website\",\"url\":\"https:\/\/blog.zeit.de\/kinderzeit\/\",\"name\":\"KinderZEIT-Blog\",\"description\":\"Politik, Kultur und R\u00e4tsel f\u00fcr junge Leser\",\"potentialAction\":[{\"@type\":\"SearchAction\",\"target\":{\"@type\":\"EntryPoint\",\"urlTemplate\":\"https:\/\/blog.zeit.de\/kinderzeit\/?s={search_term_string}\"},\"query-input\":\"required name=search_term_string\"}],\"inLanguage\":\"de\"},{\"@type\":\"Person\",\"@id\":\"https:\/\/blog.zeit.de\/kinderzeit\/#\/schema\/person\/49470446f328463e8ea80b00b7d5da9c\",\"name\":\"Redaktion KinderZEIT\",\"image\":{\"@type\":\"ImageObject\",\"inLanguage\":\"de\",\"@id\":\"https:\/\/blog.zeit.de\/kinderzeit\/#\/schema\/person\/image\/\",\"url\":\"https:\/\/secure.gravatar.com\/avatar\/e613a4a2ad2bd6413584eec4b8dd51cb549f6f87f7a858de5437c6df45ca1659?s=96&d=mm&r=g\",\"contentUrl\":\"https:\/\/secure.gravatar.com\/avatar\/e613a4a2ad2bd6413584eec4b8dd51cb549f6f87f7a858de5437c6df45ca1659?s=96&d=mm&r=g\",\"caption\":\"Redaktion KinderZEIT\"},\"url\":\"https:\/\/blog.zeit.de\/kinderzeit\/author\/sandra-valeska-bruhns\"}]}<\/script>\n<!-- \/ Yoast SEO plugin. -->","yoast_head_json":{"title":"Sind Menschen wie B\u00e4ren? - KinderZEIT-Blog","robots":{"index":"index","follow":"follow","max-snippet":"max-snippet:-1","max-image-preview":"max-image-preview:large","max-video-preview":"max-video-preview:-1"},"canonical":"https:\/\/blog.zeit.de\/kinderzeit\/2012\/11\/22\/sind-menschen-wie-baren_13121","og_locale":"de_DE","og_type":"article","og_title":"Sind Menschen wie B\u00e4ren? - KinderZEIT-Blog","og_description":"Viele Tiere ziehen sich in der kalten Jahreszeit zur\u00fcck. K\u00f6nnen Menschen auch Winterschlaf halten? Und kann man eigentlich vorschlafen? F\u00fcr die KinderZEIT hat Hauke Friederichs einen Schlafforscher gefragt KinderZEIT: Der Winter kommt, es wird abends fr\u00fcher dunkel und morgens sp\u00e4ter hell. Viele Menschen klagen nun \u00fcber M\u00fcdigkeit. Woher kommt das? J\u00fcrgen Zulley: Im Winter brauchen [&hellip;]","og_url":"https:\/\/blog.zeit.de\/kinderzeit\/2012\/11\/22\/sind-menschen-wie-baren_13121","og_site_name":"KinderZEIT-Blog","article_published_time":"2012-11-22T19:42:42+00:00","og_image":[{"url":"https:\/\/blog.zeit.de\/kinderzeit\/files\/2012\/11\/baer-540x353.jpg"}],"author":"Redaktion KinderZEIT","twitter_card":"summary_large_image","twitter_misc":{"Verfasst von":"Redaktion KinderZEIT","Gesch\u00e4tzte Lesezeit":"4\u00a0Minuten"},"schema":{"@context":"https:\/\/schema.org","@graph":[{"@type":"WebPage","@id":"https:\/\/blog.zeit.de\/kinderzeit\/2012\/11\/22\/sind-menschen-wie-baren_13121","url":"https:\/\/blog.zeit.de\/kinderzeit\/2012\/11\/22\/sind-menschen-wie-baren_13121","name":"Sind Menschen wie B\u00e4ren? - KinderZEIT-Blog","isPartOf":{"@id":"https:\/\/blog.zeit.de\/kinderzeit\/#website"},"datePublished":"2012-11-22T19:42:42+00:00","dateModified":"2012-11-22T19:42:42+00:00","author":{"@id":"https:\/\/blog.zeit.de\/kinderzeit\/#\/schema\/person\/49470446f328463e8ea80b00b7d5da9c"},"breadcrumb":{"@id":"https:\/\/blog.zeit.de\/kinderzeit\/2012\/11\/22\/sind-menschen-wie-baren_13121#breadcrumb"},"inLanguage":"de","potentialAction":[{"@type":"ReadAction","target":["https:\/\/blog.zeit.de\/kinderzeit\/2012\/11\/22\/sind-menschen-wie-baren_13121"]}]},{"@type":"BreadcrumbList","@id":"https:\/\/blog.zeit.de\/kinderzeit\/2012\/11\/22\/sind-menschen-wie-baren_13121#breadcrumb","itemListElement":[{"@type":"ListItem","position":1,"name":"Startseite","item":"https:\/\/blog.zeit.de\/kinderzeit"},{"@type":"ListItem","position":2,"name":"Sind Menschen wie B\u00e4ren?"}]},{"@type":"WebSite","@id":"https:\/\/blog.zeit.de\/kinderzeit\/#website","url":"https:\/\/blog.zeit.de\/kinderzeit\/","name":"KinderZEIT-Blog","description":"Politik, Kultur und R\u00e4tsel f\u00fcr junge Leser","potentialAction":[{"@type":"SearchAction","target":{"@type":"EntryPoint","urlTemplate":"https:\/\/blog.zeit.de\/kinderzeit\/?s={search_term_string}"},"query-input":"required name=search_term_string"}],"inLanguage":"de"},{"@type":"Person","@id":"https:\/\/blog.zeit.de\/kinderzeit\/#\/schema\/person\/49470446f328463e8ea80b00b7d5da9c","name":"Redaktion KinderZEIT","image":{"@type":"ImageObject","inLanguage":"de","@id":"https:\/\/blog.zeit.de\/kinderzeit\/#\/schema\/person\/image\/","url":"https:\/\/secure.gravatar.com\/avatar\/e613a4a2ad2bd6413584eec4b8dd51cb549f6f87f7a858de5437c6df45ca1659?s=96&d=mm&r=g","contentUrl":"https:\/\/secure.gravatar.com\/avatar\/e613a4a2ad2bd6413584eec4b8dd51cb549f6f87f7a858de5437c6df45ca1659?s=96&d=mm&r=g","caption":"Redaktion KinderZEIT"},"url":"https:\/\/blog.zeit.de\/kinderzeit\/author\/sandra-valeska-bruhns"}]}},"jetpack_featured_media_url":"","jetpack_sharing_enabled":true,"_links":{"self":[{"href":"https:\/\/blog.zeit.de\/kinderzeit\/wp-json\/wp\/v2\/posts\/13121","targetHints":{"allow":["GET"]}}],"collection":[{"href":"https:\/\/blog.zeit.de\/kinderzeit\/wp-json\/wp\/v2\/posts"}],"about":[{"href":"https:\/\/blog.zeit.de\/kinderzeit\/wp-json\/wp\/v2\/types\/post"}],"author":[{"embeddable":true,"href":"https:\/\/blog.zeit.de\/kinderzeit\/wp-json\/wp\/v2\/users\/217"}],"replies":[{"embeddable":true,"href":"https:\/\/blog.zeit.de\/kinderzeit\/wp-json\/wp\/v2\/comments?post=13121"}],"version-history":[{"count":4,"href":"https:\/\/blog.zeit.de\/kinderzeit\/wp-json\/wp\/v2\/posts\/13121\/revisions"}],"predecessor-version":[{"id":13127,"href":"https:\/\/blog.zeit.de\/kinderzeit\/wp-json\/wp\/v2\/posts\/13121\/revisions\/13127"}],"wp:attachment":[{"href":"https:\/\/blog.zeit.de\/kinderzeit\/wp-json\/wp\/v2\/media?parent=13121"}],"wp:term":[{"taxonomy":"category","embeddable":true,"href":"https:\/\/blog.zeit.de\/kinderzeit\/wp-json\/wp\/v2\/categories?post=13121"},{"taxonomy":"post_tag","embeddable":true,"href":"https:\/\/blog.zeit.de\/kinderzeit\/wp-json\/wp\/v2\/tags?post=13121"}],"curies":[{"name":"wp","href":"https:\/\/api.w.org\/{rel}","templated":true}]}}