{"id":13361,"date":"2013-01-18T11:17:26","date_gmt":"2013-01-18T10:17:26","guid":{"rendered":"http:\/\/blog.zeit.de\/kinderzeit\/?p=13361"},"modified":"2013-01-18T11:17:26","modified_gmt":"2013-01-18T10:17:26","slug":"verruckte-viecher-36-hundefloh","status":"publish","type":"post","link":"https:\/\/blog.zeit.de\/kinderzeit\/2013\/01\/18\/verruckte-viecher-36-hundefloh_13361","title":{"rendered":"Verr\u00fcckte Viecher (36): Hundefloh"},"content":{"rendered":"<p><figure id=\"attachment_13363\" aria-describedby=\"caption-attachment-13363\" style=\"width: 150px\" class=\"wp-caption alignleft\"><a href=\"https:\/\/blog.zeit.de\/kinderzeit\/2013\/01\/18\/verruckte-viecher-36-hundefloh_13361\/hundefloh\" rel=\"attachment wp-att-13363\"><img loading=\"lazy\" decoding=\"async\" src=\"https:\/\/blog.zeit.de\/kinderzeit\/files\/2013\/01\/hundefloh-150x150.jpg\" alt=\"Ein Hundefloh unter dem Mikroskop\/ \u00a9 Luis Fern\u00e1ndez Garc\u00eda\" width=\"150\" height=\"150\" class=\"size-thumbnail wp-image-13363\" \/><\/a><figcaption id=\"caption-attachment-13363\" class=\"wp-caption-text\">Ein Hundefloh unter dem Mikroskop\/ \u00a9 Luis Fern\u00e1ndez Garc\u00eda<\/figcaption><\/figure><\/p>\n<p>Fl\u00f6he sind prima Springer, klar, doch wie hoch und weit h\u00fcpfen sie genau? Und gibt es einen Unterschied zwischen Fl\u00f6hen, die Hunde anfallen, und solchen, die es auf Katzen abgesehen haben? Das wollten Forscher herausfinden und lie\u00dfen Hunde- und Katzenfl\u00f6he gegeneinander antreten. Klare Sieger waren die Hundefl\u00f6he, sie springen durchschnittlich 30 Zentimeter weit und 15 Zentimeter hoch. <!--more--><\/p>\n<p>Katzenfl\u00f6he nur 20 Zentimeter weit und 13 Zentimeter hoch. Ein einzelner Hundefloh sprang sogar 25 Zentimeter hoch, und das bei einer K\u00f6rpergr\u00f6\u00dfe von nur einem Millimeter. Das ist so, als w\u00fcrde ein Kind, das 1,50 Meter gro\u00df ist, 375 Meter hoch springen.<\/p>\n<p>Die Radiogeschichte \u00fcber den Hundefloh h\u00f6rst Du am Sonntag um 8.05 Uhr in der Sendung \u00bbMikado \u2013 Radio f\u00fcr Kinder\u00ab auf oder im <a href=\"http:\/\/www.ndr.de\/mikado\">Internet<\/a>.<\/p>\n","protected":false},"excerpt":{"rendered":"<p>Fl\u00f6he sind prima Springer, klar, doch wie hoch und weit h\u00fcpfen sie genau? Und gibt es einen Unterschied zwischen Fl\u00f6hen, die Hunde anfallen, und solchen, die es auf Katzen abgesehen haben? Das wollten Forscher herausfinden und lie\u00dfen Hunde- und Katzenfl\u00f6he gegeneinander antreten. Klare Sieger waren die Hundefl\u00f6he, sie springen durchschnittlich 30 Zentimeter weit und 15 [&hellip;]<\/p>\n","protected":false},"author":217,"featured_media":0,"comment_status":"open","ping_status":"closed","sticky":false,"template":"","format":"standard","meta":{"_jetpack_memberships_contains_paid_content":false,"footnotes":""},"categories":[548,8108,889],"tags":[22656,12618,22655,12134,1710,12181,22657,12136,22658,30168],"class_list":["post-13361","post","type-post","status-publish","format-standard","hentry","category-tiere","category-verruckte-viecher","category-wissen","tag-flohe","tag-hunde","tag-hundefloh","tag-mikado","tag-ndr","tag-ndr-info","tag-parasiten","tag-radio-fur-kinder","tag-schadlinge","tag-verruckte-viecher"],"yoast_head":"<!-- This site is optimized with the Yoast SEO plugin v21.0 - https:\/\/yoast.com\/wordpress\/plugins\/seo\/ -->\n<title>Verr\u00fcckte Viecher (36): Hundefloh - KinderZEIT-Blog<\/title>\n<meta name=\"robots\" content=\"index, follow, max-snippet:-1, max-image-preview:large, max-video-preview:-1\" \/>\n<link rel=\"canonical\" href=\"https:\/\/blog.zeit.de\/kinderzeit\/2013\/01\/18\/verruckte-viecher-36-hundefloh_13361\" \/>\n<meta property=\"og:locale\" content=\"de_DE\" \/>\n<meta property=\"og:type\" content=\"article\" \/>\n<meta property=\"og:title\" content=\"Verr\u00fcckte Viecher (36): Hundefloh - KinderZEIT-Blog\" \/>\n<meta property=\"og:description\" content=\"Fl\u00f6he sind prima Springer, klar, doch wie hoch und weit h\u00fcpfen sie genau? Und gibt es einen Unterschied zwischen Fl\u00f6hen, die Hunde anfallen, und solchen, die es auf Katzen abgesehen haben? Das wollten Forscher herausfinden und lie\u00dfen Hunde- und Katzenfl\u00f6he gegeneinander antreten. Klare Sieger waren die Hundefl\u00f6he, sie springen durchschnittlich 30 Zentimeter weit und 15 [&hellip;]\" \/>\n<meta property=\"og:url\" content=\"https:\/\/blog.zeit.de\/kinderzeit\/2013\/01\/18\/verruckte-viecher-36-hundefloh_13361\" \/>\n<meta property=\"og:site_name\" content=\"KinderZEIT-Blog\" \/>\n<meta property=\"article:published_time\" content=\"2013-01-18T10:17:26+00:00\" \/>\n<meta property=\"og:image\" content=\"https:\/\/blog.zeit.de\/kinderzeit\/files\/2013\/01\/hundefloh-150x150.jpg\" \/>\n<meta name=\"author\" content=\"Redaktion KinderZEIT\" \/>\n<meta name=\"twitter:card\" content=\"summary_large_image\" \/>\n<meta name=\"twitter:label1\" content=\"Verfasst von\" \/>\n\t<meta name=\"twitter:data1\" content=\"Redaktion KinderZEIT\" \/>\n\t<meta name=\"twitter:label2\" content=\"Gesch\u00e4tzte Lesezeit\" \/>\n\t<meta name=\"twitter:data2\" content=\"1\u00a0Minute\" \/>\n<script type=\"application\/ld+json\" class=\"yoast-schema-graph\">{\"@context\":\"https:\/\/schema.org\",\"@graph\":[{\"@type\":\"WebPage\",\"@id\":\"https:\/\/blog.zeit.de\/kinderzeit\/2013\/01\/18\/verruckte-viecher-36-hundefloh_13361\",\"url\":\"https:\/\/blog.zeit.de\/kinderzeit\/2013\/01\/18\/verruckte-viecher-36-hundefloh_13361\",\"name\":\"Verr\u00fcckte Viecher (36): Hundefloh - KinderZEIT-Blog\",\"isPartOf\":{\"@id\":\"https:\/\/blog.zeit.de\/kinderzeit\/#website\"},\"datePublished\":\"2013-01-18T10:17:26+00:00\",\"dateModified\":\"2013-01-18T10:17:26+00:00\",\"author\":{\"@id\":\"https:\/\/blog.zeit.de\/kinderzeit\/#\/schema\/person\/49470446f328463e8ea80b00b7d5da9c\"},\"breadcrumb\":{\"@id\":\"https:\/\/blog.zeit.de\/kinderzeit\/2013\/01\/18\/verruckte-viecher-36-hundefloh_13361#breadcrumb\"},\"inLanguage\":\"de\",\"potentialAction\":[{\"@type\":\"ReadAction\",\"target\":[\"https:\/\/blog.zeit.de\/kinderzeit\/2013\/01\/18\/verruckte-viecher-36-hundefloh_13361\"]}]},{\"@type\":\"BreadcrumbList\",\"@id\":\"https:\/\/blog.zeit.de\/kinderzeit\/2013\/01\/18\/verruckte-viecher-36-hundefloh_13361#breadcrumb\",\"itemListElement\":[{\"@type\":\"ListItem\",\"position\":1,\"name\":\"Startseite\",\"item\":\"https:\/\/blog.zeit.de\/kinderzeit\"},{\"@type\":\"ListItem\",\"position\":2,\"name\":\"Verr\u00fcckte Viecher (36): Hundefloh\"}]},{\"@type\":\"WebSite\",\"@id\":\"https:\/\/blog.zeit.de\/kinderzeit\/#website\",\"url\":\"https:\/\/blog.zeit.de\/kinderzeit\/\",\"name\":\"KinderZEIT-Blog\",\"description\":\"Politik, Kultur und R\u00e4tsel f\u00fcr junge Leser\",\"potentialAction\":[{\"@type\":\"SearchAction\",\"target\":{\"@type\":\"EntryPoint\",\"urlTemplate\":\"https:\/\/blog.zeit.de\/kinderzeit\/?s={search_term_string}\"},\"query-input\":\"required name=search_term_string\"}],\"inLanguage\":\"de\"},{\"@type\":\"Person\",\"@id\":\"https:\/\/blog.zeit.de\/kinderzeit\/#\/schema\/person\/49470446f328463e8ea80b00b7d5da9c\",\"name\":\"Redaktion KinderZEIT\",\"image\":{\"@type\":\"ImageObject\",\"inLanguage\":\"de\",\"@id\":\"https:\/\/blog.zeit.de\/kinderzeit\/#\/schema\/person\/image\/\",\"url\":\"https:\/\/secure.gravatar.com\/avatar\/e613a4a2ad2bd6413584eec4b8dd51cb549f6f87f7a858de5437c6df45ca1659?s=96&d=mm&r=g\",\"contentUrl\":\"https:\/\/secure.gravatar.com\/avatar\/e613a4a2ad2bd6413584eec4b8dd51cb549f6f87f7a858de5437c6df45ca1659?s=96&d=mm&r=g\",\"caption\":\"Redaktion KinderZEIT\"},\"url\":\"https:\/\/blog.zeit.de\/kinderzeit\/author\/sandra-valeska-bruhns\"}]}<\/script>\n<!-- \/ Yoast SEO plugin. -->","yoast_head_json":{"title":"Verr\u00fcckte Viecher (36): Hundefloh - KinderZEIT-Blog","robots":{"index":"index","follow":"follow","max-snippet":"max-snippet:-1","max-image-preview":"max-image-preview:large","max-video-preview":"max-video-preview:-1"},"canonical":"https:\/\/blog.zeit.de\/kinderzeit\/2013\/01\/18\/verruckte-viecher-36-hundefloh_13361","og_locale":"de_DE","og_type":"article","og_title":"Verr\u00fcckte Viecher (36): Hundefloh - KinderZEIT-Blog","og_description":"Fl\u00f6he sind prima Springer, klar, doch wie hoch und weit h\u00fcpfen sie genau? Und gibt es einen Unterschied zwischen Fl\u00f6hen, die Hunde anfallen, und solchen, die es auf Katzen abgesehen haben? Das wollten Forscher herausfinden und lie\u00dfen Hunde- und Katzenfl\u00f6he gegeneinander antreten. Klare Sieger waren die Hundefl\u00f6he, sie springen durchschnittlich 30 Zentimeter weit und 15 [&hellip;]","og_url":"https:\/\/blog.zeit.de\/kinderzeit\/2013\/01\/18\/verruckte-viecher-36-hundefloh_13361","og_site_name":"KinderZEIT-Blog","article_published_time":"2013-01-18T10:17:26+00:00","og_image":[{"url":"https:\/\/blog.zeit.de\/kinderzeit\/files\/2013\/01\/hundefloh-150x150.jpg"}],"author":"Redaktion KinderZEIT","twitter_card":"summary_large_image","twitter_misc":{"Verfasst von":"Redaktion KinderZEIT","Gesch\u00e4tzte Lesezeit":"1\u00a0Minute"},"schema":{"@context":"https:\/\/schema.org","@graph":[{"@type":"WebPage","@id":"https:\/\/blog.zeit.de\/kinderzeit\/2013\/01\/18\/verruckte-viecher-36-hundefloh_13361","url":"https:\/\/blog.zeit.de\/kinderzeit\/2013\/01\/18\/verruckte-viecher-36-hundefloh_13361","name":"Verr\u00fcckte Viecher (36): Hundefloh - KinderZEIT-Blog","isPartOf":{"@id":"https:\/\/blog.zeit.de\/kinderzeit\/#website"},"datePublished":"2013-01-18T10:17:26+00:00","dateModified":"2013-01-18T10:17:26+00:00","author":{"@id":"https:\/\/blog.zeit.de\/kinderzeit\/#\/schema\/person\/49470446f328463e8ea80b00b7d5da9c"},"breadcrumb":{"@id":"https:\/\/blog.zeit.de\/kinderzeit\/2013\/01\/18\/verruckte-viecher-36-hundefloh_13361#breadcrumb"},"inLanguage":"de","potentialAction":[{"@type":"ReadAction","target":["https:\/\/blog.zeit.de\/kinderzeit\/2013\/01\/18\/verruckte-viecher-36-hundefloh_13361"]}]},{"@type":"BreadcrumbList","@id":"https:\/\/blog.zeit.de\/kinderzeit\/2013\/01\/18\/verruckte-viecher-36-hundefloh_13361#breadcrumb","itemListElement":[{"@type":"ListItem","position":1,"name":"Startseite","item":"https:\/\/blog.zeit.de\/kinderzeit"},{"@type":"ListItem","position":2,"name":"Verr\u00fcckte Viecher (36): Hundefloh"}]},{"@type":"WebSite","@id":"https:\/\/blog.zeit.de\/kinderzeit\/#website","url":"https:\/\/blog.zeit.de\/kinderzeit\/","name":"KinderZEIT-Blog","description":"Politik, Kultur und R\u00e4tsel f\u00fcr junge Leser","potentialAction":[{"@type":"SearchAction","target":{"@type":"EntryPoint","urlTemplate":"https:\/\/blog.zeit.de\/kinderzeit\/?s={search_term_string}"},"query-input":"required name=search_term_string"}],"inLanguage":"de"},{"@type":"Person","@id":"https:\/\/blog.zeit.de\/kinderzeit\/#\/schema\/person\/49470446f328463e8ea80b00b7d5da9c","name":"Redaktion KinderZEIT","image":{"@type":"ImageObject","inLanguage":"de","@id":"https:\/\/blog.zeit.de\/kinderzeit\/#\/schema\/person\/image\/","url":"https:\/\/secure.gravatar.com\/avatar\/e613a4a2ad2bd6413584eec4b8dd51cb549f6f87f7a858de5437c6df45ca1659?s=96&d=mm&r=g","contentUrl":"https:\/\/secure.gravatar.com\/avatar\/e613a4a2ad2bd6413584eec4b8dd51cb549f6f87f7a858de5437c6df45ca1659?s=96&d=mm&r=g","caption":"Redaktion KinderZEIT"},"url":"https:\/\/blog.zeit.de\/kinderzeit\/author\/sandra-valeska-bruhns"}]}},"jetpack_featured_media_url":"","jetpack_sharing_enabled":true,"_links":{"self":[{"href":"https:\/\/blog.zeit.de\/kinderzeit\/wp-json\/wp\/v2\/posts\/13361","targetHints":{"allow":["GET"]}}],"collection":[{"href":"https:\/\/blog.zeit.de\/kinderzeit\/wp-json\/wp\/v2\/posts"}],"about":[{"href":"https:\/\/blog.zeit.de\/kinderzeit\/wp-json\/wp\/v2\/types\/post"}],"author":[{"embeddable":true,"href":"https:\/\/blog.zeit.de\/kinderzeit\/wp-json\/wp\/v2\/users\/217"}],"replies":[{"embeddable":true,"href":"https:\/\/blog.zeit.de\/kinderzeit\/wp-json\/wp\/v2\/comments?post=13361"}],"version-history":[{"count":10,"href":"https:\/\/blog.zeit.de\/kinderzeit\/wp-json\/wp\/v2\/posts\/13361\/revisions"}],"predecessor-version":[{"id":13372,"href":"https:\/\/blog.zeit.de\/kinderzeit\/wp-json\/wp\/v2\/posts\/13361\/revisions\/13372"}],"wp:attachment":[{"href":"https:\/\/blog.zeit.de\/kinderzeit\/wp-json\/wp\/v2\/media?parent=13361"}],"wp:term":[{"taxonomy":"category","embeddable":true,"href":"https:\/\/blog.zeit.de\/kinderzeit\/wp-json\/wp\/v2\/categories?post=13361"},{"taxonomy":"post_tag","embeddable":true,"href":"https:\/\/blog.zeit.de\/kinderzeit\/wp-json\/wp\/v2\/tags?post=13361"}],"curies":[{"name":"wp","href":"https:\/\/api.w.org\/{rel}","templated":true}]}}