{"id":13583,"date":"2013-02-21T11:29:51","date_gmt":"2013-02-21T10:29:51","guid":{"rendered":"http:\/\/blog.zeit.de\/kinderzeit\/?p=13583"},"modified":"2013-02-21T11:29:51","modified_gmt":"2013-02-21T10:29:51","slug":"verruckte-viecher-41-das-zwergchamaleon","status":"publish","type":"post","link":"https:\/\/blog.zeit.de\/kinderzeit\/2013\/02\/21\/verruckte-viecher-41-das-zwergchamaleon_13583","title":{"rendered":"Verr\u00fcckte Viecher (41): Das Zwergcham\u00e4leon"},"content":{"rendered":"<p>Kein Wunder, dass dieses Viech erst im vergangenen Jahr von Forschern entdeckt wurde \u2013 es ist so winzig, dass man es leicht \u00fcbersehen kann. Von der Nasen- bis zur Schwanzspitze messen ausgewachsene Zwergcham\u00e4leons gerade mal zwei Zentimeter. Jungtiere sind kaum gr\u00f6\u00dfer als ein Streichholzkopf, wie Du auf dem Foto sehen kannst. Schuld an der Winzigkeit dieser Tiere ist vermutlich die \u00bbInselverzwergung\u00ab. Mit diesem Wort erkl\u00e4ren Wissenschaftler, dass Tiere auf Inseln im Laufe von Tausenden von Jahren immer kleiner werden. <!--more--><br \/>\nMeistens gibt es auf Inseln weniger zu fressen als auf dem Festland, da ist es praktisch, wenn man nicht so viel Futter braucht. Oft sind auf Inseln auch weniger Raubtiere unterwegs, gegen die man sich wehren muss \u2013 auch daf\u00fcr lohnt sich das Gro\u00dfsein also nicht. Das Zwergcham\u00e4leon kommt nur auf Nosy Hara vor, einer Insel bei Madagaskar, die mit zwei Kilometern L\u00e4nge selbst ein Winzling ist.<\/p>\n<p>Die Radiogeschichte \u00fcber das Zwergcham\u00e4leon h\u00f6rst Du am Sonntag um 8.05 Uhr in der Sendung \u00bbMikado \u2013 Radio f\u00fcr Kinder\u00ab auf oder im <a href=\"http:\/\/www.ndr.de\/mikado\">Internet<\/a>.<\/p>\n","protected":false},"excerpt":{"rendered":"<p>Kein Wunder, dass dieses Viech erst im vergangenen Jahr von Forschern entdeckt wurde \u2013 es ist so winzig, dass man es leicht \u00fcbersehen kann. Von der Nasen- bis zur Schwanzspitze messen ausgewachsene Zwergcham\u00e4leons gerade mal zwei Zentimeter. Jungtiere sind kaum gr\u00f6\u00dfer als ein Streichholzkopf, wie Du auf dem Foto sehen kannst. Schuld an der Winzigkeit [&hellip;]<\/p>\n","protected":false},"author":217,"featured_media":0,"comment_status":"open","ping_status":"closed","sticky":false,"template":"","format":"standard","meta":{"_jetpack_memberships_contains_paid_content":false,"footnotes":""},"categories":[548,8108],"tags":[25602,25604,12181,30168,25603],"class_list":["post-13583","post","type-post","status-publish","format-standard","hentry","category-tiere","category-verruckte-viecher","tag-info","tag-mikado-radio-fur-kinder","tag-ndr-info","tag-verruckte-viecher","tag-zwergchamaleon"],"yoast_head":"<!-- This site is optimized with the Yoast SEO plugin v21.0 - https:\/\/yoast.com\/wordpress\/plugins\/seo\/ -->\n<title>Verr\u00fcckte Viecher (41): Das Zwergcham\u00e4leon - KinderZEIT-Blog<\/title>\n<meta name=\"robots\" content=\"index, follow, max-snippet:-1, max-image-preview:large, max-video-preview:-1\" \/>\n<link rel=\"canonical\" href=\"https:\/\/blog.zeit.de\/kinderzeit\/2013\/02\/21\/verruckte-viecher-41-das-zwergchamaleon_13583\" \/>\n<meta property=\"og:locale\" content=\"de_DE\" \/>\n<meta property=\"og:type\" content=\"article\" \/>\n<meta property=\"og:title\" content=\"Verr\u00fcckte Viecher (41): Das Zwergcham\u00e4leon - KinderZEIT-Blog\" \/>\n<meta property=\"og:description\" content=\"Kein Wunder, dass dieses Viech erst im vergangenen Jahr von Forschern entdeckt wurde \u2013 es ist so winzig, dass man es leicht \u00fcbersehen kann. Von der Nasen- bis zur Schwanzspitze messen ausgewachsene Zwergcham\u00e4leons gerade mal zwei Zentimeter. Jungtiere sind kaum gr\u00f6\u00dfer als ein Streichholzkopf, wie Du auf dem Foto sehen kannst. Schuld an der Winzigkeit [&hellip;]\" \/>\n<meta property=\"og:url\" content=\"https:\/\/blog.zeit.de\/kinderzeit\/2013\/02\/21\/verruckte-viecher-41-das-zwergchamaleon_13583\" \/>\n<meta property=\"og:site_name\" content=\"KinderZEIT-Blog\" \/>\n<meta property=\"article:published_time\" content=\"2013-02-21T10:29:51+00:00\" \/>\n<meta name=\"author\" content=\"Redaktion KinderZEIT\" \/>\n<meta name=\"twitter:card\" content=\"summary_large_image\" \/>\n<meta name=\"twitter:label1\" content=\"Verfasst von\" \/>\n\t<meta name=\"twitter:data1\" content=\"Redaktion KinderZEIT\" \/>\n\t<meta name=\"twitter:label2\" content=\"Gesch\u00e4tzte Lesezeit\" \/>\n\t<meta name=\"twitter:data2\" content=\"1\u00a0Minute\" \/>\n<script type=\"application\/ld+json\" class=\"yoast-schema-graph\">{\"@context\":\"https:\/\/schema.org\",\"@graph\":[{\"@type\":\"WebPage\",\"@id\":\"https:\/\/blog.zeit.de\/kinderzeit\/2013\/02\/21\/verruckte-viecher-41-das-zwergchamaleon_13583\",\"url\":\"https:\/\/blog.zeit.de\/kinderzeit\/2013\/02\/21\/verruckte-viecher-41-das-zwergchamaleon_13583\",\"name\":\"Verr\u00fcckte Viecher (41): Das Zwergcham\u00e4leon - KinderZEIT-Blog\",\"isPartOf\":{\"@id\":\"https:\/\/blog.zeit.de\/kinderzeit\/#website\"},\"datePublished\":\"2013-02-21T10:29:51+00:00\",\"dateModified\":\"2013-02-21T10:29:51+00:00\",\"author\":{\"@id\":\"https:\/\/blog.zeit.de\/kinderzeit\/#\/schema\/person\/49470446f328463e8ea80b00b7d5da9c\"},\"breadcrumb\":{\"@id\":\"https:\/\/blog.zeit.de\/kinderzeit\/2013\/02\/21\/verruckte-viecher-41-das-zwergchamaleon_13583#breadcrumb\"},\"inLanguage\":\"de\",\"potentialAction\":[{\"@type\":\"ReadAction\",\"target\":[\"https:\/\/blog.zeit.de\/kinderzeit\/2013\/02\/21\/verruckte-viecher-41-das-zwergchamaleon_13583\"]}]},{\"@type\":\"BreadcrumbList\",\"@id\":\"https:\/\/blog.zeit.de\/kinderzeit\/2013\/02\/21\/verruckte-viecher-41-das-zwergchamaleon_13583#breadcrumb\",\"itemListElement\":[{\"@type\":\"ListItem\",\"position\":1,\"name\":\"Startseite\",\"item\":\"https:\/\/blog.zeit.de\/kinderzeit\"},{\"@type\":\"ListItem\",\"position\":2,\"name\":\"Verr\u00fcckte Viecher (41): Das Zwergcham\u00e4leon\"}]},{\"@type\":\"WebSite\",\"@id\":\"https:\/\/blog.zeit.de\/kinderzeit\/#website\",\"url\":\"https:\/\/blog.zeit.de\/kinderzeit\/\",\"name\":\"KinderZEIT-Blog\",\"description\":\"Politik, Kultur und R\u00e4tsel f\u00fcr junge Leser\",\"potentialAction\":[{\"@type\":\"SearchAction\",\"target\":{\"@type\":\"EntryPoint\",\"urlTemplate\":\"https:\/\/blog.zeit.de\/kinderzeit\/?s={search_term_string}\"},\"query-input\":\"required name=search_term_string\"}],\"inLanguage\":\"de\"},{\"@type\":\"Person\",\"@id\":\"https:\/\/blog.zeit.de\/kinderzeit\/#\/schema\/person\/49470446f328463e8ea80b00b7d5da9c\",\"name\":\"Redaktion KinderZEIT\",\"image\":{\"@type\":\"ImageObject\",\"inLanguage\":\"de\",\"@id\":\"https:\/\/blog.zeit.de\/kinderzeit\/#\/schema\/person\/image\/\",\"url\":\"https:\/\/secure.gravatar.com\/avatar\/e613a4a2ad2bd6413584eec4b8dd51cb549f6f87f7a858de5437c6df45ca1659?s=96&d=mm&r=g\",\"contentUrl\":\"https:\/\/secure.gravatar.com\/avatar\/e613a4a2ad2bd6413584eec4b8dd51cb549f6f87f7a858de5437c6df45ca1659?s=96&d=mm&r=g\",\"caption\":\"Redaktion KinderZEIT\"},\"url\":\"https:\/\/blog.zeit.de\/kinderzeit\/author\/sandra-valeska-bruhns\"}]}<\/script>\n<!-- \/ Yoast SEO plugin. -->","yoast_head_json":{"title":"Verr\u00fcckte Viecher (41): Das Zwergcham\u00e4leon - KinderZEIT-Blog","robots":{"index":"index","follow":"follow","max-snippet":"max-snippet:-1","max-image-preview":"max-image-preview:large","max-video-preview":"max-video-preview:-1"},"canonical":"https:\/\/blog.zeit.de\/kinderzeit\/2013\/02\/21\/verruckte-viecher-41-das-zwergchamaleon_13583","og_locale":"de_DE","og_type":"article","og_title":"Verr\u00fcckte Viecher (41): Das Zwergcham\u00e4leon - KinderZEIT-Blog","og_description":"Kein Wunder, dass dieses Viech erst im vergangenen Jahr von Forschern entdeckt wurde \u2013 es ist so winzig, dass man es leicht \u00fcbersehen kann. Von der Nasen- bis zur Schwanzspitze messen ausgewachsene Zwergcham\u00e4leons gerade mal zwei Zentimeter. Jungtiere sind kaum gr\u00f6\u00dfer als ein Streichholzkopf, wie Du auf dem Foto sehen kannst. Schuld an der Winzigkeit [&hellip;]","og_url":"https:\/\/blog.zeit.de\/kinderzeit\/2013\/02\/21\/verruckte-viecher-41-das-zwergchamaleon_13583","og_site_name":"KinderZEIT-Blog","article_published_time":"2013-02-21T10:29:51+00:00","author":"Redaktion KinderZEIT","twitter_card":"summary_large_image","twitter_misc":{"Verfasst von":"Redaktion KinderZEIT","Gesch\u00e4tzte Lesezeit":"1\u00a0Minute"},"schema":{"@context":"https:\/\/schema.org","@graph":[{"@type":"WebPage","@id":"https:\/\/blog.zeit.de\/kinderzeit\/2013\/02\/21\/verruckte-viecher-41-das-zwergchamaleon_13583","url":"https:\/\/blog.zeit.de\/kinderzeit\/2013\/02\/21\/verruckte-viecher-41-das-zwergchamaleon_13583","name":"Verr\u00fcckte Viecher (41): Das Zwergcham\u00e4leon - KinderZEIT-Blog","isPartOf":{"@id":"https:\/\/blog.zeit.de\/kinderzeit\/#website"},"datePublished":"2013-02-21T10:29:51+00:00","dateModified":"2013-02-21T10:29:51+00:00","author":{"@id":"https:\/\/blog.zeit.de\/kinderzeit\/#\/schema\/person\/49470446f328463e8ea80b00b7d5da9c"},"breadcrumb":{"@id":"https:\/\/blog.zeit.de\/kinderzeit\/2013\/02\/21\/verruckte-viecher-41-das-zwergchamaleon_13583#breadcrumb"},"inLanguage":"de","potentialAction":[{"@type":"ReadAction","target":["https:\/\/blog.zeit.de\/kinderzeit\/2013\/02\/21\/verruckte-viecher-41-das-zwergchamaleon_13583"]}]},{"@type":"BreadcrumbList","@id":"https:\/\/blog.zeit.de\/kinderzeit\/2013\/02\/21\/verruckte-viecher-41-das-zwergchamaleon_13583#breadcrumb","itemListElement":[{"@type":"ListItem","position":1,"name":"Startseite","item":"https:\/\/blog.zeit.de\/kinderzeit"},{"@type":"ListItem","position":2,"name":"Verr\u00fcckte Viecher (41): Das Zwergcham\u00e4leon"}]},{"@type":"WebSite","@id":"https:\/\/blog.zeit.de\/kinderzeit\/#website","url":"https:\/\/blog.zeit.de\/kinderzeit\/","name":"KinderZEIT-Blog","description":"Politik, Kultur und R\u00e4tsel f\u00fcr junge Leser","potentialAction":[{"@type":"SearchAction","target":{"@type":"EntryPoint","urlTemplate":"https:\/\/blog.zeit.de\/kinderzeit\/?s={search_term_string}"},"query-input":"required name=search_term_string"}],"inLanguage":"de"},{"@type":"Person","@id":"https:\/\/blog.zeit.de\/kinderzeit\/#\/schema\/person\/49470446f328463e8ea80b00b7d5da9c","name":"Redaktion KinderZEIT","image":{"@type":"ImageObject","inLanguage":"de","@id":"https:\/\/blog.zeit.de\/kinderzeit\/#\/schema\/person\/image\/","url":"https:\/\/secure.gravatar.com\/avatar\/e613a4a2ad2bd6413584eec4b8dd51cb549f6f87f7a858de5437c6df45ca1659?s=96&d=mm&r=g","contentUrl":"https:\/\/secure.gravatar.com\/avatar\/e613a4a2ad2bd6413584eec4b8dd51cb549f6f87f7a858de5437c6df45ca1659?s=96&d=mm&r=g","caption":"Redaktion KinderZEIT"},"url":"https:\/\/blog.zeit.de\/kinderzeit\/author\/sandra-valeska-bruhns"}]}},"jetpack_featured_media_url":"","jetpack_sharing_enabled":true,"_links":{"self":[{"href":"https:\/\/blog.zeit.de\/kinderzeit\/wp-json\/wp\/v2\/posts\/13583","targetHints":{"allow":["GET"]}}],"collection":[{"href":"https:\/\/blog.zeit.de\/kinderzeit\/wp-json\/wp\/v2\/posts"}],"about":[{"href":"https:\/\/blog.zeit.de\/kinderzeit\/wp-json\/wp\/v2\/types\/post"}],"author":[{"embeddable":true,"href":"https:\/\/blog.zeit.de\/kinderzeit\/wp-json\/wp\/v2\/users\/217"}],"replies":[{"embeddable":true,"href":"https:\/\/blog.zeit.de\/kinderzeit\/wp-json\/wp\/v2\/comments?post=13583"}],"version-history":[{"count":3,"href":"https:\/\/blog.zeit.de\/kinderzeit\/wp-json\/wp\/v2\/posts\/13583\/revisions"}],"predecessor-version":[{"id":13586,"href":"https:\/\/blog.zeit.de\/kinderzeit\/wp-json\/wp\/v2\/posts\/13583\/revisions\/13586"}],"wp:attachment":[{"href":"https:\/\/blog.zeit.de\/kinderzeit\/wp-json\/wp\/v2\/media?parent=13583"}],"wp:term":[{"taxonomy":"category","embeddable":true,"href":"https:\/\/blog.zeit.de\/kinderzeit\/wp-json\/wp\/v2\/categories?post=13583"},{"taxonomy":"post_tag","embeddable":true,"href":"https:\/\/blog.zeit.de\/kinderzeit\/wp-json\/wp\/v2\/tags?post=13583"}],"curies":[{"name":"wp","href":"https:\/\/api.w.org\/{rel}","templated":true}]}}