{"id":13710,"date":"2013-03-14T20:33:56","date_gmt":"2013-03-14T19:33:56","guid":{"rendered":"http:\/\/blog.zeit.de\/kinderzeit\/?p=13710"},"modified":"2013-03-18T15:01:50","modified_gmt":"2013-03-18T14:01:50","slug":"alte-schweden","status":"publish","type":"post","link":"https:\/\/blog.zeit.de\/kinderzeit\/2013\/03\/14\/alte-schweden_13710","title":{"rendered":"Alte Schweden"},"content":{"rendered":"<p><figure id=\"attachment_13713\" aria-describedby=\"caption-attachment-13713\" style=\"width: 266px\" class=\"wp-caption alignleft\"><img loading=\"lazy\" decoding=\"async\" src=\"https:\/\/blog.zeit.de\/kinderzeit\/files\/2013\/03\/wickie.jpg\" alt=\"Filmheld Wickie mit Vater Halvar\/ \u00a9 Constantin Film\" width=\"266\" height=\"189\" class=\"size-full wp-image-13713\" \/><figcaption id=\"caption-attachment-13713\" class=\"wp-caption-text\">Filmheld Wickie mit Vater Halvar\/ \u00a9 Constantin Film<\/figcaption><\/figure><\/p>\n<p><strong>Die Kinderbuchhelden Michel und Wickie wurden beide in Sm\u00e5land erfunden und sind eigentlich l\u00e4ngst erwachsen: Sie feiern dieses Jahr ihren 50. Geburtstag<\/strong><\/p>\n<p><em>Von Torsten Weiler<\/em><\/p>\n<p>Michel ist der schlimmste Junge, den man sich nur denken kann. Das m\u00fcssen sich seine Eltern h\u00e4ufig anh\u00f6ren. Dabei versucht Michel eigentlich immer, etwas besonders gut zu machen. Aber irgendwie geht das fast immer richtig schief. Zum Beispiel die Geschichte mit der Mausefalle: Michel stellte eine mit dickem Drahtb\u00fcgel, der zuschnappt, wenn die Maus am K\u00f6der knabbert, in der K\u00fcche unterm Esstisch auf. Gute Idee, denn eine Maus hat im Haus nichts zu suchen. Doch statt des Nagetiers f\u00e4ngt Michel seinen Vater, zumindest dessen gro\u00dfen Zeh. Der Vater setzt sich morgens n\u00e4mlich gern barfu\u00df an den Tisch. Ein gellender Schrei weckt die Familie, und Michel ist schlau genug, sehr schnell im Tischlerschuppen zu verschwinden&#8230;<!--more--><\/p>\n<p>Ein anderer Vater hat auch ein Problem mit seinem Sohn: Der Wikingerpapa Halvar muss damit zurechtkommen, dass sein Sohn Wickie etwas \u00e4ngstlich, gleichzeitig aber viel schlauer ist als Halvar selbst. Ziemlich peinlich, denn seine Wikingerhorde ruft nicht nach ihm, dem Chef, wenn sie wieder einmal im Verlies der Feinde gelandet ist. Nein, die Wikinger rufen nach Wickie, nur ihm trauen sie die rettende Idee zu. Zu Recht! Dem Kerlchen f\u00e4llt immer etwas ein: Mal baut er eine Wasserleitung und sp\u00fclt die feindlichen Soldaten fort; mal verkleidet er die gefangenen M\u00e4nner so, dass sie unerkannt aus der Burg fliehen k\u00f6nnen. Und immer knirschen die Feinde am Ende mit den Z\u00e4hnen.<\/p>\n<p><figure id=\"attachment_13714\" aria-describedby=\"caption-attachment-13714\" style=\"width: 300px\" class=\"wp-caption alignleft\"><img loading=\"lazy\" decoding=\"async\" src=\"https:\/\/blog.zeit.de\/kinderzeit\/files\/2013\/03\/michel-300x151.jpg\" alt=\"MIchel mit seiner M\u00fcsse\/ \u00a9 Oetinger Kinderfilm\" width=\"300\" height=\"151\" class=\"size-medium wp-image-13714\" srcset=\"https:\/\/blog.zeit.de\/kinderzeit\/files\/2013\/03\/michel-300x151.jpg 300w, https:\/\/blog.zeit.de\/kinderzeit\/files\/2013\/03\/michel-540x273.jpg 540w, https:\/\/blog.zeit.de\/kinderzeit\/files\/2013\/03\/michel.jpg 1014w\" sizes=\"auto, (max-width: 300px) 100vw, 300px\" \/><figcaption id=\"caption-attachment-13714\" class=\"wp-caption-text\">MIchel mit seiner M\u00fcsse\/ \u00a9 Oetinger Kinderfilm<\/figcaption><\/figure><\/p>\n<p>Michel und Wickie verbindet nicht nur, dass sie es mit ihren V\u00e4tern nicht immer ganz leicht haben \u2013 oder die mit ihnen. Beide sind zwei schwedische Jungs. W\u00fcrde es sie wirklich geben, w\u00e4ren sie schwedische Opas, denn beide werden in diesem Jahr 50 Jahre alt! Seit einem halben Jahrhundert hecken sie ihre Streiche und Ideen aus, bestehen Abenteuer und haben sich Millionen Freunde erobert \u2013 zuerst in B\u00fcchern, dann auch im Fernsehen und im Kino.<\/p>\n<p>Die Schriftsteller, die Michel und Wickie erschaffen haben, stammen sogar beide aus der gleichen Region Schwedens, aus Sm\u00e5land. Es ist eine Gegend im S\u00fcden, in der es viele Seen, gro\u00dfe W\u00e4lder und viele alte Sagen und Geschichten gibt. Astrid Lindgren und Runer Jonsson leben heute nicht mehr, und sie kannten sich fr\u00fcher auch nicht. Nur einmal, da hat Jonsson die neun Jahre \u00e4ltere Lindgren getroffen, erinnert sich seine Frau. Wann genau das war, wei\u00df sie aber nicht mehr.<\/p>\n<p>Obwohl Lindgren und Jonsson aus derselben Gegend stammen, sind ihre Helden sehr verschieden: Wickie wird vor etwa 1000 Jahren im Wikingerdorf Flake gro\u00df. Sein Erkennungszeichen ist die Stupsnase, die er sich gedankenverloren reibt, bevor er mit dem Finger schnippt und auf seine ber\u00fchmten Ideen kommt. Michel lebt auf dem Katthult-Hof in L\u00f6nneberga. Seine Ideen bringen ihn oft in Schwierigkeiten. Und wenn er im Schuppen f\u00fcr seine Streiche b\u00fc\u00dfen muss, schnitzt er M\u00e4nnchen \u2013 mehr als 300 Figuren werden es!<\/p>\n<p>Eine echte Person war Astrid Lindgrens Vorbild f\u00fcr Michel: ihr eigener Vater. Der muss ein ziemlicher Lausebengel gewesen sein. Der Hof, auf dem Michel aufw\u00e4chst, die Feste und die Menschen \u2013 das war die Welt, in der Astrid selbst vor einem Jahrhundert gro\u00df geworden ist. Diese Erinnerung wollte sie mit ihren Lesern teilen, hat sie einmal gesagt. So ber\u00fchmt wie Astrid Lindgren wurde der Erfinder von Wickie, Runer Jonsson, nicht. Er arbeitete f\u00fcr eine der kleinsten Zeitungen Schwedens, die Nybro Tidning, und schrieb erst B\u00fccher f\u00fcr Erwachsene. Die Wickie-Abenteuer hat er seinem Sohn Bengt als Gute-Nacht-Geschichten erz\u00e4hlt. Der Sohn hatte damals die Idee, ein Buch daraus zu machen. \u00bbDass es so ein Erfolg werden w\u00fcrde, hat meinen Vater \u00fcberrascht\u00ab, erz\u00e4hlt sein Sohn heute, \u00bbund es hat ihn sehr froh gemacht.\u00ab Ein Jahr sp\u00e4ter erschien Wickie und die starken M\u00e4nner auf Deutsch, und 1965 bekam Jonsson daf\u00fcr den Deutschen Jugendliteraturpreis, den wichtigsten Preis f\u00fcr Kinder- und Jugendb\u00fccher in Deutschland.<\/p>\n<p>Die Abenteuer von Wickie und Michel kamen auch ins Fernsehen und ins Kino. Wickie war einer der ersten deutschen Zeichentrickhelden \u00fcberhaupt. Das ZDF hat die Geschichten vor fast vierzig Jahren von einem japanischen Studio zeichnen lassen. Auch Michels Streiche wurden etwa zu dieser Zeit erstmals verfilmt \u2013 allerdings mit Schauspielern. Darauf musste Wickie bei uns noch etwas warten: 2009 tobte er, von richtigen Menschen gespielt, \u00fcber die deutschen Kinoleinw\u00e4nde.<\/p>\n<p>Zwei schwedische Jungs in zwei sehr unterschiedlichen Welten \u2013 Wikinger auf gro\u00dfer Fahrt der eine, Bauernsohn auf dem Land der andere. Schade, dass sie sich nicht begegnen konnten. \u00bbWarst du nun mutig oder nicht?\u00ab, h\u00e4tte Michel den Wickie vielleicht gefragt. \u00bbNa ja, vor W\u00f6lfen hatte ich immer Angst\u00ab, h\u00e4tte der wohl geantwortet. \u00bbAber wenn\u2019s darum geht, den anderen zu helfen, muss man klug sein \u2013 und mutig.\u00ab Vielleicht h\u00e4tte Wickie ja auch zur\u00fcckgefragt: \u00bbUnd du, hattest du immer nur Bl\u00f6dsinn im Kopf?\u00ab \u2013 \u00bbNein\u00ab, h\u00e4tte Michel dann sicher erwidert. \u00bbIch meinte es doch immer nur gut, und oft ist ja auch was Gutes dabei herausgekommen.\u00ab<\/p>\n<p>Und darum sind ihre V\u00e4ter Halvar und Anton (die M\u00fctter Ylva und Alma sowieso!) auf ihre S\u00f6hne trotz allem sehr stolz. Denn Wickie und Michel k\u00f6nnen zwar gro\u00dfe Schlingel sein, aber sie haben das Herz auf dem rechten Fleck.<\/p>\n","protected":false},"excerpt":{"rendered":"<p>Die Kinderbuchhelden Michel und Wickie wurden beide in Sm\u00e5land erfunden und sind eigentlich l\u00e4ngst erwachsen: Sie feiern dieses Jahr ihren 50. Geburtstag Von Torsten Weiler Michel ist der schlimmste Junge, den man sich nur denken kann. Das m\u00fcssen sich seine Eltern h\u00e4ufig anh\u00f6ren. Dabei versucht Michel eigentlich immer, etwas besonders gut zu machen. Aber irgendwie [&hellip;]<\/p>\n","protected":false},"author":217,"featured_media":0,"comment_status":"closed","ping_status":"closed","sticky":false,"template":"","format":"standard","meta":{"_jetpack_memberships_contains_paid_content":false,"footnotes":""},"categories":[12265,12139],"tags":[25657,2257,25656,25658,25659,25654,25655],"class_list":["post-13710","post","type-post","status-publish","format-standard","hentry","category-was-soll-ich-lesen-2","category-wer-war-eigentlich-2","tag-alte-schweden","tag-astrid-lindgren","tag-helden-aus-schweden","tag-kinderbucher-aus-schweden","tag-kinderhelden-aus-schweden","tag-michel","tag-wickie"],"yoast_head":"<!-- This site is optimized with the Yoast SEO plugin v21.0 - https:\/\/yoast.com\/wordpress\/plugins\/seo\/ -->\n<title>Alte Schweden - KinderZEIT-Blog<\/title>\n<meta name=\"robots\" content=\"index, follow, max-snippet:-1, max-image-preview:large, max-video-preview:-1\" \/>\n<link rel=\"canonical\" href=\"https:\/\/blog.zeit.de\/kinderzeit\/2013\/03\/14\/alte-schweden_13710\" \/>\n<meta property=\"og:locale\" content=\"de_DE\" \/>\n<meta property=\"og:type\" content=\"article\" \/>\n<meta property=\"og:title\" content=\"Alte Schweden - KinderZEIT-Blog\" \/>\n<meta property=\"og:description\" content=\"Die Kinderbuchhelden Michel und Wickie wurden beide in Sm\u00e5land erfunden und sind eigentlich l\u00e4ngst erwachsen: Sie feiern dieses Jahr ihren 50. Geburtstag Von Torsten Weiler Michel ist der schlimmste Junge, den man sich nur denken kann. Das m\u00fcssen sich seine Eltern h\u00e4ufig anh\u00f6ren. Dabei versucht Michel eigentlich immer, etwas besonders gut zu machen. Aber irgendwie [&hellip;]\" \/>\n<meta property=\"og:url\" content=\"https:\/\/blog.zeit.de\/kinderzeit\/2013\/03\/14\/alte-schweden_13710\" \/>\n<meta property=\"og:site_name\" content=\"KinderZEIT-Blog\" \/>\n<meta property=\"article:published_time\" content=\"2013-03-14T19:33:56+00:00\" \/>\n<meta property=\"article:modified_time\" content=\"2013-03-18T14:01:50+00:00\" \/>\n<meta property=\"og:image\" content=\"https:\/\/blog.zeit.de\/kinderzeit\/files\/2013\/03\/wickie.jpg\" \/>\n<meta name=\"author\" content=\"Redaktion KinderZEIT\" \/>\n<meta name=\"twitter:card\" content=\"summary_large_image\" \/>\n<meta name=\"twitter:label1\" content=\"Verfasst von\" \/>\n\t<meta name=\"twitter:data1\" content=\"Redaktion KinderZEIT\" \/>\n\t<meta name=\"twitter:label2\" content=\"Gesch\u00e4tzte Lesezeit\" \/>\n\t<meta name=\"twitter:data2\" content=\"5\u00a0Minuten\" \/>\n<script type=\"application\/ld+json\" class=\"yoast-schema-graph\">{\"@context\":\"https:\/\/schema.org\",\"@graph\":[{\"@type\":\"WebPage\",\"@id\":\"https:\/\/blog.zeit.de\/kinderzeit\/2013\/03\/14\/alte-schweden_13710\",\"url\":\"https:\/\/blog.zeit.de\/kinderzeit\/2013\/03\/14\/alte-schweden_13710\",\"name\":\"Alte Schweden - KinderZEIT-Blog\",\"isPartOf\":{\"@id\":\"https:\/\/blog.zeit.de\/kinderzeit\/#website\"},\"datePublished\":\"2013-03-14T19:33:56+00:00\",\"dateModified\":\"2013-03-18T14:01:50+00:00\",\"author\":{\"@id\":\"https:\/\/blog.zeit.de\/kinderzeit\/#\/schema\/person\/49470446f328463e8ea80b00b7d5da9c\"},\"breadcrumb\":{\"@id\":\"https:\/\/blog.zeit.de\/kinderzeit\/2013\/03\/14\/alte-schweden_13710#breadcrumb\"},\"inLanguage\":\"de\",\"potentialAction\":[{\"@type\":\"ReadAction\",\"target\":[\"https:\/\/blog.zeit.de\/kinderzeit\/2013\/03\/14\/alte-schweden_13710\"]}]},{\"@type\":\"BreadcrumbList\",\"@id\":\"https:\/\/blog.zeit.de\/kinderzeit\/2013\/03\/14\/alte-schweden_13710#breadcrumb\",\"itemListElement\":[{\"@type\":\"ListItem\",\"position\":1,\"name\":\"Startseite\",\"item\":\"https:\/\/blog.zeit.de\/kinderzeit\"},{\"@type\":\"ListItem\",\"position\":2,\"name\":\"Alte Schweden\"}]},{\"@type\":\"WebSite\",\"@id\":\"https:\/\/blog.zeit.de\/kinderzeit\/#website\",\"url\":\"https:\/\/blog.zeit.de\/kinderzeit\/\",\"name\":\"KinderZEIT-Blog\",\"description\":\"Politik, Kultur und R\u00e4tsel f\u00fcr junge Leser\",\"potentialAction\":[{\"@type\":\"SearchAction\",\"target\":{\"@type\":\"EntryPoint\",\"urlTemplate\":\"https:\/\/blog.zeit.de\/kinderzeit\/?s={search_term_string}\"},\"query-input\":\"required name=search_term_string\"}],\"inLanguage\":\"de\"},{\"@type\":\"Person\",\"@id\":\"https:\/\/blog.zeit.de\/kinderzeit\/#\/schema\/person\/49470446f328463e8ea80b00b7d5da9c\",\"name\":\"Redaktion KinderZEIT\",\"image\":{\"@type\":\"ImageObject\",\"inLanguage\":\"de\",\"@id\":\"https:\/\/blog.zeit.de\/kinderzeit\/#\/schema\/person\/image\/\",\"url\":\"https:\/\/secure.gravatar.com\/avatar\/e613a4a2ad2bd6413584eec4b8dd51cb549f6f87f7a858de5437c6df45ca1659?s=96&d=mm&r=g\",\"contentUrl\":\"https:\/\/secure.gravatar.com\/avatar\/e613a4a2ad2bd6413584eec4b8dd51cb549f6f87f7a858de5437c6df45ca1659?s=96&d=mm&r=g\",\"caption\":\"Redaktion KinderZEIT\"},\"url\":\"https:\/\/blog.zeit.de\/kinderzeit\/author\/sandra-valeska-bruhns\"}]}<\/script>\n<!-- \/ Yoast SEO plugin. -->","yoast_head_json":{"title":"Alte Schweden - KinderZEIT-Blog","robots":{"index":"index","follow":"follow","max-snippet":"max-snippet:-1","max-image-preview":"max-image-preview:large","max-video-preview":"max-video-preview:-1"},"canonical":"https:\/\/blog.zeit.de\/kinderzeit\/2013\/03\/14\/alte-schweden_13710","og_locale":"de_DE","og_type":"article","og_title":"Alte Schweden - KinderZEIT-Blog","og_description":"Die Kinderbuchhelden Michel und Wickie wurden beide in Sm\u00e5land erfunden und sind eigentlich l\u00e4ngst erwachsen: Sie feiern dieses Jahr ihren 50. Geburtstag Von Torsten Weiler Michel ist der schlimmste Junge, den man sich nur denken kann. Das m\u00fcssen sich seine Eltern h\u00e4ufig anh\u00f6ren. Dabei versucht Michel eigentlich immer, etwas besonders gut zu machen. Aber irgendwie [&hellip;]","og_url":"https:\/\/blog.zeit.de\/kinderzeit\/2013\/03\/14\/alte-schweden_13710","og_site_name":"KinderZEIT-Blog","article_published_time":"2013-03-14T19:33:56+00:00","article_modified_time":"2013-03-18T14:01:50+00:00","og_image":[{"url":"https:\/\/blog.zeit.de\/kinderzeit\/files\/2013\/03\/wickie.jpg"}],"author":"Redaktion KinderZEIT","twitter_card":"summary_large_image","twitter_misc":{"Verfasst von":"Redaktion KinderZEIT","Gesch\u00e4tzte Lesezeit":"5\u00a0Minuten"},"schema":{"@context":"https:\/\/schema.org","@graph":[{"@type":"WebPage","@id":"https:\/\/blog.zeit.de\/kinderzeit\/2013\/03\/14\/alte-schweden_13710","url":"https:\/\/blog.zeit.de\/kinderzeit\/2013\/03\/14\/alte-schweden_13710","name":"Alte Schweden - KinderZEIT-Blog","isPartOf":{"@id":"https:\/\/blog.zeit.de\/kinderzeit\/#website"},"datePublished":"2013-03-14T19:33:56+00:00","dateModified":"2013-03-18T14:01:50+00:00","author":{"@id":"https:\/\/blog.zeit.de\/kinderzeit\/#\/schema\/person\/49470446f328463e8ea80b00b7d5da9c"},"breadcrumb":{"@id":"https:\/\/blog.zeit.de\/kinderzeit\/2013\/03\/14\/alte-schweden_13710#breadcrumb"},"inLanguage":"de","potentialAction":[{"@type":"ReadAction","target":["https:\/\/blog.zeit.de\/kinderzeit\/2013\/03\/14\/alte-schweden_13710"]}]},{"@type":"BreadcrumbList","@id":"https:\/\/blog.zeit.de\/kinderzeit\/2013\/03\/14\/alte-schweden_13710#breadcrumb","itemListElement":[{"@type":"ListItem","position":1,"name":"Startseite","item":"https:\/\/blog.zeit.de\/kinderzeit"},{"@type":"ListItem","position":2,"name":"Alte Schweden"}]},{"@type":"WebSite","@id":"https:\/\/blog.zeit.de\/kinderzeit\/#website","url":"https:\/\/blog.zeit.de\/kinderzeit\/","name":"KinderZEIT-Blog","description":"Politik, Kultur und R\u00e4tsel f\u00fcr junge Leser","potentialAction":[{"@type":"SearchAction","target":{"@type":"EntryPoint","urlTemplate":"https:\/\/blog.zeit.de\/kinderzeit\/?s={search_term_string}"},"query-input":"required name=search_term_string"}],"inLanguage":"de"},{"@type":"Person","@id":"https:\/\/blog.zeit.de\/kinderzeit\/#\/schema\/person\/49470446f328463e8ea80b00b7d5da9c","name":"Redaktion KinderZEIT","image":{"@type":"ImageObject","inLanguage":"de","@id":"https:\/\/blog.zeit.de\/kinderzeit\/#\/schema\/person\/image\/","url":"https:\/\/secure.gravatar.com\/avatar\/e613a4a2ad2bd6413584eec4b8dd51cb549f6f87f7a858de5437c6df45ca1659?s=96&d=mm&r=g","contentUrl":"https:\/\/secure.gravatar.com\/avatar\/e613a4a2ad2bd6413584eec4b8dd51cb549f6f87f7a858de5437c6df45ca1659?s=96&d=mm&r=g","caption":"Redaktion KinderZEIT"},"url":"https:\/\/blog.zeit.de\/kinderzeit\/author\/sandra-valeska-bruhns"}]}},"jetpack_featured_media_url":"","jetpack_sharing_enabled":true,"_links":{"self":[{"href":"https:\/\/blog.zeit.de\/kinderzeit\/wp-json\/wp\/v2\/posts\/13710","targetHints":{"allow":["GET"]}}],"collection":[{"href":"https:\/\/blog.zeit.de\/kinderzeit\/wp-json\/wp\/v2\/posts"}],"about":[{"href":"https:\/\/blog.zeit.de\/kinderzeit\/wp-json\/wp\/v2\/types\/post"}],"author":[{"embeddable":true,"href":"https:\/\/blog.zeit.de\/kinderzeit\/wp-json\/wp\/v2\/users\/217"}],"replies":[{"embeddable":true,"href":"https:\/\/blog.zeit.de\/kinderzeit\/wp-json\/wp\/v2\/comments?post=13710"}],"version-history":[{"count":8,"href":"https:\/\/blog.zeit.de\/kinderzeit\/wp-json\/wp\/v2\/posts\/13710\/revisions"}],"predecessor-version":[{"id":13740,"href":"https:\/\/blog.zeit.de\/kinderzeit\/wp-json\/wp\/v2\/posts\/13710\/revisions\/13740"}],"wp:attachment":[{"href":"https:\/\/blog.zeit.de\/kinderzeit\/wp-json\/wp\/v2\/media?parent=13710"}],"wp:term":[{"taxonomy":"category","embeddable":true,"href":"https:\/\/blog.zeit.de\/kinderzeit\/wp-json\/wp\/v2\/categories?post=13710"},{"taxonomy":"post_tag","embeddable":true,"href":"https:\/\/blog.zeit.de\/kinderzeit\/wp-json\/wp\/v2\/tags?post=13710"}],"curies":[{"name":"wp","href":"https:\/\/api.w.org\/{rel}","templated":true}]}}