{"id":13854,"date":"2013-04-18T11:01:10","date_gmt":"2013-04-18T09:01:10","guid":{"rendered":"http:\/\/blog.zeit.de\/kinderzeit\/?p=13854"},"modified":"2013-04-18T11:01:10","modified_gmt":"2013-04-18T09:01:10","slug":"verruckte-viecher-45-narwal","status":"publish","type":"post","link":"https:\/\/blog.zeit.de\/kinderzeit\/2013\/04\/18\/verruckte-viecher-45-narwal_13854","title":{"rendered":"Verr\u00fcckte Viecher (45): Narwal"},"content":{"rendered":"<p><figure id=\"attachment_13856\" aria-describedby=\"caption-attachment-13856\" style=\"width: 300px\" class=\"wp-caption alignleft\"><img loading=\"lazy\" decoding=\"async\" src=\"https:\/\/blog.zeit.de\/kinderzeit\/files\/2013\/04\/Narwal-300x190.jpg\" alt=\"Einh\u00f6rner der Meere: Narwale\/ \u00a9 Glenn Williams\" width=\"300\" height=\"190\" class=\"size-medium wp-image-13856\" srcset=\"https:\/\/blog.zeit.de\/kinderzeit\/files\/2013\/04\/Narwal-300x190.jpg 300w, https:\/\/blog.zeit.de\/kinderzeit\/files\/2013\/04\/Narwal-540x343.jpg 540w, https:\/\/blog.zeit.de\/kinderzeit\/files\/2013\/04\/Narwal.jpg 1500w\" sizes=\"auto, (max-width: 300px) 100vw, 300px\" \/><figcaption id=\"caption-attachment-13856\" class=\"wp-caption-text\">Einh\u00f6rner der Meere: Narwale\/ \u00a9 Glenn Williams<\/figcaption><\/figure><\/p>\n<p>Dieses Tier wird gern \u00bbEinhorn des Meeres\u00ab genannt, dabei ist das, was aus dem Kopf des Narwals ragt, gar kein Horn, sondern ein sehr langer Zahn. Wenn sie etwa ein Jahr alt sind, beginnt bei den M\u00e4nnchen der linke, obere Eckzahn zu wachsen, er w\u00e4chst und w\u00e4chst, bis er die Oberlippe des Wals durchbricht. Dann w\u00e4chst er weiter. Wenn die Tiere erwachsen sind, kann der Zahn drei Meter lang sein.<!--more--> Fr\u00fcher dachten Forscher, die M\u00e4nnchen benutzten ihre Sto\u00dfz\u00e4hne, um zu k\u00e4mpfen. Das tun sie tats\u00e4chlich manchmal. Aber eigentlich sind die Z\u00e4hne sehr empfindliche Messinstrumente. Unter der gewundenen Schicht aus hartem Elfenbein verlaufen unz\u00e4hlige Nervenbahnen. Mit ihnen kann der Narwal sp\u00fcren, welche Temperatur das Wasser um ihn herum hat und in welcher Tiefe er sich befindet. Wahrscheinlich helfen ihm diese Informationen dabei, Futter zu finden.<\/p>\n<p>Die Radiogeschichte \u00fcber den Narwal h\u00f6rst Du am Sonntag um 8.05 Uhr in der Sendung \u00bbMikado \u2013 Radio f\u00fcr Kinder\u00ab auf oder im <a href=\"http:\/\/www.ndr.de\/mikado\">Internet<\/a>.<\/p>\n","protected":false},"excerpt":{"rendered":"<p>Dieses Tier wird gern \u00bbEinhorn des Meeres\u00ab genannt, dabei ist das, was aus dem Kopf des Narwals ragt, gar kein Horn, sondern ein sehr langer Zahn. Wenn sie etwa ein Jahr alt sind, beginnt bei den M\u00e4nnchen der linke, obere Eckzahn zu wachsen, er w\u00e4chst und w\u00e4chst, bis er die Oberlippe des Wals durchbricht. Dann [&hellip;]<\/p>\n","protected":false},"author":217,"featured_media":0,"comment_status":"open","ping_status":"closed","sticky":false,"template":"","format":"standard","meta":{"_jetpack_memberships_contains_paid_content":false,"footnotes":""},"categories":[548,8108,889],"tags":[25711,12134,25712,12181,12136,30168,25713],"class_list":["post-13854","post","type-post","status-publish","format-standard","hentry","category-tiere","category-verruckte-viecher","category-wissen","tag-einhorner-der-meere","tag-mikado","tag-narwal","tag-ndr-info","tag-radio-fur-kinder","tag-verruckte-viecher","tag-wale"],"yoast_head":"<!-- This site is optimized with the Yoast SEO plugin v21.0 - https:\/\/yoast.com\/wordpress\/plugins\/seo\/ -->\n<title>Verr\u00fcckte Viecher (45): Narwal - KinderZEIT-Blog<\/title>\n<meta name=\"robots\" content=\"index, follow, max-snippet:-1, max-image-preview:large, max-video-preview:-1\" \/>\n<link rel=\"canonical\" href=\"https:\/\/blog.zeit.de\/kinderzeit\/2013\/04\/18\/verruckte-viecher-45-narwal_13854\" \/>\n<meta property=\"og:locale\" content=\"de_DE\" \/>\n<meta property=\"og:type\" content=\"article\" \/>\n<meta property=\"og:title\" content=\"Verr\u00fcckte Viecher (45): Narwal - KinderZEIT-Blog\" \/>\n<meta property=\"og:description\" content=\"Dieses Tier wird gern \u00bbEinhorn des Meeres\u00ab genannt, dabei ist das, was aus dem Kopf des Narwals ragt, gar kein Horn, sondern ein sehr langer Zahn. Wenn sie etwa ein Jahr alt sind, beginnt bei den M\u00e4nnchen der linke, obere Eckzahn zu wachsen, er w\u00e4chst und w\u00e4chst, bis er die Oberlippe des Wals durchbricht. Dann [&hellip;]\" \/>\n<meta property=\"og:url\" content=\"https:\/\/blog.zeit.de\/kinderzeit\/2013\/04\/18\/verruckte-viecher-45-narwal_13854\" \/>\n<meta property=\"og:site_name\" content=\"KinderZEIT-Blog\" \/>\n<meta property=\"article:published_time\" content=\"2013-04-18T09:01:10+00:00\" \/>\n<meta property=\"og:image\" content=\"https:\/\/blog.zeit.de\/kinderzeit\/files\/2013\/04\/Narwal-300x190.jpg\" \/>\n<meta name=\"author\" content=\"Redaktion KinderZEIT\" \/>\n<meta name=\"twitter:card\" content=\"summary_large_image\" \/>\n<meta name=\"twitter:label1\" content=\"Verfasst von\" \/>\n\t<meta name=\"twitter:data1\" content=\"Redaktion KinderZEIT\" \/>\n\t<meta name=\"twitter:label2\" content=\"Gesch\u00e4tzte Lesezeit\" \/>\n\t<meta name=\"twitter:data2\" content=\"1\u00a0Minute\" \/>\n<script type=\"application\/ld+json\" class=\"yoast-schema-graph\">{\"@context\":\"https:\/\/schema.org\",\"@graph\":[{\"@type\":\"WebPage\",\"@id\":\"https:\/\/blog.zeit.de\/kinderzeit\/2013\/04\/18\/verruckte-viecher-45-narwal_13854\",\"url\":\"https:\/\/blog.zeit.de\/kinderzeit\/2013\/04\/18\/verruckte-viecher-45-narwal_13854\",\"name\":\"Verr\u00fcckte Viecher (45): Narwal - KinderZEIT-Blog\",\"isPartOf\":{\"@id\":\"https:\/\/blog.zeit.de\/kinderzeit\/#website\"},\"datePublished\":\"2013-04-18T09:01:10+00:00\",\"dateModified\":\"2013-04-18T09:01:10+00:00\",\"author\":{\"@id\":\"https:\/\/blog.zeit.de\/kinderzeit\/#\/schema\/person\/49470446f328463e8ea80b00b7d5da9c\"},\"breadcrumb\":{\"@id\":\"https:\/\/blog.zeit.de\/kinderzeit\/2013\/04\/18\/verruckte-viecher-45-narwal_13854#breadcrumb\"},\"inLanguage\":\"de\",\"potentialAction\":[{\"@type\":\"ReadAction\",\"target\":[\"https:\/\/blog.zeit.de\/kinderzeit\/2013\/04\/18\/verruckte-viecher-45-narwal_13854\"]}]},{\"@type\":\"BreadcrumbList\",\"@id\":\"https:\/\/blog.zeit.de\/kinderzeit\/2013\/04\/18\/verruckte-viecher-45-narwal_13854#breadcrumb\",\"itemListElement\":[{\"@type\":\"ListItem\",\"position\":1,\"name\":\"Startseite\",\"item\":\"https:\/\/blog.zeit.de\/kinderzeit\"},{\"@type\":\"ListItem\",\"position\":2,\"name\":\"Verr\u00fcckte Viecher (45): Narwal\"}]},{\"@type\":\"WebSite\",\"@id\":\"https:\/\/blog.zeit.de\/kinderzeit\/#website\",\"url\":\"https:\/\/blog.zeit.de\/kinderzeit\/\",\"name\":\"KinderZEIT-Blog\",\"description\":\"Politik, Kultur und R\u00e4tsel f\u00fcr junge Leser\",\"potentialAction\":[{\"@type\":\"SearchAction\",\"target\":{\"@type\":\"EntryPoint\",\"urlTemplate\":\"https:\/\/blog.zeit.de\/kinderzeit\/?s={search_term_string}\"},\"query-input\":\"required name=search_term_string\"}],\"inLanguage\":\"de\"},{\"@type\":\"Person\",\"@id\":\"https:\/\/blog.zeit.de\/kinderzeit\/#\/schema\/person\/49470446f328463e8ea80b00b7d5da9c\",\"name\":\"Redaktion KinderZEIT\",\"image\":{\"@type\":\"ImageObject\",\"inLanguage\":\"de\",\"@id\":\"https:\/\/blog.zeit.de\/kinderzeit\/#\/schema\/person\/image\/\",\"url\":\"https:\/\/secure.gravatar.com\/avatar\/e613a4a2ad2bd6413584eec4b8dd51cb549f6f87f7a858de5437c6df45ca1659?s=96&d=mm&r=g\",\"contentUrl\":\"https:\/\/secure.gravatar.com\/avatar\/e613a4a2ad2bd6413584eec4b8dd51cb549f6f87f7a858de5437c6df45ca1659?s=96&d=mm&r=g\",\"caption\":\"Redaktion KinderZEIT\"},\"url\":\"https:\/\/blog.zeit.de\/kinderzeit\/author\/sandra-valeska-bruhns\"}]}<\/script>\n<!-- \/ Yoast SEO plugin. -->","yoast_head_json":{"title":"Verr\u00fcckte Viecher (45): Narwal - KinderZEIT-Blog","robots":{"index":"index","follow":"follow","max-snippet":"max-snippet:-1","max-image-preview":"max-image-preview:large","max-video-preview":"max-video-preview:-1"},"canonical":"https:\/\/blog.zeit.de\/kinderzeit\/2013\/04\/18\/verruckte-viecher-45-narwal_13854","og_locale":"de_DE","og_type":"article","og_title":"Verr\u00fcckte Viecher (45): Narwal - KinderZEIT-Blog","og_description":"Dieses Tier wird gern \u00bbEinhorn des Meeres\u00ab genannt, dabei ist das, was aus dem Kopf des Narwals ragt, gar kein Horn, sondern ein sehr langer Zahn. Wenn sie etwa ein Jahr alt sind, beginnt bei den M\u00e4nnchen der linke, obere Eckzahn zu wachsen, er w\u00e4chst und w\u00e4chst, bis er die Oberlippe des Wals durchbricht. Dann [&hellip;]","og_url":"https:\/\/blog.zeit.de\/kinderzeit\/2013\/04\/18\/verruckte-viecher-45-narwal_13854","og_site_name":"KinderZEIT-Blog","article_published_time":"2013-04-18T09:01:10+00:00","og_image":[{"url":"https:\/\/blog.zeit.de\/kinderzeit\/files\/2013\/04\/Narwal-300x190.jpg"}],"author":"Redaktion KinderZEIT","twitter_card":"summary_large_image","twitter_misc":{"Verfasst von":"Redaktion KinderZEIT","Gesch\u00e4tzte Lesezeit":"1\u00a0Minute"},"schema":{"@context":"https:\/\/schema.org","@graph":[{"@type":"WebPage","@id":"https:\/\/blog.zeit.de\/kinderzeit\/2013\/04\/18\/verruckte-viecher-45-narwal_13854","url":"https:\/\/blog.zeit.de\/kinderzeit\/2013\/04\/18\/verruckte-viecher-45-narwal_13854","name":"Verr\u00fcckte Viecher (45): Narwal - KinderZEIT-Blog","isPartOf":{"@id":"https:\/\/blog.zeit.de\/kinderzeit\/#website"},"datePublished":"2013-04-18T09:01:10+00:00","dateModified":"2013-04-18T09:01:10+00:00","author":{"@id":"https:\/\/blog.zeit.de\/kinderzeit\/#\/schema\/person\/49470446f328463e8ea80b00b7d5da9c"},"breadcrumb":{"@id":"https:\/\/blog.zeit.de\/kinderzeit\/2013\/04\/18\/verruckte-viecher-45-narwal_13854#breadcrumb"},"inLanguage":"de","potentialAction":[{"@type":"ReadAction","target":["https:\/\/blog.zeit.de\/kinderzeit\/2013\/04\/18\/verruckte-viecher-45-narwal_13854"]}]},{"@type":"BreadcrumbList","@id":"https:\/\/blog.zeit.de\/kinderzeit\/2013\/04\/18\/verruckte-viecher-45-narwal_13854#breadcrumb","itemListElement":[{"@type":"ListItem","position":1,"name":"Startseite","item":"https:\/\/blog.zeit.de\/kinderzeit"},{"@type":"ListItem","position":2,"name":"Verr\u00fcckte Viecher (45): Narwal"}]},{"@type":"WebSite","@id":"https:\/\/blog.zeit.de\/kinderzeit\/#website","url":"https:\/\/blog.zeit.de\/kinderzeit\/","name":"KinderZEIT-Blog","description":"Politik, Kultur und R\u00e4tsel f\u00fcr junge Leser","potentialAction":[{"@type":"SearchAction","target":{"@type":"EntryPoint","urlTemplate":"https:\/\/blog.zeit.de\/kinderzeit\/?s={search_term_string}"},"query-input":"required name=search_term_string"}],"inLanguage":"de"},{"@type":"Person","@id":"https:\/\/blog.zeit.de\/kinderzeit\/#\/schema\/person\/49470446f328463e8ea80b00b7d5da9c","name":"Redaktion KinderZEIT","image":{"@type":"ImageObject","inLanguage":"de","@id":"https:\/\/blog.zeit.de\/kinderzeit\/#\/schema\/person\/image\/","url":"https:\/\/secure.gravatar.com\/avatar\/e613a4a2ad2bd6413584eec4b8dd51cb549f6f87f7a858de5437c6df45ca1659?s=96&d=mm&r=g","contentUrl":"https:\/\/secure.gravatar.com\/avatar\/e613a4a2ad2bd6413584eec4b8dd51cb549f6f87f7a858de5437c6df45ca1659?s=96&d=mm&r=g","caption":"Redaktion KinderZEIT"},"url":"https:\/\/blog.zeit.de\/kinderzeit\/author\/sandra-valeska-bruhns"}]}},"jetpack_featured_media_url":"","jetpack_sharing_enabled":true,"_links":{"self":[{"href":"https:\/\/blog.zeit.de\/kinderzeit\/wp-json\/wp\/v2\/posts\/13854","targetHints":{"allow":["GET"]}}],"collection":[{"href":"https:\/\/blog.zeit.de\/kinderzeit\/wp-json\/wp\/v2\/posts"}],"about":[{"href":"https:\/\/blog.zeit.de\/kinderzeit\/wp-json\/wp\/v2\/types\/post"}],"author":[{"embeddable":true,"href":"https:\/\/blog.zeit.de\/kinderzeit\/wp-json\/wp\/v2\/users\/217"}],"replies":[{"embeddable":true,"href":"https:\/\/blog.zeit.de\/kinderzeit\/wp-json\/wp\/v2\/comments?post=13854"}],"version-history":[{"count":4,"href":"https:\/\/blog.zeit.de\/kinderzeit\/wp-json\/wp\/v2\/posts\/13854\/revisions"}],"predecessor-version":[{"id":13859,"href":"https:\/\/blog.zeit.de\/kinderzeit\/wp-json\/wp\/v2\/posts\/13854\/revisions\/13859"}],"wp:attachment":[{"href":"https:\/\/blog.zeit.de\/kinderzeit\/wp-json\/wp\/v2\/media?parent=13854"}],"wp:term":[{"taxonomy":"category","embeddable":true,"href":"https:\/\/blog.zeit.de\/kinderzeit\/wp-json\/wp\/v2\/categories?post=13854"},{"taxonomy":"post_tag","embeddable":true,"href":"https:\/\/blog.zeit.de\/kinderzeit\/wp-json\/wp\/v2\/tags?post=13854"}],"curies":[{"name":"wp","href":"https:\/\/api.w.org\/{rel}","templated":true}]}}