{"id":14019,"date":"2013-05-16T09:00:53","date_gmt":"2013-05-16T07:00:53","guid":{"rendered":"http:\/\/blog.zeit.de\/kinderzeit\/?p=14019"},"modified":"2013-05-16T09:01:11","modified_gmt":"2013-05-16T07:01:11","slug":"verruckte-viecher-49-kiwi","status":"publish","type":"post","link":"https:\/\/blog.zeit.de\/kinderzeit\/2013\/05\/16\/verruckte-viecher-49-kiwi_14019","title":{"rendered":"Verr\u00fcckte Viecher (49): Kiwi"},"content":{"rendered":"<p><figure id=\"attachment_14020\" aria-describedby=\"caption-attachment-14020\" style=\"width: 300px\" class=\"wp-caption alignleft\"><img loading=\"lazy\" decoding=\"async\" src=\"https:\/\/blog.zeit.de\/kinderzeit\/files\/2013\/05\/kiwi-300x199.jpg\" alt=\"Hei\u00dft wie eine Frucht, ist aber ein Vogel: Der Kiwi\/ \u00a9 The Rohit\" width=\"300\" height=\"199\" class=\"size-medium wp-image-14020\" srcset=\"https:\/\/blog.zeit.de\/kinderzeit\/files\/2013\/05\/kiwi-300x199.jpg 300w, https:\/\/blog.zeit.de\/kinderzeit\/files\/2013\/05\/kiwi-540x359.jpg 540w, https:\/\/blog.zeit.de\/kinderzeit\/files\/2013\/05\/kiwi.jpg 800w\" sizes=\"auto, (max-width: 300px) 100vw, 300px\" \/><figcaption id=\"caption-attachment-14020\" class=\"wp-caption-text\">Hei\u00dft wie eine Frucht, ist aber ein Vogel: Der Kiwi\/ \u00a9 The Rohit<\/figcaption><\/figure><\/p>\n<p>Was ist das: Es ist dunkelbraun, struppig, ziemlich oval und kommt aus Neuseeland? Die Antwort lautet: Kiwi. Damit ist aber nicht nur die Frucht, sondern auch ein Vogel gemeint. Der Kiwi ist das Wappentier Neuseelands. Und als die Neuseel\u00e4nder vor etwa 50 Jahren begannen, ihre Lieblingsfrucht in die ganze Welt zu verkaufen, nannten sie die einfach auch Kiwi \u2013 schlie\u00dflich ist die \u00c4hnlichkeit zwischen Tier und Obst kaum zu \u00fcbersehen. Kiwis \u2013 also die V\u00f6gel \u2013 haben kr\u00e4ftige Beine, aber winzige Stummelfl\u00fcgelchen. <!--more--><\/p>\n<p>Sie k\u00f6nnen nicht fliegen, daf\u00fcr sehr schnell und ausdauernd laufen. Sie sind nachtaktiv und k\u00f6nnen sehr gut riechen. Das liegt daran, dass sie als einzige V\u00f6gel \u00fcberhaupt zwei Nasenl\u00f6cher an der Spitze ihres langen Schnabels haben. Den stecken sie in die Erde und schnuppern nach Regenw\u00fcrmern. Manchmal kommt ihnen dabei Dreck in die Nase. Das ist \u00e4rgerlich, denn wenn sie niesen m\u00fcssen, sind die Regenw\u00fcrmer gewarnt.<\/p>\n<p>Die Radiogeschichte \u00fcber den Kiwi h\u00f6rst Du am Sonntag um 8.05 Uhr in der Sendung \u00bbMikado \u2013 Radio f\u00fcr Kinder\u00ab auf oder im <a href=\"http:\/\/www.ndr.de\/mikado\">Internet<\/a>.<\/p>\n","protected":false},"excerpt":{"rendered":"<p>Was ist das: Es ist dunkelbraun, struppig, ziemlich oval und kommt aus Neuseeland? Die Antwort lautet: Kiwi. Damit ist aber nicht nur die Frucht, sondern auch ein Vogel gemeint. Der Kiwi ist das Wappentier Neuseelands. Und als die Neuseel\u00e4nder vor etwa 50 Jahren begannen, ihre Lieblingsfrucht in die ganze Welt zu verkaufen, nannten sie die [&hellip;]<\/p>\n","protected":false},"author":217,"featured_media":0,"comment_status":"open","ping_status":"closed","sticky":false,"template":"","format":"standard","meta":{"_jetpack_memberships_contains_paid_content":false,"footnotes":""},"categories":[1,548,8108,889],"tags":[27387,27385,12134,1710,12181,12136,21003,30168,15540,27388],"class_list":["post-14019","post","type-post","status-publish","format-standard","hentry","category-allgemein","category-tiere","category-verruckte-viecher","category-wissen","tag-flugunfahige-vogel","tag-kiwi","tag-mikado","tag-ndr","tag-ndr-info","tag-radio-fur-kinder","tag-sonderbare-tiere","tag-verruckte-viecher","tag-vogel","tag-vogel-auf-neuseeland"],"yoast_head":"<!-- This site is optimized with the Yoast SEO plugin v21.0 - https:\/\/yoast.com\/wordpress\/plugins\/seo\/ -->\n<title>Verr\u00fcckte Viecher (49): Kiwi - KinderZEIT-Blog<\/title>\n<meta name=\"robots\" content=\"index, follow, max-snippet:-1, max-image-preview:large, max-video-preview:-1\" \/>\n<link rel=\"canonical\" href=\"https:\/\/blog.zeit.de\/kinderzeit\/2013\/05\/16\/verruckte-viecher-49-kiwi_14019\" \/>\n<meta property=\"og:locale\" content=\"de_DE\" \/>\n<meta property=\"og:type\" content=\"article\" \/>\n<meta property=\"og:title\" content=\"Verr\u00fcckte Viecher (49): Kiwi - KinderZEIT-Blog\" \/>\n<meta property=\"og:description\" content=\"Was ist das: Es ist dunkelbraun, struppig, ziemlich oval und kommt aus Neuseeland? Die Antwort lautet: Kiwi. Damit ist aber nicht nur die Frucht, sondern auch ein Vogel gemeint. Der Kiwi ist das Wappentier Neuseelands. Und als die Neuseel\u00e4nder vor etwa 50 Jahren begannen, ihre Lieblingsfrucht in die ganze Welt zu verkaufen, nannten sie die [&hellip;]\" \/>\n<meta property=\"og:url\" content=\"https:\/\/blog.zeit.de\/kinderzeit\/2013\/05\/16\/verruckte-viecher-49-kiwi_14019\" \/>\n<meta property=\"og:site_name\" content=\"KinderZEIT-Blog\" \/>\n<meta property=\"article:published_time\" content=\"2013-05-16T07:00:53+00:00\" \/>\n<meta property=\"article:modified_time\" content=\"2013-05-16T07:01:11+00:00\" \/>\n<meta property=\"og:image\" content=\"https:\/\/blog.zeit.de\/kinderzeit\/files\/2013\/05\/kiwi-300x199.jpg\" \/>\n<meta name=\"author\" content=\"Redaktion KinderZEIT\" \/>\n<meta name=\"twitter:card\" content=\"summary_large_image\" \/>\n<meta name=\"twitter:label1\" content=\"Verfasst von\" \/>\n\t<meta name=\"twitter:data1\" content=\"Redaktion KinderZEIT\" \/>\n\t<meta name=\"twitter:label2\" content=\"Gesch\u00e4tzte Lesezeit\" \/>\n\t<meta name=\"twitter:data2\" content=\"1\u00a0Minute\" \/>\n<script type=\"application\/ld+json\" class=\"yoast-schema-graph\">{\"@context\":\"https:\/\/schema.org\",\"@graph\":[{\"@type\":\"WebPage\",\"@id\":\"https:\/\/blog.zeit.de\/kinderzeit\/2013\/05\/16\/verruckte-viecher-49-kiwi_14019\",\"url\":\"https:\/\/blog.zeit.de\/kinderzeit\/2013\/05\/16\/verruckte-viecher-49-kiwi_14019\",\"name\":\"Verr\u00fcckte Viecher (49): Kiwi - KinderZEIT-Blog\",\"isPartOf\":{\"@id\":\"https:\/\/blog.zeit.de\/kinderzeit\/#website\"},\"datePublished\":\"2013-05-16T07:00:53+00:00\",\"dateModified\":\"2013-05-16T07:01:11+00:00\",\"author\":{\"@id\":\"https:\/\/blog.zeit.de\/kinderzeit\/#\/schema\/person\/49470446f328463e8ea80b00b7d5da9c\"},\"breadcrumb\":{\"@id\":\"https:\/\/blog.zeit.de\/kinderzeit\/2013\/05\/16\/verruckte-viecher-49-kiwi_14019#breadcrumb\"},\"inLanguage\":\"de\",\"potentialAction\":[{\"@type\":\"ReadAction\",\"target\":[\"https:\/\/blog.zeit.de\/kinderzeit\/2013\/05\/16\/verruckte-viecher-49-kiwi_14019\"]}]},{\"@type\":\"BreadcrumbList\",\"@id\":\"https:\/\/blog.zeit.de\/kinderzeit\/2013\/05\/16\/verruckte-viecher-49-kiwi_14019#breadcrumb\",\"itemListElement\":[{\"@type\":\"ListItem\",\"position\":1,\"name\":\"Startseite\",\"item\":\"https:\/\/blog.zeit.de\/kinderzeit\"},{\"@type\":\"ListItem\",\"position\":2,\"name\":\"Verr\u00fcckte Viecher (49): Kiwi\"}]},{\"@type\":\"WebSite\",\"@id\":\"https:\/\/blog.zeit.de\/kinderzeit\/#website\",\"url\":\"https:\/\/blog.zeit.de\/kinderzeit\/\",\"name\":\"KinderZEIT-Blog\",\"description\":\"Politik, Kultur und R\u00e4tsel f\u00fcr junge Leser\",\"potentialAction\":[{\"@type\":\"SearchAction\",\"target\":{\"@type\":\"EntryPoint\",\"urlTemplate\":\"https:\/\/blog.zeit.de\/kinderzeit\/?s={search_term_string}\"},\"query-input\":\"required name=search_term_string\"}],\"inLanguage\":\"de\"},{\"@type\":\"Person\",\"@id\":\"https:\/\/blog.zeit.de\/kinderzeit\/#\/schema\/person\/49470446f328463e8ea80b00b7d5da9c\",\"name\":\"Redaktion KinderZEIT\",\"image\":{\"@type\":\"ImageObject\",\"inLanguage\":\"de\",\"@id\":\"https:\/\/blog.zeit.de\/kinderzeit\/#\/schema\/person\/image\/\",\"url\":\"https:\/\/secure.gravatar.com\/avatar\/e613a4a2ad2bd6413584eec4b8dd51cb549f6f87f7a858de5437c6df45ca1659?s=96&d=mm&r=g\",\"contentUrl\":\"https:\/\/secure.gravatar.com\/avatar\/e613a4a2ad2bd6413584eec4b8dd51cb549f6f87f7a858de5437c6df45ca1659?s=96&d=mm&r=g\",\"caption\":\"Redaktion KinderZEIT\"},\"url\":\"https:\/\/blog.zeit.de\/kinderzeit\/author\/sandra-valeska-bruhns\"}]}<\/script>\n<!-- \/ Yoast SEO plugin. -->","yoast_head_json":{"title":"Verr\u00fcckte Viecher (49): Kiwi - KinderZEIT-Blog","robots":{"index":"index","follow":"follow","max-snippet":"max-snippet:-1","max-image-preview":"max-image-preview:large","max-video-preview":"max-video-preview:-1"},"canonical":"https:\/\/blog.zeit.de\/kinderzeit\/2013\/05\/16\/verruckte-viecher-49-kiwi_14019","og_locale":"de_DE","og_type":"article","og_title":"Verr\u00fcckte Viecher (49): Kiwi - KinderZEIT-Blog","og_description":"Was ist das: Es ist dunkelbraun, struppig, ziemlich oval und kommt aus Neuseeland? Die Antwort lautet: Kiwi. Damit ist aber nicht nur die Frucht, sondern auch ein Vogel gemeint. Der Kiwi ist das Wappentier Neuseelands. Und als die Neuseel\u00e4nder vor etwa 50 Jahren begannen, ihre Lieblingsfrucht in die ganze Welt zu verkaufen, nannten sie die [&hellip;]","og_url":"https:\/\/blog.zeit.de\/kinderzeit\/2013\/05\/16\/verruckte-viecher-49-kiwi_14019","og_site_name":"KinderZEIT-Blog","article_published_time":"2013-05-16T07:00:53+00:00","article_modified_time":"2013-05-16T07:01:11+00:00","og_image":[{"url":"https:\/\/blog.zeit.de\/kinderzeit\/files\/2013\/05\/kiwi-300x199.jpg"}],"author":"Redaktion KinderZEIT","twitter_card":"summary_large_image","twitter_misc":{"Verfasst von":"Redaktion KinderZEIT","Gesch\u00e4tzte Lesezeit":"1\u00a0Minute"},"schema":{"@context":"https:\/\/schema.org","@graph":[{"@type":"WebPage","@id":"https:\/\/blog.zeit.de\/kinderzeit\/2013\/05\/16\/verruckte-viecher-49-kiwi_14019","url":"https:\/\/blog.zeit.de\/kinderzeit\/2013\/05\/16\/verruckte-viecher-49-kiwi_14019","name":"Verr\u00fcckte Viecher (49): Kiwi - KinderZEIT-Blog","isPartOf":{"@id":"https:\/\/blog.zeit.de\/kinderzeit\/#website"},"datePublished":"2013-05-16T07:00:53+00:00","dateModified":"2013-05-16T07:01:11+00:00","author":{"@id":"https:\/\/blog.zeit.de\/kinderzeit\/#\/schema\/person\/49470446f328463e8ea80b00b7d5da9c"},"breadcrumb":{"@id":"https:\/\/blog.zeit.de\/kinderzeit\/2013\/05\/16\/verruckte-viecher-49-kiwi_14019#breadcrumb"},"inLanguage":"de","potentialAction":[{"@type":"ReadAction","target":["https:\/\/blog.zeit.de\/kinderzeit\/2013\/05\/16\/verruckte-viecher-49-kiwi_14019"]}]},{"@type":"BreadcrumbList","@id":"https:\/\/blog.zeit.de\/kinderzeit\/2013\/05\/16\/verruckte-viecher-49-kiwi_14019#breadcrumb","itemListElement":[{"@type":"ListItem","position":1,"name":"Startseite","item":"https:\/\/blog.zeit.de\/kinderzeit"},{"@type":"ListItem","position":2,"name":"Verr\u00fcckte Viecher (49): Kiwi"}]},{"@type":"WebSite","@id":"https:\/\/blog.zeit.de\/kinderzeit\/#website","url":"https:\/\/blog.zeit.de\/kinderzeit\/","name":"KinderZEIT-Blog","description":"Politik, Kultur und R\u00e4tsel f\u00fcr junge Leser","potentialAction":[{"@type":"SearchAction","target":{"@type":"EntryPoint","urlTemplate":"https:\/\/blog.zeit.de\/kinderzeit\/?s={search_term_string}"},"query-input":"required name=search_term_string"}],"inLanguage":"de"},{"@type":"Person","@id":"https:\/\/blog.zeit.de\/kinderzeit\/#\/schema\/person\/49470446f328463e8ea80b00b7d5da9c","name":"Redaktion KinderZEIT","image":{"@type":"ImageObject","inLanguage":"de","@id":"https:\/\/blog.zeit.de\/kinderzeit\/#\/schema\/person\/image\/","url":"https:\/\/secure.gravatar.com\/avatar\/e613a4a2ad2bd6413584eec4b8dd51cb549f6f87f7a858de5437c6df45ca1659?s=96&d=mm&r=g","contentUrl":"https:\/\/secure.gravatar.com\/avatar\/e613a4a2ad2bd6413584eec4b8dd51cb549f6f87f7a858de5437c6df45ca1659?s=96&d=mm&r=g","caption":"Redaktion KinderZEIT"},"url":"https:\/\/blog.zeit.de\/kinderzeit\/author\/sandra-valeska-bruhns"}]}},"jetpack_featured_media_url":"","jetpack_sharing_enabled":true,"_links":{"self":[{"href":"https:\/\/blog.zeit.de\/kinderzeit\/wp-json\/wp\/v2\/posts\/14019","targetHints":{"allow":["GET"]}}],"collection":[{"href":"https:\/\/blog.zeit.de\/kinderzeit\/wp-json\/wp\/v2\/posts"}],"about":[{"href":"https:\/\/blog.zeit.de\/kinderzeit\/wp-json\/wp\/v2\/types\/post"}],"author":[{"embeddable":true,"href":"https:\/\/blog.zeit.de\/kinderzeit\/wp-json\/wp\/v2\/users\/217"}],"replies":[{"embeddable":true,"href":"https:\/\/blog.zeit.de\/kinderzeit\/wp-json\/wp\/v2\/comments?post=14019"}],"version-history":[{"count":5,"href":"https:\/\/blog.zeit.de\/kinderzeit\/wp-json\/wp\/v2\/posts\/14019\/revisions"}],"predecessor-version":[{"id":14044,"href":"https:\/\/blog.zeit.de\/kinderzeit\/wp-json\/wp\/v2\/posts\/14019\/revisions\/14044"}],"wp:attachment":[{"href":"https:\/\/blog.zeit.de\/kinderzeit\/wp-json\/wp\/v2\/media?parent=14019"}],"wp:term":[{"taxonomy":"category","embeddable":true,"href":"https:\/\/blog.zeit.de\/kinderzeit\/wp-json\/wp\/v2\/categories?post=14019"},{"taxonomy":"post_tag","embeddable":true,"href":"https:\/\/blog.zeit.de\/kinderzeit\/wp-json\/wp\/v2\/tags?post=14019"}],"curies":[{"name":"wp","href":"https:\/\/api.w.org\/{rel}","templated":true}]}}