{"id":14025,"date":"2013-05-16T10:00:18","date_gmt":"2013-05-16T08:00:18","guid":{"rendered":"http:\/\/blog.zeit.de\/kinderzeit\/?p=14025"},"modified":"2013-05-16T10:00:20","modified_gmt":"2013-05-16T08:00:20","slug":"leisetreter-unterwegs","status":"publish","type":"post","link":"https:\/\/blog.zeit.de\/kinderzeit\/2013\/05\/16\/leisetreter-unterwegs_14025","title":{"rendered":"Leisetreter unterwegs"},"content":{"rendered":"<p><figure id=\"attachment_14026\" aria-describedby=\"caption-attachment-14026\" style=\"width: 540px\" class=\"wp-caption aligncenter\"><img loading=\"lazy\" decoding=\"async\" src=\"https:\/\/blog.zeit.de\/kinderzeit\/files\/2013\/05\/lama-540x410.jpg\" alt=\"hre Tiere sind zwei K\u00f6pfe gr\u00f6\u00dfer als Cora. Angst hat sie nicht\" width=\"540\" height=\"410\" class=\"size-large wp-image-14026\" srcset=\"https:\/\/blog.zeit.de\/kinderzeit\/files\/2013\/05\/lama-540x410.jpg 540w, https:\/\/blog.zeit.de\/kinderzeit\/files\/2013\/05\/lama-300x227.jpg 300w, https:\/\/blog.zeit.de\/kinderzeit\/files\/2013\/05\/lama.jpg 628w\" sizes=\"auto, (max-width: 540px) 100vw, 540px\" \/><figcaption id=\"caption-attachment-14026\" class=\"wp-caption-text\">hre Tiere sind zwei K\u00f6pfe gr\u00f6\u00dfer als Cora. Angst hat sie nicht<\/figcaption><\/figure><\/p>\n<p><strong>Lamas leben in S\u00fcdamerika \u2013 und in der Pfalz. F\u00fcr die Kinder ZEIT hat Nicole Diehlmann eine Lama-Familie besucht<\/strong><\/p>\n<p>Der Garten von Cora und Lena sieht ziemlich normal aus: Es gibt eine Terrasse, eine Rutsche, eine Schaukel. Aber die Tiere, die da zwischen Gartenh\u00e4uschen und Blumenbeet grasen, die sind au\u00dfergew\u00f6hnlich: Es sind Lamas.<\/p>\n<p>Cora und Lena sind Schwestern, und sie haben diese besonderen Haustiere \u2013 oder eher Hinterm-Haus-Tiere. Denn an den Garten der Familie grenzen das Gehege und die Weiden der Lama-Herde, und manchmal d\u00fcrfen die Tiere sogar in den Garten der Familie. 14 Lamas h\u00e4lt die Familie in Ungestein, das ist ein Ortsteil von Bad D\u00fcrkheim und liegt in einem pf\u00e4lzischen Weinbaugebiet. Direkt hinterm Haus steht eine Hengst-Bande, die Stuten und ihre Fohlen wohnen in einem Gehege ein paar Hundert Meter weiter. <!--more--><\/p>\n<p>\u00bbHier\u00ab, sagt die 13-j\u00e4hrige Lena und zeigt ihr Smartphone, auf dem sie Fotos der drei j\u00fcngsten Lamas hat, \u00bbdie sind so s\u00fc\u00df!\u00ab Der Hengst Kr\u00fcmel findet das wohl nicht. Er steht direkt vor Lena und gibt seltsame T\u00f6ne von sich: \u00bbMmh, krmm, mmh\u00ab, grummelt er. Cornetto, ein anderer Hengst, antwortet: \u00bbMmmh, brrr, mmmmh.\u00ab \u2013 \u00bbDie beiden unterhalten sich nur\u00ab, sagt Lena.<\/p>\n<p>Wie um alles in der Welt kommt man darauf, Lamas zu halten? Eigentlich ganz einfach. Cora, Lena und ihre Eltern waren lange auf der Suche nach au\u00dfergew\u00f6hnlichen Begleitern. Sie wollten n\u00e4mlich Tiere haben, die sie mit auf Wanderungen nehmen k\u00f6nnen. \u00bbErst wollten wir Esel, doch die sind zu laut\u00ab, erz\u00e4hlt die zehnj\u00e4hrige Cora. \u00bbDann haben wir an Kamele gedacht, aber die sind so gro\u00df und k\u00f6nnen auch bei\u00dfen.\u00ab Vor etwa f\u00fcnf Jahren lernte ihre Mutter bei einer Wanderung eine Familie kennen, die Lamas hatte. Und die Mutter mochte die Tiere mit den gro\u00dfen Augen und den langen Wimpern sofort.<\/p>\n<p>Bevor ihre Lamas einziehen konnten, musste die Familie aber erst lernen, wie man sich richtig um sie k\u00fcmmert. \u00bbOhne Kurs bekommt man keins von einem Z\u00fcchter\u00ab, erkl\u00e4rt die Mutter. Man muss auch mindestens drei Tiere zusammen kaufen, denn Lamas sind Herdentiere und w\u00fcrden sich allein nicht wohlf\u00fchlen.<\/p>\n<p>Lamas kommen urspr\u00fcnglich aus S\u00fcdamerika. Dort werden sie als Nutztiere gehalten und liefern den Menschen vor allem Wolle. Aber sie f\u00fchlen sich auch in Deutschland wohl, wenn sie genug Platz haben. Dann sind sie ruhige und gelassene Gef\u00e4hrten, gef\u00e4hrlich sind sie auch nicht. Lamas k\u00f6nnen nicht richtig bei\u00dfen, weil sie Wiederk\u00e4uer sind und am Oberkiefer keine Z\u00e4hne haben. Auch gef\u00e4hrlich austreten k\u00f6nnen sie nicht, weil sie keine Hufe haben. Der Fachausdruck f\u00fcr Lamas ist \u00bbSchwielensohler\u00ab, sie tragen gewisserma\u00dfen nat\u00fcrliche Schuhe mit einer festen Sohle. Man nennt sie deshalb auch Leisetreter.<\/p>\n<p>Wenn Lamas sich bedroht f\u00fchlen, spucken sie. \u00bbUnd das stinkt ganz sch\u00f6n\u00ab, sagt Lena. Sie wei\u00df das, weil sie es schon erlebt hat: \u00bbAber nur ein Mal.\u00ab Da allerdings traf die Spucke sie mitten im Gesicht. Sie und ihre Freundinnen hatten ein Lama zu fest gekuschelt, und das war ihm wohl unangenehm.<\/p>\n<p>Cora und Lena durften sich je zwei Tiere aussuchen, um die sie sich besonders k\u00fcmmern \u2013 Coras Lamas hei\u00dfen Charly und Bombay, Lenas Bonito und Cinnemon. Die Eltern der Schwestern haben inzwischen zwei Berufe: Neben ihrer Arbeit als Friseure bieten sie gef\u00fchrte Wanderungen mit Lamas f\u00fcr G\u00e4ste an. Jeder Besucher darf dabei ein eigenes Lama f\u00fchren. Cora und Lena laufen mit und helfen auch vorher, die Tiere wanderfertig zu machen. Cora f\u00fchrt dann zum Beispiel die Lamas am Strick in den Garten, damit die G\u00e4ste ihr Fell striegeln k\u00f6nnen.<\/p>\n<p>Doch die Schwestern sind nicht immer eingespannt. Wenn sie Hausaufgaben machen m\u00fcssen, sich mit Freunden treffen wollen oder zum Hip-Hop- oder Fu\u00dfballtraining gehen, bleibt nicht immer Zeit f\u00fcr die Lamas. Dann k\u00fcmmern sich die Eltern. Denn die gro\u00dfen Tiere machen auch Arbeit.<\/p>\n<p>F\u00fcr einige Aufgaben ist der Vater zust\u00e4ndig \u2013 etwa f\u00fcrs Klo. Alle Lamas der Herde nutzen dieselbe Stelle im Gehege als Toilette. Um dort sauber zu machen, f\u00e4hrt der Vater mit einer Art riesigem Staubsauger hin und saugt den Dreck weg. Ins Gehege kommen die Lamas, wenn sie Unterschlupf vor Regen oder starker Sonne suchen. Ansonsten leben sie Tag und Nacht drau\u00dfen auf den Weiden, dort finden sie auch ihr Futter. Zus\u00e4tzlich bekommen sie nur etwas Heu und manchmal Karotten.<\/p>\n<p>Fr\u00fcher wollten viele Freundinnen zuerst zu den Lamas, wenn sie Cora oder Lena besuchten. Das hat sich mittlerweile gelegt. Und f\u00fcr die Bewohner des \u00d6rtchens Ungestein ist es schon ganz normal, dass ab und zu zottelige Vierbeiner die Stra\u00dfe \u00fcberqueren. Alle wissen dann: Cora und Lena sind wieder mit ihren Lamas auf Wanderschaft.<\/p>\n","protected":false},"excerpt":{"rendered":"<p>Lamas leben in S\u00fcdamerika \u2013 und in der Pfalz. F\u00fcr die Kinder ZEIT hat Nicole Diehlmann eine Lama-Familie besucht Der Garten von Cora und Lena sieht ziemlich normal aus: Es gibt eine Terrasse, eine Rutsche, eine Schaukel. Aber die Tiere, die da zwischen Gartenh\u00e4uschen und Blumenbeet grasen, die sind au\u00dfergew\u00f6hnlich: Es sind Lamas. Cora und [&hellip;]<\/p>\n","protected":false},"author":217,"featured_media":0,"comment_status":"open","ping_status":"closed","sticky":false,"template":"","format":"standard","meta":{"_jetpack_memberships_contains_paid_content":false,"footnotes":""},"categories":[12969,2108,391,548,591],"tags":[27390,27392,27389,27391,27396,27395,27397,27394,27393,27398],"class_list":["post-14025","post","type-post","status-publish","format-standard","hentry","category-berufe","category-erlebnisse","category-kinder","category-tiere","category-wirtschaft","tag-alpaka","tag-alpakas-in-deutschland","tag-lama","tag-lamas-ins-deutschland","tag-nutztiere","tag-paarhufer","tag-schwielensohler","tag-tiere-aus-sudamerika","tag-tierzucht","tag-zottelige-vierbeiner"],"yoast_head":"<!-- This site is optimized with the Yoast SEO plugin v21.0 - https:\/\/yoast.com\/wordpress\/plugins\/seo\/ -->\n<title>Leisetreter unterwegs - KinderZEIT-Blog<\/title>\n<meta name=\"robots\" content=\"index, follow, max-snippet:-1, max-image-preview:large, max-video-preview:-1\" \/>\n<link rel=\"canonical\" href=\"https:\/\/blog.zeit.de\/kinderzeit\/2013\/05\/16\/leisetreter-unterwegs_14025\" \/>\n<meta property=\"og:locale\" content=\"de_DE\" \/>\n<meta property=\"og:type\" content=\"article\" \/>\n<meta property=\"og:title\" content=\"Leisetreter unterwegs - KinderZEIT-Blog\" \/>\n<meta property=\"og:description\" content=\"Lamas leben in S\u00fcdamerika \u2013 und in der Pfalz. F\u00fcr die Kinder ZEIT hat Nicole Diehlmann eine Lama-Familie besucht Der Garten von Cora und Lena sieht ziemlich normal aus: Es gibt eine Terrasse, eine Rutsche, eine Schaukel. Aber die Tiere, die da zwischen Gartenh\u00e4uschen und Blumenbeet grasen, die sind au\u00dfergew\u00f6hnlich: Es sind Lamas. Cora und [&hellip;]\" \/>\n<meta property=\"og:url\" content=\"https:\/\/blog.zeit.de\/kinderzeit\/2013\/05\/16\/leisetreter-unterwegs_14025\" \/>\n<meta property=\"og:site_name\" content=\"KinderZEIT-Blog\" \/>\n<meta property=\"article:published_time\" content=\"2013-05-16T08:00:18+00:00\" \/>\n<meta property=\"article:modified_time\" content=\"2013-05-16T08:00:20+00:00\" \/>\n<meta property=\"og:image\" content=\"https:\/\/blog.zeit.de\/kinderzeit\/files\/2013\/05\/lama-540x410.jpg\" \/>\n<meta name=\"author\" content=\"Redaktion KinderZEIT\" \/>\n<meta name=\"twitter:card\" content=\"summary_large_image\" \/>\n<meta name=\"twitter:label1\" content=\"Verfasst von\" \/>\n\t<meta name=\"twitter:data1\" content=\"Redaktion KinderZEIT\" \/>\n\t<meta name=\"twitter:label2\" content=\"Gesch\u00e4tzte Lesezeit\" \/>\n\t<meta name=\"twitter:data2\" content=\"4\u00a0Minuten\" \/>\n<script type=\"application\/ld+json\" class=\"yoast-schema-graph\">{\"@context\":\"https:\/\/schema.org\",\"@graph\":[{\"@type\":\"WebPage\",\"@id\":\"https:\/\/blog.zeit.de\/kinderzeit\/2013\/05\/16\/leisetreter-unterwegs_14025\",\"url\":\"https:\/\/blog.zeit.de\/kinderzeit\/2013\/05\/16\/leisetreter-unterwegs_14025\",\"name\":\"Leisetreter unterwegs - KinderZEIT-Blog\",\"isPartOf\":{\"@id\":\"https:\/\/blog.zeit.de\/kinderzeit\/#website\"},\"datePublished\":\"2013-05-16T08:00:18+00:00\",\"dateModified\":\"2013-05-16T08:00:20+00:00\",\"author\":{\"@id\":\"https:\/\/blog.zeit.de\/kinderzeit\/#\/schema\/person\/49470446f328463e8ea80b00b7d5da9c\"},\"breadcrumb\":{\"@id\":\"https:\/\/blog.zeit.de\/kinderzeit\/2013\/05\/16\/leisetreter-unterwegs_14025#breadcrumb\"},\"inLanguage\":\"de\",\"potentialAction\":[{\"@type\":\"ReadAction\",\"target\":[\"https:\/\/blog.zeit.de\/kinderzeit\/2013\/05\/16\/leisetreter-unterwegs_14025\"]}]},{\"@type\":\"BreadcrumbList\",\"@id\":\"https:\/\/blog.zeit.de\/kinderzeit\/2013\/05\/16\/leisetreter-unterwegs_14025#breadcrumb\",\"itemListElement\":[{\"@type\":\"ListItem\",\"position\":1,\"name\":\"Startseite\",\"item\":\"https:\/\/blog.zeit.de\/kinderzeit\"},{\"@type\":\"ListItem\",\"position\":2,\"name\":\"Leisetreter unterwegs\"}]},{\"@type\":\"WebSite\",\"@id\":\"https:\/\/blog.zeit.de\/kinderzeit\/#website\",\"url\":\"https:\/\/blog.zeit.de\/kinderzeit\/\",\"name\":\"KinderZEIT-Blog\",\"description\":\"Politik, Kultur und R\u00e4tsel f\u00fcr junge Leser\",\"potentialAction\":[{\"@type\":\"SearchAction\",\"target\":{\"@type\":\"EntryPoint\",\"urlTemplate\":\"https:\/\/blog.zeit.de\/kinderzeit\/?s={search_term_string}\"},\"query-input\":\"required name=search_term_string\"}],\"inLanguage\":\"de\"},{\"@type\":\"Person\",\"@id\":\"https:\/\/blog.zeit.de\/kinderzeit\/#\/schema\/person\/49470446f328463e8ea80b00b7d5da9c\",\"name\":\"Redaktion KinderZEIT\",\"image\":{\"@type\":\"ImageObject\",\"inLanguage\":\"de\",\"@id\":\"https:\/\/blog.zeit.de\/kinderzeit\/#\/schema\/person\/image\/\",\"url\":\"https:\/\/secure.gravatar.com\/avatar\/e613a4a2ad2bd6413584eec4b8dd51cb549f6f87f7a858de5437c6df45ca1659?s=96&d=mm&r=g\",\"contentUrl\":\"https:\/\/secure.gravatar.com\/avatar\/e613a4a2ad2bd6413584eec4b8dd51cb549f6f87f7a858de5437c6df45ca1659?s=96&d=mm&r=g\",\"caption\":\"Redaktion KinderZEIT\"},\"url\":\"https:\/\/blog.zeit.de\/kinderzeit\/author\/sandra-valeska-bruhns\"}]}<\/script>\n<!-- \/ Yoast SEO plugin. -->","yoast_head_json":{"title":"Leisetreter unterwegs - KinderZEIT-Blog","robots":{"index":"index","follow":"follow","max-snippet":"max-snippet:-1","max-image-preview":"max-image-preview:large","max-video-preview":"max-video-preview:-1"},"canonical":"https:\/\/blog.zeit.de\/kinderzeit\/2013\/05\/16\/leisetreter-unterwegs_14025","og_locale":"de_DE","og_type":"article","og_title":"Leisetreter unterwegs - KinderZEIT-Blog","og_description":"Lamas leben in S\u00fcdamerika \u2013 und in der Pfalz. F\u00fcr die Kinder ZEIT hat Nicole Diehlmann eine Lama-Familie besucht Der Garten von Cora und Lena sieht ziemlich normal aus: Es gibt eine Terrasse, eine Rutsche, eine Schaukel. Aber die Tiere, die da zwischen Gartenh\u00e4uschen und Blumenbeet grasen, die sind au\u00dfergew\u00f6hnlich: Es sind Lamas. Cora und [&hellip;]","og_url":"https:\/\/blog.zeit.de\/kinderzeit\/2013\/05\/16\/leisetreter-unterwegs_14025","og_site_name":"KinderZEIT-Blog","article_published_time":"2013-05-16T08:00:18+00:00","article_modified_time":"2013-05-16T08:00:20+00:00","og_image":[{"url":"https:\/\/blog.zeit.de\/kinderzeit\/files\/2013\/05\/lama-540x410.jpg"}],"author":"Redaktion KinderZEIT","twitter_card":"summary_large_image","twitter_misc":{"Verfasst von":"Redaktion KinderZEIT","Gesch\u00e4tzte Lesezeit":"4\u00a0Minuten"},"schema":{"@context":"https:\/\/schema.org","@graph":[{"@type":"WebPage","@id":"https:\/\/blog.zeit.de\/kinderzeit\/2013\/05\/16\/leisetreter-unterwegs_14025","url":"https:\/\/blog.zeit.de\/kinderzeit\/2013\/05\/16\/leisetreter-unterwegs_14025","name":"Leisetreter unterwegs - KinderZEIT-Blog","isPartOf":{"@id":"https:\/\/blog.zeit.de\/kinderzeit\/#website"},"datePublished":"2013-05-16T08:00:18+00:00","dateModified":"2013-05-16T08:00:20+00:00","author":{"@id":"https:\/\/blog.zeit.de\/kinderzeit\/#\/schema\/person\/49470446f328463e8ea80b00b7d5da9c"},"breadcrumb":{"@id":"https:\/\/blog.zeit.de\/kinderzeit\/2013\/05\/16\/leisetreter-unterwegs_14025#breadcrumb"},"inLanguage":"de","potentialAction":[{"@type":"ReadAction","target":["https:\/\/blog.zeit.de\/kinderzeit\/2013\/05\/16\/leisetreter-unterwegs_14025"]}]},{"@type":"BreadcrumbList","@id":"https:\/\/blog.zeit.de\/kinderzeit\/2013\/05\/16\/leisetreter-unterwegs_14025#breadcrumb","itemListElement":[{"@type":"ListItem","position":1,"name":"Startseite","item":"https:\/\/blog.zeit.de\/kinderzeit"},{"@type":"ListItem","position":2,"name":"Leisetreter unterwegs"}]},{"@type":"WebSite","@id":"https:\/\/blog.zeit.de\/kinderzeit\/#website","url":"https:\/\/blog.zeit.de\/kinderzeit\/","name":"KinderZEIT-Blog","description":"Politik, Kultur und R\u00e4tsel f\u00fcr junge Leser","potentialAction":[{"@type":"SearchAction","target":{"@type":"EntryPoint","urlTemplate":"https:\/\/blog.zeit.de\/kinderzeit\/?s={search_term_string}"},"query-input":"required name=search_term_string"}],"inLanguage":"de"},{"@type":"Person","@id":"https:\/\/blog.zeit.de\/kinderzeit\/#\/schema\/person\/49470446f328463e8ea80b00b7d5da9c","name":"Redaktion KinderZEIT","image":{"@type":"ImageObject","inLanguage":"de","@id":"https:\/\/blog.zeit.de\/kinderzeit\/#\/schema\/person\/image\/","url":"https:\/\/secure.gravatar.com\/avatar\/e613a4a2ad2bd6413584eec4b8dd51cb549f6f87f7a858de5437c6df45ca1659?s=96&d=mm&r=g","contentUrl":"https:\/\/secure.gravatar.com\/avatar\/e613a4a2ad2bd6413584eec4b8dd51cb549f6f87f7a858de5437c6df45ca1659?s=96&d=mm&r=g","caption":"Redaktion KinderZEIT"},"url":"https:\/\/blog.zeit.de\/kinderzeit\/author\/sandra-valeska-bruhns"}]}},"jetpack_featured_media_url":"","jetpack_sharing_enabled":true,"_links":{"self":[{"href":"https:\/\/blog.zeit.de\/kinderzeit\/wp-json\/wp\/v2\/posts\/14025","targetHints":{"allow":["GET"]}}],"collection":[{"href":"https:\/\/blog.zeit.de\/kinderzeit\/wp-json\/wp\/v2\/posts"}],"about":[{"href":"https:\/\/blog.zeit.de\/kinderzeit\/wp-json\/wp\/v2\/types\/post"}],"author":[{"embeddable":true,"href":"https:\/\/blog.zeit.de\/kinderzeit\/wp-json\/wp\/v2\/users\/217"}],"replies":[{"embeddable":true,"href":"https:\/\/blog.zeit.de\/kinderzeit\/wp-json\/wp\/v2\/comments?post=14025"}],"version-history":[{"count":5,"href":"https:\/\/blog.zeit.de\/kinderzeit\/wp-json\/wp\/v2\/posts\/14025\/revisions"}],"predecessor-version":[{"id":14045,"href":"https:\/\/blog.zeit.de\/kinderzeit\/wp-json\/wp\/v2\/posts\/14025\/revisions\/14045"}],"wp:attachment":[{"href":"https:\/\/blog.zeit.de\/kinderzeit\/wp-json\/wp\/v2\/media?parent=14025"}],"wp:term":[{"taxonomy":"category","embeddable":true,"href":"https:\/\/blog.zeit.de\/kinderzeit\/wp-json\/wp\/v2\/categories?post=14025"},{"taxonomy":"post_tag","embeddable":true,"href":"https:\/\/blog.zeit.de\/kinderzeit\/wp-json\/wp\/v2\/tags?post=14025"}],"curies":[{"name":"wp","href":"https:\/\/api.w.org\/{rel}","templated":true}]}}