{"id":14167,"date":"2013-06-11T12:58:56","date_gmt":"2013-06-11T10:58:56","guid":{"rendered":"http:\/\/blog.zeit.de\/kinderzeit\/?p=14167"},"modified":"2013-06-13T10:55:48","modified_gmt":"2013-06-13T08:55:48","slug":"wasser-wasser-wasser","status":"publish","type":"post","link":"https:\/\/blog.zeit.de\/kinderzeit\/2013\/06\/11\/wasser-wasser-wasser_14167","title":{"rendered":"Wasser, Wasser, Wasser"},"content":{"rendered":"<p><figure id=\"attachment_14168\" aria-describedby=\"caption-attachment-14168\" style=\"width: 540px\" class=\"wp-caption alignleft\"><img loading=\"lazy\" decoding=\"async\" src=\"https:\/\/blog.zeit.de\/kinderzeit\/files\/2013\/06\/fischbeck-540x340.jpg\" alt=\"Der kleine Ort Fischbeck in der N\u00e4he von Stendal ist v\u00f6llig \u00fcberschwemmt\/ \u00a9 AFP\" width=\"540\" height=\"340\" class=\"size-large wp-image-14168\" srcset=\"https:\/\/blog.zeit.de\/kinderzeit\/files\/2013\/06\/fischbeck-540x340.jpg 540w, https:\/\/blog.zeit.de\/kinderzeit\/files\/2013\/06\/fischbeck-300x188.jpg 300w, https:\/\/blog.zeit.de\/kinderzeit\/files\/2013\/06\/fischbeck.jpg 594w\" sizes=\"auto, (max-width: 540px) 100vw, 540px\" \/><figcaption id=\"caption-attachment-14168\" class=\"wp-caption-text\">Der kleine Ort Fischbeck in der N\u00e4he von Stendal ist v\u00f6llig \u00fcberschwemmt\/ \u00a9 AFP<\/figcaption><\/figure><\/p>\n<p>Seit Tagen beherrschen die Bilder von dem dramatischen Hochwasser in S\u00fcddeutschland und entlang der Elbe die Bilder der Zeitungen und Nachrichtensendungen. Unvorstellbar, dass das Wasser der Fl\u00fcsse bis in den zweiten Stock der Wohnh\u00e4user steigen konnte. Schuld ist vor allem der viele Regen im Mai. \u00dcberall f\u00fcllen freiwillige Helfer Sands\u00e4cke um das Wasser aufzuhalten, werden Keller leergepumpt und alles, was nass geworden und nicht kaputt ist, getrocknet. F\u00fcr uns, die wir (noch) im Trockenen sitzen, eine schreckliche Vorstellung. <!--more--><\/p>\n<p>Denkt Euch mal wie das w\u00e4re, wenn Euer ganzes Zimmer unter Wasser st\u00fcnde? Wennn jedes Buch, das Bett, der Schrank, die Klamotten, einfach alles klitschnass w\u00e4re. Da wollen viele helfen. Doch ganz so einfach ist das nicht, vor allem nicht f\u00fcr Kinder. Nat\u00fcrlich k\u00f6nnt Ihr Eure Eltern bitten zu spenden. Aber in vielen Familien wird gerade eifrig gespart, damit genug Geld f\u00fcr die Sommerferien da ist. Kleinspenden helfen auch. Bei vielen Einzelh\u00e4ndlern k\u00f6nnt Ihr jetzt Eure Summe, die Ihr bezahlen m\u00fcsst, zugunsten der Flutopfer aufrunden. Wenn Ihr also f\u00fcr Zahnpaste und Zahncreme 2,45 Euro bezahlen sollt und auf 3 Euro aufrundet, habt Ihr 55 Cent f\u00fcr die Flutopfer gespendet &#8211; der Betrag wird als Spende auf dem Kassenbon ausgewiesen. KinderZEIT meint: Super Aktion!<\/p>\n","protected":false},"excerpt":{"rendered":"<p>Seit Tagen beherrschen die Bilder von dem dramatischen Hochwasser in S\u00fcddeutschland und entlang der Elbe die Bilder der Zeitungen und Nachrichtensendungen. Unvorstellbar, dass das Wasser der Fl\u00fcsse bis in den zweiten Stock der Wohnh\u00e4user steigen konnte. Schuld ist vor allem der viele Regen im Mai. \u00dcberall f\u00fcllen freiwillige Helfer Sands\u00e4cke um das Wasser aufzuhalten, werden [&hellip;]<\/p>\n","protected":false},"author":217,"featured_media":0,"comment_status":"open","ping_status":"closed","sticky":false,"template":"","format":"standard","meta":{"_jetpack_memberships_contains_paid_content":false,"footnotes":""},"categories":[12254],"tags":[],"class_list":["post-14167","post","type-post","status-publish","format-standard","hentry","category-aktuell"],"yoast_head":"<!-- This site is optimized with the Yoast SEO plugin v21.0 - https:\/\/yoast.com\/wordpress\/plugins\/seo\/ -->\n<title>Wasser, Wasser, Wasser - KinderZEIT-Blog<\/title>\n<meta name=\"robots\" content=\"index, follow, max-snippet:-1, max-image-preview:large, max-video-preview:-1\" \/>\n<link rel=\"canonical\" href=\"https:\/\/blog.zeit.de\/kinderzeit\/2013\/06\/11\/wasser-wasser-wasser_14167\" \/>\n<meta property=\"og:locale\" content=\"de_DE\" \/>\n<meta property=\"og:type\" content=\"article\" \/>\n<meta property=\"og:title\" content=\"Wasser, Wasser, Wasser - KinderZEIT-Blog\" \/>\n<meta property=\"og:description\" content=\"Seit Tagen beherrschen die Bilder von dem dramatischen Hochwasser in S\u00fcddeutschland und entlang der Elbe die Bilder der Zeitungen und Nachrichtensendungen. Unvorstellbar, dass das Wasser der Fl\u00fcsse bis in den zweiten Stock der Wohnh\u00e4user steigen konnte. Schuld ist vor allem der viele Regen im Mai. \u00dcberall f\u00fcllen freiwillige Helfer Sands\u00e4cke um das Wasser aufzuhalten, werden [&hellip;]\" \/>\n<meta property=\"og:url\" content=\"https:\/\/blog.zeit.de\/kinderzeit\/2013\/06\/11\/wasser-wasser-wasser_14167\" \/>\n<meta property=\"og:site_name\" content=\"KinderZEIT-Blog\" \/>\n<meta property=\"article:published_time\" content=\"2013-06-11T10:58:56+00:00\" \/>\n<meta property=\"article:modified_time\" content=\"2013-06-13T08:55:48+00:00\" \/>\n<meta property=\"og:image\" content=\"https:\/\/blog.zeit.de\/kinderzeit\/files\/2013\/06\/fischbeck-540x340.jpg\" \/>\n<meta name=\"author\" content=\"Redaktion KinderZEIT\" \/>\n<meta name=\"twitter:card\" content=\"summary_large_image\" \/>\n<meta name=\"twitter:label1\" content=\"Verfasst von\" \/>\n\t<meta name=\"twitter:data1\" content=\"Redaktion KinderZEIT\" \/>\n\t<meta name=\"twitter:label2\" content=\"Gesch\u00e4tzte Lesezeit\" \/>\n\t<meta name=\"twitter:data2\" content=\"1\u00a0Minute\" \/>\n<script type=\"application\/ld+json\" class=\"yoast-schema-graph\">{\"@context\":\"https:\/\/schema.org\",\"@graph\":[{\"@type\":\"WebPage\",\"@id\":\"https:\/\/blog.zeit.de\/kinderzeit\/2013\/06\/11\/wasser-wasser-wasser_14167\",\"url\":\"https:\/\/blog.zeit.de\/kinderzeit\/2013\/06\/11\/wasser-wasser-wasser_14167\",\"name\":\"Wasser, Wasser, Wasser - KinderZEIT-Blog\",\"isPartOf\":{\"@id\":\"https:\/\/blog.zeit.de\/kinderzeit\/#website\"},\"datePublished\":\"2013-06-11T10:58:56+00:00\",\"dateModified\":\"2013-06-13T08:55:48+00:00\",\"author\":{\"@id\":\"https:\/\/blog.zeit.de\/kinderzeit\/#\/schema\/person\/49470446f328463e8ea80b00b7d5da9c\"},\"breadcrumb\":{\"@id\":\"https:\/\/blog.zeit.de\/kinderzeit\/2013\/06\/11\/wasser-wasser-wasser_14167#breadcrumb\"},\"inLanguage\":\"de\",\"potentialAction\":[{\"@type\":\"ReadAction\",\"target\":[\"https:\/\/blog.zeit.de\/kinderzeit\/2013\/06\/11\/wasser-wasser-wasser_14167\"]}]},{\"@type\":\"BreadcrumbList\",\"@id\":\"https:\/\/blog.zeit.de\/kinderzeit\/2013\/06\/11\/wasser-wasser-wasser_14167#breadcrumb\",\"itemListElement\":[{\"@type\":\"ListItem\",\"position\":1,\"name\":\"Startseite\",\"item\":\"https:\/\/blog.zeit.de\/kinderzeit\"},{\"@type\":\"ListItem\",\"position\":2,\"name\":\"Wasser, Wasser, Wasser\"}]},{\"@type\":\"WebSite\",\"@id\":\"https:\/\/blog.zeit.de\/kinderzeit\/#website\",\"url\":\"https:\/\/blog.zeit.de\/kinderzeit\/\",\"name\":\"KinderZEIT-Blog\",\"description\":\"Politik, Kultur und R\u00e4tsel f\u00fcr junge Leser\",\"potentialAction\":[{\"@type\":\"SearchAction\",\"target\":{\"@type\":\"EntryPoint\",\"urlTemplate\":\"https:\/\/blog.zeit.de\/kinderzeit\/?s={search_term_string}\"},\"query-input\":\"required name=search_term_string\"}],\"inLanguage\":\"de\"},{\"@type\":\"Person\",\"@id\":\"https:\/\/blog.zeit.de\/kinderzeit\/#\/schema\/person\/49470446f328463e8ea80b00b7d5da9c\",\"name\":\"Redaktion KinderZEIT\",\"image\":{\"@type\":\"ImageObject\",\"inLanguage\":\"de\",\"@id\":\"https:\/\/blog.zeit.de\/kinderzeit\/#\/schema\/person\/image\/\",\"url\":\"https:\/\/secure.gravatar.com\/avatar\/e613a4a2ad2bd6413584eec4b8dd51cb549f6f87f7a858de5437c6df45ca1659?s=96&d=mm&r=g\",\"contentUrl\":\"https:\/\/secure.gravatar.com\/avatar\/e613a4a2ad2bd6413584eec4b8dd51cb549f6f87f7a858de5437c6df45ca1659?s=96&d=mm&r=g\",\"caption\":\"Redaktion KinderZEIT\"},\"url\":\"https:\/\/blog.zeit.de\/kinderzeit\/author\/sandra-valeska-bruhns\"}]}<\/script>\n<!-- \/ Yoast SEO plugin. -->","yoast_head_json":{"title":"Wasser, Wasser, Wasser - KinderZEIT-Blog","robots":{"index":"index","follow":"follow","max-snippet":"max-snippet:-1","max-image-preview":"max-image-preview:large","max-video-preview":"max-video-preview:-1"},"canonical":"https:\/\/blog.zeit.de\/kinderzeit\/2013\/06\/11\/wasser-wasser-wasser_14167","og_locale":"de_DE","og_type":"article","og_title":"Wasser, Wasser, Wasser - KinderZEIT-Blog","og_description":"Seit Tagen beherrschen die Bilder von dem dramatischen Hochwasser in S\u00fcddeutschland und entlang der Elbe die Bilder der Zeitungen und Nachrichtensendungen. Unvorstellbar, dass das Wasser der Fl\u00fcsse bis in den zweiten Stock der Wohnh\u00e4user steigen konnte. Schuld ist vor allem der viele Regen im Mai. \u00dcberall f\u00fcllen freiwillige Helfer Sands\u00e4cke um das Wasser aufzuhalten, werden [&hellip;]","og_url":"https:\/\/blog.zeit.de\/kinderzeit\/2013\/06\/11\/wasser-wasser-wasser_14167","og_site_name":"KinderZEIT-Blog","article_published_time":"2013-06-11T10:58:56+00:00","article_modified_time":"2013-06-13T08:55:48+00:00","og_image":[{"url":"https:\/\/blog.zeit.de\/kinderzeit\/files\/2013\/06\/fischbeck-540x340.jpg"}],"author":"Redaktion KinderZEIT","twitter_card":"summary_large_image","twitter_misc":{"Verfasst von":"Redaktion KinderZEIT","Gesch\u00e4tzte Lesezeit":"1\u00a0Minute"},"schema":{"@context":"https:\/\/schema.org","@graph":[{"@type":"WebPage","@id":"https:\/\/blog.zeit.de\/kinderzeit\/2013\/06\/11\/wasser-wasser-wasser_14167","url":"https:\/\/blog.zeit.de\/kinderzeit\/2013\/06\/11\/wasser-wasser-wasser_14167","name":"Wasser, Wasser, Wasser - KinderZEIT-Blog","isPartOf":{"@id":"https:\/\/blog.zeit.de\/kinderzeit\/#website"},"datePublished":"2013-06-11T10:58:56+00:00","dateModified":"2013-06-13T08:55:48+00:00","author":{"@id":"https:\/\/blog.zeit.de\/kinderzeit\/#\/schema\/person\/49470446f328463e8ea80b00b7d5da9c"},"breadcrumb":{"@id":"https:\/\/blog.zeit.de\/kinderzeit\/2013\/06\/11\/wasser-wasser-wasser_14167#breadcrumb"},"inLanguage":"de","potentialAction":[{"@type":"ReadAction","target":["https:\/\/blog.zeit.de\/kinderzeit\/2013\/06\/11\/wasser-wasser-wasser_14167"]}]},{"@type":"BreadcrumbList","@id":"https:\/\/blog.zeit.de\/kinderzeit\/2013\/06\/11\/wasser-wasser-wasser_14167#breadcrumb","itemListElement":[{"@type":"ListItem","position":1,"name":"Startseite","item":"https:\/\/blog.zeit.de\/kinderzeit"},{"@type":"ListItem","position":2,"name":"Wasser, Wasser, Wasser"}]},{"@type":"WebSite","@id":"https:\/\/blog.zeit.de\/kinderzeit\/#website","url":"https:\/\/blog.zeit.de\/kinderzeit\/","name":"KinderZEIT-Blog","description":"Politik, Kultur und R\u00e4tsel f\u00fcr junge Leser","potentialAction":[{"@type":"SearchAction","target":{"@type":"EntryPoint","urlTemplate":"https:\/\/blog.zeit.de\/kinderzeit\/?s={search_term_string}"},"query-input":"required name=search_term_string"}],"inLanguage":"de"},{"@type":"Person","@id":"https:\/\/blog.zeit.de\/kinderzeit\/#\/schema\/person\/49470446f328463e8ea80b00b7d5da9c","name":"Redaktion KinderZEIT","image":{"@type":"ImageObject","inLanguage":"de","@id":"https:\/\/blog.zeit.de\/kinderzeit\/#\/schema\/person\/image\/","url":"https:\/\/secure.gravatar.com\/avatar\/e613a4a2ad2bd6413584eec4b8dd51cb549f6f87f7a858de5437c6df45ca1659?s=96&d=mm&r=g","contentUrl":"https:\/\/secure.gravatar.com\/avatar\/e613a4a2ad2bd6413584eec4b8dd51cb549f6f87f7a858de5437c6df45ca1659?s=96&d=mm&r=g","caption":"Redaktion KinderZEIT"},"url":"https:\/\/blog.zeit.de\/kinderzeit\/author\/sandra-valeska-bruhns"}]}},"jetpack_featured_media_url":"","jetpack_sharing_enabled":true,"_links":{"self":[{"href":"https:\/\/blog.zeit.de\/kinderzeit\/wp-json\/wp\/v2\/posts\/14167","targetHints":{"allow":["GET"]}}],"collection":[{"href":"https:\/\/blog.zeit.de\/kinderzeit\/wp-json\/wp\/v2\/posts"}],"about":[{"href":"https:\/\/blog.zeit.de\/kinderzeit\/wp-json\/wp\/v2\/types\/post"}],"author":[{"embeddable":true,"href":"https:\/\/blog.zeit.de\/kinderzeit\/wp-json\/wp\/v2\/users\/217"}],"replies":[{"embeddable":true,"href":"https:\/\/blog.zeit.de\/kinderzeit\/wp-json\/wp\/v2\/comments?post=14167"}],"version-history":[{"count":4,"href":"https:\/\/blog.zeit.de\/kinderzeit\/wp-json\/wp\/v2\/posts\/14167\/revisions"}],"predecessor-version":[{"id":14181,"href":"https:\/\/blog.zeit.de\/kinderzeit\/wp-json\/wp\/v2\/posts\/14167\/revisions\/14181"}],"wp:attachment":[{"href":"https:\/\/blog.zeit.de\/kinderzeit\/wp-json\/wp\/v2\/media?parent=14167"}],"wp:term":[{"taxonomy":"category","embeddable":true,"href":"https:\/\/blog.zeit.de\/kinderzeit\/wp-json\/wp\/v2\/categories?post=14167"},{"taxonomy":"post_tag","embeddable":true,"href":"https:\/\/blog.zeit.de\/kinderzeit\/wp-json\/wp\/v2\/tags?post=14167"}],"curies":[{"name":"wp","href":"https:\/\/api.w.org\/{rel}","templated":true}]}}