{"id":14173,"date":"2013-06-13T10:55:28","date_gmt":"2013-06-13T08:55:28","guid":{"rendered":"http:\/\/blog.zeit.de\/kinderzeit\/?p=14173"},"modified":"2013-06-13T11:07:59","modified_gmt":"2013-06-13T09:07:59","slug":"5-jahre-kinderzeit-wir-feiern-geburtstag","status":"publish","type":"post","link":"https:\/\/blog.zeit.de\/kinderzeit\/2013\/06\/13\/5-jahre-kinderzeit-wir-feiern-geburtstag_14173","title":{"rendered":"5 Jahre KinderZEIT: Wir feiern Geburtstag!"},"content":{"rendered":"<p><figure id=\"attachment_14174\" aria-describedby=\"caption-attachment-14174\" style=\"width: 540px\" class=\"wp-caption alignleft\"><img loading=\"lazy\" decoding=\"async\" src=\"https:\/\/blog.zeit.de\/kinderzeit\/files\/2013\/06\/geburtstag-540x366.jpg\" alt=\"Geburtstag feiern kann jeder! Kinder, Hunde, Katzen, Meerschweinchen ud auch die KinderZEIT\/ \u00a9 Getty Images\" width=\"540\" height=\"366\" class=\"size-large wp-image-14174\" srcset=\"https:\/\/blog.zeit.de\/kinderzeit\/files\/2013\/06\/geburtstag-540x366.jpg 540w, https:\/\/blog.zeit.de\/kinderzeit\/files\/2013\/06\/geburtstag-300x203.jpg 300w, https:\/\/blog.zeit.de\/kinderzeit\/files\/2013\/06\/geburtstag.jpg 594w\" sizes=\"auto, (max-width: 540px) 100vw, 540px\" \/><figcaption id=\"caption-attachment-14174\" class=\"wp-caption-text\">Geburtstag feiern kann jeder! Kinder, Hunde, Katzen, Meerschweinchen ud auch die KinderZEIT\/ \u00a9 Getty Images<\/figcaption><\/figure><\/p>\n<p>Die KinderZEIT wird f\u00fcnf Jahre alt, im Internet und in der gedruckten ZEIT, die jeden Donnerstag am Kiosk liegt. Den Geburtstag Eurer Seite feiern wir \u00fcberall in der ZEIT. Denn zum Geburtstag durftet Ihr uns mit Fragen l\u00f6chern, Antworten geben Kollegen aus allen Ressorts. Im Juni 2008 erschien zum ersten Mal eine Seite f\u00fcr Euch in der ZEIT. Seit f\u00fcnf Jahren schreiben wir auf der Seite der KinderZEIT und hier im Internet Artikel, die Ihr hoffentlich spannend und lustig findet. Und wir erkl\u00e4ren Dinge, die jetzt gerade in der Welt wichtig sind. Immer wieder schickt Ihr uns auch Fragen, die Euch besch\u00e4ftigen: Warum steigen Aktienkurse? Warum d\u00fcrfen Eltern den Namen ihres Kind bestimmen? Von wem hat der erste Lehrer der Welt alles gelernt? Oft sind es so knifflige Fragen, dass Eltern, Gro\u00dfeltern oder Lehrer sie nicht so schnell kl\u00e4ren k\u00f6nnen oder wollen. <!--more--><\/p>\n<p>Zum KinderZEIT-Geburtstag gibt es nun endlich Antworten. 15 Kinder haben Fragen gestellt, die Ihr \u00fcberall in der gedruckten ZEIT findet. Die Fragen sind ganz sch\u00f6n schwierig. Wisst Ihr, warum Ihr in der Schule Noten bekommt? Woher man wei\u00df, warum Kunst Kunst ist? Oder wer die erste Landkarte gezeichnet hat? <\/p>\n<p>Wenn Ihr in der gedruckten ZEIT alle 15 Antworten findet, k\u00f6nnt Ihr etwas gewinnen. Was&#8230;das wird hier nicht verraten. Aber es lohnt sich mitzumachen! EURE KINDERZEIT-REDAKTION<\/p>\n","protected":false},"excerpt":{"rendered":"<p>Die KinderZEIT wird f\u00fcnf Jahre alt, im Internet und in der gedruckten ZEIT, die jeden Donnerstag am Kiosk liegt. Den Geburtstag Eurer Seite feiern wir \u00fcberall in der ZEIT. Denn zum Geburtstag durftet Ihr uns mit Fragen l\u00f6chern, Antworten geben Kollegen aus allen Ressorts. Im Juni 2008 erschien zum ersten Mal eine Seite f\u00fcr Euch [&hellip;]<\/p>\n","protected":false},"author":217,"featured_media":0,"comment_status":"open","ping_status":"closed","sticky":false,"template":"","format":"standard","meta":{"_jetpack_memberships_contains_paid_content":false,"footnotes":""},"categories":[10329,892],"tags":[27431,1945,30161,27430,10339],"class_list":["post-14173","post","type-post","status-publish","format-standard","hentry","category-schlaue-fragen","category-spielen-basteln-ratseln","tag-5-jahre-kinderzeit","tag-geburtstag","tag-gewinnspiel","tag-kinderzeit","tag-schlaue-fragen-2"],"yoast_head":"<!-- This site is optimized with the Yoast SEO plugin v21.0 - https:\/\/yoast.com\/wordpress\/plugins\/seo\/ -->\n<title>5 Jahre KinderZEIT: Wir feiern Geburtstag! - KinderZEIT-Blog<\/title>\n<meta name=\"robots\" content=\"index, follow, max-snippet:-1, max-image-preview:large, max-video-preview:-1\" \/>\n<link rel=\"canonical\" href=\"https:\/\/blog.zeit.de\/kinderzeit\/2013\/06\/13\/5-jahre-kinderzeit-wir-feiern-geburtstag_14173\" \/>\n<meta property=\"og:locale\" content=\"de_DE\" \/>\n<meta property=\"og:type\" content=\"article\" \/>\n<meta property=\"og:title\" content=\"5 Jahre KinderZEIT: Wir feiern Geburtstag! - KinderZEIT-Blog\" \/>\n<meta property=\"og:description\" content=\"Die KinderZEIT wird f\u00fcnf Jahre alt, im Internet und in der gedruckten ZEIT, die jeden Donnerstag am Kiosk liegt. Den Geburtstag Eurer Seite feiern wir \u00fcberall in der ZEIT. Denn zum Geburtstag durftet Ihr uns mit Fragen l\u00f6chern, Antworten geben Kollegen aus allen Ressorts. Im Juni 2008 erschien zum ersten Mal eine Seite f\u00fcr Euch [&hellip;]\" \/>\n<meta property=\"og:url\" content=\"https:\/\/blog.zeit.de\/kinderzeit\/2013\/06\/13\/5-jahre-kinderzeit-wir-feiern-geburtstag_14173\" \/>\n<meta property=\"og:site_name\" content=\"KinderZEIT-Blog\" \/>\n<meta property=\"article:published_time\" content=\"2013-06-13T08:55:28+00:00\" \/>\n<meta property=\"article:modified_time\" content=\"2013-06-13T09:07:59+00:00\" \/>\n<meta property=\"og:image\" content=\"https:\/\/blog.zeit.de\/kinderzeit\/files\/2013\/06\/geburtstag-540x366.jpg\" \/>\n<meta name=\"author\" content=\"Redaktion KinderZEIT\" \/>\n<meta name=\"twitter:card\" content=\"summary_large_image\" \/>\n<meta name=\"twitter:label1\" content=\"Verfasst von\" \/>\n\t<meta name=\"twitter:data1\" content=\"Redaktion KinderZEIT\" \/>\n\t<meta name=\"twitter:label2\" content=\"Gesch\u00e4tzte Lesezeit\" \/>\n\t<meta name=\"twitter:data2\" content=\"1\u00a0Minute\" \/>\n<script type=\"application\/ld+json\" class=\"yoast-schema-graph\">{\"@context\":\"https:\/\/schema.org\",\"@graph\":[{\"@type\":\"WebPage\",\"@id\":\"https:\/\/blog.zeit.de\/kinderzeit\/2013\/06\/13\/5-jahre-kinderzeit-wir-feiern-geburtstag_14173\",\"url\":\"https:\/\/blog.zeit.de\/kinderzeit\/2013\/06\/13\/5-jahre-kinderzeit-wir-feiern-geburtstag_14173\",\"name\":\"5 Jahre KinderZEIT: Wir feiern Geburtstag! - KinderZEIT-Blog\",\"isPartOf\":{\"@id\":\"https:\/\/blog.zeit.de\/kinderzeit\/#website\"},\"datePublished\":\"2013-06-13T08:55:28+00:00\",\"dateModified\":\"2013-06-13T09:07:59+00:00\",\"author\":{\"@id\":\"https:\/\/blog.zeit.de\/kinderzeit\/#\/schema\/person\/49470446f328463e8ea80b00b7d5da9c\"},\"breadcrumb\":{\"@id\":\"https:\/\/blog.zeit.de\/kinderzeit\/2013\/06\/13\/5-jahre-kinderzeit-wir-feiern-geburtstag_14173#breadcrumb\"},\"inLanguage\":\"de\",\"potentialAction\":[{\"@type\":\"ReadAction\",\"target\":[\"https:\/\/blog.zeit.de\/kinderzeit\/2013\/06\/13\/5-jahre-kinderzeit-wir-feiern-geburtstag_14173\"]}]},{\"@type\":\"BreadcrumbList\",\"@id\":\"https:\/\/blog.zeit.de\/kinderzeit\/2013\/06\/13\/5-jahre-kinderzeit-wir-feiern-geburtstag_14173#breadcrumb\",\"itemListElement\":[{\"@type\":\"ListItem\",\"position\":1,\"name\":\"Startseite\",\"item\":\"https:\/\/blog.zeit.de\/kinderzeit\"},{\"@type\":\"ListItem\",\"position\":2,\"name\":\"5 Jahre KinderZEIT: Wir feiern Geburtstag!\"}]},{\"@type\":\"WebSite\",\"@id\":\"https:\/\/blog.zeit.de\/kinderzeit\/#website\",\"url\":\"https:\/\/blog.zeit.de\/kinderzeit\/\",\"name\":\"KinderZEIT-Blog\",\"description\":\"Politik, Kultur und R\u00e4tsel f\u00fcr junge Leser\",\"potentialAction\":[{\"@type\":\"SearchAction\",\"target\":{\"@type\":\"EntryPoint\",\"urlTemplate\":\"https:\/\/blog.zeit.de\/kinderzeit\/?s={search_term_string}\"},\"query-input\":\"required name=search_term_string\"}],\"inLanguage\":\"de\"},{\"@type\":\"Person\",\"@id\":\"https:\/\/blog.zeit.de\/kinderzeit\/#\/schema\/person\/49470446f328463e8ea80b00b7d5da9c\",\"name\":\"Redaktion KinderZEIT\",\"image\":{\"@type\":\"ImageObject\",\"inLanguage\":\"de\",\"@id\":\"https:\/\/blog.zeit.de\/kinderzeit\/#\/schema\/person\/image\/\",\"url\":\"https:\/\/secure.gravatar.com\/avatar\/e613a4a2ad2bd6413584eec4b8dd51cb549f6f87f7a858de5437c6df45ca1659?s=96&d=mm&r=g\",\"contentUrl\":\"https:\/\/secure.gravatar.com\/avatar\/e613a4a2ad2bd6413584eec4b8dd51cb549f6f87f7a858de5437c6df45ca1659?s=96&d=mm&r=g\",\"caption\":\"Redaktion KinderZEIT\"},\"url\":\"https:\/\/blog.zeit.de\/kinderzeit\/author\/sandra-valeska-bruhns\"}]}<\/script>\n<!-- \/ Yoast SEO plugin. -->","yoast_head_json":{"title":"5 Jahre KinderZEIT: Wir feiern Geburtstag! - KinderZEIT-Blog","robots":{"index":"index","follow":"follow","max-snippet":"max-snippet:-1","max-image-preview":"max-image-preview:large","max-video-preview":"max-video-preview:-1"},"canonical":"https:\/\/blog.zeit.de\/kinderzeit\/2013\/06\/13\/5-jahre-kinderzeit-wir-feiern-geburtstag_14173","og_locale":"de_DE","og_type":"article","og_title":"5 Jahre KinderZEIT: Wir feiern Geburtstag! - KinderZEIT-Blog","og_description":"Die KinderZEIT wird f\u00fcnf Jahre alt, im Internet und in der gedruckten ZEIT, die jeden Donnerstag am Kiosk liegt. Den Geburtstag Eurer Seite feiern wir \u00fcberall in der ZEIT. Denn zum Geburtstag durftet Ihr uns mit Fragen l\u00f6chern, Antworten geben Kollegen aus allen Ressorts. Im Juni 2008 erschien zum ersten Mal eine Seite f\u00fcr Euch [&hellip;]","og_url":"https:\/\/blog.zeit.de\/kinderzeit\/2013\/06\/13\/5-jahre-kinderzeit-wir-feiern-geburtstag_14173","og_site_name":"KinderZEIT-Blog","article_published_time":"2013-06-13T08:55:28+00:00","article_modified_time":"2013-06-13T09:07:59+00:00","og_image":[{"url":"https:\/\/blog.zeit.de\/kinderzeit\/files\/2013\/06\/geburtstag-540x366.jpg"}],"author":"Redaktion KinderZEIT","twitter_card":"summary_large_image","twitter_misc":{"Verfasst von":"Redaktion KinderZEIT","Gesch\u00e4tzte Lesezeit":"1\u00a0Minute"},"schema":{"@context":"https:\/\/schema.org","@graph":[{"@type":"WebPage","@id":"https:\/\/blog.zeit.de\/kinderzeit\/2013\/06\/13\/5-jahre-kinderzeit-wir-feiern-geburtstag_14173","url":"https:\/\/blog.zeit.de\/kinderzeit\/2013\/06\/13\/5-jahre-kinderzeit-wir-feiern-geburtstag_14173","name":"5 Jahre KinderZEIT: Wir feiern Geburtstag! - KinderZEIT-Blog","isPartOf":{"@id":"https:\/\/blog.zeit.de\/kinderzeit\/#website"},"datePublished":"2013-06-13T08:55:28+00:00","dateModified":"2013-06-13T09:07:59+00:00","author":{"@id":"https:\/\/blog.zeit.de\/kinderzeit\/#\/schema\/person\/49470446f328463e8ea80b00b7d5da9c"},"breadcrumb":{"@id":"https:\/\/blog.zeit.de\/kinderzeit\/2013\/06\/13\/5-jahre-kinderzeit-wir-feiern-geburtstag_14173#breadcrumb"},"inLanguage":"de","potentialAction":[{"@type":"ReadAction","target":["https:\/\/blog.zeit.de\/kinderzeit\/2013\/06\/13\/5-jahre-kinderzeit-wir-feiern-geburtstag_14173"]}]},{"@type":"BreadcrumbList","@id":"https:\/\/blog.zeit.de\/kinderzeit\/2013\/06\/13\/5-jahre-kinderzeit-wir-feiern-geburtstag_14173#breadcrumb","itemListElement":[{"@type":"ListItem","position":1,"name":"Startseite","item":"https:\/\/blog.zeit.de\/kinderzeit"},{"@type":"ListItem","position":2,"name":"5 Jahre KinderZEIT: Wir feiern Geburtstag!"}]},{"@type":"WebSite","@id":"https:\/\/blog.zeit.de\/kinderzeit\/#website","url":"https:\/\/blog.zeit.de\/kinderzeit\/","name":"KinderZEIT-Blog","description":"Politik, Kultur und R\u00e4tsel f\u00fcr junge Leser","potentialAction":[{"@type":"SearchAction","target":{"@type":"EntryPoint","urlTemplate":"https:\/\/blog.zeit.de\/kinderzeit\/?s={search_term_string}"},"query-input":"required name=search_term_string"}],"inLanguage":"de"},{"@type":"Person","@id":"https:\/\/blog.zeit.de\/kinderzeit\/#\/schema\/person\/49470446f328463e8ea80b00b7d5da9c","name":"Redaktion KinderZEIT","image":{"@type":"ImageObject","inLanguage":"de","@id":"https:\/\/blog.zeit.de\/kinderzeit\/#\/schema\/person\/image\/","url":"https:\/\/secure.gravatar.com\/avatar\/e613a4a2ad2bd6413584eec4b8dd51cb549f6f87f7a858de5437c6df45ca1659?s=96&d=mm&r=g","contentUrl":"https:\/\/secure.gravatar.com\/avatar\/e613a4a2ad2bd6413584eec4b8dd51cb549f6f87f7a858de5437c6df45ca1659?s=96&d=mm&r=g","caption":"Redaktion KinderZEIT"},"url":"https:\/\/blog.zeit.de\/kinderzeit\/author\/sandra-valeska-bruhns"}]}},"jetpack_featured_media_url":"","jetpack_sharing_enabled":true,"_links":{"self":[{"href":"https:\/\/blog.zeit.de\/kinderzeit\/wp-json\/wp\/v2\/posts\/14173","targetHints":{"allow":["GET"]}}],"collection":[{"href":"https:\/\/blog.zeit.de\/kinderzeit\/wp-json\/wp\/v2\/posts"}],"about":[{"href":"https:\/\/blog.zeit.de\/kinderzeit\/wp-json\/wp\/v2\/types\/post"}],"author":[{"embeddable":true,"href":"https:\/\/blog.zeit.de\/kinderzeit\/wp-json\/wp\/v2\/users\/217"}],"replies":[{"embeddable":true,"href":"https:\/\/blog.zeit.de\/kinderzeit\/wp-json\/wp\/v2\/comments?post=14173"}],"version-history":[{"count":8,"href":"https:\/\/blog.zeit.de\/kinderzeit\/wp-json\/wp\/v2\/posts\/14173\/revisions"}],"predecessor-version":[{"id":14183,"href":"https:\/\/blog.zeit.de\/kinderzeit\/wp-json\/wp\/v2\/posts\/14173\/revisions\/14183"}],"wp:attachment":[{"href":"https:\/\/blog.zeit.de\/kinderzeit\/wp-json\/wp\/v2\/media?parent=14173"}],"wp:term":[{"taxonomy":"category","embeddable":true,"href":"https:\/\/blog.zeit.de\/kinderzeit\/wp-json\/wp\/v2\/categories?post=14173"},{"taxonomy":"post_tag","embeddable":true,"href":"https:\/\/blog.zeit.de\/kinderzeit\/wp-json\/wp\/v2\/tags?post=14173"}],"curies":[{"name":"wp","href":"https:\/\/api.w.org\/{rel}","templated":true}]}}